{"id":83295,"date":"2025-05-29T16:04:00","date_gmt":"2025-05-29T13:04:00","guid":{"rendered":"https:\/\/kibrisdakik.com\/index.php\/2025\/05\/29\/meclis-baskani-ozturkler-ali-yerlikayayi-kabul-etti\/"},"modified":"2025-05-29T16:04:00","modified_gmt":"2025-05-29T13:04:00","slug":"meclis-baskani-ozturkler-ali-yerlikayayi-kabul-etti","status":"publish","type":"post","link":"https:\/\/kibrisdakik.com\/?p=83295","title":{"rendered":"MECL\u0130S BA\u015eKANI \u00d6ZT\u00dcRKLER, AL\u0130 YERL\u0130KAYA\u2019YI KABUL ETT\u0130"},"content":{"rendered":"<p><img decoding=\"async\" src=\"https:\/\/mhahabercom.teimg.com\/crop\/1280x720\/mhahaber-com\/uploads\/2025\/05\/mhafoto-8428.png\" \/><\/p>\n<div data-text-id=\"176503\" property=\"articleBody\">\n<p>Cumhuriyet Meclisi Ba\u015fkan\u0131 Ziya \u00d6zt\u00fcrkler, T\u00fcrkiye Cumhuriyeti \u0130\u00e7i\u015fleri Bakan\u0131 Ali Yerlikaya\u2019y\u0131 kabul etti.<\/p>\n<p>Kabulde, T\u00fcrkiye Cumhuriyeti Lefko\u015fa B\u00fcy\u00fckel\u00e7isi Ali Murat Ba\u015f\u00e7eri, Cumhuriyet Meclisi Ba\u015fkan Yard\u0131mc\u0131s\u0131 Fazilet \u00d6zdenefe, \u0130\u00e7i\u015fleri Bakan\u0131 Dursun O\u011fuz ve konuk heyette yer alan di\u011fer yetkililer de haz\u0131r bulundu. <\/p>\n<p>Meclis Ba\u015fkan\u0131 \u00d6zt\u00fcrkler, kabulde yapt\u0131\u011f\u0131 konu\u015fmada, Anavatan T\u00fcrkiye Cumhuriyeti\u2019nin kendileri i\u00e7in \u00e7ok \u00f6nemli oldu\u011funu belirterek, \u201cSizleri Cumhuriyet Meclisi\u2019nde a\u011f\u0131rlamak bizler i\u00e7in b\u00fcy\u00fck bir onur.\u201d diye konu\u015ftu.<\/p>\n<p>Yeni Cumhuriyet Meclisi binas\u0131nda bug\u00fcn ilk uluslararas\u0131 etkinliklerini ger\u00e7ekle\u015ftirdiklerini ifade eden \u00d6zt\u00fcrkler, Kuzey K\u0131br\u0131s T\u00fcrk Cumhuriyeti\u2019nin iradesinin yans\u0131d\u0131\u011f\u0131 bu binada, devlet itibar\u0131na uygun \u00f6nemli etkinliklere de ev sahipli\u011fi yapt\u0131klar\u0131n\u0131 kaydetti.<\/p>\n<p>\u201cSizlerin ziyareti bizler i\u00e7in \u00e7ok \u00f6nemlidir. Sizlerle birlikte bir d\u00f6nem kar\u015f\u0131l\u0131kl\u0131 \u0130\u00e7i\u015fleri Bakan\u0131 olarak da g\u00f6rev yapt\u0131k.\u201d \u015feklinde konu\u015fan \u00d6zt\u00fcrkler, bu a\u00e7\u0131dan ziyaretin kendisi i\u00e7in anlaml\u0131 oldu\u011funu ifade etti. <\/p>\n<p>Bug\u00fcn KKTC\u2019de G\u00f6\u00e7 Y\u00f6netim Merkezi\u2019nin a\u00e7\u0131lacak olmas\u0131n\u0131n \u00e7ok \u00f6nemli oldu\u011funu dile getiren \u00d6zt\u00fcrkler, ya\u015fanan s\u00fcrece de\u011findi. \u00d6zt\u00fcrkler, d\u00fcnyada en \u00f6nemli m\u00fccadelenin d\u00fczensiz g\u00f6\u00e7le birlikte yap\u0131ld\u0131\u011f\u0131na dikkat \u00e7ekti.<\/p>\n<p>KKTC\u2019de de d\u00fczensiz g\u00f6\u00e7le ilgili m\u00fccadeleyi y\u00f6nlendirecek, tespitini yapacak ve uluslararas\u0131 hukuk kurallar\u0131 \u00e7er\u00e7evesinde iade i\u015flemini yapacak bir koordinasyon eksikli\u011fi oldu\u011funa de\u011finen \u00d6zt\u00fcrkler, bu koordineyi yapacak merkezin kurulacak olmas\u0131n\u0131n \u00fclke ad\u0131na \u00f6nemli ve anlaml\u0131 oldu\u011funun alt\u0131n\u0131 \u00e7izdi.<\/p>\n<p>\u00dclkenin kamu g\u00fcvenli\u011fi ve huzurunun \u00e7ok \u00f6nemli oldu\u011funu vurgulayan \u00d6zt\u00fcrkler, bu ba\u011flamda bug\u00fcn yap\u0131lacak G\u00fcvenlik \u0130\u015fbirli\u011fi Anla\u015fmas\u0131&#8217;n\u0131n da anlaml\u0131 oldu\u011funu ifade etti. \u201cHer zaman vurguluyoruz. G\u00fc\u00e7l\u00fc T\u00fcrkiye, g\u00fc\u00e7l\u00fc KKTC demektir.\u201d diyen \u00d6zt\u00fcrkler, T\u00fcrkiye Cumhuriyeti Cumhurba\u015fkan\u0131 Recep Tayyip Erdo\u011fan\u2019\u0131n \u201cTer\u00f6rs\u00fcz T\u00fcrkiye\u201d noktas\u0131nda att\u0131\u011f\u0131 ad\u0131mlara de\u011findi, takdirle izlediklerini kaydetti.<\/p>\n<p>G\u00fcneydo\u011fu Anadolu b\u00f6lgesinde ger\u00e7ekle\u015ftirdi\u011fi temaslara da de\u011finen \u00d6zt\u00fcrkler, Anavatan T\u00fcrkiye\u2019nin att\u0131\u011f\u0131 ad\u0131mlar\u0131n \u00e7ok \u00f6nemli oldu\u011funu dile getirdi.<\/p>\n<p>&#8211; Yerlikaya<\/p>\n<p>T\u00fcrkiye Cumhuriyeti \u0130\u00e7i\u015fleri Bakan\u0131 Ali Yerlikaya da, s\u00f6zlerine T\u00fcrkiye Cumhuriyeti Cumhurba\u015fkan\u0131 Recep Tayyip Erdo\u011fan ve T\u00fcrkiye Cumhuriyeti Cumhurba\u015fkan\u0131 Yard\u0131mc\u0131s\u0131 Cevdet Y\u0131lmaz\u2019\u0131n selamlar\u0131n\u0131 ileterek ba\u015flad\u0131.<\/p>\n<p>Cumhurba\u015fkanl\u0131\u011f\u0131 ve Cumhuriyet Meclisi yeni hizmet binalar\u0131n\u0131n yer ald\u0131\u011f\u0131 Cumhuriyet Yerle\u015fkesi\u2019nin hay\u0131rl\u0131 olmas\u0131 temennisinde bulunan Yerlikaya, eme\u011fi ge\u00e7enlere te\u015fekk\u00fcr etti.<\/p>\n<p>G\u00fcvenlik \u0130\u015fbirli\u011fi Anla\u015fmas\u0131\u2019na de\u011finen Yerlikaya, \u201cKendimizin huzurunu, ayn\u0131 zamanda Kuzey K\u0131br\u0131s T\u00fcrk Cumhuriyeti&#8217;nin huzuru olarak g\u00f6r\u00fcyoruz. Buran\u0131n huzuru bizim huzurumuz diyoruz. Buran\u0131n g\u00fcvenli\u011fi bizim g\u00fcvenli\u011fimiz, bizim g\u00fcvenli\u011fimiz sizin g\u00fcvenli\u011finiz olarak g\u00f6r\u00fcyoruz.\u201d diye konu\u015ftu.<\/p>\n<p>Organize su\u00e7 \u00f6rg\u00fctleri, uyu\u015fturucu, ter\u00f6r, d\u00fczensiz g\u00f6\u00e7le ilgili m\u00fccadelelerine de\u011finen Yerlikaya, su\u00e7larla ilgili m\u00fccadelelerde gece g\u00fcnd\u00fcz \u00e7al\u0131\u015ft\u0131klar\u0131n\u0131 ifade etti.<\/p>\n<p>D\u00fczensiz g\u00f6\u00e7le ilgili m\u00fccadelede \u00f6nemli bir noktaya geldiklerini aktaran Yerlikaya, Bakanl\u0131k olarak yapt\u0131klar\u0131 \u00e7al\u0131\u015fmalar hakk\u0131nda bilgiler aktard\u0131.<\/p>\n<p>Yerlikaya, \u201cK\u0131br\u0131s\u0131m\u0131z\u0131n da d\u00fczenli g\u00f6\u00e7e hedef olmayan, ama d\u00fczenli g\u00f6\u00e7menle ilgili d\u00fcnyadaki o g\u00fc\u00e7l\u00fc rekabet i\u00e7erisinde hak etti\u011fi pay\u0131 en g\u00fczel \u015fekilde alabilmesi i\u00e7in elimizden gelen b\u00fct\u00fcn gayreti esirgemeyece\u011fiz.\u201d \u015feklinde konu\u015ftu.<\/p>\n<\/p><\/div>\n","protected":false},"excerpt":{"rendered":"<p>Cumhuriyet Meclisi Ba\u015fkan\u0131 Ziya \u00d6zt\u00fcrkler, T\u00fcrkiye Cumhuriyeti \u0130\u00e7i\u015fleri Bakan\u0131 Ali Yerlikaya\u2019y\u0131 kabul etti. Kabulde, T\u00fcrkiye Cumhuriyeti Lefko\u015fa B\u00fcy\u00fckel\u00e7isi Ali Murat Ba\u015f\u00e7eri, Cumhuriyet Meclisi Ba\u015fkan Yard\u0131mc\u0131s\u0131 Fazilet \u00d6zdenefe, \u0130\u00e7i\u015fleri Bakan\u0131 Dursun O\u011fuz ve konuk heyette yer alan di\u011fer yetkililer de haz\u0131r bulundu. Meclis Ba\u015fkan\u0131 \u00d6zt\u00fcrkler, kabulde yapt\u0131\u011f\u0131 konu\u015fmada, Anavatan T\u00fcrkiye Cumhuriyeti\u2019nin kendileri i\u00e7in \u00e7ok \u00f6nemli oldu\u011funu<\/p>\n","protected":false},"author":1,"featured_media":83296,"comment_status":"open","ping_status":"open","sticky":false,"template":"","format":"standard","meta":{"footnotes":""},"categories":[1],"tags":[],"class_list":["post-83295","post","type-post","status-publish","format-standard","has-post-thumbnail","hentry","category-gundem"],"yoast_head":"<!-- This site is optimized with the Yoast SEO plugin v27.5 - https:\/\/yoast.com\/product\/yoast-seo-wordpress\/ -->\n<title>MECL\u0130S BA\u015eKANI \u00d6ZT\u00dcRKLER, AL\u0130 YERL\u0130KAYA\u2019YI KABUL ETT\u0130 -<\/title>\n<meta name=\"robots\" content=\"index, follow, max-snippet:-1, max-image-preview:large, max-video-preview:-1\" \/>\n<link rel=\"canonical\" href=\"https:\/\/kibrisdakik.com\/?p=83295\" \/>\n<meta property=\"og:locale\" content=\"tr_TR\" \/>\n<meta property=\"og:type\" content=\"article\" \/>\n<meta property=\"og:title\" content=\"MECL\u0130S BA\u015eKANI \u00d6ZT\u00dcRKLER, AL\u0130 YERL\u0130KAYA\u2019YI KABUL ETT\u0130 -\" \/>\n<meta property=\"og:description\" content=\"Cumhuriyet Meclisi Ba\u015fkan\u0131 Ziya \u00d6zt\u00fcrkler, T\u00fcrkiye Cumhuriyeti \u0130\u00e7i\u015fleri Bakan\u0131 Ali Yerlikaya\u2019y\u0131 kabul etti. Kabulde, T\u00fcrkiye Cumhuriyeti Lefko\u015fa B\u00fcy\u00fckel\u00e7isi Ali Murat Ba\u015f\u00e7eri, Cumhuriyet Meclisi Ba\u015fkan Yard\u0131mc\u0131s\u0131 Fazilet \u00d6zdenefe, \u0130\u00e7i\u015fleri Bakan\u0131 Dursun O\u011fuz ve konuk heyette yer alan di\u011fer yetkililer de haz\u0131r bulundu. Meclis Ba\u015fkan\u0131 \u00d6zt\u00fcrkler, kabulde yapt\u0131\u011f\u0131 konu\u015fmada, Anavatan T\u00fcrkiye Cumhuriyeti\u2019nin kendileri i\u00e7in \u00e7ok \u00f6nemli oldu\u011funu\" \/>\n<meta property=\"og:url\" content=\"https:\/\/kibrisdakik.com\/?p=83295\" \/>\n<meta property=\"article:published_time\" content=\"2025-05-29T13:04:00+00:00\" \/>\n<meta property=\"og:image\" content=\"https:\/\/kibrisdakik.com\/wp-content\/uploads\/2025\/05\/mhafoto-8428-740x420.png\" \/>\n\t<meta property=\"og:image:width\" content=\"860\" \/>\n\t<meta property=\"og:image:height\" content=\"505\" \/>\n\t<meta property=\"og:image:type\" content=\"image\/png\" \/>\n<meta name=\"author\" content=\"admin\" \/>\n<meta name=\"twitter:card\" content=\"summary_large_image\" \/>\n<meta name=\"twitter:label1\" content=\"Yazan:\" \/>\n\t<meta name=\"twitter:data1\" content=\"admin\" \/>\n\t<meta name=\"twitter:label2\" content=\"Tahmini okuma s\u00fcresi\" \/>\n\t<meta name=\"twitter:data2\" content=\"3 dakika\" \/>\n<script type=\"application\/ld+json\" class=\"yoast-schema-graph\">{\"@context\":\"https:\\\/\\\/schema.org\",\"@graph\":[{\"@type\":\"Article\",\"@id\":\"https:\\\/\\\/kibrisdakik.com\\\/?p=83295#article\",\"isPartOf\":{\"@id\":\"https:\\\/\\\/kibrisdakik.com\\\/?p=83295\"},\"author\":{\"name\":\"admin\",\"@id\":\"https:\\\/\\\/kibrisdakik.com\\\/#\\\/schema\\\/person\\\/9cd9d437bbb44f72b73ba127e06d8e79\"},\"headline\":\"MECL\u0130S BA\u015eKANI \u00d6ZT\u00dcRKLER, AL\u0130 YERL\u0130KAYA\u2019YI KABUL ETT\u0130\",\"datePublished\":\"2025-05-29T13:04:00+00:00\",\"mainEntityOfPage\":{\"@id\":\"https:\\\/\\\/kibrisdakik.com\\\/?p=83295\"},\"wordCount\":631,\"commentCount\":0,\"image\":{\"@id\":\"https:\\\/\\\/kibrisdakik.com\\\/?p=83295#primaryimage\"},\"thumbnailUrl\":\"https:\\\/\\\/kibrisdakik.com\\\/wp-content\\\/uploads\\\/2025\\\/05\\\/mhafoto-8428-740x420.png\",\"articleSection\":[\"G\u00fcndem\"],\"inLanguage\":\"tr\",\"potentialAction\":[{\"@type\":\"CommentAction\",\"name\":\"Comment\",\"target\":[\"https:\\\/\\\/kibrisdakik.com\\\/?p=83295#respond\"]}]},{\"@type\":\"WebPage\",\"@id\":\"https:\\\/\\\/kibrisdakik.com\\\/?p=83295\",\"url\":\"https:\\\/\\\/kibrisdakik.com\\\/?p=83295\",\"name\":\"MECL\u0130S BA\u015eKANI \u00d6ZT\u00dcRKLER, AL\u0130 YERL\u0130KAYA\u2019YI KABUL ETT\u0130 -\",\"isPartOf\":{\"@id\":\"https:\\\/\\\/kibrisdakik.com\\\/#website\"},\"primaryImageOfPage\":{\"@id\":\"https:\\\/\\\/kibrisdakik.com\\\/?p=83295#primaryimage\"},\"image\":{\"@id\":\"https:\\\/\\\/kibrisdakik.com\\\/?p=83295#primaryimage\"},\"thumbnailUrl\":\"https:\\\/\\\/kibrisdakik.com\\\/wp-content\\\/uploads\\\/2025\\\/05\\\/mhafoto-8428-740x420.png\",\"datePublished\":\"2025-05-29T13:04:00+00:00\",\"author\":{\"@id\":\"https:\\\/\\\/kibrisdakik.com\\\/#\\\/schema\\\/person\\\/9cd9d437bbb44f72b73ba127e06d8e79\"},\"breadcrumb\":{\"@id\":\"https:\\\/\\\/kibrisdakik.com\\\/?p=83295#breadcrumb\"},\"inLanguage\":\"tr\",\"potentialAction\":[{\"@type\":\"ReadAction\",\"target\":[\"https:\\\/\\\/kibrisdakik.com\\\/?p=83295\"]}]},{\"@type\":\"ImageObject\",\"inLanguage\":\"tr\",\"@id\":\"https:\\\/\\\/kibrisdakik.com\\\/?p=83295#primaryimage\",\"url\":\"https:\\\/\\\/kibrisdakik.com\\\/wp-content\\\/uploads\\\/2025\\\/05\\\/mhafoto-8428-740x420.png\",\"contentUrl\":\"https:\\\/\\\/kibrisdakik.com\\\/wp-content\\\/uploads\\\/2025\\\/05\\\/mhafoto-8428-740x420.png\",\"width\":860,\"height\":505},{\"@type\":\"BreadcrumbList\",\"@id\":\"https:\\\/\\\/kibrisdakik.com\\\/?p=83295#breadcrumb\",\"itemListElement\":[{\"@type\":\"ListItem\",\"position\":1,\"name\":\"Home\",\"item\":\"https:\\\/\\\/kibrisdakik.com\\\/\"},{\"@type\":\"ListItem\",\"position\":2,\"name\":\"MECL\u0130S BA\u015eKANI \u00d6ZT\u00dcRKLER, AL\u0130 YERL\u0130KAYA\u2019YI KABUL ETT\u0130\"}]},{\"@type\":\"WebSite\",\"@id\":\"https:\\\/\\\/kibrisdakik.com\\\/#website\",\"url\":\"https:\\\/\\\/kibrisdakik.com\\\/\",\"name\":\"\",\"description\":\"Tam vaktinde haber\",\"potentialAction\":[{\"@type\":\"SearchAction\",\"target\":{\"@type\":\"EntryPoint\",\"urlTemplate\":\"https:\\\/\\\/kibrisdakik.com\\\/?s={search_term_string}\"},\"query-input\":{\"@type\":\"PropertyValueSpecification\",\"valueRequired\":true,\"valueName\":\"search_term_string\"}}],\"inLanguage\":\"tr\"},{\"@type\":\"Person\",\"@id\":\"https:\\\/\\\/kibrisdakik.com\\\/#\\\/schema\\\/person\\\/9cd9d437bbb44f72b73ba127e06d8e79\",\"name\":\"admin\",\"image\":{\"@type\":\"ImageObject\",\"inLanguage\":\"tr\",\"@id\":\"https:\\\/\\\/secure.gravatar.com\\\/avatar\\\/ccc17943b9d660506c869530f897617f7cb1c21a4bf30023f252596d83e1f007?s=96&d=mm&r=g\",\"url\":\"https:\\\/\\\/secure.gravatar.com\\\/avatar\\\/ccc17943b9d660506c869530f897617f7cb1c21a4bf30023f252596d83e1f007?s=96&d=mm&r=g\",\"contentUrl\":\"https:\\\/\\\/secure.gravatar.com\\\/avatar\\\/ccc17943b9d660506c869530f897617f7cb1c21a4bf30023f252596d83e1f007?s=96&d=mm&r=g\",\"caption\":\"admin\"},\"sameAs\":[\"https:\\\/\\\/kibrisdakik.com\"],\"url\":\"https:\\\/\\\/kibrisdakik.com\\\/?author=1\"}]}<\/script>\n<!-- \/ Yoast SEO plugin. -->","yoast_head_json":{"title":"MECL\u0130S BA\u015eKANI \u00d6ZT\u00dcRKLER, AL\u0130 YERL\u0130KAYA\u2019YI KABUL ETT\u0130 -","robots":{"index":"index","follow":"follow","max-snippet":"max-snippet:-1","max-image-preview":"max-image-preview:large","max-video-preview":"max-video-preview:-1"},"canonical":"https:\/\/kibrisdakik.com\/?p=83295","og_locale":"tr_TR","og_type":"article","og_title":"MECL\u0130S BA\u015eKANI \u00d6ZT\u00dcRKLER, AL\u0130 YERL\u0130KAYA\u2019YI KABUL ETT\u0130 -","og_description":"Cumhuriyet Meclisi Ba\u015fkan\u0131 Ziya \u00d6zt\u00fcrkler, T\u00fcrkiye Cumhuriyeti \u0130\u00e7i\u015fleri Bakan\u0131 Ali Yerlikaya\u2019y\u0131 kabul etti. Kabulde, T\u00fcrkiye Cumhuriyeti Lefko\u015fa B\u00fcy\u00fckel\u00e7isi Ali Murat Ba\u015f\u00e7eri, Cumhuriyet Meclisi Ba\u015fkan Yard\u0131mc\u0131s\u0131 Fazilet \u00d6zdenefe, \u0130\u00e7i\u015fleri Bakan\u0131 Dursun O\u011fuz ve konuk heyette yer alan di\u011fer yetkililer de haz\u0131r bulundu. Meclis Ba\u015fkan\u0131 \u00d6zt\u00fcrkler, kabulde yapt\u0131\u011f\u0131 konu\u015fmada, Anavatan T\u00fcrkiye Cumhuriyeti\u2019nin kendileri i\u00e7in \u00e7ok \u00f6nemli oldu\u011funu","og_url":"https:\/\/kibrisdakik.com\/?p=83295","article_published_time":"2025-05-29T13:04:00+00:00","og_image":[{"width":860,"height":505,"url":"https:\/\/kibrisdakik.com\/wp-content\/uploads\/2025\/05\/mhafoto-8428-740x420.png","type":"image\/png"}],"author":"admin","twitter_card":"summary_large_image","twitter_misc":{"Yazan:":"admin","Tahmini okuma s\u00fcresi":"3 dakika"},"schema":{"@context":"https:\/\/schema.org","@graph":[{"@type":"Article","@id":"https:\/\/kibrisdakik.com\/?p=83295#article","isPartOf":{"@id":"https:\/\/kibrisdakik.com\/?p=83295"},"author":{"name":"admin","@id":"https:\/\/kibrisdakik.com\/#\/schema\/person\/9cd9d437bbb44f72b73ba127e06d8e79"},"headline":"MECL\u0130S BA\u015eKANI \u00d6ZT\u00dcRKLER, AL\u0130 YERL\u0130KAYA\u2019YI KABUL ETT\u0130","datePublished":"2025-05-29T13:04:00+00:00","mainEntityOfPage":{"@id":"https:\/\/kibrisdakik.com\/?p=83295"},"wordCount":631,"commentCount":0,"image":{"@id":"https:\/\/kibrisdakik.com\/?p=83295#primaryimage"},"thumbnailUrl":"https:\/\/kibrisdakik.com\/wp-content\/uploads\/2025\/05\/mhafoto-8428-740x420.png","articleSection":["G\u00fcndem"],"inLanguage":"tr","potentialAction":[{"@type":"CommentAction","name":"Comment","target":["https:\/\/kibrisdakik.com\/?p=83295#respond"]}]},{"@type":"WebPage","@id":"https:\/\/kibrisdakik.com\/?p=83295","url":"https:\/\/kibrisdakik.com\/?p=83295","name":"MECL\u0130S BA\u015eKANI \u00d6ZT\u00dcRKLER, AL\u0130 YERL\u0130KAYA\u2019YI KABUL ETT\u0130 -","isPartOf":{"@id":"https:\/\/kibrisdakik.com\/#website"},"primaryImageOfPage":{"@id":"https:\/\/kibrisdakik.com\/?p=83295#primaryimage"},"image":{"@id":"https:\/\/kibrisdakik.com\/?p=83295#primaryimage"},"thumbnailUrl":"https:\/\/kibrisdakik.com\/wp-content\/uploads\/2025\/05\/mhafoto-8428-740x420.png","datePublished":"2025-05-29T13:04:00+00:00","author":{"@id":"https:\/\/kibrisdakik.com\/#\/schema\/person\/9cd9d437bbb44f72b73ba127e06d8e79"},"breadcrumb":{"@id":"https:\/\/kibrisdakik.com\/?p=83295#breadcrumb"},"inLanguage":"tr","potentialAction":[{"@type":"ReadAction","target":["https:\/\/kibrisdakik.com\/?p=83295"]}]},{"@type":"ImageObject","inLanguage":"tr","@id":"https:\/\/kibrisdakik.com\/?p=83295#primaryimage","url":"https:\/\/kibrisdakik.com\/wp-content\/uploads\/2025\/05\/mhafoto-8428-740x420.png","contentUrl":"https:\/\/kibrisdakik.com\/wp-content\/uploads\/2025\/05\/mhafoto-8428-740x420.png","width":860,"height":505},{"@type":"BreadcrumbList","@id":"https:\/\/kibrisdakik.com\/?p=83295#breadcrumb","itemListElement":[{"@type":"ListItem","position":1,"name":"Home","item":"https:\/\/kibrisdakik.com\/"},{"@type":"ListItem","position":2,"name":"MECL\u0130S BA\u015eKANI \u00d6ZT\u00dcRKLER, AL\u0130 YERL\u0130KAYA\u2019YI KABUL ETT\u0130"}]},{"@type":"WebSite","@id":"https:\/\/kibrisdakik.com\/#website","url":"https:\/\/kibrisdakik.com\/","name":"","description":"Tam vaktinde haber","potentialAction":[{"@type":"SearchAction","target":{"@type":"EntryPoint","urlTemplate":"https:\/\/kibrisdakik.com\/?s={search_term_string}"},"query-input":{"@type":"PropertyValueSpecification","valueRequired":true,"valueName":"search_term_string"}}],"inLanguage":"tr"},{"@type":"Person","@id":"https:\/\/kibrisdakik.com\/#\/schema\/person\/9cd9d437bbb44f72b73ba127e06d8e79","name":"admin","image":{"@type":"ImageObject","inLanguage":"tr","@id":"https:\/\/secure.gravatar.com\/avatar\/ccc17943b9d660506c869530f897617f7cb1c21a4bf30023f252596d83e1f007?s=96&d=mm&r=g","url":"https:\/\/secure.gravatar.com\/avatar\/ccc17943b9d660506c869530f897617f7cb1c21a4bf30023f252596d83e1f007?s=96&d=mm&r=g","contentUrl":"https:\/\/secure.gravatar.com\/avatar\/ccc17943b9d660506c869530f897617f7cb1c21a4bf30023f252596d83e1f007?s=96&d=mm&r=g","caption":"admin"},"sameAs":["https:\/\/kibrisdakik.com"],"url":"https:\/\/kibrisdakik.com\/?author=1"}]}},"_links":{"self":[{"href":"https:\/\/kibrisdakik.com\/index.php?rest_route=\/wp\/v2\/posts\/83295","targetHints":{"allow":["GET"]}}],"collection":[{"href":"https:\/\/kibrisdakik.com\/index.php?rest_route=\/wp\/v2\/posts"}],"about":[{"href":"https:\/\/kibrisdakik.com\/index.php?rest_route=\/wp\/v2\/types\/post"}],"author":[{"embeddable":true,"href":"https:\/\/kibrisdakik.com\/index.php?rest_route=\/wp\/v2\/users\/1"}],"replies":[{"embeddable":true,"href":"https:\/\/kibrisdakik.com\/index.php?rest_route=%2Fwp%2Fv2%2Fcomments&post=83295"}],"version-history":[{"count":0,"href":"https:\/\/kibrisdakik.com\/index.php?rest_route=\/wp\/v2\/posts\/83295\/revisions"}],"wp:featuredmedia":[{"embeddable":true,"href":"https:\/\/kibrisdakik.com\/index.php?rest_route=\/wp\/v2\/media\/83296"}],"wp:attachment":[{"href":"https:\/\/kibrisdakik.com\/index.php?rest_route=%2Fwp%2Fv2%2Fmedia&parent=83295"}],"wp:term":[{"taxonomy":"category","embeddable":true,"href":"https:\/\/kibrisdakik.com\/index.php?rest_route=%2Fwp%2Fv2%2Fcategories&post=83295"},{"taxonomy":"post_tag","embeddable":true,"href":"https:\/\/kibrisdakik.com\/index.php?rest_route=%2Fwp%2Fv2%2Ftags&post=83295"}],"curies":[{"name":"wp","href":"https:\/\/api.w.org\/{rel}","templated":true}]}}