{"id":83305,"date":"2025-05-29T15:58:00","date_gmt":"2025-05-29T12:58:00","guid":{"rendered":"https:\/\/kibrisdakik.com\/index.php\/2025\/05\/29\/ustel-yapilacak-siki-denetim-ve-kontrollerle-ulkede-kacak-insan-kalmayacak-2\/"},"modified":"2025-05-29T15:58:00","modified_gmt":"2025-05-29T12:58:00","slug":"ustel-yapilacak-siki-denetim-ve-kontrollerle-ulkede-kacak-insan-kalmayacak-2","status":"publish","type":"post","link":"https:\/\/kibrisdakik.com\/?p=83305","title":{"rendered":"\u00dcSTEL: \u201cYAPILACAK SIKI DENET\u0130M VE KONTROLLERLE \u00dcLKEDE KA\u00c7AK \u0130NSAN KALMAYACAK\u201d"},"content":{"rendered":"<p><img decoding=\"async\" src=\"https:\/\/mhahabercom.teimg.com\/crop\/1280x720\/mhahaber-com\/uploads\/2025\/05\/mhafoto-8427.png\" \/><\/p>\n<div data-text-id=\"176499\" property=\"articleBody\">\n<p>Ba\u015fbakan \u00dcnal \u00dcstel, T\u00fcrkiye Cumhuriyeti (TC) \u0130\u00e7i\u015fleri Bakan\u0131 Ali Yerlikaya\u2019y\u0131 kabul etti.<\/p>\n<p>Ba\u015fbakan \u00dcstel konu\u015fmas\u0131nda, T\u00fcrkiye \u0130\u00e7i\u015fleri Bakan\u0131 Yerlikaya\u2019y\u0131 KKTC\u2019de g\u00f6rmekten duydu\u011fu memnuniyeti ifade ederek, KKTC\u2019nin, anavatan\u0131 ile b\u00fct\u00fcnle\u015fmi\u015f bir \u00fclke oldu\u011funu s\u00f6yledi.<\/p>\n<p>K\u0131br\u0131s T\u00fcrk halk\u0131n\u0131n, 20 Temmuz Bar\u0131\u015f Harekat\u0131\u2019ndan sonra \u00f6zg\u00fcrl\u00fc\u011f\u00fcne kavu\u015ftu\u011funu dile getiren \u00dcstel, 1974 \u00f6ncesindeki varolu\u015f m\u00fccadelesinde de anavatan T\u00fcrkiye Cumhuriyeti\u2019nin hep K\u0131br\u0131s T\u00fcrk halk\u0131n\u0131n yan\u0131nda oldu\u011funu vurgulad\u0131.<\/p>\n<p>Bar\u0131\u015f Harekat\u0131\u2019ndan sonra da K\u0131br\u0131s T\u00fcrk halk\u0131n\u0131n daha ileriye gitmesi, \u00fclkenin ekonomide, kalk\u0131nmada, turizmde daha iyi ad\u0131mlar atmas\u0131 i\u00e7in anavatan T\u00fcrkiye Cumhuriyeti ile i\u015f birli\u011fi yapt\u0131klar\u0131n\u0131 kaydeden \u00dcstel, bug\u00fcn a\u00e7\u0131l\u0131\u015f\u0131 yap\u0131lacak d\u00fczensiz g\u00f6\u00e7le ilgili merkezin de i\u015f birliklerinden bir tanesi oldu\u011funu s\u00f6yledi, \u201c\u00c7ok \u00f6nemli bir merkezdir bizim i\u00e7in\u201d dedi.<\/p>\n<p>T\u00fcrkiye Cumhurba\u015fkan\u0131 Recep Tayyip Erdo\u011fan, Cumhurba\u015fkan\u0131 Yard\u0131mc\u0131s\u0131 Cevdet Y\u0131lmaz, \u0130\u00e7i\u015fleri Bakan\u0131 Yerlikaya ve di\u011fer bakanlar\u0131n KKTC\u2019ye katk\u0131lar\u0131na dikkat \u00e7eken \u00dcstel, bug\u00fcn ba\u011f\u0131\u015flanacak alt\u0131 mobil ara\u00e7 ile yap\u0131lacak s\u0131k\u0131 denetim ve kontrollerle \u00fclkede ka\u00e7ak insan kalmayaca\u011f\u0131n\u0131 kaydetti.<\/p>\n<p>\u0130lk uygulamay\u0131 Ercan Havaliman\u0131\u2019nda ba\u015flatt\u0131klar\u0131n\u0131 ifade eden Ba\u015fbakan \u00dcstel, bundan sonraki s\u00fcre\u00e7te \u00e7a\u011f\u0131n en ileri teknolojisiyle birlikte \u00fclkede i\u00e7 huzurun ve g\u00fcvenli\u011fin \u00e7ok daha iyi bir noktaya gelece\u011fine inan\u00e7 belirtti.<\/p>\n<p>-Yerlikaya: \u201cSizin huzurunuz, bizim huzurumuz\u201d<\/p>\n<p>T\u00fcrkiye Cumhuriyeti \u0130\u00e7i\u015fleri Bakan\u0131 Yerlikaya da, uzun zamandan beri G\u00f6\u00e7 Merkezi\u2019yle ilgili haz\u0131rl\u0131k oldu\u011funu belirterek, d\u00fczensiz g\u00f6\u00e7le m\u00fccadelede T\u00fcrkiye\u2019nin tecr\u00fcbesini ve ba\u015far\u0131s\u0131n\u0131 KKTC\u2019ye de yans\u0131tmak i\u00e7in kararl\u0131l\u0131k oldu\u011funu vurgulad\u0131.<\/p>\n<p>G\u00fcvenlik \u0130\u015f birli\u011fi Anla\u015fmas\u0131n\u0131 da KKTC\u2019de imzalamak istediklerini dile getiren Yerlikaya, \u201c\u0130\u00e7i\u015fleri Bakanlar\u0131 olarak biz huzur, g\u00fcven, esenlikle ilgili gece-g\u00fcnd\u00fcz demeden gayret sarf ediyoruz\u201d dedi.<\/p>\n<p>Ahdi zeminde iki bakanl\u0131k ve \u00e7al\u0131\u015fanlar\u0131n\u0131n \u00e7ok daha g\u00fc\u00e7l\u00fc bir duru\u015f sergileyece\u011fini ifade eden Yerlikaya, \u201c\u0130n\u015fallah hay\u0131rl\u0131 olur. Destekleriniz bizim i\u00e7in \u00f6nemli\u201d diye konu\u015ftu.<\/p>\n<p>\u00dclkeye gelen ki\u015finin pasaportunun kendi parmak izi verileriyle ayn\u0131 olup olmad\u0131\u011f\u0131n\u0131n tespitiyle ilgili sistem kuracaklar\u0131n\u0131 kaydeden Yerlikaya, g\u00fcvenlik a\u00e7\u0131s\u0131ndan bunun \u00fcst\u00fcnde bir sistem olmad\u0131\u011f\u0131n\u0131 belirterek, \u201cSizin huzurunuz, bizim huzurumuz\u201d dedi.<\/p>\n<\/p><\/div>\n","protected":false},"excerpt":{"rendered":"<p>Ba\u015fbakan \u00dcnal \u00dcstel, T\u00fcrkiye Cumhuriyeti (TC) \u0130\u00e7i\u015fleri Bakan\u0131 Ali Yerlikaya\u2019y\u0131 kabul etti. Ba\u015fbakan \u00dcstel konu\u015fmas\u0131nda, T\u00fcrkiye \u0130\u00e7i\u015fleri Bakan\u0131 Yerlikaya\u2019y\u0131 KKTC\u2019de g\u00f6rmekten duydu\u011fu memnuniyeti ifade ederek, KKTC\u2019nin, anavatan\u0131 ile b\u00fct\u00fcnle\u015fmi\u015f bir \u00fclke oldu\u011funu s\u00f6yledi. K\u0131br\u0131s T\u00fcrk halk\u0131n\u0131n, 20 Temmuz Bar\u0131\u015f Harekat\u0131\u2019ndan sonra \u00f6zg\u00fcrl\u00fc\u011f\u00fcne kavu\u015ftu\u011funu dile getiren \u00dcstel, 1974 \u00f6ncesindeki varolu\u015f m\u00fccadelesinde de anavatan T\u00fcrkiye Cumhuriyeti\u2019nin hep<\/p>\n","protected":false},"author":1,"featured_media":83306,"comment_status":"open","ping_status":"open","sticky":false,"template":"","format":"standard","meta":{"footnotes":""},"categories":[1],"tags":[],"class_list":["post-83305","post","type-post","status-publish","format-standard","has-post-thumbnail","hentry","category-gundem"],"yoast_head":"<!-- This site is optimized with the Yoast SEO plugin v27.5 - https:\/\/yoast.com\/product\/yoast-seo-wordpress\/ -->\n<title>\u00dcSTEL: \u201cYAPILACAK SIKI DENET\u0130M VE KONTROLLERLE \u00dcLKEDE KA\u00c7AK \u0130NSAN KALMAYACAK\u201d -<\/title>\n<meta name=\"robots\" content=\"index, follow, max-snippet:-1, max-image-preview:large, max-video-preview:-1\" \/>\n<link rel=\"canonical\" href=\"https:\/\/kibrisdakik.com\/?p=83305\" \/>\n<meta property=\"og:locale\" content=\"tr_TR\" \/>\n<meta property=\"og:type\" content=\"article\" \/>\n<meta property=\"og:title\" content=\"\u00dcSTEL: \u201cYAPILACAK SIKI DENET\u0130M VE KONTROLLERLE \u00dcLKEDE KA\u00c7AK \u0130NSAN KALMAYACAK\u201d -\" \/>\n<meta property=\"og:description\" content=\"Ba\u015fbakan \u00dcnal \u00dcstel, T\u00fcrkiye Cumhuriyeti (TC) \u0130\u00e7i\u015fleri Bakan\u0131 Ali Yerlikaya\u2019y\u0131 kabul etti. Ba\u015fbakan \u00dcstel konu\u015fmas\u0131nda, T\u00fcrkiye \u0130\u00e7i\u015fleri Bakan\u0131 Yerlikaya\u2019y\u0131 KKTC\u2019de g\u00f6rmekten duydu\u011fu memnuniyeti ifade ederek, KKTC\u2019nin, anavatan\u0131 ile b\u00fct\u00fcnle\u015fmi\u015f bir \u00fclke oldu\u011funu s\u00f6yledi. K\u0131br\u0131s T\u00fcrk halk\u0131n\u0131n, 20 Temmuz Bar\u0131\u015f Harekat\u0131\u2019ndan sonra \u00f6zg\u00fcrl\u00fc\u011f\u00fcne kavu\u015ftu\u011funu dile getiren \u00dcstel, 1974 \u00f6ncesindeki varolu\u015f m\u00fccadelesinde de anavatan T\u00fcrkiye Cumhuriyeti\u2019nin hep\" \/>\n<meta property=\"og:url\" content=\"https:\/\/kibrisdakik.com\/?p=83305\" \/>\n<meta property=\"article:published_time\" content=\"2025-05-29T12:58:00+00:00\" \/>\n<meta property=\"og:image\" content=\"https:\/\/kibrisdakik.com\/wp-content\/uploads\/2025\/05\/mhafoto-8427-740x420.png\" \/>\n\t<meta property=\"og:image:width\" content=\"860\" \/>\n\t<meta property=\"og:image:height\" content=\"505\" \/>\n\t<meta property=\"og:image:type\" content=\"image\/png\" \/>\n<meta name=\"author\" content=\"admin\" \/>\n<meta name=\"twitter:card\" content=\"summary_large_image\" \/>\n<meta name=\"twitter:label1\" content=\"Yazan:\" \/>\n\t<meta name=\"twitter:data1\" content=\"admin\" \/>\n\t<meta name=\"twitter:label2\" content=\"Tahmini okuma s\u00fcresi\" \/>\n\t<meta name=\"twitter:data2\" content=\"2 dakika\" \/>\n<script type=\"application\/ld+json\" class=\"yoast-schema-graph\">{\"@context\":\"https:\\\/\\\/schema.org\",\"@graph\":[{\"@type\":\"Article\",\"@id\":\"https:\\\/\\\/kibrisdakik.com\\\/?p=83305#article\",\"isPartOf\":{\"@id\":\"https:\\\/\\\/kibrisdakik.com\\\/?p=83305\"},\"author\":{\"name\":\"admin\",\"@id\":\"https:\\\/\\\/kibrisdakik.com\\\/#\\\/schema\\\/person\\\/9cd9d437bbb44f72b73ba127e06d8e79\"},\"headline\":\"\u00dcSTEL: \u201cYAPILACAK SIKI DENET\u0130M VE KONTROLLERLE \u00dcLKEDE KA\u00c7AK \u0130NSAN KALMAYACAK\u201d\",\"datePublished\":\"2025-05-29T12:58:00+00:00\",\"mainEntityOfPage\":{\"@id\":\"https:\\\/\\\/kibrisdakik.com\\\/?p=83305\"},\"wordCount\":437,\"commentCount\":0,\"image\":{\"@id\":\"https:\\\/\\\/kibrisdakik.com\\\/?p=83305#primaryimage\"},\"thumbnailUrl\":\"https:\\\/\\\/kibrisdakik.com\\\/wp-content\\\/uploads\\\/2025\\\/05\\\/mhafoto-8427-740x420.png\",\"articleSection\":[\"G\u00fcndem\"],\"inLanguage\":\"tr\",\"potentialAction\":[{\"@type\":\"CommentAction\",\"name\":\"Comment\",\"target\":[\"https:\\\/\\\/kibrisdakik.com\\\/?p=83305#respond\"]}]},{\"@type\":\"WebPage\",\"@id\":\"https:\\\/\\\/kibrisdakik.com\\\/?p=83305\",\"url\":\"https:\\\/\\\/kibrisdakik.com\\\/?p=83305\",\"name\":\"\u00dcSTEL: \u201cYAPILACAK SIKI DENET\u0130M VE KONTROLLERLE \u00dcLKEDE KA\u00c7AK \u0130NSAN KALMAYACAK\u201d -\",\"isPartOf\":{\"@id\":\"https:\\\/\\\/kibrisdakik.com\\\/#website\"},\"primaryImageOfPage\":{\"@id\":\"https:\\\/\\\/kibrisdakik.com\\\/?p=83305#primaryimage\"},\"image\":{\"@id\":\"https:\\\/\\\/kibrisdakik.com\\\/?p=83305#primaryimage\"},\"thumbnailUrl\":\"https:\\\/\\\/kibrisdakik.com\\\/wp-content\\\/uploads\\\/2025\\\/05\\\/mhafoto-8427-740x420.png\",\"datePublished\":\"2025-05-29T12:58:00+00:00\",\"author\":{\"@id\":\"https:\\\/\\\/kibrisdakik.com\\\/#\\\/schema\\\/person\\\/9cd9d437bbb44f72b73ba127e06d8e79\"},\"breadcrumb\":{\"@id\":\"https:\\\/\\\/kibrisdakik.com\\\/?p=83305#breadcrumb\"},\"inLanguage\":\"tr\",\"potentialAction\":[{\"@type\":\"ReadAction\",\"target\":[\"https:\\\/\\\/kibrisdakik.com\\\/?p=83305\"]}]},{\"@type\":\"ImageObject\",\"inLanguage\":\"tr\",\"@id\":\"https:\\\/\\\/kibrisdakik.com\\\/?p=83305#primaryimage\",\"url\":\"https:\\\/\\\/kibrisdakik.com\\\/wp-content\\\/uploads\\\/2025\\\/05\\\/mhafoto-8427-740x420.png\",\"contentUrl\":\"https:\\\/\\\/kibrisdakik.com\\\/wp-content\\\/uploads\\\/2025\\\/05\\\/mhafoto-8427-740x420.png\",\"width\":860,\"height\":505},{\"@type\":\"BreadcrumbList\",\"@id\":\"https:\\\/\\\/kibrisdakik.com\\\/?p=83305#breadcrumb\",\"itemListElement\":[{\"@type\":\"ListItem\",\"position\":1,\"name\":\"Home\",\"item\":\"https:\\\/\\\/kibrisdakik.com\\\/\"},{\"@type\":\"ListItem\",\"position\":2,\"name\":\"\u00dcSTEL: \u201cYAPILACAK SIKI DENET\u0130M VE KONTROLLERLE \u00dcLKEDE KA\u00c7AK \u0130NSAN KALMAYACAK\u201d\"}]},{\"@type\":\"WebSite\",\"@id\":\"https:\\\/\\\/kibrisdakik.com\\\/#website\",\"url\":\"https:\\\/\\\/kibrisdakik.com\\\/\",\"name\":\"\",\"description\":\"Tam vaktinde haber\",\"potentialAction\":[{\"@type\":\"SearchAction\",\"target\":{\"@type\":\"EntryPoint\",\"urlTemplate\":\"https:\\\/\\\/kibrisdakik.com\\\/?s={search_term_string}\"},\"query-input\":{\"@type\":\"PropertyValueSpecification\",\"valueRequired\":true,\"valueName\":\"search_term_string\"}}],\"inLanguage\":\"tr\"},{\"@type\":\"Person\",\"@id\":\"https:\\\/\\\/kibrisdakik.com\\\/#\\\/schema\\\/person\\\/9cd9d437bbb44f72b73ba127e06d8e79\",\"name\":\"admin\",\"image\":{\"@type\":\"ImageObject\",\"inLanguage\":\"tr\",\"@id\":\"https:\\\/\\\/secure.gravatar.com\\\/avatar\\\/ccc17943b9d660506c869530f897617f7cb1c21a4bf30023f252596d83e1f007?s=96&d=mm&r=g\",\"url\":\"https:\\\/\\\/secure.gravatar.com\\\/avatar\\\/ccc17943b9d660506c869530f897617f7cb1c21a4bf30023f252596d83e1f007?s=96&d=mm&r=g\",\"contentUrl\":\"https:\\\/\\\/secure.gravatar.com\\\/avatar\\\/ccc17943b9d660506c869530f897617f7cb1c21a4bf30023f252596d83e1f007?s=96&d=mm&r=g\",\"caption\":\"admin\"},\"sameAs\":[\"https:\\\/\\\/kibrisdakik.com\"],\"url\":\"https:\\\/\\\/kibrisdakik.com\\\/?author=1\"}]}<\/script>\n<!-- \/ Yoast SEO plugin. -->","yoast_head_json":{"title":"\u00dcSTEL: \u201cYAPILACAK SIKI DENET\u0130M VE KONTROLLERLE \u00dcLKEDE KA\u00c7AK \u0130NSAN KALMAYACAK\u201d -","robots":{"index":"index","follow":"follow","max-snippet":"max-snippet:-1","max-image-preview":"max-image-preview:large","max-video-preview":"max-video-preview:-1"},"canonical":"https:\/\/kibrisdakik.com\/?p=83305","og_locale":"tr_TR","og_type":"article","og_title":"\u00dcSTEL: \u201cYAPILACAK SIKI DENET\u0130M VE KONTROLLERLE \u00dcLKEDE KA\u00c7AK \u0130NSAN KALMAYACAK\u201d -","og_description":"Ba\u015fbakan \u00dcnal \u00dcstel, T\u00fcrkiye Cumhuriyeti (TC) \u0130\u00e7i\u015fleri Bakan\u0131 Ali Yerlikaya\u2019y\u0131 kabul etti. Ba\u015fbakan \u00dcstel konu\u015fmas\u0131nda, T\u00fcrkiye \u0130\u00e7i\u015fleri Bakan\u0131 Yerlikaya\u2019y\u0131 KKTC\u2019de g\u00f6rmekten duydu\u011fu memnuniyeti ifade ederek, KKTC\u2019nin, anavatan\u0131 ile b\u00fct\u00fcnle\u015fmi\u015f bir \u00fclke oldu\u011funu s\u00f6yledi. K\u0131br\u0131s T\u00fcrk halk\u0131n\u0131n, 20 Temmuz Bar\u0131\u015f Harekat\u0131\u2019ndan sonra \u00f6zg\u00fcrl\u00fc\u011f\u00fcne kavu\u015ftu\u011funu dile getiren \u00dcstel, 1974 \u00f6ncesindeki varolu\u015f m\u00fccadelesinde de anavatan T\u00fcrkiye Cumhuriyeti\u2019nin hep","og_url":"https:\/\/kibrisdakik.com\/?p=83305","article_published_time":"2025-05-29T12:58:00+00:00","og_image":[{"width":860,"height":505,"url":"https:\/\/kibrisdakik.com\/wp-content\/uploads\/2025\/05\/mhafoto-8427-740x420.png","type":"image\/png"}],"author":"admin","twitter_card":"summary_large_image","twitter_misc":{"Yazan:":"admin","Tahmini okuma s\u00fcresi":"2 dakika"},"schema":{"@context":"https:\/\/schema.org","@graph":[{"@type":"Article","@id":"https:\/\/kibrisdakik.com\/?p=83305#article","isPartOf":{"@id":"https:\/\/kibrisdakik.com\/?p=83305"},"author":{"name":"admin","@id":"https:\/\/kibrisdakik.com\/#\/schema\/person\/9cd9d437bbb44f72b73ba127e06d8e79"},"headline":"\u00dcSTEL: \u201cYAPILACAK SIKI DENET\u0130M VE KONTROLLERLE \u00dcLKEDE KA\u00c7AK \u0130NSAN KALMAYACAK\u201d","datePublished":"2025-05-29T12:58:00+00:00","mainEntityOfPage":{"@id":"https:\/\/kibrisdakik.com\/?p=83305"},"wordCount":437,"commentCount":0,"image":{"@id":"https:\/\/kibrisdakik.com\/?p=83305#primaryimage"},"thumbnailUrl":"https:\/\/kibrisdakik.com\/wp-content\/uploads\/2025\/05\/mhafoto-8427-740x420.png","articleSection":["G\u00fcndem"],"inLanguage":"tr","potentialAction":[{"@type":"CommentAction","name":"Comment","target":["https:\/\/kibrisdakik.com\/?p=83305#respond"]}]},{"@type":"WebPage","@id":"https:\/\/kibrisdakik.com\/?p=83305","url":"https:\/\/kibrisdakik.com\/?p=83305","name":"\u00dcSTEL: \u201cYAPILACAK SIKI DENET\u0130M VE KONTROLLERLE \u00dcLKEDE KA\u00c7AK \u0130NSAN KALMAYACAK\u201d -","isPartOf":{"@id":"https:\/\/kibrisdakik.com\/#website"},"primaryImageOfPage":{"@id":"https:\/\/kibrisdakik.com\/?p=83305#primaryimage"},"image":{"@id":"https:\/\/kibrisdakik.com\/?p=83305#primaryimage"},"thumbnailUrl":"https:\/\/kibrisdakik.com\/wp-content\/uploads\/2025\/05\/mhafoto-8427-740x420.png","datePublished":"2025-05-29T12:58:00+00:00","author":{"@id":"https:\/\/kibrisdakik.com\/#\/schema\/person\/9cd9d437bbb44f72b73ba127e06d8e79"},"breadcrumb":{"@id":"https:\/\/kibrisdakik.com\/?p=83305#breadcrumb"},"inLanguage":"tr","potentialAction":[{"@type":"ReadAction","target":["https:\/\/kibrisdakik.com\/?p=83305"]}]},{"@type":"ImageObject","inLanguage":"tr","@id":"https:\/\/kibrisdakik.com\/?p=83305#primaryimage","url":"https:\/\/kibrisdakik.com\/wp-content\/uploads\/2025\/05\/mhafoto-8427-740x420.png","contentUrl":"https:\/\/kibrisdakik.com\/wp-content\/uploads\/2025\/05\/mhafoto-8427-740x420.png","width":860,"height":505},{"@type":"BreadcrumbList","@id":"https:\/\/kibrisdakik.com\/?p=83305#breadcrumb","itemListElement":[{"@type":"ListItem","position":1,"name":"Home","item":"https:\/\/kibrisdakik.com\/"},{"@type":"ListItem","position":2,"name":"\u00dcSTEL: \u201cYAPILACAK SIKI DENET\u0130M VE KONTROLLERLE \u00dcLKEDE KA\u00c7AK \u0130NSAN KALMAYACAK\u201d"}]},{"@type":"WebSite","@id":"https:\/\/kibrisdakik.com\/#website","url":"https:\/\/kibrisdakik.com\/","name":"","description":"Tam vaktinde haber","potentialAction":[{"@type":"SearchAction","target":{"@type":"EntryPoint","urlTemplate":"https:\/\/kibrisdakik.com\/?s={search_term_string}"},"query-input":{"@type":"PropertyValueSpecification","valueRequired":true,"valueName":"search_term_string"}}],"inLanguage":"tr"},{"@type":"Person","@id":"https:\/\/kibrisdakik.com\/#\/schema\/person\/9cd9d437bbb44f72b73ba127e06d8e79","name":"admin","image":{"@type":"ImageObject","inLanguage":"tr","@id":"https:\/\/secure.gravatar.com\/avatar\/ccc17943b9d660506c869530f897617f7cb1c21a4bf30023f252596d83e1f007?s=96&d=mm&r=g","url":"https:\/\/secure.gravatar.com\/avatar\/ccc17943b9d660506c869530f897617f7cb1c21a4bf30023f252596d83e1f007?s=96&d=mm&r=g","contentUrl":"https:\/\/secure.gravatar.com\/avatar\/ccc17943b9d660506c869530f897617f7cb1c21a4bf30023f252596d83e1f007?s=96&d=mm&r=g","caption":"admin"},"sameAs":["https:\/\/kibrisdakik.com"],"url":"https:\/\/kibrisdakik.com\/?author=1"}]}},"_links":{"self":[{"href":"https:\/\/kibrisdakik.com\/index.php?rest_route=\/wp\/v2\/posts\/83305","targetHints":{"allow":["GET"]}}],"collection":[{"href":"https:\/\/kibrisdakik.com\/index.php?rest_route=\/wp\/v2\/posts"}],"about":[{"href":"https:\/\/kibrisdakik.com\/index.php?rest_route=\/wp\/v2\/types\/post"}],"author":[{"embeddable":true,"href":"https:\/\/kibrisdakik.com\/index.php?rest_route=\/wp\/v2\/users\/1"}],"replies":[{"embeddable":true,"href":"https:\/\/kibrisdakik.com\/index.php?rest_route=%2Fwp%2Fv2%2Fcomments&post=83305"}],"version-history":[{"count":0,"href":"https:\/\/kibrisdakik.com\/index.php?rest_route=\/wp\/v2\/posts\/83305\/revisions"}],"wp:featuredmedia":[{"embeddable":true,"href":"https:\/\/kibrisdakik.com\/index.php?rest_route=\/wp\/v2\/media\/83306"}],"wp:attachment":[{"href":"https:\/\/kibrisdakik.com\/index.php?rest_route=%2Fwp%2Fv2%2Fmedia&parent=83305"}],"wp:term":[{"taxonomy":"category","embeddable":true,"href":"https:\/\/kibrisdakik.com\/index.php?rest_route=%2Fwp%2Fv2%2Fcategories&post=83305"},{"taxonomy":"post_tag","embeddable":true,"href":"https:\/\/kibrisdakik.com\/index.php?rest_route=%2Fwp%2Fv2%2Ftags&post=83305"}],"curies":[{"name":"wp","href":"https:\/\/api.w.org\/{rel}","templated":true}]}}