{"id":83421,"date":"2025-05-30T18:35:00","date_gmt":"2025-05-30T15:35:00","guid":{"rendered":"https:\/\/kibrisdakik.com\/index.php\/2025\/05\/30\/ktmmob-ve-pid-temsilcileri-ankarada-toplantiya-katildi\/"},"modified":"2025-05-30T18:35:00","modified_gmt":"2025-05-30T15:35:00","slug":"ktmmob-ve-pid-temsilcileri-ankarada-toplantiya-katildi","status":"publish","type":"post","link":"https:\/\/kibrisdakik.com\/?p=83421","title":{"rendered":"KTMMOB ve P\u0130D temsilcileri Ankara\u2019da toplant\u0131ya kat\u0131ld\u0131"},"content":{"rendered":"<p><\/p>\n<div>\n<div>\n<p>Cumhurba\u015fkan\u0131 Ersin Tatar, Sivil Savunma Te\u015fkilat\u0131 Ba\u015fkanl\u0131\u011f\u0131 G\u00fczelyurt B\u00f6lge M\u00fcd\u00fcrl\u00fc\u011f\u00fc\u2019nde Sivil Savunma Halk \u00d6rg\u00fct\u00fc m\u00fckellefi olarak g\u00f6rev yapan ve ya\u015f haddinden dolay\u0131 g\u00f6rev s\u00fcresi bitenlere plaket takdiminin yap\u0131ld\u0131\u011f\u0131 terhis t\u00f6renine kat\u0131ld\u0131.<\/p>\n<p>\u00a0<\/p>\n<p>Cumhurba\u015fkanl\u0131\u011f\u0131ndan yap\u0131lan a\u00e7\u0131klamaya g\u00f6re, Cumhurba\u015fkan\u0131 Tatar, terhis t\u00f6reninde yapt\u0131\u011f\u0131 konu\u015fmada Sivil Savunma Te\u015fkilat\u0131 Ba\u015fkanl\u0131\u011f\u0131\u2019n\u0131n disiplinli kadrosuyla y\u0131llar i\u00e7inde daha da geli\u015fen ve her t\u00fcrl\u00fc donan\u0131ma sahip olan bir kurulu\u015f oldu\u011funu ifade etti.<\/p>\n<p>\u00a0<\/p>\n<p>Cumhurba\u015fkan\u0131 Tatar, her t\u00fcrl\u00fc do\u011fal afete kar\u015f\u0131 Kuzey K\u0131br\u0131s T\u00fcrk Cumhuriyeti\u2019nin ve vatanda\u015flar\u0131n savunmas\u0131nda b\u00fcy\u00fck rol oynayan kurulu\u015fun, T\u00fcrkiye\u2019de 6 \u015eubat 2023 tarihinde meydana gelen depremde arama ve kurtarma \u00e7al\u0131\u015fmalar\u0131na kat\u0131ld\u0131\u011f\u0131n\u0131 vurgulad\u0131.<\/p>\n<p>\u00a0<\/p>\n<p>T\u00fcrkiye Cumhuriyeti\u2019nin yapt\u0131\u011f\u0131 ara\u00e7, gere\u00e7 ve teknolojik yard\u0131mlarla \u00e7al\u0131\u015fmalar\u0131n\u0131 daha etkin bir \u015fekilde y\u00fcr\u00fctt\u00fc\u011f\u00fcn\u00fc anlatan Cumhurba\u015fkan\u0131 Tatar, TC Sanayi ve Teknoloji Bakanl\u0131\u011f\u0131\u2019n\u0131n deste\u011fiyle Kuzey K\u0131br\u0131s T\u00fcrk Cumhuriyeti\u2019nde ger\u00e7ekle\u015ftirilen havac\u0131l\u0131k, uzay ve teknoloji fuar\u0131n\u0131n TEKNOFEST\u2019e de\u011findi, T\u00fcrkiye Cumhuriyeti\u2019nin ve kurulu\u015flar\u0131n\u0131n teknoloji alan\u0131nda g\u00f6sterdi\u011fi geli\u015fimi g\u00f6rd\u00fcklerini dile getirdi.<\/p>\n<p>\u00a0<\/p>\n<p>\u201cBaykar Y\u00f6netim Kurulu Ba\u015fkan\u0131 Teknoloji Lideri (CTO) ve T3 Vakf\u0131 M\u00fctevelli Heyeti Ba\u015fkan\u0131 Sel\u00e7uk Bayraktar\u2019\u0131n, \u2018teknolojik uygulamalar ve dijital d\u00f6n\u00fc\u015f\u00fcmle Kuzey K\u0131br\u0131s T\u00fcrk Cumhuriyeti bili\u015fim adas\u0131 olacak\u2019 a\u00e7\u0131klamalar\u0131 beni gururland\u0131rd\u0131.\u201d diyen Cumhurba\u015fkan\u0131 Tatar, Sivil Savunma Te\u015fkilat\u0131\u2019n\u0131n son teknolojiden yararlanarak faaliyetlerini y\u00fcr\u00fctt\u00fc\u011f\u00fcn\u00fc kaydetti.<\/p>\n<p>\u00a0<\/p>\n<p>G\u00f6rev s\u00fcresi biten m\u00fckelleflere te\u015fekk\u00fcr eden Cumhurba\u015fkan\u0131 Tatar, bunun bir veda t\u00f6reni olmad\u0131\u011f\u0131n\u0131 ve vatan savunmas\u0131nda ihtiya\u00e7 oldu\u011fu takdirde yine hizmet vermekten \u00e7ekinmeyeceklerine dikkat \u00e7ekti.<\/p>\n<p>\u00a0<\/p>\n<p>Cumhurba\u015fkan\u0131 Tatar konu\u015fmas\u0131n\u0131n devam\u0131nda Sivil Savunma Te\u015fkilat\u0131 Ba\u015fkanl\u0131\u011f\u0131\u2019n\u0131n b\u00fct\u00fcn personeline te\u015fekk\u00fcr ederek \u00e7al\u0131\u015fmalar\u0131nda ba\u015far\u0131lar diledi ve ya\u015f haddinden dolay\u0131 g\u00f6rev s\u00fcresi bitenlere plaket takdiminde bulundu.<\/p>\n<\/div>\n<\/div>\n<p><script async\n                    defer\n                    crossorigin=\"anonymous\"\n                    src=\"https:\/\/connect.facebook.net\/tr_TR\/sdk.js#xfbml=1&#038;version=v3.3\"\n            ><\/script><script async\n                    defer\n                    crossorigin=\"anonymous\"\n                    src=\"https:\/\/connect.facebook.net\/tr_TR\/sdk.js#xfbml=1&#038;version=v3.3\"\n            ><\/script><script async\n                    defer\n                    crossorigin=\"anonymous\"\n                    src=\"https:\/\/connect.facebook.net\/tr_TR\/sdk.js#xfbml=1&#038;version=v3.3\"\n            ><\/script><script async\n                    defer\n                    crossorigin=\"anonymous\"\n                    src=\"https:\/\/connect.facebook.net\/tr_TR\/sdk.js#xfbml=1&#038;version=v3.3\"\n            ><\/script><\/p>\n","protected":false},"excerpt":{"rendered":"<p>Cumhurba\u015fkan\u0131 Ersin Tatar, Sivil Savunma Te\u015fkilat\u0131 Ba\u015fkanl\u0131\u011f\u0131 G\u00fczelyurt B\u00f6lge M\u00fcd\u00fcrl\u00fc\u011f\u00fc\u2019nde Sivil Savunma Halk \u00d6rg\u00fct\u00fc m\u00fckellefi olarak g\u00f6rev yapan ve ya\u015f haddinden dolay\u0131 g\u00f6rev s\u00fcresi bitenlere plaket takdiminin yap\u0131ld\u0131\u011f\u0131 terhis t\u00f6renine kat\u0131ld\u0131. \u00a0 Cumhurba\u015fkanl\u0131\u011f\u0131ndan yap\u0131lan a\u00e7\u0131klamaya g\u00f6re, Cumhurba\u015fkan\u0131 Tatar, terhis t\u00f6reninde yapt\u0131\u011f\u0131 konu\u015fmada Sivil Savunma Te\u015fkilat\u0131 Ba\u015fkanl\u0131\u011f\u0131\u2019n\u0131n disiplinli kadrosuyla y\u0131llar i\u00e7inde daha da geli\u015fen ve her<\/p>\n","protected":false},"author":1,"featured_media":83422,"comment_status":"open","ping_status":"open","sticky":false,"template":"","format":"standard","meta":{"footnotes":""},"categories":[86],"tags":[],"class_list":["post-83421","post","type-post","status-publish","format-standard","has-post-thumbnail","hentry","category-turkiye"],"yoast_head":"<!-- This site is optimized with the Yoast SEO plugin v27.5 - https:\/\/yoast.com\/product\/yoast-seo-wordpress\/ -->\n<title>KTMMOB ve P\u0130D temsilcileri Ankara\u2019da toplant\u0131ya kat\u0131ld\u0131 -<\/title>\n<meta name=\"robots\" content=\"index, follow, max-snippet:-1, max-image-preview:large, max-video-preview:-1\" \/>\n<link rel=\"canonical\" href=\"https:\/\/kibrisdakik.com\/?p=83421\" \/>\n<meta property=\"og:locale\" content=\"tr_TR\" \/>\n<meta property=\"og:type\" content=\"article\" \/>\n<meta property=\"og:title\" content=\"KTMMOB ve P\u0130D temsilcileri Ankara\u2019da toplant\u0131ya kat\u0131ld\u0131 -\" \/>\n<meta property=\"og:description\" content=\"Cumhurba\u015fkan\u0131 Ersin Tatar, Sivil Savunma Te\u015fkilat\u0131 Ba\u015fkanl\u0131\u011f\u0131 G\u00fczelyurt B\u00f6lge M\u00fcd\u00fcrl\u00fc\u011f\u00fc\u2019nde Sivil Savunma Halk \u00d6rg\u00fct\u00fc m\u00fckellefi olarak g\u00f6rev yapan ve ya\u015f haddinden dolay\u0131 g\u00f6rev s\u00fcresi bitenlere plaket takdiminin yap\u0131ld\u0131\u011f\u0131 terhis t\u00f6renine kat\u0131ld\u0131. \u00a0 Cumhurba\u015fkanl\u0131\u011f\u0131ndan yap\u0131lan a\u00e7\u0131klamaya g\u00f6re, Cumhurba\u015fkan\u0131 Tatar, terhis t\u00f6reninde yapt\u0131\u011f\u0131 konu\u015fmada Sivil Savunma Te\u015fkilat\u0131 Ba\u015fkanl\u0131\u011f\u0131\u2019n\u0131n disiplinli kadrosuyla y\u0131llar i\u00e7inde daha da geli\u015fen ve her\" \/>\n<meta property=\"og:url\" content=\"https:\/\/kibrisdakik.com\/?p=83421\" \/>\n<meta property=\"article:published_time\" content=\"2025-05-30T15:35:00+00:00\" \/>\n<meta property=\"og:image\" content=\"https:\/\/kibrisdakik.com\/wp-content\/uploads\/2025\/05\/wtwtw-1000x600-740x420.jpeg\" \/>\n\t<meta property=\"og:image:width\" content=\"1000\" \/>\n\t<meta property=\"og:image:height\" content=\"600\" \/>\n\t<meta property=\"og:image:type\" content=\"image\/jpeg\" \/>\n<meta name=\"author\" content=\"admin\" \/>\n<meta name=\"twitter:card\" content=\"summary_large_image\" \/>\n<meta name=\"twitter:label1\" content=\"Yazan:\" \/>\n\t<meta name=\"twitter:data1\" content=\"admin\" \/>\n\t<meta name=\"twitter:label2\" content=\"Tahmini okuma s\u00fcresi\" \/>\n\t<meta name=\"twitter:data2\" content=\"2 dakika\" \/>\n<script type=\"application\/ld+json\" class=\"yoast-schema-graph\">{\"@context\":\"https:\\\/\\\/schema.org\",\"@graph\":[{\"@type\":\"Article\",\"@id\":\"https:\\\/\\\/kibrisdakik.com\\\/?p=83421#article\",\"isPartOf\":{\"@id\":\"https:\\\/\\\/kibrisdakik.com\\\/?p=83421\"},\"author\":{\"name\":\"admin\",\"@id\":\"https:\\\/\\\/kibrisdakik.com\\\/#\\\/schema\\\/person\\\/9cd9d437bbb44f72b73ba127e06d8e79\"},\"headline\":\"KTMMOB ve P\u0130D temsilcileri Ankara\u2019da toplant\u0131ya kat\u0131ld\u0131\",\"datePublished\":\"2025-05-30T15:35:00+00:00\",\"mainEntityOfPage\":{\"@id\":\"https:\\\/\\\/kibrisdakik.com\\\/?p=83421\"},\"wordCount\":380,\"commentCount\":0,\"image\":{\"@id\":\"https:\\\/\\\/kibrisdakik.com\\\/?p=83421#primaryimage\"},\"thumbnailUrl\":\"https:\\\/\\\/kibrisdakik.com\\\/wp-content\\\/uploads\\\/2025\\\/05\\\/wtwtw-1000x600-740x420.jpeg\",\"articleSection\":[\"T\u00fcrkiye\"],\"inLanguage\":\"tr\",\"potentialAction\":[{\"@type\":\"CommentAction\",\"name\":\"Comment\",\"target\":[\"https:\\\/\\\/kibrisdakik.com\\\/?p=83421#respond\"]}]},{\"@type\":\"WebPage\",\"@id\":\"https:\\\/\\\/kibrisdakik.com\\\/?p=83421\",\"url\":\"https:\\\/\\\/kibrisdakik.com\\\/?p=83421\",\"name\":\"KTMMOB ve P\u0130D temsilcileri Ankara\u2019da toplant\u0131ya kat\u0131ld\u0131 -\",\"isPartOf\":{\"@id\":\"https:\\\/\\\/kibrisdakik.com\\\/#website\"},\"primaryImageOfPage\":{\"@id\":\"https:\\\/\\\/kibrisdakik.com\\\/?p=83421#primaryimage\"},\"image\":{\"@id\":\"https:\\\/\\\/kibrisdakik.com\\\/?p=83421#primaryimage\"},\"thumbnailUrl\":\"https:\\\/\\\/kibrisdakik.com\\\/wp-content\\\/uploads\\\/2025\\\/05\\\/wtwtw-1000x600-740x420.jpeg\",\"datePublished\":\"2025-05-30T15:35:00+00:00\",\"author\":{\"@id\":\"https:\\\/\\\/kibrisdakik.com\\\/#\\\/schema\\\/person\\\/9cd9d437bbb44f72b73ba127e06d8e79\"},\"breadcrumb\":{\"@id\":\"https:\\\/\\\/kibrisdakik.com\\\/?p=83421#breadcrumb\"},\"inLanguage\":\"tr\",\"potentialAction\":[{\"@type\":\"ReadAction\",\"target\":[\"https:\\\/\\\/kibrisdakik.com\\\/?p=83421\"]}]},{\"@type\":\"ImageObject\",\"inLanguage\":\"tr\",\"@id\":\"https:\\\/\\\/kibrisdakik.com\\\/?p=83421#primaryimage\",\"url\":\"https:\\\/\\\/kibrisdakik.com\\\/wp-content\\\/uploads\\\/2025\\\/05\\\/wtwtw-1000x600-740x420.jpeg\",\"contentUrl\":\"https:\\\/\\\/kibrisdakik.com\\\/wp-content\\\/uploads\\\/2025\\\/05\\\/wtwtw-1000x600-740x420.jpeg\",\"width\":1000,\"height\":600},{\"@type\":\"BreadcrumbList\",\"@id\":\"https:\\\/\\\/kibrisdakik.com\\\/?p=83421#breadcrumb\",\"itemListElement\":[{\"@type\":\"ListItem\",\"position\":1,\"name\":\"Home\",\"item\":\"https:\\\/\\\/kibrisdakik.com\\\/\"},{\"@type\":\"ListItem\",\"position\":2,\"name\":\"KTMMOB ve P\u0130D temsilcileri Ankara\u2019da toplant\u0131ya kat\u0131ld\u0131\"}]},{\"@type\":\"WebSite\",\"@id\":\"https:\\\/\\\/kibrisdakik.com\\\/#website\",\"url\":\"https:\\\/\\\/kibrisdakik.com\\\/\",\"name\":\"\",\"description\":\"Tam vaktinde haber\",\"potentialAction\":[{\"@type\":\"SearchAction\",\"target\":{\"@type\":\"EntryPoint\",\"urlTemplate\":\"https:\\\/\\\/kibrisdakik.com\\\/?s={search_term_string}\"},\"query-input\":{\"@type\":\"PropertyValueSpecification\",\"valueRequired\":true,\"valueName\":\"search_term_string\"}}],\"inLanguage\":\"tr\"},{\"@type\":\"Person\",\"@id\":\"https:\\\/\\\/kibrisdakik.com\\\/#\\\/schema\\\/person\\\/9cd9d437bbb44f72b73ba127e06d8e79\",\"name\":\"admin\",\"image\":{\"@type\":\"ImageObject\",\"inLanguage\":\"tr\",\"@id\":\"https:\\\/\\\/secure.gravatar.com\\\/avatar\\\/ccc17943b9d660506c869530f897617f7cb1c21a4bf30023f252596d83e1f007?s=96&d=mm&r=g\",\"url\":\"https:\\\/\\\/secure.gravatar.com\\\/avatar\\\/ccc17943b9d660506c869530f897617f7cb1c21a4bf30023f252596d83e1f007?s=96&d=mm&r=g\",\"contentUrl\":\"https:\\\/\\\/secure.gravatar.com\\\/avatar\\\/ccc17943b9d660506c869530f897617f7cb1c21a4bf30023f252596d83e1f007?s=96&d=mm&r=g\",\"caption\":\"admin\"},\"sameAs\":[\"https:\\\/\\\/kibrisdakik.com\"],\"url\":\"https:\\\/\\\/kibrisdakik.com\\\/?author=1\"}]}<\/script>\n<!-- \/ Yoast SEO plugin. -->","yoast_head_json":{"title":"KTMMOB ve P\u0130D temsilcileri Ankara\u2019da toplant\u0131ya kat\u0131ld\u0131 -","robots":{"index":"index","follow":"follow","max-snippet":"max-snippet:-1","max-image-preview":"max-image-preview:large","max-video-preview":"max-video-preview:-1"},"canonical":"https:\/\/kibrisdakik.com\/?p=83421","og_locale":"tr_TR","og_type":"article","og_title":"KTMMOB ve P\u0130D temsilcileri Ankara\u2019da toplant\u0131ya kat\u0131ld\u0131 -","og_description":"Cumhurba\u015fkan\u0131 Ersin Tatar, Sivil Savunma Te\u015fkilat\u0131 Ba\u015fkanl\u0131\u011f\u0131 G\u00fczelyurt B\u00f6lge M\u00fcd\u00fcrl\u00fc\u011f\u00fc\u2019nde Sivil Savunma Halk \u00d6rg\u00fct\u00fc m\u00fckellefi olarak g\u00f6rev yapan ve ya\u015f haddinden dolay\u0131 g\u00f6rev s\u00fcresi bitenlere plaket takdiminin yap\u0131ld\u0131\u011f\u0131 terhis t\u00f6renine kat\u0131ld\u0131. \u00a0 Cumhurba\u015fkanl\u0131\u011f\u0131ndan yap\u0131lan a\u00e7\u0131klamaya g\u00f6re, Cumhurba\u015fkan\u0131 Tatar, terhis t\u00f6reninde yapt\u0131\u011f\u0131 konu\u015fmada Sivil Savunma Te\u015fkilat\u0131 Ba\u015fkanl\u0131\u011f\u0131\u2019n\u0131n disiplinli kadrosuyla y\u0131llar i\u00e7inde daha da geli\u015fen ve her","og_url":"https:\/\/kibrisdakik.com\/?p=83421","article_published_time":"2025-05-30T15:35:00+00:00","og_image":[{"width":1000,"height":600,"url":"https:\/\/kibrisdakik.com\/wp-content\/uploads\/2025\/05\/wtwtw-1000x600-740x420.jpeg","type":"image\/jpeg"}],"author":"admin","twitter_card":"summary_large_image","twitter_misc":{"Yazan:":"admin","Tahmini okuma s\u00fcresi":"2 dakika"},"schema":{"@context":"https:\/\/schema.org","@graph":[{"@type":"Article","@id":"https:\/\/kibrisdakik.com\/?p=83421#article","isPartOf":{"@id":"https:\/\/kibrisdakik.com\/?p=83421"},"author":{"name":"admin","@id":"https:\/\/kibrisdakik.com\/#\/schema\/person\/9cd9d437bbb44f72b73ba127e06d8e79"},"headline":"KTMMOB ve P\u0130D temsilcileri Ankara\u2019da toplant\u0131ya kat\u0131ld\u0131","datePublished":"2025-05-30T15:35:00+00:00","mainEntityOfPage":{"@id":"https:\/\/kibrisdakik.com\/?p=83421"},"wordCount":380,"commentCount":0,"image":{"@id":"https:\/\/kibrisdakik.com\/?p=83421#primaryimage"},"thumbnailUrl":"https:\/\/kibrisdakik.com\/wp-content\/uploads\/2025\/05\/wtwtw-1000x600-740x420.jpeg","articleSection":["T\u00fcrkiye"],"inLanguage":"tr","potentialAction":[{"@type":"CommentAction","name":"Comment","target":["https:\/\/kibrisdakik.com\/?p=83421#respond"]}]},{"@type":"WebPage","@id":"https:\/\/kibrisdakik.com\/?p=83421","url":"https:\/\/kibrisdakik.com\/?p=83421","name":"KTMMOB ve P\u0130D temsilcileri Ankara\u2019da toplant\u0131ya kat\u0131ld\u0131 -","isPartOf":{"@id":"https:\/\/kibrisdakik.com\/#website"},"primaryImageOfPage":{"@id":"https:\/\/kibrisdakik.com\/?p=83421#primaryimage"},"image":{"@id":"https:\/\/kibrisdakik.com\/?p=83421#primaryimage"},"thumbnailUrl":"https:\/\/kibrisdakik.com\/wp-content\/uploads\/2025\/05\/wtwtw-1000x600-740x420.jpeg","datePublished":"2025-05-30T15:35:00+00:00","author":{"@id":"https:\/\/kibrisdakik.com\/#\/schema\/person\/9cd9d437bbb44f72b73ba127e06d8e79"},"breadcrumb":{"@id":"https:\/\/kibrisdakik.com\/?p=83421#breadcrumb"},"inLanguage":"tr","potentialAction":[{"@type":"ReadAction","target":["https:\/\/kibrisdakik.com\/?p=83421"]}]},{"@type":"ImageObject","inLanguage":"tr","@id":"https:\/\/kibrisdakik.com\/?p=83421#primaryimage","url":"https:\/\/kibrisdakik.com\/wp-content\/uploads\/2025\/05\/wtwtw-1000x600-740x420.jpeg","contentUrl":"https:\/\/kibrisdakik.com\/wp-content\/uploads\/2025\/05\/wtwtw-1000x600-740x420.jpeg","width":1000,"height":600},{"@type":"BreadcrumbList","@id":"https:\/\/kibrisdakik.com\/?p=83421#breadcrumb","itemListElement":[{"@type":"ListItem","position":1,"name":"Home","item":"https:\/\/kibrisdakik.com\/"},{"@type":"ListItem","position":2,"name":"KTMMOB ve P\u0130D temsilcileri Ankara\u2019da toplant\u0131ya kat\u0131ld\u0131"}]},{"@type":"WebSite","@id":"https:\/\/kibrisdakik.com\/#website","url":"https:\/\/kibrisdakik.com\/","name":"","description":"Tam vaktinde haber","potentialAction":[{"@type":"SearchAction","target":{"@type":"EntryPoint","urlTemplate":"https:\/\/kibrisdakik.com\/?s={search_term_string}"},"query-input":{"@type":"PropertyValueSpecification","valueRequired":true,"valueName":"search_term_string"}}],"inLanguage":"tr"},{"@type":"Person","@id":"https:\/\/kibrisdakik.com\/#\/schema\/person\/9cd9d437bbb44f72b73ba127e06d8e79","name":"admin","image":{"@type":"ImageObject","inLanguage":"tr","@id":"https:\/\/secure.gravatar.com\/avatar\/ccc17943b9d660506c869530f897617f7cb1c21a4bf30023f252596d83e1f007?s=96&d=mm&r=g","url":"https:\/\/secure.gravatar.com\/avatar\/ccc17943b9d660506c869530f897617f7cb1c21a4bf30023f252596d83e1f007?s=96&d=mm&r=g","contentUrl":"https:\/\/secure.gravatar.com\/avatar\/ccc17943b9d660506c869530f897617f7cb1c21a4bf30023f252596d83e1f007?s=96&d=mm&r=g","caption":"admin"},"sameAs":["https:\/\/kibrisdakik.com"],"url":"https:\/\/kibrisdakik.com\/?author=1"}]}},"_links":{"self":[{"href":"https:\/\/kibrisdakik.com\/index.php?rest_route=\/wp\/v2\/posts\/83421","targetHints":{"allow":["GET"]}}],"collection":[{"href":"https:\/\/kibrisdakik.com\/index.php?rest_route=\/wp\/v2\/posts"}],"about":[{"href":"https:\/\/kibrisdakik.com\/index.php?rest_route=\/wp\/v2\/types\/post"}],"author":[{"embeddable":true,"href":"https:\/\/kibrisdakik.com\/index.php?rest_route=\/wp\/v2\/users\/1"}],"replies":[{"embeddable":true,"href":"https:\/\/kibrisdakik.com\/index.php?rest_route=%2Fwp%2Fv2%2Fcomments&post=83421"}],"version-history":[{"count":0,"href":"https:\/\/kibrisdakik.com\/index.php?rest_route=\/wp\/v2\/posts\/83421\/revisions"}],"wp:featuredmedia":[{"embeddable":true,"href":"https:\/\/kibrisdakik.com\/index.php?rest_route=\/wp\/v2\/media\/83422"}],"wp:attachment":[{"href":"https:\/\/kibrisdakik.com\/index.php?rest_route=%2Fwp%2Fv2%2Fmedia&parent=83421"}],"wp:term":[{"taxonomy":"category","embeddable":true,"href":"https:\/\/kibrisdakik.com\/index.php?rest_route=%2Fwp%2Fv2%2Fcategories&post=83421"},{"taxonomy":"post_tag","embeddable":true,"href":"https:\/\/kibrisdakik.com\/index.php?rest_route=%2Fwp%2Fv2%2Ftags&post=83421"}],"curies":[{"name":"wp","href":"https:\/\/api.w.org\/{rel}","templated":true}]}}