{"id":83454,"date":"2025-05-30T13:59:00","date_gmt":"2025-05-30T10:59:00","guid":{"rendered":"https:\/\/kibrisdakik.com\/index.php\/2025\/05\/30\/gonyelide-apartman-deposunda-yangin-cikti\/"},"modified":"2025-05-30T13:59:00","modified_gmt":"2025-05-30T10:59:00","slug":"gonyelide-apartman-deposunda-yangin-cikti","status":"publish","type":"post","link":"https:\/\/kibrisdakik.com\/?p=83454","title":{"rendered":"G\u00d6NYEL\u0130\u2019DE APARTMAN DEPOSUNDA YANGIN \u00c7IKTI"},"content":{"rendered":"<p><img decoding=\"async\" src=\"https:\/\/mhahabercom.teimg.com\/crop\/1280x720\/mhahaber-com\/uploads\/2025\/05\/mhafoto-8447.png\" \/><br \/>Polis Bas\u0131n Subayl\u0131\u011f\u0131\u2019ndan al\u0131nan bilgiye g\u00f6re 29.05.2025 tarihinde, saat 13:00 s\u0131ralar\u0131nda, G\u00f6nyeli\u2019de Atat\u00fcrk Caddesi\u2019nde, bir apartman\u0131n zemin kat\u0131nda bulunan depo i\u00e7erisinde, muhtemelen faal durumdaki tavan lambas\u0131n\u0131n \u0131s\u0131n\u0131p alt tarafta bulunan muhtelif kuma\u015flar\u0131n \u00fczerine d\u00fc\u015ferek alevlenmesi sonucu yang\u0131n meydana gelmi\u015ftir.<\/p>\n<p>Yang\u0131n \u0130tfaiye Ekipleri taraf\u0131ndan s\u00f6nd\u00fcr\u00fclm\u00fc\u015f olup \u00e7\u0131kan yang\u0131n sonucu, s\u00f6z konusu depo i\u00e7erisinde muhafaza edilen kullan\u0131lm\u0131\u015f \u015filteler, koltuklar, hal\u0131lar ve muhtelif e\u015fyalar yanarak zarar g\u00f6rm\u00fc\u015ft\u00fcr. Soru\u015fturma devam etmektedir.<\/p>\n","protected":false},"excerpt":{"rendered":"<p>Polis Bas\u0131n Subayl\u0131\u011f\u0131\u2019ndan al\u0131nan bilgiye g\u00f6re 29.05.2025 tarihinde, saat 13:00 s\u0131ralar\u0131nda, G\u00f6nyeli\u2019de Atat\u00fcrk Caddesi\u2019nde, bir apartman\u0131n zemin kat\u0131nda bulunan depo i\u00e7erisinde, muhtemelen faal durumdaki tavan lambas\u0131n\u0131n \u0131s\u0131n\u0131p alt tarafta bulunan muhtelif kuma\u015flar\u0131n \u00fczerine d\u00fc\u015ferek alevlenmesi sonucu yang\u0131n meydana gelmi\u015ftir. Yang\u0131n \u0130tfaiye Ekipleri taraf\u0131ndan s\u00f6nd\u00fcr\u00fclm\u00fc\u015f olup \u00e7\u0131kan yang\u0131n sonucu, s\u00f6z konusu depo i\u00e7erisinde muhafaza edilen kullan\u0131lm\u0131\u015f<\/p>\n","protected":false},"author":1,"featured_media":83455,"comment_status":"open","ping_status":"open","sticky":false,"template":"","format":"standard","meta":{"footnotes":""},"categories":[1],"tags":[],"class_list":["post-83454","post","type-post","status-publish","format-standard","has-post-thumbnail","hentry","category-gundem"],"yoast_head":"<!-- This site is optimized with the Yoast SEO plugin v27.5 - https:\/\/yoast.com\/product\/yoast-seo-wordpress\/ -->\n<title>G\u00d6NYEL\u0130\u2019DE APARTMAN DEPOSUNDA YANGIN \u00c7IKTI -<\/title>\n<meta name=\"robots\" content=\"index, follow, max-snippet:-1, max-image-preview:large, max-video-preview:-1\" \/>\n<link rel=\"canonical\" href=\"https:\/\/kibrisdakik.com\/?p=83454\" \/>\n<meta property=\"og:locale\" content=\"tr_TR\" \/>\n<meta property=\"og:type\" content=\"article\" \/>\n<meta property=\"og:title\" content=\"G\u00d6NYEL\u0130\u2019DE APARTMAN DEPOSUNDA YANGIN \u00c7IKTI -\" \/>\n<meta property=\"og:description\" content=\"Polis Bas\u0131n Subayl\u0131\u011f\u0131\u2019ndan al\u0131nan bilgiye g\u00f6re 29.05.2025 tarihinde, saat 13:00 s\u0131ralar\u0131nda, G\u00f6nyeli\u2019de Atat\u00fcrk Caddesi\u2019nde, bir apartman\u0131n zemin kat\u0131nda bulunan depo i\u00e7erisinde, muhtemelen faal durumdaki tavan lambas\u0131n\u0131n \u0131s\u0131n\u0131p alt tarafta bulunan muhtelif kuma\u015flar\u0131n \u00fczerine d\u00fc\u015ferek alevlenmesi sonucu yang\u0131n meydana gelmi\u015ftir. Yang\u0131n \u0130tfaiye Ekipleri taraf\u0131ndan s\u00f6nd\u00fcr\u00fclm\u00fc\u015f olup \u00e7\u0131kan yang\u0131n sonucu, s\u00f6z konusu depo i\u00e7erisinde muhafaza edilen kullan\u0131lm\u0131\u015f\" \/>\n<meta property=\"og:url\" content=\"https:\/\/kibrisdakik.com\/?p=83454\" \/>\n<meta property=\"article:published_time\" content=\"2025-05-30T10:59:00+00:00\" \/>\n<meta property=\"og:image\" content=\"https:\/\/kibrisdakik.com\/wp-content\/uploads\/2025\/05\/mhafoto-8447-740x420.png\" \/>\n\t<meta property=\"og:image:width\" content=\"860\" \/>\n\t<meta property=\"og:image:height\" content=\"505\" \/>\n\t<meta property=\"og:image:type\" content=\"image\/png\" \/>\n<meta name=\"author\" content=\"admin\" \/>\n<meta name=\"twitter:card\" content=\"summary_large_image\" \/>\n<meta name=\"twitter:label1\" content=\"Yazan:\" \/>\n\t<meta name=\"twitter:data1\" content=\"admin\" \/>\n\t<meta name=\"twitter:label2\" content=\"Tahmini okuma s\u00fcresi\" \/>\n\t<meta name=\"twitter:data2\" content=\"1 dakika\" \/>\n<script type=\"application\/ld+json\" class=\"yoast-schema-graph\">{\"@context\":\"https:\\\/\\\/schema.org\",\"@graph\":[{\"@type\":\"Article\",\"@id\":\"https:\\\/\\\/kibrisdakik.com\\\/?p=83454#article\",\"isPartOf\":{\"@id\":\"https:\\\/\\\/kibrisdakik.com\\\/?p=83454\"},\"author\":{\"name\":\"admin\",\"@id\":\"https:\\\/\\\/kibrisdakik.com\\\/#\\\/schema\\\/person\\\/9cd9d437bbb44f72b73ba127e06d8e79\"},\"headline\":\"G\u00d6NYEL\u0130\u2019DE APARTMAN DEPOSUNDA YANGIN \u00c7IKTI\",\"datePublished\":\"2025-05-30T10:59:00+00:00\",\"mainEntityOfPage\":{\"@id\":\"https:\\\/\\\/kibrisdakik.com\\\/?p=83454\"},\"wordCount\":109,\"commentCount\":0,\"image\":{\"@id\":\"https:\\\/\\\/kibrisdakik.com\\\/?p=83454#primaryimage\"},\"thumbnailUrl\":\"https:\\\/\\\/kibrisdakik.com\\\/wp-content\\\/uploads\\\/2025\\\/05\\\/mhafoto-8447-740x420.png\",\"articleSection\":[\"G\u00fcndem\"],\"inLanguage\":\"tr\",\"potentialAction\":[{\"@type\":\"CommentAction\",\"name\":\"Comment\",\"target\":[\"https:\\\/\\\/kibrisdakik.com\\\/?p=83454#respond\"]}]},{\"@type\":\"WebPage\",\"@id\":\"https:\\\/\\\/kibrisdakik.com\\\/?p=83454\",\"url\":\"https:\\\/\\\/kibrisdakik.com\\\/?p=83454\",\"name\":\"G\u00d6NYEL\u0130\u2019DE APARTMAN DEPOSUNDA YANGIN \u00c7IKTI -\",\"isPartOf\":{\"@id\":\"https:\\\/\\\/kibrisdakik.com\\\/#website\"},\"primaryImageOfPage\":{\"@id\":\"https:\\\/\\\/kibrisdakik.com\\\/?p=83454#primaryimage\"},\"image\":{\"@id\":\"https:\\\/\\\/kibrisdakik.com\\\/?p=83454#primaryimage\"},\"thumbnailUrl\":\"https:\\\/\\\/kibrisdakik.com\\\/wp-content\\\/uploads\\\/2025\\\/05\\\/mhafoto-8447-740x420.png\",\"datePublished\":\"2025-05-30T10:59:00+00:00\",\"author\":{\"@id\":\"https:\\\/\\\/kibrisdakik.com\\\/#\\\/schema\\\/person\\\/9cd9d437bbb44f72b73ba127e06d8e79\"},\"breadcrumb\":{\"@id\":\"https:\\\/\\\/kibrisdakik.com\\\/?p=83454#breadcrumb\"},\"inLanguage\":\"tr\",\"potentialAction\":[{\"@type\":\"ReadAction\",\"target\":[\"https:\\\/\\\/kibrisdakik.com\\\/?p=83454\"]}]},{\"@type\":\"ImageObject\",\"inLanguage\":\"tr\",\"@id\":\"https:\\\/\\\/kibrisdakik.com\\\/?p=83454#primaryimage\",\"url\":\"https:\\\/\\\/kibrisdakik.com\\\/wp-content\\\/uploads\\\/2025\\\/05\\\/mhafoto-8447-740x420.png\",\"contentUrl\":\"https:\\\/\\\/kibrisdakik.com\\\/wp-content\\\/uploads\\\/2025\\\/05\\\/mhafoto-8447-740x420.png\",\"width\":860,\"height\":505},{\"@type\":\"BreadcrumbList\",\"@id\":\"https:\\\/\\\/kibrisdakik.com\\\/?p=83454#breadcrumb\",\"itemListElement\":[{\"@type\":\"ListItem\",\"position\":1,\"name\":\"Home\",\"item\":\"https:\\\/\\\/kibrisdakik.com\\\/\"},{\"@type\":\"ListItem\",\"position\":2,\"name\":\"G\u00d6NYEL\u0130\u2019DE APARTMAN DEPOSUNDA YANGIN \u00c7IKTI\"}]},{\"@type\":\"WebSite\",\"@id\":\"https:\\\/\\\/kibrisdakik.com\\\/#website\",\"url\":\"https:\\\/\\\/kibrisdakik.com\\\/\",\"name\":\"\",\"description\":\"Tam vaktinde haber\",\"potentialAction\":[{\"@type\":\"SearchAction\",\"target\":{\"@type\":\"EntryPoint\",\"urlTemplate\":\"https:\\\/\\\/kibrisdakik.com\\\/?s={search_term_string}\"},\"query-input\":{\"@type\":\"PropertyValueSpecification\",\"valueRequired\":true,\"valueName\":\"search_term_string\"}}],\"inLanguage\":\"tr\"},{\"@type\":\"Person\",\"@id\":\"https:\\\/\\\/kibrisdakik.com\\\/#\\\/schema\\\/person\\\/9cd9d437bbb44f72b73ba127e06d8e79\",\"name\":\"admin\",\"image\":{\"@type\":\"ImageObject\",\"inLanguage\":\"tr\",\"@id\":\"https:\\\/\\\/secure.gravatar.com\\\/avatar\\\/ccc17943b9d660506c869530f897617f7cb1c21a4bf30023f252596d83e1f007?s=96&d=mm&r=g\",\"url\":\"https:\\\/\\\/secure.gravatar.com\\\/avatar\\\/ccc17943b9d660506c869530f897617f7cb1c21a4bf30023f252596d83e1f007?s=96&d=mm&r=g\",\"contentUrl\":\"https:\\\/\\\/secure.gravatar.com\\\/avatar\\\/ccc17943b9d660506c869530f897617f7cb1c21a4bf30023f252596d83e1f007?s=96&d=mm&r=g\",\"caption\":\"admin\"},\"sameAs\":[\"https:\\\/\\\/kibrisdakik.com\"],\"url\":\"https:\\\/\\\/kibrisdakik.com\\\/?author=1\"}]}<\/script>\n<!-- \/ Yoast SEO plugin. -->","yoast_head_json":{"title":"G\u00d6NYEL\u0130\u2019DE APARTMAN DEPOSUNDA YANGIN \u00c7IKTI -","robots":{"index":"index","follow":"follow","max-snippet":"max-snippet:-1","max-image-preview":"max-image-preview:large","max-video-preview":"max-video-preview:-1"},"canonical":"https:\/\/kibrisdakik.com\/?p=83454","og_locale":"tr_TR","og_type":"article","og_title":"G\u00d6NYEL\u0130\u2019DE APARTMAN DEPOSUNDA YANGIN \u00c7IKTI -","og_description":"Polis Bas\u0131n Subayl\u0131\u011f\u0131\u2019ndan al\u0131nan bilgiye g\u00f6re 29.05.2025 tarihinde, saat 13:00 s\u0131ralar\u0131nda, G\u00f6nyeli\u2019de Atat\u00fcrk Caddesi\u2019nde, bir apartman\u0131n zemin kat\u0131nda bulunan depo i\u00e7erisinde, muhtemelen faal durumdaki tavan lambas\u0131n\u0131n \u0131s\u0131n\u0131p alt tarafta bulunan muhtelif kuma\u015flar\u0131n \u00fczerine d\u00fc\u015ferek alevlenmesi sonucu yang\u0131n meydana gelmi\u015ftir. Yang\u0131n \u0130tfaiye Ekipleri taraf\u0131ndan s\u00f6nd\u00fcr\u00fclm\u00fc\u015f olup \u00e7\u0131kan yang\u0131n sonucu, s\u00f6z konusu depo i\u00e7erisinde muhafaza edilen kullan\u0131lm\u0131\u015f","og_url":"https:\/\/kibrisdakik.com\/?p=83454","article_published_time":"2025-05-30T10:59:00+00:00","og_image":[{"width":860,"height":505,"url":"https:\/\/kibrisdakik.com\/wp-content\/uploads\/2025\/05\/mhafoto-8447-740x420.png","type":"image\/png"}],"author":"admin","twitter_card":"summary_large_image","twitter_misc":{"Yazan:":"admin","Tahmini okuma s\u00fcresi":"1 dakika"},"schema":{"@context":"https:\/\/schema.org","@graph":[{"@type":"Article","@id":"https:\/\/kibrisdakik.com\/?p=83454#article","isPartOf":{"@id":"https:\/\/kibrisdakik.com\/?p=83454"},"author":{"name":"admin","@id":"https:\/\/kibrisdakik.com\/#\/schema\/person\/9cd9d437bbb44f72b73ba127e06d8e79"},"headline":"G\u00d6NYEL\u0130\u2019DE APARTMAN DEPOSUNDA YANGIN \u00c7IKTI","datePublished":"2025-05-30T10:59:00+00:00","mainEntityOfPage":{"@id":"https:\/\/kibrisdakik.com\/?p=83454"},"wordCount":109,"commentCount":0,"image":{"@id":"https:\/\/kibrisdakik.com\/?p=83454#primaryimage"},"thumbnailUrl":"https:\/\/kibrisdakik.com\/wp-content\/uploads\/2025\/05\/mhafoto-8447-740x420.png","articleSection":["G\u00fcndem"],"inLanguage":"tr","potentialAction":[{"@type":"CommentAction","name":"Comment","target":["https:\/\/kibrisdakik.com\/?p=83454#respond"]}]},{"@type":"WebPage","@id":"https:\/\/kibrisdakik.com\/?p=83454","url":"https:\/\/kibrisdakik.com\/?p=83454","name":"G\u00d6NYEL\u0130\u2019DE APARTMAN DEPOSUNDA YANGIN \u00c7IKTI -","isPartOf":{"@id":"https:\/\/kibrisdakik.com\/#website"},"primaryImageOfPage":{"@id":"https:\/\/kibrisdakik.com\/?p=83454#primaryimage"},"image":{"@id":"https:\/\/kibrisdakik.com\/?p=83454#primaryimage"},"thumbnailUrl":"https:\/\/kibrisdakik.com\/wp-content\/uploads\/2025\/05\/mhafoto-8447-740x420.png","datePublished":"2025-05-30T10:59:00+00:00","author":{"@id":"https:\/\/kibrisdakik.com\/#\/schema\/person\/9cd9d437bbb44f72b73ba127e06d8e79"},"breadcrumb":{"@id":"https:\/\/kibrisdakik.com\/?p=83454#breadcrumb"},"inLanguage":"tr","potentialAction":[{"@type":"ReadAction","target":["https:\/\/kibrisdakik.com\/?p=83454"]}]},{"@type":"ImageObject","inLanguage":"tr","@id":"https:\/\/kibrisdakik.com\/?p=83454#primaryimage","url":"https:\/\/kibrisdakik.com\/wp-content\/uploads\/2025\/05\/mhafoto-8447-740x420.png","contentUrl":"https:\/\/kibrisdakik.com\/wp-content\/uploads\/2025\/05\/mhafoto-8447-740x420.png","width":860,"height":505},{"@type":"BreadcrumbList","@id":"https:\/\/kibrisdakik.com\/?p=83454#breadcrumb","itemListElement":[{"@type":"ListItem","position":1,"name":"Home","item":"https:\/\/kibrisdakik.com\/"},{"@type":"ListItem","position":2,"name":"G\u00d6NYEL\u0130\u2019DE APARTMAN DEPOSUNDA YANGIN \u00c7IKTI"}]},{"@type":"WebSite","@id":"https:\/\/kibrisdakik.com\/#website","url":"https:\/\/kibrisdakik.com\/","name":"","description":"Tam vaktinde haber","potentialAction":[{"@type":"SearchAction","target":{"@type":"EntryPoint","urlTemplate":"https:\/\/kibrisdakik.com\/?s={search_term_string}"},"query-input":{"@type":"PropertyValueSpecification","valueRequired":true,"valueName":"search_term_string"}}],"inLanguage":"tr"},{"@type":"Person","@id":"https:\/\/kibrisdakik.com\/#\/schema\/person\/9cd9d437bbb44f72b73ba127e06d8e79","name":"admin","image":{"@type":"ImageObject","inLanguage":"tr","@id":"https:\/\/secure.gravatar.com\/avatar\/ccc17943b9d660506c869530f897617f7cb1c21a4bf30023f252596d83e1f007?s=96&d=mm&r=g","url":"https:\/\/secure.gravatar.com\/avatar\/ccc17943b9d660506c869530f897617f7cb1c21a4bf30023f252596d83e1f007?s=96&d=mm&r=g","contentUrl":"https:\/\/secure.gravatar.com\/avatar\/ccc17943b9d660506c869530f897617f7cb1c21a4bf30023f252596d83e1f007?s=96&d=mm&r=g","caption":"admin"},"sameAs":["https:\/\/kibrisdakik.com"],"url":"https:\/\/kibrisdakik.com\/?author=1"}]}},"_links":{"self":[{"href":"https:\/\/kibrisdakik.com\/index.php?rest_route=\/wp\/v2\/posts\/83454","targetHints":{"allow":["GET"]}}],"collection":[{"href":"https:\/\/kibrisdakik.com\/index.php?rest_route=\/wp\/v2\/posts"}],"about":[{"href":"https:\/\/kibrisdakik.com\/index.php?rest_route=\/wp\/v2\/types\/post"}],"author":[{"embeddable":true,"href":"https:\/\/kibrisdakik.com\/index.php?rest_route=\/wp\/v2\/users\/1"}],"replies":[{"embeddable":true,"href":"https:\/\/kibrisdakik.com\/index.php?rest_route=%2Fwp%2Fv2%2Fcomments&post=83454"}],"version-history":[{"count":0,"href":"https:\/\/kibrisdakik.com\/index.php?rest_route=\/wp\/v2\/posts\/83454\/revisions"}],"wp:featuredmedia":[{"embeddable":true,"href":"https:\/\/kibrisdakik.com\/index.php?rest_route=\/wp\/v2\/media\/83455"}],"wp:attachment":[{"href":"https:\/\/kibrisdakik.com\/index.php?rest_route=%2Fwp%2Fv2%2Fmedia&parent=83454"}],"wp:term":[{"taxonomy":"category","embeddable":true,"href":"https:\/\/kibrisdakik.com\/index.php?rest_route=%2Fwp%2Fv2%2Fcategories&post=83454"},{"taxonomy":"post_tag","embeddable":true,"href":"https:\/\/kibrisdakik.com\/index.php?rest_route=%2Fwp%2Fv2%2Ftags&post=83454"}],"curies":[{"name":"wp","href":"https:\/\/api.w.org\/{rel}","templated":true}]}}