{"id":83545,"date":"2025-06-01T14:51:00","date_gmt":"2025-06-01T11:51:00","guid":{"rendered":"https:\/\/kibrisdakik.com\/index.php\/2025\/06\/01\/beykoydeki-is-kazasinda-yaralanan-isci-yasamini-yitirdi\/"},"modified":"2025-06-01T14:51:00","modified_gmt":"2025-06-01T11:51:00","slug":"beykoydeki-is-kazasinda-yaralanan-isci-yasamini-yitirdi","status":"publish","type":"post","link":"https:\/\/kibrisdakik.com\/?p=83545","title":{"rendered":"BEYK\u00d6Y\u2019DEK\u0130 \u0130\u015e KAZASINDA YARALANAN \u0130\u015e\u00c7\u0130 YA\u015eAMINI Y\u0130T\u0130RD\u0130"},"content":{"rendered":"<p><img decoding=\"async\" src=\"https:\/\/mhahabercom.teimg.com\/crop\/1280x720\/mhahaber-com\/uploads\/2025\/06\/mhafoto-8480.png\" \/><\/p>\n<div data-text-id=\"176676\" property=\"articleBody\">\n<p>Beyk\u00f6y\u2019de 21 May\u0131s\u2019ta bir in\u015faatta meydana gelen i\u015f kazas\u0131nda yaralanan Burhan Uddin (E-40) ya\u015fam\u0131n\u0131 yitirdi.<\/p>\n<p>Uddin, in\u015faat\u0131n \u00fc\u00e7\u00fcnc\u00fc kat\u0131nda \u00e7al\u0131\u015ft\u0131\u011f\u0131 s\u0131rada dengesini kaybederek yakla\u015f\u0131k 11,45 metre y\u00fckseklikten d\u00fc\u015ft\u00fc\u011f\u00fc g\u00fcnden beri Yak\u0131n Do\u011fu \u00dcniversitesi Hastanesi Yo\u011fun Bak\u0131m servisinde tedavi g\u00f6r\u00fcyordu.<\/p>\n<p>Y\u00fcr\u00fct\u00fclen soru\u015fturma kapsam\u0131nda olayla ilgili olarak T.K.(E-32) ve A.A (E-38) tutuklanm\u0131\u015ft\u0131.<\/p>\n<p>\u00d6te yandan, Lapta\u2019da d\u00fcn bir ba\u015fka in\u015faatta \u00e7al\u0131\u015fan Nawab Zada (E-32), merdiven \u00fczerinde \u00e7al\u0131\u015ft\u0131\u011f\u0131 s\u0131rada dengesini kaybedip 1.50 metre y\u00fckseklikten d\u00fc\u015ferek yaraland\u0131. Zada, kald\u0131r\u0131ld\u0131\u011f\u0131 Lefko\u015fa Dr. Burhan Nalbanto\u011flu Devlet Hastanesi\u2019nde yap\u0131lan tedavisinin ard\u0131ndan m\u00fc\u015fahede alt\u0131na al\u0131nd\u0131.<\/p>\n<p>Soru\u015fturma devam ediyor.<\/p>\n<\/p><\/div>\n","protected":false},"excerpt":{"rendered":"<p>Beyk\u00f6y\u2019de 21 May\u0131s\u2019ta bir in\u015faatta meydana gelen i\u015f kazas\u0131nda yaralanan Burhan Uddin (E-40) ya\u015fam\u0131n\u0131 yitirdi. Uddin, in\u015faat\u0131n \u00fc\u00e7\u00fcnc\u00fc kat\u0131nda \u00e7al\u0131\u015ft\u0131\u011f\u0131 s\u0131rada dengesini kaybederek yakla\u015f\u0131k 11,45 metre y\u00fckseklikten d\u00fc\u015ft\u00fc\u011f\u00fc g\u00fcnden beri Yak\u0131n Do\u011fu \u00dcniversitesi Hastanesi Yo\u011fun Bak\u0131m servisinde tedavi g\u00f6r\u00fcyordu. Y\u00fcr\u00fct\u00fclen soru\u015fturma kapsam\u0131nda olayla ilgili olarak T.K.(E-32) ve A.A (E-38) tutuklanm\u0131\u015ft\u0131. \u00d6te yandan, Lapta\u2019da d\u00fcn bir<\/p>\n","protected":false},"author":1,"featured_media":83546,"comment_status":"open","ping_status":"open","sticky":false,"template":"","format":"standard","meta":{"footnotes":""},"categories":[1],"tags":[],"class_list":["post-83545","post","type-post","status-publish","format-standard","has-post-thumbnail","hentry","category-gundem"],"yoast_head":"<!-- This site is optimized with the Yoast SEO plugin v27.5 - https:\/\/yoast.com\/product\/yoast-seo-wordpress\/ -->\n<title>BEYK\u00d6Y\u2019DEK\u0130 \u0130\u015e KAZASINDA YARALANAN \u0130\u015e\u00c7\u0130 YA\u015eAMINI Y\u0130T\u0130RD\u0130 -<\/title>\n<meta name=\"robots\" content=\"index, follow, max-snippet:-1, max-image-preview:large, max-video-preview:-1\" \/>\n<link rel=\"canonical\" href=\"https:\/\/kibrisdakik.com\/?p=83545\" \/>\n<meta property=\"og:locale\" content=\"tr_TR\" \/>\n<meta property=\"og:type\" content=\"article\" \/>\n<meta property=\"og:title\" content=\"BEYK\u00d6Y\u2019DEK\u0130 \u0130\u015e KAZASINDA YARALANAN \u0130\u015e\u00c7\u0130 YA\u015eAMINI Y\u0130T\u0130RD\u0130 -\" \/>\n<meta property=\"og:description\" content=\"Beyk\u00f6y\u2019de 21 May\u0131s\u2019ta bir in\u015faatta meydana gelen i\u015f kazas\u0131nda yaralanan Burhan Uddin (E-40) ya\u015fam\u0131n\u0131 yitirdi. Uddin, in\u015faat\u0131n \u00fc\u00e7\u00fcnc\u00fc kat\u0131nda \u00e7al\u0131\u015ft\u0131\u011f\u0131 s\u0131rada dengesini kaybederek yakla\u015f\u0131k 11,45 metre y\u00fckseklikten d\u00fc\u015ft\u00fc\u011f\u00fc g\u00fcnden beri Yak\u0131n Do\u011fu \u00dcniversitesi Hastanesi Yo\u011fun Bak\u0131m servisinde tedavi g\u00f6r\u00fcyordu. Y\u00fcr\u00fct\u00fclen soru\u015fturma kapsam\u0131nda olayla ilgili olarak T.K.(E-32) ve A.A (E-38) tutuklanm\u0131\u015ft\u0131. \u00d6te yandan, Lapta\u2019da d\u00fcn bir\" \/>\n<meta property=\"og:url\" content=\"https:\/\/kibrisdakik.com\/?p=83545\" \/>\n<meta property=\"article:published_time\" content=\"2025-06-01T11:51:00+00:00\" \/>\n<meta property=\"og:image\" content=\"https:\/\/kibrisdakik.com\/wp-content\/uploads\/2025\/06\/mhafoto-8480-740x420.png\" \/>\n\t<meta property=\"og:image:width\" content=\"860\" \/>\n\t<meta property=\"og:image:height\" content=\"505\" \/>\n\t<meta property=\"og:image:type\" content=\"image\/png\" \/>\n<meta name=\"author\" content=\"admin\" \/>\n<meta name=\"twitter:card\" content=\"summary_large_image\" \/>\n<meta name=\"twitter:label1\" content=\"Yazan:\" \/>\n\t<meta name=\"twitter:data1\" content=\"admin\" \/>\n\t<meta name=\"twitter:label2\" content=\"Tahmini okuma s\u00fcresi\" \/>\n\t<meta name=\"twitter:data2\" content=\"1 dakika\" \/>\n<script type=\"application\/ld+json\" class=\"yoast-schema-graph\">{\"@context\":\"https:\\\/\\\/schema.org\",\"@graph\":[{\"@type\":\"Article\",\"@id\":\"https:\\\/\\\/kibrisdakik.com\\\/?p=83545#article\",\"isPartOf\":{\"@id\":\"https:\\\/\\\/kibrisdakik.com\\\/?p=83545\"},\"author\":{\"name\":\"admin\",\"@id\":\"https:\\\/\\\/kibrisdakik.com\\\/#\\\/schema\\\/person\\\/9cd9d437bbb44f72b73ba127e06d8e79\"},\"headline\":\"BEYK\u00d6Y\u2019DEK\u0130 \u0130\u015e KAZASINDA YARALANAN \u0130\u015e\u00c7\u0130 YA\u015eAMINI Y\u0130T\u0130RD\u0130\",\"datePublished\":\"2025-06-01T11:51:00+00:00\",\"mainEntityOfPage\":{\"@id\":\"https:\\\/\\\/kibrisdakik.com\\\/?p=83545\"},\"wordCount\":148,\"commentCount\":0,\"image\":{\"@id\":\"https:\\\/\\\/kibrisdakik.com\\\/?p=83545#primaryimage\"},\"thumbnailUrl\":\"https:\\\/\\\/kibrisdakik.com\\\/wp-content\\\/uploads\\\/2025\\\/06\\\/mhafoto-8480-740x420.png\",\"articleSection\":[\"G\u00fcndem\"],\"inLanguage\":\"tr\",\"potentialAction\":[{\"@type\":\"CommentAction\",\"name\":\"Comment\",\"target\":[\"https:\\\/\\\/kibrisdakik.com\\\/?p=83545#respond\"]}]},{\"@type\":\"WebPage\",\"@id\":\"https:\\\/\\\/kibrisdakik.com\\\/?p=83545\",\"url\":\"https:\\\/\\\/kibrisdakik.com\\\/?p=83545\",\"name\":\"BEYK\u00d6Y\u2019DEK\u0130 \u0130\u015e KAZASINDA YARALANAN \u0130\u015e\u00c7\u0130 YA\u015eAMINI Y\u0130T\u0130RD\u0130 -\",\"isPartOf\":{\"@id\":\"https:\\\/\\\/kibrisdakik.com\\\/#website\"},\"primaryImageOfPage\":{\"@id\":\"https:\\\/\\\/kibrisdakik.com\\\/?p=83545#primaryimage\"},\"image\":{\"@id\":\"https:\\\/\\\/kibrisdakik.com\\\/?p=83545#primaryimage\"},\"thumbnailUrl\":\"https:\\\/\\\/kibrisdakik.com\\\/wp-content\\\/uploads\\\/2025\\\/06\\\/mhafoto-8480-740x420.png\",\"datePublished\":\"2025-06-01T11:51:00+00:00\",\"author\":{\"@id\":\"https:\\\/\\\/kibrisdakik.com\\\/#\\\/schema\\\/person\\\/9cd9d437bbb44f72b73ba127e06d8e79\"},\"breadcrumb\":{\"@id\":\"https:\\\/\\\/kibrisdakik.com\\\/?p=83545#breadcrumb\"},\"inLanguage\":\"tr\",\"potentialAction\":[{\"@type\":\"ReadAction\",\"target\":[\"https:\\\/\\\/kibrisdakik.com\\\/?p=83545\"]}]},{\"@type\":\"ImageObject\",\"inLanguage\":\"tr\",\"@id\":\"https:\\\/\\\/kibrisdakik.com\\\/?p=83545#primaryimage\",\"url\":\"https:\\\/\\\/kibrisdakik.com\\\/wp-content\\\/uploads\\\/2025\\\/06\\\/mhafoto-8480-740x420.png\",\"contentUrl\":\"https:\\\/\\\/kibrisdakik.com\\\/wp-content\\\/uploads\\\/2025\\\/06\\\/mhafoto-8480-740x420.png\",\"width\":860,\"height\":505},{\"@type\":\"BreadcrumbList\",\"@id\":\"https:\\\/\\\/kibrisdakik.com\\\/?p=83545#breadcrumb\",\"itemListElement\":[{\"@type\":\"ListItem\",\"position\":1,\"name\":\"Home\",\"item\":\"https:\\\/\\\/kibrisdakik.com\\\/\"},{\"@type\":\"ListItem\",\"position\":2,\"name\":\"BEYK\u00d6Y\u2019DEK\u0130 \u0130\u015e KAZASINDA YARALANAN \u0130\u015e\u00c7\u0130 YA\u015eAMINI Y\u0130T\u0130RD\u0130\"}]},{\"@type\":\"WebSite\",\"@id\":\"https:\\\/\\\/kibrisdakik.com\\\/#website\",\"url\":\"https:\\\/\\\/kibrisdakik.com\\\/\",\"name\":\"\",\"description\":\"Tam vaktinde haber\",\"potentialAction\":[{\"@type\":\"SearchAction\",\"target\":{\"@type\":\"EntryPoint\",\"urlTemplate\":\"https:\\\/\\\/kibrisdakik.com\\\/?s={search_term_string}\"},\"query-input\":{\"@type\":\"PropertyValueSpecification\",\"valueRequired\":true,\"valueName\":\"search_term_string\"}}],\"inLanguage\":\"tr\"},{\"@type\":\"Person\",\"@id\":\"https:\\\/\\\/kibrisdakik.com\\\/#\\\/schema\\\/person\\\/9cd9d437bbb44f72b73ba127e06d8e79\",\"name\":\"admin\",\"image\":{\"@type\":\"ImageObject\",\"inLanguage\":\"tr\",\"@id\":\"https:\\\/\\\/secure.gravatar.com\\\/avatar\\\/ccc17943b9d660506c869530f897617f7cb1c21a4bf30023f252596d83e1f007?s=96&d=mm&r=g\",\"url\":\"https:\\\/\\\/secure.gravatar.com\\\/avatar\\\/ccc17943b9d660506c869530f897617f7cb1c21a4bf30023f252596d83e1f007?s=96&d=mm&r=g\",\"contentUrl\":\"https:\\\/\\\/secure.gravatar.com\\\/avatar\\\/ccc17943b9d660506c869530f897617f7cb1c21a4bf30023f252596d83e1f007?s=96&d=mm&r=g\",\"caption\":\"admin\"},\"sameAs\":[\"https:\\\/\\\/kibrisdakik.com\"],\"url\":\"https:\\\/\\\/kibrisdakik.com\\\/?author=1\"}]}<\/script>\n<!-- \/ Yoast SEO plugin. -->","yoast_head_json":{"title":"BEYK\u00d6Y\u2019DEK\u0130 \u0130\u015e KAZASINDA YARALANAN \u0130\u015e\u00c7\u0130 YA\u015eAMINI Y\u0130T\u0130RD\u0130 -","robots":{"index":"index","follow":"follow","max-snippet":"max-snippet:-1","max-image-preview":"max-image-preview:large","max-video-preview":"max-video-preview:-1"},"canonical":"https:\/\/kibrisdakik.com\/?p=83545","og_locale":"tr_TR","og_type":"article","og_title":"BEYK\u00d6Y\u2019DEK\u0130 \u0130\u015e KAZASINDA YARALANAN \u0130\u015e\u00c7\u0130 YA\u015eAMINI Y\u0130T\u0130RD\u0130 -","og_description":"Beyk\u00f6y\u2019de 21 May\u0131s\u2019ta bir in\u015faatta meydana gelen i\u015f kazas\u0131nda yaralanan Burhan Uddin (E-40) ya\u015fam\u0131n\u0131 yitirdi. Uddin, in\u015faat\u0131n \u00fc\u00e7\u00fcnc\u00fc kat\u0131nda \u00e7al\u0131\u015ft\u0131\u011f\u0131 s\u0131rada dengesini kaybederek yakla\u015f\u0131k 11,45 metre y\u00fckseklikten d\u00fc\u015ft\u00fc\u011f\u00fc g\u00fcnden beri Yak\u0131n Do\u011fu \u00dcniversitesi Hastanesi Yo\u011fun Bak\u0131m servisinde tedavi g\u00f6r\u00fcyordu. Y\u00fcr\u00fct\u00fclen soru\u015fturma kapsam\u0131nda olayla ilgili olarak T.K.(E-32) ve A.A (E-38) tutuklanm\u0131\u015ft\u0131. \u00d6te yandan, Lapta\u2019da d\u00fcn bir","og_url":"https:\/\/kibrisdakik.com\/?p=83545","article_published_time":"2025-06-01T11:51:00+00:00","og_image":[{"width":860,"height":505,"url":"https:\/\/kibrisdakik.com\/wp-content\/uploads\/2025\/06\/mhafoto-8480-740x420.png","type":"image\/png"}],"author":"admin","twitter_card":"summary_large_image","twitter_misc":{"Yazan:":"admin","Tahmini okuma s\u00fcresi":"1 dakika"},"schema":{"@context":"https:\/\/schema.org","@graph":[{"@type":"Article","@id":"https:\/\/kibrisdakik.com\/?p=83545#article","isPartOf":{"@id":"https:\/\/kibrisdakik.com\/?p=83545"},"author":{"name":"admin","@id":"https:\/\/kibrisdakik.com\/#\/schema\/person\/9cd9d437bbb44f72b73ba127e06d8e79"},"headline":"BEYK\u00d6Y\u2019DEK\u0130 \u0130\u015e KAZASINDA YARALANAN \u0130\u015e\u00c7\u0130 YA\u015eAMINI Y\u0130T\u0130RD\u0130","datePublished":"2025-06-01T11:51:00+00:00","mainEntityOfPage":{"@id":"https:\/\/kibrisdakik.com\/?p=83545"},"wordCount":148,"commentCount":0,"image":{"@id":"https:\/\/kibrisdakik.com\/?p=83545#primaryimage"},"thumbnailUrl":"https:\/\/kibrisdakik.com\/wp-content\/uploads\/2025\/06\/mhafoto-8480-740x420.png","articleSection":["G\u00fcndem"],"inLanguage":"tr","potentialAction":[{"@type":"CommentAction","name":"Comment","target":["https:\/\/kibrisdakik.com\/?p=83545#respond"]}]},{"@type":"WebPage","@id":"https:\/\/kibrisdakik.com\/?p=83545","url":"https:\/\/kibrisdakik.com\/?p=83545","name":"BEYK\u00d6Y\u2019DEK\u0130 \u0130\u015e KAZASINDA YARALANAN \u0130\u015e\u00c7\u0130 YA\u015eAMINI Y\u0130T\u0130RD\u0130 -","isPartOf":{"@id":"https:\/\/kibrisdakik.com\/#website"},"primaryImageOfPage":{"@id":"https:\/\/kibrisdakik.com\/?p=83545#primaryimage"},"image":{"@id":"https:\/\/kibrisdakik.com\/?p=83545#primaryimage"},"thumbnailUrl":"https:\/\/kibrisdakik.com\/wp-content\/uploads\/2025\/06\/mhafoto-8480-740x420.png","datePublished":"2025-06-01T11:51:00+00:00","author":{"@id":"https:\/\/kibrisdakik.com\/#\/schema\/person\/9cd9d437bbb44f72b73ba127e06d8e79"},"breadcrumb":{"@id":"https:\/\/kibrisdakik.com\/?p=83545#breadcrumb"},"inLanguage":"tr","potentialAction":[{"@type":"ReadAction","target":["https:\/\/kibrisdakik.com\/?p=83545"]}]},{"@type":"ImageObject","inLanguage":"tr","@id":"https:\/\/kibrisdakik.com\/?p=83545#primaryimage","url":"https:\/\/kibrisdakik.com\/wp-content\/uploads\/2025\/06\/mhafoto-8480-740x420.png","contentUrl":"https:\/\/kibrisdakik.com\/wp-content\/uploads\/2025\/06\/mhafoto-8480-740x420.png","width":860,"height":505},{"@type":"BreadcrumbList","@id":"https:\/\/kibrisdakik.com\/?p=83545#breadcrumb","itemListElement":[{"@type":"ListItem","position":1,"name":"Home","item":"https:\/\/kibrisdakik.com\/"},{"@type":"ListItem","position":2,"name":"BEYK\u00d6Y\u2019DEK\u0130 \u0130\u015e KAZASINDA YARALANAN \u0130\u015e\u00c7\u0130 YA\u015eAMINI Y\u0130T\u0130RD\u0130"}]},{"@type":"WebSite","@id":"https:\/\/kibrisdakik.com\/#website","url":"https:\/\/kibrisdakik.com\/","name":"","description":"Tam vaktinde haber","potentialAction":[{"@type":"SearchAction","target":{"@type":"EntryPoint","urlTemplate":"https:\/\/kibrisdakik.com\/?s={search_term_string}"},"query-input":{"@type":"PropertyValueSpecification","valueRequired":true,"valueName":"search_term_string"}}],"inLanguage":"tr"},{"@type":"Person","@id":"https:\/\/kibrisdakik.com\/#\/schema\/person\/9cd9d437bbb44f72b73ba127e06d8e79","name":"admin","image":{"@type":"ImageObject","inLanguage":"tr","@id":"https:\/\/secure.gravatar.com\/avatar\/ccc17943b9d660506c869530f897617f7cb1c21a4bf30023f252596d83e1f007?s=96&d=mm&r=g","url":"https:\/\/secure.gravatar.com\/avatar\/ccc17943b9d660506c869530f897617f7cb1c21a4bf30023f252596d83e1f007?s=96&d=mm&r=g","contentUrl":"https:\/\/secure.gravatar.com\/avatar\/ccc17943b9d660506c869530f897617f7cb1c21a4bf30023f252596d83e1f007?s=96&d=mm&r=g","caption":"admin"},"sameAs":["https:\/\/kibrisdakik.com"],"url":"https:\/\/kibrisdakik.com\/?author=1"}]}},"_links":{"self":[{"href":"https:\/\/kibrisdakik.com\/index.php?rest_route=\/wp\/v2\/posts\/83545","targetHints":{"allow":["GET"]}}],"collection":[{"href":"https:\/\/kibrisdakik.com\/index.php?rest_route=\/wp\/v2\/posts"}],"about":[{"href":"https:\/\/kibrisdakik.com\/index.php?rest_route=\/wp\/v2\/types\/post"}],"author":[{"embeddable":true,"href":"https:\/\/kibrisdakik.com\/index.php?rest_route=\/wp\/v2\/users\/1"}],"replies":[{"embeddable":true,"href":"https:\/\/kibrisdakik.com\/index.php?rest_route=%2Fwp%2Fv2%2Fcomments&post=83545"}],"version-history":[{"count":0,"href":"https:\/\/kibrisdakik.com\/index.php?rest_route=\/wp\/v2\/posts\/83545\/revisions"}],"wp:featuredmedia":[{"embeddable":true,"href":"https:\/\/kibrisdakik.com\/index.php?rest_route=\/wp\/v2\/media\/83546"}],"wp:attachment":[{"href":"https:\/\/kibrisdakik.com\/index.php?rest_route=%2Fwp%2Fv2%2Fmedia&parent=83545"}],"wp:term":[{"taxonomy":"category","embeddable":true,"href":"https:\/\/kibrisdakik.com\/index.php?rest_route=%2Fwp%2Fv2%2Fcategories&post=83545"},{"taxonomy":"post_tag","embeddable":true,"href":"https:\/\/kibrisdakik.com\/index.php?rest_route=%2Fwp%2Fv2%2Ftags&post=83545"}],"curies":[{"name":"wp","href":"https:\/\/api.w.org\/{rel}","templated":true}]}}