{"id":83663,"date":"2025-06-03T11:32:13","date_gmt":"2025-06-03T08:32:13","guid":{"rendered":"https:\/\/kibrisdakik.com\/index.php\/2025\/06\/03\/kadriye-ozadmaca-8-mart-dunya-kadinlar-gunu-kutlu-olsun\/"},"modified":"2025-06-03T11:32:13","modified_gmt":"2025-06-03T08:32:13","slug":"kadriye-ozadmaca-8-mart-dunya-kadinlar-gunu-kutlu-olsun","status":"publish","type":"post","link":"https:\/\/kibrisdakik.com\/?p=83663","title":{"rendered":"Kadriye \u00d6zadmaca: 8 Mart D\u00fcnya Kad\u0131nlar G\u00fcn\u00fc Kutlu Olsun"},"content":{"rendered":"<p> <br \/>\n<br \/><\/p>\n<div data-text-id=\"95\" property=\"articleBody\">\n<h2 class=\"text-lg-start py-1 description\">Merhaba sevgili okurlar\u0131m bu hafta sizlerle \u00e7ok anlaml\u0131 bir g\u00fcn i\u00e7in bulu\u015fuyoruz. 8 Mart, D\u00fcnya Kad\u0131nlar G\u00fcn\u00fc. Peki 8 Mart d\u00fcnya Kad\u0131nlar G\u00fcn\u00fc nedir ve nereden bu g\u00fcn kad\u0131nlar g\u00fcn\u00fc olarak an\u0131lmaya ba\u015flam\u0131\u015ft\u0131r, k\u0131saca biraz bunlardan bahsetmek istiyorum.<\/h2>\n<p>Kad\u0131nlar\u0131n sosyal, ekonomik, k\u00fclt\u00fcrel ve siyasi ba\u015far\u0131lar\u0131n\u0131 kutlamak ve kad\u0131nlar\u0131n e\u015fit haklar i\u00e7in verdikleri m\u00fccadelesini hat\u0131rlatmak amac\u0131yla d\u00fcnya genelinde her y\u0131l kutlan\u0131r. <strong>D\u00fcnya Kad\u0131nlar G\u00fcn\u00fc&#8217;n\u00fcne ge\u00e7mi\u015ften bug\u00fcne bakacak olursak e\u011fer, <\/strong>Kad\u0131nlar G\u00fcn\u00fc&#8217;n\u00fc en eski olarak 20. y\u00fczy\u0131l\u0131n ba\u015flar\u0131na kadar uzan\u0131r. \u0130lk olarak, 1908 y\u0131l\u0131nda Amerika Birle\u015fik Devletleri&#8217;nde New York \u015fehrinde 15.000&#8217;den fazla kad\u0131n, daha iyi \u00e7al\u0131\u015fma ko\u015fullar\u0131, oy kullanma hakk\u0131, e\u015fit \u00fccret ve daha k\u0131sa \u00e7al\u0131\u015fma saatleri talepleriyle bir g\u00f6steri d\u00fczenlemi\u015ftir. Bu protesto, kad\u0131nlar\u0131n e\u015fit haklar i\u00e7in verdi\u011fi m\u00fccadelenin \u00f6nemli bir simgesi olmu\u015ftur. Fakat resmi olarak, 8 Mart&#8217;\u0131n D\u00fcnya Kad\u0131nlar G\u00fcn\u00fc olarak kutlanmas\u0131, 1910&#8217;larda, Almanya&#8217;da Sosyalist Kad\u0131nlar Konferans\u0131&#8217;nda <strong>Clara Zetkin<\/strong> taraf\u0131ndan \u00f6nerilmi\u015ftir. Zetkin, t\u00fcm d\u00fcnyadaki kad\u0131nlar\u0131n e\u015fit haklar i\u00e7in birle\u015fmesi ve seslerini duyurabilmesi i\u00e7in tek bir g\u00fcn belirlenmesini savunmu\u015f ve 8 Mart&#8217;\u0131n bu ama\u00e7la se\u00e7ilmesine karar verilmi\u015ftir.1921&#8217;de Sovyetler Birli\u011fi&#8217;nde 8 Mart, kad\u0131n haklar\u0131 i\u00e7in bir sembol haline gelmi\u015ftir. 1977&#8217;de Birle\u015fmi\u015f Milletler, 8 Mart&#8217;\u0131 resmi olarak <strong>D\u00fcnya Kad\u0131nlar G\u00fcn\u00fc<\/strong> olarak ilan etmi\u015ftir. B\u00f6ylelikle 8 Mart, D\u00fcnya Kad\u0131nlar G\u00fcn\u00fc, t\u00fcm d\u00fcnyada kad\u0131nlar\u0131n haklar\u0131 ve e\u015fitlik m\u00fccadelesini desteklemek i\u00e7in an\u0131lmakta ve kutlanmaktad\u0131r.<\/p>\n<p>Ben \u00f6zellikle bir kad\u0131n olarak biraz da kad\u0131nlar\u0131n toplumdaki yeri ve \u00f6nemine de\u011finmek istiyorum. Kad\u0131nlar\u0131n toplumdaki yeri ve \u00f6nemi, sadece biyolojik olarak rol \u00fcstlenmekten \u00e7ok daha fazlas\u0131n\u0131 ifade eder. Kad\u0131nlar, toplumlar\u0131n \u015fekillenmesinde, geli\u015fmesinde ve s\u00fcrd\u00fcr\u00fclebilirli\u011finde hayati bir rol oynar. Peki bu roller nelerdir k\u0131saca bakacak olursak e\u011fer 1. S\u0131rada Aile birli\u011finin temelini olu\u015fturmalar\u0131 gelecektir san\u0131r\u0131m. Annelik, \u00e7ocuklar\u0131n e\u011fitim ve yeti\u015ftirilmesinde kritik bir rol oynar. Kad\u0131nlar, \u00e7ocuklara sevgi, sayg\u0131,\u00a0 g\u00fcven ve e\u011fitim vererek, onlar\u0131n topluma faydal\u0131 birer birey olarak yeti\u015fmesine b\u00fcy\u00fck katk\u0131 sa\u011flarlar. Bunun yan\u0131 s\u0131ra topluma ekonomik y\u00f6nden de b\u00fcy\u00fck katk\u0131lar\u0131 vard\u0131r. Her ge\u00e7en g\u00fcn Kad\u0131n i\u015f g\u00fcc\u00fcn\u00fcn artmas\u0131, ekonomik geli\u015fmeyi h\u0131zland\u0131r\u0131r. Kad\u0131nlar\u0131n i\u015f g\u00fcc\u00fcne kat\u0131l\u0131m\u0131, ailelerin gelir seviyesini art\u0131r\u0131r ve kad\u0131nlar\u0131n kendi ba\u011f\u0131ms\u0131zl\u0131klar\u0131n\u0131 kazanmas\u0131na yard\u0131mc\u0131 olur. \u00d6zellikle, kad\u0131n giri\u015fimciler, i\u015f d\u00fcnyas\u0131nda yenilik\u00e7i fikirler ve projeler geli\u015ftirerek ekonomik kalk\u0131nmaya katk\u0131da bulunurlar. Ayr\u0131ca kad\u0131nlar e\u011fitim ve bilgi payla\u015f\u0131m\u0131 konusunda da b\u00fcy\u00fck \u00f6neme sahiptirler ba\u015fta Annelik, sonra ise \u00f6\u011fretmenlik ve liderlik gibi rollerde, kad\u0131nlar e\u011fitimin yay\u0131lmas\u0131na yard\u0131mc\u0131 olurlar. Kad\u0131nlar\u0131n e\u011fitilmesi, t\u00fcm toplumun refah\u0131n\u0131 art\u0131r\u0131r, \u00e7\u00fcnk\u00fc e\u011fitimli kad\u0131nlar, sa\u011fl\u0131kl\u0131 ve bilin\u00e7li. Kad\u0131nlar, sa\u011fl\u0131k alan\u0131nda \u00f6nemli bir rol oynar. Psikolojik destekten tutun da hem\u015firelik, t\u0131bbi ara\u015ft\u0131rmalar ve kamu sa\u011fl\u0131\u011f\u0131na kadar bir\u00e7ok alanda kad\u0131nlar toplumun sa\u011fl\u0131k yap\u0131s\u0131n\u0131 g\u00fc\u00e7lendirir. Ayr\u0131ca Kad\u0131nlar toplumun sa\u011fl\u0131k sorunlar\u0131n\u0131 \u00e7\u00f6zme y\u00f6n\u00fcnde de \u00f6nc\u00fc \u015fekilde fark\u0131ndal\u0131k yarat\u0131rlar. Kad\u0131nlar ince ruhlar\u0131 nedeni ile sanat konusunda da b\u00fcy\u00fck \u00f6nem arz ederler ve k\u00fclt\u00fcr\u00fcn sanatla geli\u015fimine katk\u0131 sa\u011flarlar. Ba\u015fta dans, m\u00fczik ve tiyatro gibi alanlarda kad\u0131n sanat\u00e7\u0131lar g\u00fcn ge\u00e7tik\u00e7e \u00e7ok daha da iyi yerlere gelmektedir. Bunlar\u0131n d\u0131\u015f\u0131nda en \u00f6nemli noktalardan birisi de Kad\u0131nlar\u0131n liderlik pozisyonlar\u0131nda yer almas\u0131, toplumlar\u0131n y\u00f6netim s\u00fcre\u00e7lerini daha demokratik ve adil hale getirebilir. Kad\u0131n liderler, farkl\u0131 ve yenilik\u00e7i bak\u0131\u015f a\u00e7\u0131lar\u0131 getirerek toplumlar\u0131n karar alma s\u00fcre\u00e7lerini olduk\u00e7a geli\u015ftirebilirler. Kad\u0131nlar\u0131n karar verme mekanizmalar\u0131ndaki etkinli\u011fi, toplumda e\u015fitlik\u00e7i bir yakla\u015f\u0131m\u0131n g\u00fc\u00e7lenmesine yard\u0131mc\u0131 olur.<\/p>\n<p>K\u0131saca kad\u0131nlar\u0131n toplumda daha aktif olmas\u0131 ve kad\u0131nlar\u0131n toplumda herkes taraf\u0131ndan de\u011ferinin bilinerek kad\u0131nlara her konuda kendini g\u00f6sterme \u015fans\u0131 verilmesi. Kad\u0131nlar\u0131n siyasette, bilimde, e\u011fitimde, hukukta ve sa\u011fl\u0131k sekt\u00f6r\u00fcnde her alanda aktif rol almas\u0131 demek toplumun kalk\u0131nmas\u0131nda b\u00fcy\u00fck bir \u00f6nem demektir.<strong> <\/strong>Kad\u0131nlar\u0131n toplumdaki yeri ve \u00f6nemi sadece g\u00fcnl\u00fck ya\u015famda g\u00f6zlemlenen rollerle s\u0131n\u0131rl\u0131 de\u011fildir. Kad\u0131nlar, toplumlar\u0131n ilerlemesi ve refah\u0131 i\u00e7in vazge\u00e7ilmezdir. Toplumun her alan\u0131nda e\u015fit f\u0131rsatlar sa\u011fland\u0131\u011f\u0131nda, kad\u0131nlar topluma daha b\u00fcy\u00fck katk\u0131larda bulunabilirler. Kad\u0131nlar\u0131n toplumsal hayattaki etkinliklerinin art\u0131r\u0131lmas\u0131, hem kad\u0131nlar\u0131n hem de toplumlar\u0131n geli\u015fimine b\u00fcy\u00fck faydalar sa\u011flar. Her ge\u00e7en g\u00fcn Kad\u0131nlar\u0131n yeri ve \u00f6neminin fark edilerek artt\u0131\u011f\u0131 ve emeklerinin de\u011ferinin bilindi\u011fi nice g\u00fczel y\u0131llar dilerim.\u00a0<\/p>\n<p>Unutmayal\u0131m ki Kad\u0131nlar olmadan bu d\u00fcnya \u00e7ok renksiz ve anlams\u0131z bir hal alacakt\u0131r.<\/p>\n<p><strong>T\u00fcm Kad\u0131nlar\u0131n, D\u00fcnya Kad\u0131nlar G\u00fcn\u00fc Kutlu olsun\u2026.<\/strong><\/p>\n<p><strong>\u00a0 Sevgilerimle\u00a0<\/strong><\/p>\n<p><strong><em>Uzm. Klinik &amp; Uzm. Adli Psikolog<\/em><\/strong><\/p>\n<p><strong><em>\u00a0 \u00a0 \u00a0 \u00a0 \u00a0 \u00a0 \u00a0 Psikoterapist<\/em><\/strong><\/p>\n<p><strong><em>\u00a0\u00a0 \u00a0 \u00a0 Kadriye \u00d6ZADMACA<\/em><\/strong><\/p>\n<p><strong><em>\u00a0\u00a0 <\/em><\/strong><em><span class=\"__cf_email__\" data-cfemail=\"8ce5e2eae3ccfcffe5e7e3e0e3ebe9fae5e2e8e9a2efe3e1\">[email\u00a0protected]<\/span><\/em><\/p>\n<p><strong><em>\u00a0 \u00a0 \u00a0 \u00a0 \u00a0 05338600045<\/em><\/strong><\/p>\n<\/p><\/div>\n<p><br \/>\n<br \/><a href=\"> K\u0131br\u0131s dakik<\/a><\/p>\n","protected":false},"excerpt":{"rendered":"<p>Merhaba sevgili okurlar\u0131m bu hafta sizlerle \u00e7ok anlaml\u0131 bir g\u00fcn i\u00e7in bulu\u015fuyoruz. 8 Mart, D\u00fcnya Kad\u0131nlar G\u00fcn\u00fc. Peki 8 Mart d\u00fcnya Kad\u0131nlar G\u00fcn\u00fc nedir ve nereden bu g\u00fcn kad\u0131nlar g\u00fcn\u00fc olarak an\u0131lmaya ba\u015flam\u0131\u015ft\u0131r, k\u0131saca biraz bunlardan bahsetmek istiyorum. Kad\u0131nlar\u0131n sosyal, ekonomik, k\u00fclt\u00fcrel ve siyasi ba\u015far\u0131lar\u0131n\u0131 kutlamak ve kad\u0131nlar\u0131n e\u015fit haklar i\u00e7in verdikleri m\u00fccadelesini hat\u0131rlatmak amac\u0131yla<\/p>\n","protected":false},"author":1,"featured_media":83659,"comment_status":"open","ping_status":"open","sticky":false,"template":"","format":"standard","meta":{"footnotes":""},"categories":[81,101],"tags":[],"class_list":["post-83663","post","type-post","status-publish","format-standard","has-post-thumbnail","hentry","category-kibris","category-manset"],"yoast_head":"<!-- This site is optimized with the Yoast SEO plugin v27.5 - https:\/\/yoast.com\/product\/yoast-seo-wordpress\/ -->\n<title>Kadriye \u00d6zadmaca: 8 Mart D\u00fcnya Kad\u0131nlar G\u00fcn\u00fc Kutlu Olsun -<\/title>\n<meta name=\"robots\" content=\"index, follow, max-snippet:-1, max-image-preview:large, max-video-preview:-1\" \/>\n<link rel=\"canonical\" href=\"https:\/\/kibrisdakik.com\/?p=83663\" \/>\n<meta property=\"og:locale\" content=\"tr_TR\" \/>\n<meta property=\"og:type\" content=\"article\" \/>\n<meta property=\"og:title\" content=\"Kadriye \u00d6zadmaca: 8 Mart D\u00fcnya Kad\u0131nlar G\u00fcn\u00fc Kutlu Olsun -\" \/>\n<meta property=\"og:description\" content=\"Merhaba sevgili okurlar\u0131m bu hafta sizlerle \u00e7ok anlaml\u0131 bir g\u00fcn i\u00e7in bulu\u015fuyoruz. 8 Mart, D\u00fcnya Kad\u0131nlar G\u00fcn\u00fc. Peki 8 Mart d\u00fcnya Kad\u0131nlar G\u00fcn\u00fc nedir ve nereden bu g\u00fcn kad\u0131nlar g\u00fcn\u00fc olarak an\u0131lmaya ba\u015flam\u0131\u015ft\u0131r, k\u0131saca biraz bunlardan bahsetmek istiyorum. Kad\u0131nlar\u0131n sosyal, ekonomik, k\u00fclt\u00fcrel ve siyasi ba\u015far\u0131lar\u0131n\u0131 kutlamak ve kad\u0131nlar\u0131n e\u015fit haklar i\u00e7in verdikleri m\u00fccadelesini hat\u0131rlatmak amac\u0131yla\" \/>\n<meta property=\"og:url\" content=\"https:\/\/kibrisdakik.com\/?p=83663\" \/>\n<meta property=\"article:published_time\" content=\"2025-06-03T08:32:13+00:00\" \/>\n<meta property=\"og:image\" content=\"https:\/\/kibrisdakik.com\/wp-content\/uploads\/2025\/06\/BasYlYksYz-1.jpg\" \/>\n\t<meta property=\"og:image:width\" content=\"200\" \/>\n\t<meta property=\"og:image:height\" content=\"200\" \/>\n\t<meta property=\"og:image:type\" content=\"image\/jpeg\" \/>\n<meta name=\"author\" content=\"admin\" \/>\n<meta name=\"twitter:card\" content=\"summary_large_image\" \/>\n<meta name=\"twitter:label1\" content=\"Yazan:\" \/>\n\t<meta name=\"twitter:data1\" content=\"admin\" \/>\n\t<meta name=\"twitter:label2\" content=\"Tahmini okuma s\u00fcresi\" \/>\n\t<meta name=\"twitter:data2\" content=\"5 dakika\" \/>\n<script type=\"application\/ld+json\" class=\"yoast-schema-graph\">{\"@context\":\"https:\\\/\\\/schema.org\",\"@graph\":[{\"@type\":\"Article\",\"@id\":\"https:\\\/\\\/kibrisdakik.com\\\/?p=83663#article\",\"isPartOf\":{\"@id\":\"https:\\\/\\\/kibrisdakik.com\\\/?p=83663\"},\"author\":{\"name\":\"admin\",\"@id\":\"https:\\\/\\\/kibrisdakik.com\\\/#\\\/schema\\\/person\\\/9cd9d437bbb44f72b73ba127e06d8e79\"},\"headline\":\"Kadriye \u00d6zadmaca: 8 Mart D\u00fcnya Kad\u0131nlar G\u00fcn\u00fc Kutlu Olsun\",\"datePublished\":\"2025-06-03T08:32:13+00:00\",\"mainEntityOfPage\":{\"@id\":\"https:\\\/\\\/kibrisdakik.com\\\/?p=83663\"},\"wordCount\":985,\"commentCount\":0,\"image\":{\"@id\":\"https:\\\/\\\/kibrisdakik.com\\\/?p=83663#primaryimage\"},\"thumbnailUrl\":\"https:\\\/\\\/kibrisdakik.com\\\/wp-content\\\/uploads\\\/2025\\\/06\\\/BasYlYksYz-1.jpg\",\"articleSection\":[\"K\u0131br\u0131s\",\"Man\u015fet\"],\"inLanguage\":\"tr\",\"potentialAction\":[{\"@type\":\"CommentAction\",\"name\":\"Comment\",\"target\":[\"https:\\\/\\\/kibrisdakik.com\\\/?p=83663#respond\"]}]},{\"@type\":\"WebPage\",\"@id\":\"https:\\\/\\\/kibrisdakik.com\\\/?p=83663\",\"url\":\"https:\\\/\\\/kibrisdakik.com\\\/?p=83663\",\"name\":\"Kadriye \u00d6zadmaca: 8 Mart D\u00fcnya Kad\u0131nlar G\u00fcn\u00fc Kutlu Olsun -\",\"isPartOf\":{\"@id\":\"https:\\\/\\\/kibrisdakik.com\\\/#website\"},\"primaryImageOfPage\":{\"@id\":\"https:\\\/\\\/kibrisdakik.com\\\/?p=83663#primaryimage\"},\"image\":{\"@id\":\"https:\\\/\\\/kibrisdakik.com\\\/?p=83663#primaryimage\"},\"thumbnailUrl\":\"https:\\\/\\\/kibrisdakik.com\\\/wp-content\\\/uploads\\\/2025\\\/06\\\/BasYlYksYz-1.jpg\",\"datePublished\":\"2025-06-03T08:32:13+00:00\",\"author\":{\"@id\":\"https:\\\/\\\/kibrisdakik.com\\\/#\\\/schema\\\/person\\\/9cd9d437bbb44f72b73ba127e06d8e79\"},\"breadcrumb\":{\"@id\":\"https:\\\/\\\/kibrisdakik.com\\\/?p=83663#breadcrumb\"},\"inLanguage\":\"tr\",\"potentialAction\":[{\"@type\":\"ReadAction\",\"target\":[\"https:\\\/\\\/kibrisdakik.com\\\/?p=83663\"]}]},{\"@type\":\"ImageObject\",\"inLanguage\":\"tr\",\"@id\":\"https:\\\/\\\/kibrisdakik.com\\\/?p=83663#primaryimage\",\"url\":\"https:\\\/\\\/kibrisdakik.com\\\/wp-content\\\/uploads\\\/2025\\\/06\\\/BasYlYksYz-1.jpg\",\"contentUrl\":\"https:\\\/\\\/kibrisdakik.com\\\/wp-content\\\/uploads\\\/2025\\\/06\\\/BasYlYksYz-1.jpg\",\"width\":200,\"height\":200},{\"@type\":\"BreadcrumbList\",\"@id\":\"https:\\\/\\\/kibrisdakik.com\\\/?p=83663#breadcrumb\",\"itemListElement\":[{\"@type\":\"ListItem\",\"position\":1,\"name\":\"Home\",\"item\":\"https:\\\/\\\/kibrisdakik.com\\\/\"},{\"@type\":\"ListItem\",\"position\":2,\"name\":\"Kadriye \u00d6zadmaca: 8 Mart D\u00fcnya Kad\u0131nlar G\u00fcn\u00fc Kutlu Olsun\"}]},{\"@type\":\"WebSite\",\"@id\":\"https:\\\/\\\/kibrisdakik.com\\\/#website\",\"url\":\"https:\\\/\\\/kibrisdakik.com\\\/\",\"name\":\"\",\"description\":\"Tam vaktinde haber\",\"potentialAction\":[{\"@type\":\"SearchAction\",\"target\":{\"@type\":\"EntryPoint\",\"urlTemplate\":\"https:\\\/\\\/kibrisdakik.com\\\/?s={search_term_string}\"},\"query-input\":{\"@type\":\"PropertyValueSpecification\",\"valueRequired\":true,\"valueName\":\"search_term_string\"}}],\"inLanguage\":\"tr\"},{\"@type\":\"Person\",\"@id\":\"https:\\\/\\\/kibrisdakik.com\\\/#\\\/schema\\\/person\\\/9cd9d437bbb44f72b73ba127e06d8e79\",\"name\":\"admin\",\"image\":{\"@type\":\"ImageObject\",\"inLanguage\":\"tr\",\"@id\":\"https:\\\/\\\/secure.gravatar.com\\\/avatar\\\/ccc17943b9d660506c869530f897617f7cb1c21a4bf30023f252596d83e1f007?s=96&d=mm&r=g\",\"url\":\"https:\\\/\\\/secure.gravatar.com\\\/avatar\\\/ccc17943b9d660506c869530f897617f7cb1c21a4bf30023f252596d83e1f007?s=96&d=mm&r=g\",\"contentUrl\":\"https:\\\/\\\/secure.gravatar.com\\\/avatar\\\/ccc17943b9d660506c869530f897617f7cb1c21a4bf30023f252596d83e1f007?s=96&d=mm&r=g\",\"caption\":\"admin\"},\"sameAs\":[\"https:\\\/\\\/kibrisdakik.com\"],\"url\":\"https:\\\/\\\/kibrisdakik.com\\\/?author=1\"}]}<\/script>\n<!-- \/ Yoast SEO plugin. -->","yoast_head_json":{"title":"Kadriye \u00d6zadmaca: 8 Mart D\u00fcnya Kad\u0131nlar G\u00fcn\u00fc Kutlu Olsun -","robots":{"index":"index","follow":"follow","max-snippet":"max-snippet:-1","max-image-preview":"max-image-preview:large","max-video-preview":"max-video-preview:-1"},"canonical":"https:\/\/kibrisdakik.com\/?p=83663","og_locale":"tr_TR","og_type":"article","og_title":"Kadriye \u00d6zadmaca: 8 Mart D\u00fcnya Kad\u0131nlar G\u00fcn\u00fc Kutlu Olsun -","og_description":"Merhaba sevgili okurlar\u0131m bu hafta sizlerle \u00e7ok anlaml\u0131 bir g\u00fcn i\u00e7in bulu\u015fuyoruz. 8 Mart, D\u00fcnya Kad\u0131nlar G\u00fcn\u00fc. Peki 8 Mart d\u00fcnya Kad\u0131nlar G\u00fcn\u00fc nedir ve nereden bu g\u00fcn kad\u0131nlar g\u00fcn\u00fc olarak an\u0131lmaya ba\u015flam\u0131\u015ft\u0131r, k\u0131saca biraz bunlardan bahsetmek istiyorum. Kad\u0131nlar\u0131n sosyal, ekonomik, k\u00fclt\u00fcrel ve siyasi ba\u015far\u0131lar\u0131n\u0131 kutlamak ve kad\u0131nlar\u0131n e\u015fit haklar i\u00e7in verdikleri m\u00fccadelesini hat\u0131rlatmak amac\u0131yla","og_url":"https:\/\/kibrisdakik.com\/?p=83663","article_published_time":"2025-06-03T08:32:13+00:00","og_image":[{"width":200,"height":200,"url":"https:\/\/kibrisdakik.com\/wp-content\/uploads\/2025\/06\/BasYlYksYz-1.jpg","type":"image\/jpeg"}],"author":"admin","twitter_card":"summary_large_image","twitter_misc":{"Yazan:":"admin","Tahmini okuma s\u00fcresi":"5 dakika"},"schema":{"@context":"https:\/\/schema.org","@graph":[{"@type":"Article","@id":"https:\/\/kibrisdakik.com\/?p=83663#article","isPartOf":{"@id":"https:\/\/kibrisdakik.com\/?p=83663"},"author":{"name":"admin","@id":"https:\/\/kibrisdakik.com\/#\/schema\/person\/9cd9d437bbb44f72b73ba127e06d8e79"},"headline":"Kadriye \u00d6zadmaca: 8 Mart D\u00fcnya Kad\u0131nlar G\u00fcn\u00fc Kutlu Olsun","datePublished":"2025-06-03T08:32:13+00:00","mainEntityOfPage":{"@id":"https:\/\/kibrisdakik.com\/?p=83663"},"wordCount":985,"commentCount":0,"image":{"@id":"https:\/\/kibrisdakik.com\/?p=83663#primaryimage"},"thumbnailUrl":"https:\/\/kibrisdakik.com\/wp-content\/uploads\/2025\/06\/BasYlYksYz-1.jpg","articleSection":["K\u0131br\u0131s","Man\u015fet"],"inLanguage":"tr","potentialAction":[{"@type":"CommentAction","name":"Comment","target":["https:\/\/kibrisdakik.com\/?p=83663#respond"]}]},{"@type":"WebPage","@id":"https:\/\/kibrisdakik.com\/?p=83663","url":"https:\/\/kibrisdakik.com\/?p=83663","name":"Kadriye \u00d6zadmaca: 8 Mart D\u00fcnya Kad\u0131nlar G\u00fcn\u00fc Kutlu Olsun -","isPartOf":{"@id":"https:\/\/kibrisdakik.com\/#website"},"primaryImageOfPage":{"@id":"https:\/\/kibrisdakik.com\/?p=83663#primaryimage"},"image":{"@id":"https:\/\/kibrisdakik.com\/?p=83663#primaryimage"},"thumbnailUrl":"https:\/\/kibrisdakik.com\/wp-content\/uploads\/2025\/06\/BasYlYksYz-1.jpg","datePublished":"2025-06-03T08:32:13+00:00","author":{"@id":"https:\/\/kibrisdakik.com\/#\/schema\/person\/9cd9d437bbb44f72b73ba127e06d8e79"},"breadcrumb":{"@id":"https:\/\/kibrisdakik.com\/?p=83663#breadcrumb"},"inLanguage":"tr","potentialAction":[{"@type":"ReadAction","target":["https:\/\/kibrisdakik.com\/?p=83663"]}]},{"@type":"ImageObject","inLanguage":"tr","@id":"https:\/\/kibrisdakik.com\/?p=83663#primaryimage","url":"https:\/\/kibrisdakik.com\/wp-content\/uploads\/2025\/06\/BasYlYksYz-1.jpg","contentUrl":"https:\/\/kibrisdakik.com\/wp-content\/uploads\/2025\/06\/BasYlYksYz-1.jpg","width":200,"height":200},{"@type":"BreadcrumbList","@id":"https:\/\/kibrisdakik.com\/?p=83663#breadcrumb","itemListElement":[{"@type":"ListItem","position":1,"name":"Home","item":"https:\/\/kibrisdakik.com\/"},{"@type":"ListItem","position":2,"name":"Kadriye \u00d6zadmaca: 8 Mart D\u00fcnya Kad\u0131nlar G\u00fcn\u00fc Kutlu Olsun"}]},{"@type":"WebSite","@id":"https:\/\/kibrisdakik.com\/#website","url":"https:\/\/kibrisdakik.com\/","name":"","description":"Tam vaktinde haber","potentialAction":[{"@type":"SearchAction","target":{"@type":"EntryPoint","urlTemplate":"https:\/\/kibrisdakik.com\/?s={search_term_string}"},"query-input":{"@type":"PropertyValueSpecification","valueRequired":true,"valueName":"search_term_string"}}],"inLanguage":"tr"},{"@type":"Person","@id":"https:\/\/kibrisdakik.com\/#\/schema\/person\/9cd9d437bbb44f72b73ba127e06d8e79","name":"admin","image":{"@type":"ImageObject","inLanguage":"tr","@id":"https:\/\/secure.gravatar.com\/avatar\/ccc17943b9d660506c869530f897617f7cb1c21a4bf30023f252596d83e1f007?s=96&d=mm&r=g","url":"https:\/\/secure.gravatar.com\/avatar\/ccc17943b9d660506c869530f897617f7cb1c21a4bf30023f252596d83e1f007?s=96&d=mm&r=g","contentUrl":"https:\/\/secure.gravatar.com\/avatar\/ccc17943b9d660506c869530f897617f7cb1c21a4bf30023f252596d83e1f007?s=96&d=mm&r=g","caption":"admin"},"sameAs":["https:\/\/kibrisdakik.com"],"url":"https:\/\/kibrisdakik.com\/?author=1"}]}},"_links":{"self":[{"href":"https:\/\/kibrisdakik.com\/index.php?rest_route=\/wp\/v2\/posts\/83663","targetHints":{"allow":["GET"]}}],"collection":[{"href":"https:\/\/kibrisdakik.com\/index.php?rest_route=\/wp\/v2\/posts"}],"about":[{"href":"https:\/\/kibrisdakik.com\/index.php?rest_route=\/wp\/v2\/types\/post"}],"author":[{"embeddable":true,"href":"https:\/\/kibrisdakik.com\/index.php?rest_route=\/wp\/v2\/users\/1"}],"replies":[{"embeddable":true,"href":"https:\/\/kibrisdakik.com\/index.php?rest_route=%2Fwp%2Fv2%2Fcomments&post=83663"}],"version-history":[{"count":0,"href":"https:\/\/kibrisdakik.com\/index.php?rest_route=\/wp\/v2\/posts\/83663\/revisions"}],"wp:featuredmedia":[{"embeddable":true,"href":"https:\/\/kibrisdakik.com\/index.php?rest_route=\/wp\/v2\/media\/83659"}],"wp:attachment":[{"href":"https:\/\/kibrisdakik.com\/index.php?rest_route=%2Fwp%2Fv2%2Fmedia&parent=83663"}],"wp:term":[{"taxonomy":"category","embeddable":true,"href":"https:\/\/kibrisdakik.com\/index.php?rest_route=%2Fwp%2Fv2%2Fcategories&post=83663"},{"taxonomy":"post_tag","embeddable":true,"href":"https:\/\/kibrisdakik.com\/index.php?rest_route=%2Fwp%2Fv2%2Ftags&post=83663"}],"curies":[{"name":"wp","href":"https:\/\/api.w.org\/{rel}","templated":true}]}}