{"id":83681,"date":"2025-06-03T11:58:28","date_gmt":"2025-06-03T08:58:28","guid":{"rendered":"https:\/\/kibrisdakik.com\/index.php\/2025\/06\/03\/prof-dr-ata-atun-israil-fikir-mi-degistiriyor\/"},"modified":"2025-06-03T11:58:28","modified_gmt":"2025-06-03T08:58:28","slug":"prof-dr-ata-atun-israil-fikir-mi-degistiriyor","status":"publish","type":"post","link":"https:\/\/kibrisdakik.com\/?p=83681","title":{"rendered":"Prof. Dr. Ata Atun: \u0130srail Fikir mi De\u011fi\u015ftiriyor?"},"content":{"rendered":"<p> <br \/>\n<br \/><\/p>\n<div data-text-id=\"84\" property=\"articleBody\">\n<h2 class=\"text-lg-start py-1 description\"\/>\n<p>\u0130srail\u2019de, 1 Kas\u0131m 2022 tarihinde d\u00fczenlenen ve 25. Knesset&#8217;in (\u0130srail Meclisi) 120 yeni \u00fcyesini belirlemi\u015f olan se\u00e7imlerde \u201cBar\u0131 \u015eeria, (\u015eeria nehri ile Lut g\u00f6l\u00fcn\u00fcn bat\u0131s\u0131ndaki Judea ve Samaria b\u00f6lgelerini kaplayan ve bug\u00fcn Bat\u0131 d\u00fcnyas\u0131nda West Bank veya Cisjordanie adlar\u0131yla tan\u0131nan b\u00f6lge) Yahudiye (Youda\u00eda, Filistin b\u00f6lgesinin g\u00fcneyinde yer alan tarihi \u0130brani ve \u0130srailli da\u011fl\u0131k b\u00f6lgesi) ve Samiriye (Yahudiye b\u00f6lgesinden kuzeydeki Celile b\u00f6lgesine giderken yol \u00fczerinde bulunan eyalet) dahil olmak \u00fczere &#8220;\u0130srail topraklar\u0131n\u0131n her yerinde yerle\u015fimi te\u015fvik etme ve geli\u015ftirme&#8221; s\u00f6z\u00fc ile koalisyon h\u00fck\u00fcmeti kuran Netanyahu Ba\u015fbakanl\u0131k koltu\u011funa tekrardan oturmu\u015ftu.\u00a0<\/p>\n<p>Netenyahu\u2019nun ilk yapt\u0131\u011f\u0131 i\u015flerden birisi Bat\u0131 \u015eeria, Yahudiye ve Samiriye ile ilgili \u0130srail politikalar\u0131n\u0131 yeniden olu\u015fturmak oldu. Bunun ba\u015f\u0131na da geni\u015f yetkilerle, radikal sa\u011fc\u0131 olarak bilinen, Filistin Devletinin kurulmamas\u0131 i\u00e7in \u00e7al\u0131\u015fmalar yapan, \u00a0y\u0131llar\u0131n yerle\u015fimci \u00f6nderlerinden Bezalel Smotrich\u2019i getirdi ve buna ilaveten kendisine Maliye Bakan\u0131l\u0131\u011f\u0131 g\u00f6revini tevdi etti. \u00a0\u00a0<\/p>\n<p>Ba\u015fbakan Netanyahu y\u00f6netimindeki \u0130srail h\u00fck\u00fcmetini \u00f6nemli makamlar\u0131n sahibi olan radikal \u201cYahudi Yerle\u015fimciler\u201d ve onlar\u0131 kay\u0131ts\u0131z ko\u015fulsuz destekleyen a\u015f\u0131r\u0131 sa\u011fc\u0131 siyasiler, siyasi partiler ve radikal sa\u011fc\u0131lar\u0131n a\u00e7\u0131k ve s\u00fcre\u011fen deste\u011fi ile Yahudi yerle\u015fimciler, yava\u015f yava\u015f Bat\u0131 \u015eeria\u2019y\u0131 da i\u015fgal etmeye ve b\u00f6lgesel de\u011fi\u015fiklik ad\u0131mlar\u0131n\u0131 h\u0131zland\u0131rmaya \u00a0ba\u015flad\u0131lar.\u00a0<\/p>\n<p>\u0130lk at\u0131lan \u00f6nemli ad\u0131mlar\u0131, yakla\u015f\u0131k 6,500,000 metrekare araziye istimlak ediyormu\u015f gibi davran\u0131p el koymak, yerle\u015fimci karakollar\u0131n\u0131 yasad\u0131\u015f\u0131l\u0131ktan \u00e7\u0131kar\u0131p, yasal hale getirmek ve desteklemek, Filistinlilerin yerle\u015fim yerlerindeki binalar\u0131 sistematik olarak y\u0131kmaya ba\u015flamak, ta\u015frada ya\u015fayan Filistinlilerin tar\u0131m arazilerine gitmelerini zorla\u015ft\u0131rmak ve Filistinlilere uygulanan korku odakl\u0131 dola\u015f\u0131m k\u0131s\u0131tlamas\u0131 olu\u015fturuyor. Bunun sonucu olarak ta\u015fradaki baz\u0131 k\u00f6yler ve bu k\u00f6ylerin tar\u0131msal topraklar\u0131 art\u0131k terk edilmi\u015f, ziraat ve hayvanc\u0131l\u0131k bitmi\u015f durumda. Yaz\u0131k ki \u0130srail G\u00fcvenlik G\u00fc\u00e7leri, yerle\u015fimciler taraf\u0131ndan Filistinlilere kar\u015f\u0131 yap\u0131lan ve gittik\u00e7e artan sald\u0131r\u0131, cinayet, taciz, tecav\u00fcz ve konut i\u015fgallerini durdurmakta ve \u00f6nlemekte ba\u015far\u0131l\u0131 olam\u0131yor.\u00a0<\/p>\n<p>G\u00fcn\u00fcm\u00fczde Bat\u0131 \u015eeria\u2019da yakla\u015f\u0131k 500 bin yerle\u015fimci ve 3 milyon Filistinli ya\u015f\u0131yor. Sadece 1 y\u0131l i\u00e7inde yerle\u015fimcilerin 12 bin konut in\u015fa ettikleri ve yerle\u015fimcilere yerle\u015fimi te\u015fvik etmek i\u00e7in konut yap\u0131m izininin s\u00fcratli bir \u015fekilde verildi\u011fi biliniyor. Devlete ait araziler de yerle\u015fimcilere tar\u0131m, hayvanc\u0131l\u0131k ve yerle\u015fim ama\u00e7l\u0131 tahsis ediliyor. \u00a0 \u00a0<\/p>\n<p>Haziran ay\u0131nda BM\u2019nin yarg\u0131 organ\u0131 olan \u201cUluslararas\u0131 Adalet Divan\u0131\u201d, \u0130srail ile ilgili talimat i\u00e7erikli bir karar a\u00e7\u0131klad\u0131. Bu karar, \u0130srail h\u00fck\u00fcmetini, Filistin topraklar\u0131n\u0131 i\u015fgale son verme\u011fe, yerle\u015fimcilerin i\u015fgal ettikleri mevcut yerle\u015fim yerlerini bo\u015faltma\u011fa, ta\u015f\u0131n\u0131r ve ta\u015f\u0131nmaz mallar\u0131n\u0131 kaybeden Filistinlilere tazminat \u00f6deme\u011fe \u201cmahkum\u201d ediyor ancak \u0130srail\u2019in umurunda de\u011fil. \u0130srail h\u00fck\u00fcmeti Uluslararas\u0131 Adalet Divan\u0131\u2019n\u0131n Haziran 2024 tarihli karar\u0131n\u0131 yok say\u0131yor, Ba\u015fbakan Netanyahu s\u00f6z konusu \u00a0karar ile ilgili yapt\u0131\u011f\u0131 a\u00e7\u0131klamada \u201cYahudi halk\u0131 kendi topraklar\u0131n\u0131n fatihi de\u011fildir&#8221; diyerek, \u201cburalar\u0131 zaten bizimdir, kendi topraklar\u0131m\u0131z\u0131 niye i\u015fgal etmekle su\u00e7lanmaktay\u0131z\u201d mealinde laflar ederek, bu karar\u0131 dikkate almayaca\u011f\u0131n\u0131 ve uygulamayaca\u011f\u0131n\u0131 ima ediyor.<\/p>\n<p>Verilen mesajlar ve uygulamalar, BM\u2019nin ge\u00e7mi\u015fte kabul etti\u011fi \u201cBar\u0131\u015f Anla\u015fmalar\u0131\u201d ve bu anla\u015fmalar\u0131n i\u00e7eri\u011finde yer alan \u201c\u0130ki devletli \u00e7\u00f6z\u00fcm\u201d \u00f6nerisi ve tavsiyesinin art\u0131k acilen hayata ge\u00e7irilmesi gerekti\u011fini, Filistin\u2019in kaderinin \u0130srail\u2019in insaf\u0131na b\u0131rak\u0131lmamas\u0131 gerekti\u011fini ortaya koyuyor\u2026<\/p>\n<p>Prof. Dr. (\u0130n\u015f. M\u00fch.), Do\u00e7. Dr. (UA. \u0130li\u015f.) Ata ATUN<br \/>&#13;<br \/>\nKKTC Cumhurba\u015fkan\u0131 Dan\u0131\u015fma Kurulu \u00dcyesi<br \/>&#13;<br \/>\nKKTC Cumhuriyet Meclisi 1. D\u00f6nem Milletvekili<\/p>\n<\/p><\/div>\n<p><br \/>\n<br \/><a href=\"> K\u0131br\u0131s dakik<\/a><\/p>\n","protected":false},"excerpt":{"rendered":"<p>\u0130srail\u2019de, 1 Kas\u0131m 2022 tarihinde d\u00fczenlenen ve 25. Knesset&#8217;in (\u0130srail Meclisi) 120 yeni \u00fcyesini belirlemi\u015f olan se\u00e7imlerde \u201cBar\u0131 \u015eeria, (\u015eeria nehri ile Lut g\u00f6l\u00fcn\u00fcn bat\u0131s\u0131ndaki Judea ve Samaria b\u00f6lgelerini kaplayan ve bug\u00fcn Bat\u0131 d\u00fcnyas\u0131nda West Bank veya Cisjordanie adlar\u0131yla tan\u0131nan b\u00f6lge) Yahudiye (Youda\u00eda, Filistin b\u00f6lgesinin g\u00fcneyinde yer alan tarihi \u0130brani ve \u0130srailli da\u011fl\u0131k b\u00f6lgesi) ve<\/p>\n","protected":false},"author":1,"featured_media":83662,"comment_status":"open","ping_status":"open","sticky":false,"template":"","format":"standard","meta":{"footnotes":""},"categories":[81,101],"tags":[],"class_list":["post-83681","post","type-post","status-publish","format-standard","has-post-thumbnail","hentry","category-kibris","category-manset"],"yoast_head":"<!-- This site is optimized with the Yoast SEO plugin v27.5 - https:\/\/yoast.com\/product\/yoast-seo-wordpress\/ -->\n<title>Prof. Dr. Ata Atun: \u0130srail Fikir mi De\u011fi\u015ftiriyor? -<\/title>\n<meta name=\"robots\" content=\"index, follow, max-snippet:-1, max-image-preview:large, max-video-preview:-1\" \/>\n<link rel=\"canonical\" href=\"https:\/\/kibrisdakik.com\/?p=83681\" \/>\n<meta property=\"og:locale\" content=\"tr_TR\" \/>\n<meta property=\"og:type\" content=\"article\" \/>\n<meta property=\"og:title\" content=\"Prof. Dr. Ata Atun: \u0130srail Fikir mi De\u011fi\u015ftiriyor? -\" \/>\n<meta property=\"og:description\" content=\"\u0130srail\u2019de, 1 Kas\u0131m 2022 tarihinde d\u00fczenlenen ve 25. Knesset&#8217;in (\u0130srail Meclisi) 120 yeni \u00fcyesini belirlemi\u015f olan se\u00e7imlerde \u201cBar\u0131 \u015eeria, (\u015eeria nehri ile Lut g\u00f6l\u00fcn\u00fcn bat\u0131s\u0131ndaki Judea ve Samaria b\u00f6lgelerini kaplayan ve bug\u00fcn Bat\u0131 d\u00fcnyas\u0131nda West Bank veya Cisjordanie adlar\u0131yla tan\u0131nan b\u00f6lge) Yahudiye (Youda\u00eda, Filistin b\u00f6lgesinin g\u00fcneyinde yer alan tarihi \u0130brani ve \u0130srailli da\u011fl\u0131k b\u00f6lgesi) ve\" \/>\n<meta property=\"og:url\" content=\"https:\/\/kibrisdakik.com\/?p=83681\" \/>\n<meta property=\"article:published_time\" content=\"2025-06-03T08:58:28+00:00\" \/>\n<meta property=\"og:image\" content=\"https:\/\/kibrisdakik.com\/wp-content\/uploads\/2025\/06\/aaa1.jpg\" \/>\n\t<meta property=\"og:image:width\" content=\"200\" \/>\n\t<meta property=\"og:image:height\" content=\"200\" \/>\n\t<meta property=\"og:image:type\" content=\"image\/jpeg\" \/>\n<meta name=\"author\" content=\"admin\" \/>\n<meta name=\"twitter:card\" content=\"summary_large_image\" \/>\n<meta name=\"twitter:label1\" content=\"Yazan:\" \/>\n\t<meta name=\"twitter:data1\" content=\"admin\" \/>\n\t<meta name=\"twitter:label2\" content=\"Tahmini okuma s\u00fcresi\" \/>\n\t<meta name=\"twitter:data2\" content=\"3 dakika\" \/>\n<script type=\"application\/ld+json\" class=\"yoast-schema-graph\">{\"@context\":\"https:\\\/\\\/schema.org\",\"@graph\":[{\"@type\":\"Article\",\"@id\":\"https:\\\/\\\/kibrisdakik.com\\\/?p=83681#article\",\"isPartOf\":{\"@id\":\"https:\\\/\\\/kibrisdakik.com\\\/?p=83681\"},\"author\":{\"name\":\"admin\",\"@id\":\"https:\\\/\\\/kibrisdakik.com\\\/#\\\/schema\\\/person\\\/9cd9d437bbb44f72b73ba127e06d8e79\"},\"headline\":\"Prof. Dr. Ata Atun: \u0130srail Fikir mi De\u011fi\u015ftiriyor?\",\"datePublished\":\"2025-06-03T08:58:28+00:00\",\"mainEntityOfPage\":{\"@id\":\"https:\\\/\\\/kibrisdakik.com\\\/?p=83681\"},\"wordCount\":677,\"commentCount\":0,\"image\":{\"@id\":\"https:\\\/\\\/kibrisdakik.com\\\/?p=83681#primaryimage\"},\"thumbnailUrl\":\"https:\\\/\\\/kibrisdakik.com\\\/wp-content\\\/uploads\\\/2025\\\/06\\\/aaa1.jpg\",\"articleSection\":[\"K\u0131br\u0131s\",\"Man\u015fet\"],\"inLanguage\":\"tr\",\"potentialAction\":[{\"@type\":\"CommentAction\",\"name\":\"Comment\",\"target\":[\"https:\\\/\\\/kibrisdakik.com\\\/?p=83681#respond\"]}]},{\"@type\":\"WebPage\",\"@id\":\"https:\\\/\\\/kibrisdakik.com\\\/?p=83681\",\"url\":\"https:\\\/\\\/kibrisdakik.com\\\/?p=83681\",\"name\":\"Prof. Dr. Ata Atun: \u0130srail Fikir mi De\u011fi\u015ftiriyor? -\",\"isPartOf\":{\"@id\":\"https:\\\/\\\/kibrisdakik.com\\\/#website\"},\"primaryImageOfPage\":{\"@id\":\"https:\\\/\\\/kibrisdakik.com\\\/?p=83681#primaryimage\"},\"image\":{\"@id\":\"https:\\\/\\\/kibrisdakik.com\\\/?p=83681#primaryimage\"},\"thumbnailUrl\":\"https:\\\/\\\/kibrisdakik.com\\\/wp-content\\\/uploads\\\/2025\\\/06\\\/aaa1.jpg\",\"datePublished\":\"2025-06-03T08:58:28+00:00\",\"author\":{\"@id\":\"https:\\\/\\\/kibrisdakik.com\\\/#\\\/schema\\\/person\\\/9cd9d437bbb44f72b73ba127e06d8e79\"},\"breadcrumb\":{\"@id\":\"https:\\\/\\\/kibrisdakik.com\\\/?p=83681#breadcrumb\"},\"inLanguage\":\"tr\",\"potentialAction\":[{\"@type\":\"ReadAction\",\"target\":[\"https:\\\/\\\/kibrisdakik.com\\\/?p=83681\"]}]},{\"@type\":\"ImageObject\",\"inLanguage\":\"tr\",\"@id\":\"https:\\\/\\\/kibrisdakik.com\\\/?p=83681#primaryimage\",\"url\":\"https:\\\/\\\/kibrisdakik.com\\\/wp-content\\\/uploads\\\/2025\\\/06\\\/aaa1.jpg\",\"contentUrl\":\"https:\\\/\\\/kibrisdakik.com\\\/wp-content\\\/uploads\\\/2025\\\/06\\\/aaa1.jpg\",\"width\":200,\"height\":200},{\"@type\":\"BreadcrumbList\",\"@id\":\"https:\\\/\\\/kibrisdakik.com\\\/?p=83681#breadcrumb\",\"itemListElement\":[{\"@type\":\"ListItem\",\"position\":1,\"name\":\"Home\",\"item\":\"https:\\\/\\\/kibrisdakik.com\\\/\"},{\"@type\":\"ListItem\",\"position\":2,\"name\":\"Prof. Dr. Ata Atun: \u0130srail Fikir mi De\u011fi\u015ftiriyor?\"}]},{\"@type\":\"WebSite\",\"@id\":\"https:\\\/\\\/kibrisdakik.com\\\/#website\",\"url\":\"https:\\\/\\\/kibrisdakik.com\\\/\",\"name\":\"\",\"description\":\"Tam vaktinde haber\",\"potentialAction\":[{\"@type\":\"SearchAction\",\"target\":{\"@type\":\"EntryPoint\",\"urlTemplate\":\"https:\\\/\\\/kibrisdakik.com\\\/?s={search_term_string}\"},\"query-input\":{\"@type\":\"PropertyValueSpecification\",\"valueRequired\":true,\"valueName\":\"search_term_string\"}}],\"inLanguage\":\"tr\"},{\"@type\":\"Person\",\"@id\":\"https:\\\/\\\/kibrisdakik.com\\\/#\\\/schema\\\/person\\\/9cd9d437bbb44f72b73ba127e06d8e79\",\"name\":\"admin\",\"image\":{\"@type\":\"ImageObject\",\"inLanguage\":\"tr\",\"@id\":\"https:\\\/\\\/secure.gravatar.com\\\/avatar\\\/ccc17943b9d660506c869530f897617f7cb1c21a4bf30023f252596d83e1f007?s=96&d=mm&r=g\",\"url\":\"https:\\\/\\\/secure.gravatar.com\\\/avatar\\\/ccc17943b9d660506c869530f897617f7cb1c21a4bf30023f252596d83e1f007?s=96&d=mm&r=g\",\"contentUrl\":\"https:\\\/\\\/secure.gravatar.com\\\/avatar\\\/ccc17943b9d660506c869530f897617f7cb1c21a4bf30023f252596d83e1f007?s=96&d=mm&r=g\",\"caption\":\"admin\"},\"sameAs\":[\"https:\\\/\\\/kibrisdakik.com\"],\"url\":\"https:\\\/\\\/kibrisdakik.com\\\/?author=1\"}]}<\/script>\n<!-- \/ Yoast SEO plugin. -->","yoast_head_json":{"title":"Prof. Dr. Ata Atun: \u0130srail Fikir mi De\u011fi\u015ftiriyor? -","robots":{"index":"index","follow":"follow","max-snippet":"max-snippet:-1","max-image-preview":"max-image-preview:large","max-video-preview":"max-video-preview:-1"},"canonical":"https:\/\/kibrisdakik.com\/?p=83681","og_locale":"tr_TR","og_type":"article","og_title":"Prof. Dr. Ata Atun: \u0130srail Fikir mi De\u011fi\u015ftiriyor? -","og_description":"\u0130srail\u2019de, 1 Kas\u0131m 2022 tarihinde d\u00fczenlenen ve 25. Knesset&#8217;in (\u0130srail Meclisi) 120 yeni \u00fcyesini belirlemi\u015f olan se\u00e7imlerde \u201cBar\u0131 \u015eeria, (\u015eeria nehri ile Lut g\u00f6l\u00fcn\u00fcn bat\u0131s\u0131ndaki Judea ve Samaria b\u00f6lgelerini kaplayan ve bug\u00fcn Bat\u0131 d\u00fcnyas\u0131nda West Bank veya Cisjordanie adlar\u0131yla tan\u0131nan b\u00f6lge) Yahudiye (Youda\u00eda, Filistin b\u00f6lgesinin g\u00fcneyinde yer alan tarihi \u0130brani ve \u0130srailli da\u011fl\u0131k b\u00f6lgesi) ve","og_url":"https:\/\/kibrisdakik.com\/?p=83681","article_published_time":"2025-06-03T08:58:28+00:00","og_image":[{"width":200,"height":200,"url":"https:\/\/kibrisdakik.com\/wp-content\/uploads\/2025\/06\/aaa1.jpg","type":"image\/jpeg"}],"author":"admin","twitter_card":"summary_large_image","twitter_misc":{"Yazan:":"admin","Tahmini okuma s\u00fcresi":"3 dakika"},"schema":{"@context":"https:\/\/schema.org","@graph":[{"@type":"Article","@id":"https:\/\/kibrisdakik.com\/?p=83681#article","isPartOf":{"@id":"https:\/\/kibrisdakik.com\/?p=83681"},"author":{"name":"admin","@id":"https:\/\/kibrisdakik.com\/#\/schema\/person\/9cd9d437bbb44f72b73ba127e06d8e79"},"headline":"Prof. Dr. Ata Atun: \u0130srail Fikir mi De\u011fi\u015ftiriyor?","datePublished":"2025-06-03T08:58:28+00:00","mainEntityOfPage":{"@id":"https:\/\/kibrisdakik.com\/?p=83681"},"wordCount":677,"commentCount":0,"image":{"@id":"https:\/\/kibrisdakik.com\/?p=83681#primaryimage"},"thumbnailUrl":"https:\/\/kibrisdakik.com\/wp-content\/uploads\/2025\/06\/aaa1.jpg","articleSection":["K\u0131br\u0131s","Man\u015fet"],"inLanguage":"tr","potentialAction":[{"@type":"CommentAction","name":"Comment","target":["https:\/\/kibrisdakik.com\/?p=83681#respond"]}]},{"@type":"WebPage","@id":"https:\/\/kibrisdakik.com\/?p=83681","url":"https:\/\/kibrisdakik.com\/?p=83681","name":"Prof. Dr. Ata Atun: \u0130srail Fikir mi De\u011fi\u015ftiriyor? -","isPartOf":{"@id":"https:\/\/kibrisdakik.com\/#website"},"primaryImageOfPage":{"@id":"https:\/\/kibrisdakik.com\/?p=83681#primaryimage"},"image":{"@id":"https:\/\/kibrisdakik.com\/?p=83681#primaryimage"},"thumbnailUrl":"https:\/\/kibrisdakik.com\/wp-content\/uploads\/2025\/06\/aaa1.jpg","datePublished":"2025-06-03T08:58:28+00:00","author":{"@id":"https:\/\/kibrisdakik.com\/#\/schema\/person\/9cd9d437bbb44f72b73ba127e06d8e79"},"breadcrumb":{"@id":"https:\/\/kibrisdakik.com\/?p=83681#breadcrumb"},"inLanguage":"tr","potentialAction":[{"@type":"ReadAction","target":["https:\/\/kibrisdakik.com\/?p=83681"]}]},{"@type":"ImageObject","inLanguage":"tr","@id":"https:\/\/kibrisdakik.com\/?p=83681#primaryimage","url":"https:\/\/kibrisdakik.com\/wp-content\/uploads\/2025\/06\/aaa1.jpg","contentUrl":"https:\/\/kibrisdakik.com\/wp-content\/uploads\/2025\/06\/aaa1.jpg","width":200,"height":200},{"@type":"BreadcrumbList","@id":"https:\/\/kibrisdakik.com\/?p=83681#breadcrumb","itemListElement":[{"@type":"ListItem","position":1,"name":"Home","item":"https:\/\/kibrisdakik.com\/"},{"@type":"ListItem","position":2,"name":"Prof. Dr. Ata Atun: \u0130srail Fikir mi De\u011fi\u015ftiriyor?"}]},{"@type":"WebSite","@id":"https:\/\/kibrisdakik.com\/#website","url":"https:\/\/kibrisdakik.com\/","name":"","description":"Tam vaktinde haber","potentialAction":[{"@type":"SearchAction","target":{"@type":"EntryPoint","urlTemplate":"https:\/\/kibrisdakik.com\/?s={search_term_string}"},"query-input":{"@type":"PropertyValueSpecification","valueRequired":true,"valueName":"search_term_string"}}],"inLanguage":"tr"},{"@type":"Person","@id":"https:\/\/kibrisdakik.com\/#\/schema\/person\/9cd9d437bbb44f72b73ba127e06d8e79","name":"admin","image":{"@type":"ImageObject","inLanguage":"tr","@id":"https:\/\/secure.gravatar.com\/avatar\/ccc17943b9d660506c869530f897617f7cb1c21a4bf30023f252596d83e1f007?s=96&d=mm&r=g","url":"https:\/\/secure.gravatar.com\/avatar\/ccc17943b9d660506c869530f897617f7cb1c21a4bf30023f252596d83e1f007?s=96&d=mm&r=g","contentUrl":"https:\/\/secure.gravatar.com\/avatar\/ccc17943b9d660506c869530f897617f7cb1c21a4bf30023f252596d83e1f007?s=96&d=mm&r=g","caption":"admin"},"sameAs":["https:\/\/kibrisdakik.com"],"url":"https:\/\/kibrisdakik.com\/?author=1"}]}},"_links":{"self":[{"href":"https:\/\/kibrisdakik.com\/index.php?rest_route=\/wp\/v2\/posts\/83681","targetHints":{"allow":["GET"]}}],"collection":[{"href":"https:\/\/kibrisdakik.com\/index.php?rest_route=\/wp\/v2\/posts"}],"about":[{"href":"https:\/\/kibrisdakik.com\/index.php?rest_route=\/wp\/v2\/types\/post"}],"author":[{"embeddable":true,"href":"https:\/\/kibrisdakik.com\/index.php?rest_route=\/wp\/v2\/users\/1"}],"replies":[{"embeddable":true,"href":"https:\/\/kibrisdakik.com\/index.php?rest_route=%2Fwp%2Fv2%2Fcomments&post=83681"}],"version-history":[{"count":0,"href":"https:\/\/kibrisdakik.com\/index.php?rest_route=\/wp\/v2\/posts\/83681\/revisions"}],"wp:featuredmedia":[{"embeddable":true,"href":"https:\/\/kibrisdakik.com\/index.php?rest_route=\/wp\/v2\/media\/83662"}],"wp:attachment":[{"href":"https:\/\/kibrisdakik.com\/index.php?rest_route=%2Fwp%2Fv2%2Fmedia&parent=83681"}],"wp:term":[{"taxonomy":"category","embeddable":true,"href":"https:\/\/kibrisdakik.com\/index.php?rest_route=%2Fwp%2Fv2%2Fcategories&post=83681"},{"taxonomy":"post_tag","embeddable":true,"href":"https:\/\/kibrisdakik.com\/index.php?rest_route=%2Fwp%2Fv2%2Ftags&post=83681"}],"curies":[{"name":"wp","href":"https:\/\/api.w.org\/{rel}","templated":true}]}}