{"id":83739,"date":"2025-06-03T15:30:00","date_gmt":"2025-06-03T12:30:00","guid":{"rendered":"https:\/\/kibrisdakik.com\/index.php\/2025\/06\/03\/yunanistanin-yeni-guney-kibris-buyukelcisi-konstantinos-kollias-olacak\/"},"modified":"2025-06-03T15:30:00","modified_gmt":"2025-06-03T12:30:00","slug":"yunanistanin-yeni-guney-kibris-buyukelcisi-konstantinos-kollias-olacak","status":"publish","type":"post","link":"https:\/\/kibrisdakik.com\/?p=83739","title":{"rendered":"Yunanistan&#8217;\u0131n yeni G\u00fcney K\u0131br\u0131s b\u00fcy\u00fckel\u00e7isi Konstantinos Kollias olacak"},"content":{"rendered":"<p> <br \/>\n<br \/><\/p>\n<div data-text-id=\"77670\" property=\"articleBody\">\n<p class=\"MsoNormal\"><span new=\"\" roman=\"\" times=\"\">Yunanistan\u2019\u0131n G\u00fcney K\u0131br\u0131s b\u00fcy\u00fckel\u00e7isinin de\u011fi\u015fece\u011fi belirtildi. <\/span><\/p>\n<p class=\"MsoNormal\"><span new=\"\" roman=\"\" times=\"\">Fileleftheros internet sayfas\u0131ndaki habere g\u00f6re, Yunanistan\u2019\u0131n yeni G\u00fcney K\u0131br\u0131s b\u00fcy\u00fckel\u00e7isi Konstantinos Kollias olacak.<\/span><\/p>\n<p class=\"MsoNormal\"><span new=\"\" roman=\"\" times=\"\">Kollias, G\u00fcney K\u0131br\u0131s\u2019taki g\u00f6rev s\u00fcresi dolan \u015fimdiki Yunan B\u00fcy\u00fckel\u00e7i Yoanni Papameletiu\u2019nun yerine atanacak.<\/span><\/p>\n<p class=\"MsoNormal\"><span new=\"\" roman=\"\" times=\"\">Kollias, \u015fu anda ise Viyana\u2019daki Avrupa G\u00fcvenlik ve \u0130\u015fbirli\u011fi Te\u015fkilat\u0131\u2019nda (AG\u0130T)  Yunanistan\u2019\u0131n Daimi Temsilcisi olarak g\u00f6rev yap\u0131yor.<\/span><\/p>\n<\/p><\/div>\n<p><br \/>\n<br \/><a href=\"> K\u0131br\u0131s dakik<\/a><\/p>\n","protected":false},"excerpt":{"rendered":"<p>Yunanistan\u2019\u0131n G\u00fcney K\u0131br\u0131s b\u00fcy\u00fckel\u00e7isinin de\u011fi\u015fece\u011fi belirtildi. Fileleftheros internet sayfas\u0131ndaki habere g\u00f6re, Yunanistan\u2019\u0131n yeni G\u00fcney K\u0131br\u0131s b\u00fcy\u00fckel\u00e7isi Konstantinos Kollias olacak. Kollias, G\u00fcney K\u0131br\u0131s\u2019taki g\u00f6rev s\u00fcresi dolan \u015fimdiki Yunan B\u00fcy\u00fckel\u00e7i Yoanni Papameletiu\u2019nun yerine atanacak. Kollias, \u015fu anda ise Viyana\u2019daki Avrupa G\u00fcvenlik ve \u0130\u015fbirli\u011fi Te\u015fkilat\u0131\u2019nda (AG\u0130T) Yunanistan\u2019\u0131n Daimi Temsilcisi olarak g\u00f6rev yap\u0131yor.<\/p>\n","protected":false},"author":1,"featured_media":83740,"comment_status":"open","ping_status":"open","sticky":false,"template":"","format":"standard","meta":{"footnotes":""},"categories":[81,101],"tags":[],"class_list":["post-83739","post","type-post","status-publish","format-standard","has-post-thumbnail","hentry","category-kibris","category-manset"],"yoast_head":"<!-- This site is optimized with the Yoast SEO plugin v27.5 - https:\/\/yoast.com\/product\/yoast-seo-wordpress\/ -->\n<title>Yunanistan&#039;\u0131n yeni G\u00fcney K\u0131br\u0131s b\u00fcy\u00fckel\u00e7isi Konstantinos Kollias olacak -<\/title>\n<meta name=\"robots\" content=\"index, follow, max-snippet:-1, max-image-preview:large, max-video-preview:-1\" \/>\n<link rel=\"canonical\" href=\"https:\/\/kibrisdakik.com\/?p=83739\" \/>\n<meta property=\"og:locale\" content=\"tr_TR\" \/>\n<meta property=\"og:type\" content=\"article\" \/>\n<meta property=\"og:title\" content=\"Yunanistan&#039;\u0131n yeni G\u00fcney K\u0131br\u0131s b\u00fcy\u00fckel\u00e7isi Konstantinos Kollias olacak -\" \/>\n<meta property=\"og:description\" content=\"Yunanistan\u2019\u0131n G\u00fcney K\u0131br\u0131s b\u00fcy\u00fckel\u00e7isinin de\u011fi\u015fece\u011fi belirtildi. Fileleftheros internet sayfas\u0131ndaki habere g\u00f6re, Yunanistan\u2019\u0131n yeni G\u00fcney K\u0131br\u0131s b\u00fcy\u00fckel\u00e7isi Konstantinos Kollias olacak. Kollias, G\u00fcney K\u0131br\u0131s\u2019taki g\u00f6rev s\u00fcresi dolan \u015fimdiki Yunan B\u00fcy\u00fckel\u00e7i Yoanni Papameletiu\u2019nun yerine atanacak. Kollias, \u015fu anda ise Viyana\u2019daki Avrupa G\u00fcvenlik ve \u0130\u015fbirli\u011fi Te\u015fkilat\u0131\u2019nda (AG\u0130T) Yunanistan\u2019\u0131n Daimi Temsilcisi olarak g\u00f6rev yap\u0131yor.\" \/>\n<meta property=\"og:url\" content=\"https:\/\/kibrisdakik.com\/?p=83739\" \/>\n<meta property=\"article:published_time\" content=\"2025-06-03T12:30:00+00:00\" \/>\n<meta property=\"og:image\" content=\"https:\/\/kibrisdakik.com\/wp-content\/uploads\/2025\/06\/yeni-elci.jpg\" \/>\n\t<meta property=\"og:image:width\" content=\"298\" \/>\n\t<meta property=\"og:image:height\" content=\"169\" \/>\n\t<meta property=\"og:image:type\" content=\"image\/jpeg\" \/>\n<meta name=\"author\" content=\"admin\" \/>\n<meta name=\"twitter:card\" content=\"summary_large_image\" \/>\n<meta name=\"twitter:label1\" content=\"Yazan:\" \/>\n\t<meta name=\"twitter:data1\" content=\"admin\" \/>\n<script type=\"application\/ld+json\" class=\"yoast-schema-graph\">{\"@context\":\"https:\\\/\\\/schema.org\",\"@graph\":[{\"@type\":\"Article\",\"@id\":\"https:\\\/\\\/kibrisdakik.com\\\/?p=83739#article\",\"isPartOf\":{\"@id\":\"https:\\\/\\\/kibrisdakik.com\\\/?p=83739\"},\"author\":{\"name\":\"admin\",\"@id\":\"https:\\\/\\\/kibrisdakik.com\\\/#\\\/schema\\\/person\\\/9cd9d437bbb44f72b73ba127e06d8e79\"},\"headline\":\"Yunanistan&#8217;\u0131n yeni G\u00fcney K\u0131br\u0131s b\u00fcy\u00fckel\u00e7isi Konstantinos Kollias olacak\",\"datePublished\":\"2025-06-03T12:30:00+00:00\",\"mainEntityOfPage\":{\"@id\":\"https:\\\/\\\/kibrisdakik.com\\\/?p=83739\"},\"wordCount\":104,\"commentCount\":0,\"image\":{\"@id\":\"https:\\\/\\\/kibrisdakik.com\\\/?p=83739#primaryimage\"},\"thumbnailUrl\":\"https:\\\/\\\/kibrisdakik.com\\\/wp-content\\\/uploads\\\/2025\\\/06\\\/yeni-elci.jpg\",\"articleSection\":[\"K\u0131br\u0131s\",\"Man\u015fet\"],\"inLanguage\":\"tr\",\"potentialAction\":[{\"@type\":\"CommentAction\",\"name\":\"Comment\",\"target\":[\"https:\\\/\\\/kibrisdakik.com\\\/?p=83739#respond\"]}]},{\"@type\":\"WebPage\",\"@id\":\"https:\\\/\\\/kibrisdakik.com\\\/?p=83739\",\"url\":\"https:\\\/\\\/kibrisdakik.com\\\/?p=83739\",\"name\":\"Yunanistan'\u0131n yeni G\u00fcney K\u0131br\u0131s b\u00fcy\u00fckel\u00e7isi Konstantinos Kollias olacak -\",\"isPartOf\":{\"@id\":\"https:\\\/\\\/kibrisdakik.com\\\/#website\"},\"primaryImageOfPage\":{\"@id\":\"https:\\\/\\\/kibrisdakik.com\\\/?p=83739#primaryimage\"},\"image\":{\"@id\":\"https:\\\/\\\/kibrisdakik.com\\\/?p=83739#primaryimage\"},\"thumbnailUrl\":\"https:\\\/\\\/kibrisdakik.com\\\/wp-content\\\/uploads\\\/2025\\\/06\\\/yeni-elci.jpg\",\"datePublished\":\"2025-06-03T12:30:00+00:00\",\"author\":{\"@id\":\"https:\\\/\\\/kibrisdakik.com\\\/#\\\/schema\\\/person\\\/9cd9d437bbb44f72b73ba127e06d8e79\"},\"breadcrumb\":{\"@id\":\"https:\\\/\\\/kibrisdakik.com\\\/?p=83739#breadcrumb\"},\"inLanguage\":\"tr\",\"potentialAction\":[{\"@type\":\"ReadAction\",\"target\":[\"https:\\\/\\\/kibrisdakik.com\\\/?p=83739\"]}]},{\"@type\":\"ImageObject\",\"inLanguage\":\"tr\",\"@id\":\"https:\\\/\\\/kibrisdakik.com\\\/?p=83739#primaryimage\",\"url\":\"https:\\\/\\\/kibrisdakik.com\\\/wp-content\\\/uploads\\\/2025\\\/06\\\/yeni-elci.jpg\",\"contentUrl\":\"https:\\\/\\\/kibrisdakik.com\\\/wp-content\\\/uploads\\\/2025\\\/06\\\/yeni-elci.jpg\",\"width\":298,\"height\":169},{\"@type\":\"BreadcrumbList\",\"@id\":\"https:\\\/\\\/kibrisdakik.com\\\/?p=83739#breadcrumb\",\"itemListElement\":[{\"@type\":\"ListItem\",\"position\":1,\"name\":\"Home\",\"item\":\"https:\\\/\\\/kibrisdakik.com\\\/\"},{\"@type\":\"ListItem\",\"position\":2,\"name\":\"Yunanistan&#8217;\u0131n yeni G\u00fcney K\u0131br\u0131s b\u00fcy\u00fckel\u00e7isi Konstantinos Kollias olacak\"}]},{\"@type\":\"WebSite\",\"@id\":\"https:\\\/\\\/kibrisdakik.com\\\/#website\",\"url\":\"https:\\\/\\\/kibrisdakik.com\\\/\",\"name\":\"\",\"description\":\"Tam vaktinde haber\",\"potentialAction\":[{\"@type\":\"SearchAction\",\"target\":{\"@type\":\"EntryPoint\",\"urlTemplate\":\"https:\\\/\\\/kibrisdakik.com\\\/?s={search_term_string}\"},\"query-input\":{\"@type\":\"PropertyValueSpecification\",\"valueRequired\":true,\"valueName\":\"search_term_string\"}}],\"inLanguage\":\"tr\"},{\"@type\":\"Person\",\"@id\":\"https:\\\/\\\/kibrisdakik.com\\\/#\\\/schema\\\/person\\\/9cd9d437bbb44f72b73ba127e06d8e79\",\"name\":\"admin\",\"image\":{\"@type\":\"ImageObject\",\"inLanguage\":\"tr\",\"@id\":\"https:\\\/\\\/secure.gravatar.com\\\/avatar\\\/ccc17943b9d660506c869530f897617f7cb1c21a4bf30023f252596d83e1f007?s=96&d=mm&r=g\",\"url\":\"https:\\\/\\\/secure.gravatar.com\\\/avatar\\\/ccc17943b9d660506c869530f897617f7cb1c21a4bf30023f252596d83e1f007?s=96&d=mm&r=g\",\"contentUrl\":\"https:\\\/\\\/secure.gravatar.com\\\/avatar\\\/ccc17943b9d660506c869530f897617f7cb1c21a4bf30023f252596d83e1f007?s=96&d=mm&r=g\",\"caption\":\"admin\"},\"sameAs\":[\"https:\\\/\\\/kibrisdakik.com\"],\"url\":\"https:\\\/\\\/kibrisdakik.com\\\/?author=1\"}]}<\/script>\n<!-- \/ Yoast SEO plugin. -->","yoast_head_json":{"title":"Yunanistan'\u0131n yeni G\u00fcney K\u0131br\u0131s b\u00fcy\u00fckel\u00e7isi Konstantinos Kollias olacak -","robots":{"index":"index","follow":"follow","max-snippet":"max-snippet:-1","max-image-preview":"max-image-preview:large","max-video-preview":"max-video-preview:-1"},"canonical":"https:\/\/kibrisdakik.com\/?p=83739","og_locale":"tr_TR","og_type":"article","og_title":"Yunanistan'\u0131n yeni G\u00fcney K\u0131br\u0131s b\u00fcy\u00fckel\u00e7isi Konstantinos Kollias olacak -","og_description":"Yunanistan\u2019\u0131n G\u00fcney K\u0131br\u0131s b\u00fcy\u00fckel\u00e7isinin de\u011fi\u015fece\u011fi belirtildi. Fileleftheros internet sayfas\u0131ndaki habere g\u00f6re, Yunanistan\u2019\u0131n yeni G\u00fcney K\u0131br\u0131s b\u00fcy\u00fckel\u00e7isi Konstantinos Kollias olacak. Kollias, G\u00fcney K\u0131br\u0131s\u2019taki g\u00f6rev s\u00fcresi dolan \u015fimdiki Yunan B\u00fcy\u00fckel\u00e7i Yoanni Papameletiu\u2019nun yerine atanacak. Kollias, \u015fu anda ise Viyana\u2019daki Avrupa G\u00fcvenlik ve \u0130\u015fbirli\u011fi Te\u015fkilat\u0131\u2019nda (AG\u0130T) Yunanistan\u2019\u0131n Daimi Temsilcisi olarak g\u00f6rev yap\u0131yor.","og_url":"https:\/\/kibrisdakik.com\/?p=83739","article_published_time":"2025-06-03T12:30:00+00:00","og_image":[{"width":298,"height":169,"url":"https:\/\/kibrisdakik.com\/wp-content\/uploads\/2025\/06\/yeni-elci.jpg","type":"image\/jpeg"}],"author":"admin","twitter_card":"summary_large_image","twitter_misc":{"Yazan:":"admin"},"schema":{"@context":"https:\/\/schema.org","@graph":[{"@type":"Article","@id":"https:\/\/kibrisdakik.com\/?p=83739#article","isPartOf":{"@id":"https:\/\/kibrisdakik.com\/?p=83739"},"author":{"name":"admin","@id":"https:\/\/kibrisdakik.com\/#\/schema\/person\/9cd9d437bbb44f72b73ba127e06d8e79"},"headline":"Yunanistan&#8217;\u0131n yeni G\u00fcney K\u0131br\u0131s b\u00fcy\u00fckel\u00e7isi Konstantinos Kollias olacak","datePublished":"2025-06-03T12:30:00+00:00","mainEntityOfPage":{"@id":"https:\/\/kibrisdakik.com\/?p=83739"},"wordCount":104,"commentCount":0,"image":{"@id":"https:\/\/kibrisdakik.com\/?p=83739#primaryimage"},"thumbnailUrl":"https:\/\/kibrisdakik.com\/wp-content\/uploads\/2025\/06\/yeni-elci.jpg","articleSection":["K\u0131br\u0131s","Man\u015fet"],"inLanguage":"tr","potentialAction":[{"@type":"CommentAction","name":"Comment","target":["https:\/\/kibrisdakik.com\/?p=83739#respond"]}]},{"@type":"WebPage","@id":"https:\/\/kibrisdakik.com\/?p=83739","url":"https:\/\/kibrisdakik.com\/?p=83739","name":"Yunanistan'\u0131n yeni G\u00fcney K\u0131br\u0131s b\u00fcy\u00fckel\u00e7isi Konstantinos Kollias olacak -","isPartOf":{"@id":"https:\/\/kibrisdakik.com\/#website"},"primaryImageOfPage":{"@id":"https:\/\/kibrisdakik.com\/?p=83739#primaryimage"},"image":{"@id":"https:\/\/kibrisdakik.com\/?p=83739#primaryimage"},"thumbnailUrl":"https:\/\/kibrisdakik.com\/wp-content\/uploads\/2025\/06\/yeni-elci.jpg","datePublished":"2025-06-03T12:30:00+00:00","author":{"@id":"https:\/\/kibrisdakik.com\/#\/schema\/person\/9cd9d437bbb44f72b73ba127e06d8e79"},"breadcrumb":{"@id":"https:\/\/kibrisdakik.com\/?p=83739#breadcrumb"},"inLanguage":"tr","potentialAction":[{"@type":"ReadAction","target":["https:\/\/kibrisdakik.com\/?p=83739"]}]},{"@type":"ImageObject","inLanguage":"tr","@id":"https:\/\/kibrisdakik.com\/?p=83739#primaryimage","url":"https:\/\/kibrisdakik.com\/wp-content\/uploads\/2025\/06\/yeni-elci.jpg","contentUrl":"https:\/\/kibrisdakik.com\/wp-content\/uploads\/2025\/06\/yeni-elci.jpg","width":298,"height":169},{"@type":"BreadcrumbList","@id":"https:\/\/kibrisdakik.com\/?p=83739#breadcrumb","itemListElement":[{"@type":"ListItem","position":1,"name":"Home","item":"https:\/\/kibrisdakik.com\/"},{"@type":"ListItem","position":2,"name":"Yunanistan&#8217;\u0131n yeni G\u00fcney K\u0131br\u0131s b\u00fcy\u00fckel\u00e7isi Konstantinos Kollias olacak"}]},{"@type":"WebSite","@id":"https:\/\/kibrisdakik.com\/#website","url":"https:\/\/kibrisdakik.com\/","name":"","description":"Tam vaktinde haber","potentialAction":[{"@type":"SearchAction","target":{"@type":"EntryPoint","urlTemplate":"https:\/\/kibrisdakik.com\/?s={search_term_string}"},"query-input":{"@type":"PropertyValueSpecification","valueRequired":true,"valueName":"search_term_string"}}],"inLanguage":"tr"},{"@type":"Person","@id":"https:\/\/kibrisdakik.com\/#\/schema\/person\/9cd9d437bbb44f72b73ba127e06d8e79","name":"admin","image":{"@type":"ImageObject","inLanguage":"tr","@id":"https:\/\/secure.gravatar.com\/avatar\/ccc17943b9d660506c869530f897617f7cb1c21a4bf30023f252596d83e1f007?s=96&d=mm&r=g","url":"https:\/\/secure.gravatar.com\/avatar\/ccc17943b9d660506c869530f897617f7cb1c21a4bf30023f252596d83e1f007?s=96&d=mm&r=g","contentUrl":"https:\/\/secure.gravatar.com\/avatar\/ccc17943b9d660506c869530f897617f7cb1c21a4bf30023f252596d83e1f007?s=96&d=mm&r=g","caption":"admin"},"sameAs":["https:\/\/kibrisdakik.com"],"url":"https:\/\/kibrisdakik.com\/?author=1"}]}},"_links":{"self":[{"href":"https:\/\/kibrisdakik.com\/index.php?rest_route=\/wp\/v2\/posts\/83739","targetHints":{"allow":["GET"]}}],"collection":[{"href":"https:\/\/kibrisdakik.com\/index.php?rest_route=\/wp\/v2\/posts"}],"about":[{"href":"https:\/\/kibrisdakik.com\/index.php?rest_route=\/wp\/v2\/types\/post"}],"author":[{"embeddable":true,"href":"https:\/\/kibrisdakik.com\/index.php?rest_route=\/wp\/v2\/users\/1"}],"replies":[{"embeddable":true,"href":"https:\/\/kibrisdakik.com\/index.php?rest_route=%2Fwp%2Fv2%2Fcomments&post=83739"}],"version-history":[{"count":0,"href":"https:\/\/kibrisdakik.com\/index.php?rest_route=\/wp\/v2\/posts\/83739\/revisions"}],"wp:featuredmedia":[{"embeddable":true,"href":"https:\/\/kibrisdakik.com\/index.php?rest_route=\/wp\/v2\/media\/83740"}],"wp:attachment":[{"href":"https:\/\/kibrisdakik.com\/index.php?rest_route=%2Fwp%2Fv2%2Fmedia&parent=83739"}],"wp:term":[{"taxonomy":"category","embeddable":true,"href":"https:\/\/kibrisdakik.com\/index.php?rest_route=%2Fwp%2Fv2%2Fcategories&post=83739"},{"taxonomy":"post_tag","embeddable":true,"href":"https:\/\/kibrisdakik.com\/index.php?rest_route=%2Fwp%2Fv2%2Ftags&post=83739"}],"curies":[{"name":"wp","href":"https:\/\/api.w.org\/{rel}","templated":true}]}}