{"id":83763,"date":"2025-06-03T18:33:19","date_gmt":"2025-06-03T15:33:19","guid":{"rendered":"https:\/\/kibrisdakik.com\/index.php\/2025\/06\/03\/agayevin-lefke-tsknin-altin-yili-1972-isimli-kitabi-yayinladi\/"},"modified":"2025-06-03T18:33:19","modified_gmt":"2025-06-03T15:33:19","slug":"agayevin-lefke-tsknin-altin-yili-1972-isimli-kitabi-yayinladi","status":"publish","type":"post","link":"https:\/\/kibrisdakik.com\/?p=83763","title":{"rendered":"A\u011fayev\u2019in \u201cLefke TSK\u2019n\u0131n Alt\u0131n Y\u0131l\u0131: 1972\u201d isimli kitab\u0131 yay\u0131nlad\u0131\u2026"},"content":{"rendered":"<p> <br \/>\n<\/p>\n<div data-text-id=\"77684\" property=\"articleBody\">\n<p class=\"MsoNoSpacing\"><span>Lefke Avrupa \u00dcniversitesi (LA\u00dc) \u00f6\u011fretim \u00fcyesi Do\u00e7. Dr. Elnur A\u011fayev\u2019in \u201cLefke TSK\u2019n\u0131n Alt\u0131n Y\u0131l\u0131: 1972\u201d isimli kitab\u0131 yay\u0131nland\u0131.<\/span><\/p>\n<div class=\"post-flash\">\n        <!--\n\n<h3 class=\"post-flash__title\">G&ouml;zden ka&ccedil;&#305;rmay&#305;n<\/h3>\n\n--><\/p>\n<div class=\"row g-0 align-items-center\">\n<div class=\"col-5 col-sm-3\">\n                \n            <\/div>\n<div class=\"col-7 col-sm-9\">\n<div class=\"post-flash-heading p-2\">\n<p>Gazima\u011fusa ve Dikmen\u2019de \u00fc\u00e7 ayr\u0131 h\u0131rs\u0131zl\u0131k olay\u0131: 3 ki\u015fi tutukland\u0131, 1 ki\u015fi aran\u0131yor<\/p>\n<p>\u0130\u00e7eri\u011fi G\u00f6r\u00fcnt\u00fcle <i class=\"fa fa-arrow-right ps-2\"\/><\/p>\n<\/p><\/div>\n<\/p><\/div>\n<\/p><\/div>\n<\/p><\/div>\n<p class=\"MsoNoSpacing\">Yap\u0131lan a\u00e7\u0131klamaya g\u00f6re, A\u011fayev\u2019in sosyal ve k\u00fclt\u00fcrel tarih \u00e7al\u0131\u015fmalar\u0131 yan\u0131nda K\u0131br\u0131s T\u00fcrk spor tarihi \u00fczerine yazd\u0131\u011f\u0131 yaz\u0131lar\u0131yla alana katk\u0131 koydu\u011fu belirtildi.<\/p>\n<p class=\"MsoNoSpacing\">A\u011fayev\u2019in yeni yay\u0131nlanan kitab\u0131nda; Lefke T\u00fcrk Spor Kul\u00fcb\u00fc futbol tak\u0131m\u0131n\u0131n \u201c1972 y\u0131l\u0131 II. K\u00fcme ve K\u0131br\u0131s Kupas\u0131\u201d \u015fampiyonlu\u011fu yolculu\u011funa, d\u00f6nem gazetelerdeki ilgili yaz\u0131lara, d\u00f6nem y\u00f6neticileri, teknik ekip ve futbolcular\u0131n\u0131n an\u0131lar\u0131na, resimlerine ve de\u011ferlendirmelere yer verildi.<\/p>\n<p class=\"MsoNoSpacing\">Kitab\u0131n imza g\u00fcn\u00fc, Lefke TSK\u2019n\u0131n 2025 y\u0131l\u0131 K\u0131br\u0131s Kupas\u0131\u2019n\u0131 kazanmas\u0131ndan dolay\u0131 8 Haziran\u2019da futbol temelinde d\u00fczenlenecek olan 15. Lefke Ceviz Festivali\u2019nde yap\u0131lacak.<\/p>\n<\/p><\/div>\n<p><br \/>\n<br \/><a href=\"> K\u0131br\u0131s dakik<\/a><\/p>\n","protected":false},"excerpt":{"rendered":"<p>Lefke Avrupa \u00dcniversitesi (LA\u00dc) \u00f6\u011fretim \u00fcyesi Do\u00e7. Dr. Elnur A\u011fayev\u2019in \u201cLefke TSK\u2019n\u0131n Alt\u0131n Y\u0131l\u0131: 1972\u201d isimli kitab\u0131 yay\u0131nland\u0131. Gazima\u011fusa ve Dikmen\u2019de \u00fc\u00e7 ayr\u0131 h\u0131rs\u0131zl\u0131k olay\u0131: 3 ki\u015fi tutukland\u0131, 1 ki\u015fi aran\u0131yor \u0130\u00e7eri\u011fi G\u00f6r\u00fcnt\u00fcle Yap\u0131lan a\u00e7\u0131klamaya g\u00f6re, A\u011fayev\u2019in sosyal ve k\u00fclt\u00fcrel tarih \u00e7al\u0131\u015fmalar\u0131 yan\u0131nda K\u0131br\u0131s T\u00fcrk spor tarihi \u00fczerine yazd\u0131\u011f\u0131 yaz\u0131lar\u0131yla alana katk\u0131 koydu\u011fu belirtildi. A\u011fayev\u2019in<\/p>\n","protected":false},"author":1,"featured_media":83764,"comment_status":"open","ping_status":"open","sticky":false,"template":"","format":"standard","meta":{"footnotes":""},"categories":[81,101],"tags":[],"class_list":["post-83763","post","type-post","status-publish","format-standard","has-post-thumbnail","hentry","category-kibris","category-manset"],"yoast_head":"<!-- This site is optimized with the Yoast SEO plugin v27.4 - https:\/\/yoast.com\/product\/yoast-seo-wordpress\/ -->\n<title>A\u011fayev\u2019in \u201cLefke TSK\u2019n\u0131n Alt\u0131n Y\u0131l\u0131: 1972\u201d isimli kitab\u0131 yay\u0131nlad\u0131\u2026 -<\/title>\n<meta name=\"robots\" content=\"index, follow, max-snippet:-1, max-image-preview:large, max-video-preview:-1\" \/>\n<link rel=\"canonical\" href=\"https:\/\/kibrisdakik.com\/?p=83763\" \/>\n<meta property=\"og:locale\" content=\"tr_TR\" \/>\n<meta property=\"og:type\" content=\"article\" \/>\n<meta property=\"og:title\" content=\"A\u011fayev\u2019in \u201cLefke TSK\u2019n\u0131n Alt\u0131n Y\u0131l\u0131: 1972\u201d isimli kitab\u0131 yay\u0131nlad\u0131\u2026 -\" \/>\n<meta property=\"og:description\" content=\"Lefke Avrupa \u00dcniversitesi (LA\u00dc) \u00f6\u011fretim \u00fcyesi Do\u00e7. Dr. Elnur A\u011fayev\u2019in \u201cLefke TSK\u2019n\u0131n Alt\u0131n Y\u0131l\u0131: 1972\u201d isimli kitab\u0131 yay\u0131nland\u0131. Gazima\u011fusa ve Dikmen\u2019de \u00fc\u00e7 ayr\u0131 h\u0131rs\u0131zl\u0131k olay\u0131: 3 ki\u015fi tutukland\u0131, 1 ki\u015fi aran\u0131yor \u0130\u00e7eri\u011fi G\u00f6r\u00fcnt\u00fcle Yap\u0131lan a\u00e7\u0131klamaya g\u00f6re, A\u011fayev\u2019in sosyal ve k\u00fclt\u00fcrel tarih \u00e7al\u0131\u015fmalar\u0131 yan\u0131nda K\u0131br\u0131s T\u00fcrk spor tarihi \u00fczerine yazd\u0131\u011f\u0131 yaz\u0131lar\u0131yla alana katk\u0131 koydu\u011fu belirtildi. A\u011fayev\u2019in\" \/>\n<meta property=\"og:url\" content=\"https:\/\/kibrisdakik.com\/?p=83763\" \/>\n<meta property=\"article:published_time\" content=\"2025-06-03T15:33:19+00:00\" \/>\n<meta property=\"og:image\" content=\"https:\/\/kibrisdakik.com\/wp-content\/uploads\/2025\/06\/lefke-turk-spor-kulubunun-altin-yili1-740x420.jpg\" \/>\n\t<meta property=\"og:image:width\" content=\"860\" \/>\n\t<meta property=\"og:image:height\" content=\"504\" \/>\n\t<meta property=\"og:image:type\" content=\"image\/jpeg\" \/>\n<meta name=\"author\" content=\"admin\" \/>\n<meta name=\"twitter:card\" content=\"summary_large_image\" \/>\n<meta name=\"twitter:label1\" content=\"Yazan:\" \/>\n\t<meta name=\"twitter:data1\" content=\"admin\" \/>\n\t<meta name=\"twitter:label2\" content=\"Tahmini okuma s\u00fcresi\" \/>\n\t<meta name=\"twitter:data2\" content=\"1 dakika\" \/>\n<script type=\"application\/ld+json\" class=\"yoast-schema-graph\">{\"@context\":\"https:\\\/\\\/schema.org\",\"@graph\":[{\"@type\":\"Article\",\"@id\":\"https:\\\/\\\/kibrisdakik.com\\\/?p=83763#article\",\"isPartOf\":{\"@id\":\"https:\\\/\\\/kibrisdakik.com\\\/?p=83763\"},\"author\":{\"name\":\"admin\",\"@id\":\"https:\\\/\\\/kibrisdakik.com\\\/#\\\/schema\\\/person\\\/9cd9d437bbb44f72b73ba127e06d8e79\"},\"headline\":\"A\u011fayev\u2019in \u201cLefke TSK\u2019n\u0131n Alt\u0131n Y\u0131l\u0131: 1972\u201d isimli kitab\u0131 yay\u0131nlad\u0131\u2026\",\"datePublished\":\"2025-06-03T15:33:19+00:00\",\"mainEntityOfPage\":{\"@id\":\"https:\\\/\\\/kibrisdakik.com\\\/?p=83763\"},\"wordCount\":191,\"commentCount\":0,\"image\":{\"@id\":\"https:\\\/\\\/kibrisdakik.com\\\/?p=83763#primaryimage\"},\"thumbnailUrl\":\"https:\\\/\\\/kibrisdakik.com\\\/wp-content\\\/uploads\\\/2025\\\/06\\\/lefke-turk-spor-kulubunun-altin-yili1-740x420.jpg\",\"articleSection\":[\"K\u0131br\u0131s\",\"Man\u015fet\"],\"inLanguage\":\"tr\",\"potentialAction\":[{\"@type\":\"CommentAction\",\"name\":\"Comment\",\"target\":[\"https:\\\/\\\/kibrisdakik.com\\\/?p=83763#respond\"]}]},{\"@type\":\"WebPage\",\"@id\":\"https:\\\/\\\/kibrisdakik.com\\\/?p=83763\",\"url\":\"https:\\\/\\\/kibrisdakik.com\\\/?p=83763\",\"name\":\"A\u011fayev\u2019in \u201cLefke TSK\u2019n\u0131n Alt\u0131n Y\u0131l\u0131: 1972\u201d isimli kitab\u0131 yay\u0131nlad\u0131\u2026 -\",\"isPartOf\":{\"@id\":\"https:\\\/\\\/kibrisdakik.com\\\/#website\"},\"primaryImageOfPage\":{\"@id\":\"https:\\\/\\\/kibrisdakik.com\\\/?p=83763#primaryimage\"},\"image\":{\"@id\":\"https:\\\/\\\/kibrisdakik.com\\\/?p=83763#primaryimage\"},\"thumbnailUrl\":\"https:\\\/\\\/kibrisdakik.com\\\/wp-content\\\/uploads\\\/2025\\\/06\\\/lefke-turk-spor-kulubunun-altin-yili1-740x420.jpg\",\"datePublished\":\"2025-06-03T15:33:19+00:00\",\"author\":{\"@id\":\"https:\\\/\\\/kibrisdakik.com\\\/#\\\/schema\\\/person\\\/9cd9d437bbb44f72b73ba127e06d8e79\"},\"breadcrumb\":{\"@id\":\"https:\\\/\\\/kibrisdakik.com\\\/?p=83763#breadcrumb\"},\"inLanguage\":\"tr\",\"potentialAction\":[{\"@type\":\"ReadAction\",\"target\":[\"https:\\\/\\\/kibrisdakik.com\\\/?p=83763\"]}]},{\"@type\":\"ImageObject\",\"inLanguage\":\"tr\",\"@id\":\"https:\\\/\\\/kibrisdakik.com\\\/?p=83763#primaryimage\",\"url\":\"https:\\\/\\\/kibrisdakik.com\\\/wp-content\\\/uploads\\\/2025\\\/06\\\/lefke-turk-spor-kulubunun-altin-yili1-740x420.jpg\",\"contentUrl\":\"https:\\\/\\\/kibrisdakik.com\\\/wp-content\\\/uploads\\\/2025\\\/06\\\/lefke-turk-spor-kulubunun-altin-yili1-740x420.jpg\",\"width\":860,\"height\":504},{\"@type\":\"BreadcrumbList\",\"@id\":\"https:\\\/\\\/kibrisdakik.com\\\/?p=83763#breadcrumb\",\"itemListElement\":[{\"@type\":\"ListItem\",\"position\":1,\"name\":\"Home\",\"item\":\"https:\\\/\\\/kibrisdakik.com\\\/\"},{\"@type\":\"ListItem\",\"position\":2,\"name\":\"A\u011fayev\u2019in \u201cLefke TSK\u2019n\u0131n Alt\u0131n Y\u0131l\u0131: 1972\u201d isimli kitab\u0131 yay\u0131nlad\u0131\u2026\"}]},{\"@type\":\"WebSite\",\"@id\":\"https:\\\/\\\/kibrisdakik.com\\\/#website\",\"url\":\"https:\\\/\\\/kibrisdakik.com\\\/\",\"name\":\"\",\"description\":\"Tam vaktinde haber\",\"potentialAction\":[{\"@type\":\"SearchAction\",\"target\":{\"@type\":\"EntryPoint\",\"urlTemplate\":\"https:\\\/\\\/kibrisdakik.com\\\/?s={search_term_string}\"},\"query-input\":{\"@type\":\"PropertyValueSpecification\",\"valueRequired\":true,\"valueName\":\"search_term_string\"}}],\"inLanguage\":\"tr\"},{\"@type\":\"Person\",\"@id\":\"https:\\\/\\\/kibrisdakik.com\\\/#\\\/schema\\\/person\\\/9cd9d437bbb44f72b73ba127e06d8e79\",\"name\":\"admin\",\"image\":{\"@type\":\"ImageObject\",\"inLanguage\":\"tr\",\"@id\":\"https:\\\/\\\/secure.gravatar.com\\\/avatar\\\/ccc17943b9d660506c869530f897617f7cb1c21a4bf30023f252596d83e1f007?s=96&d=mm&r=g\",\"url\":\"https:\\\/\\\/secure.gravatar.com\\\/avatar\\\/ccc17943b9d660506c869530f897617f7cb1c21a4bf30023f252596d83e1f007?s=96&d=mm&r=g\",\"contentUrl\":\"https:\\\/\\\/secure.gravatar.com\\\/avatar\\\/ccc17943b9d660506c869530f897617f7cb1c21a4bf30023f252596d83e1f007?s=96&d=mm&r=g\",\"caption\":\"admin\"},\"sameAs\":[\"https:\\\/\\\/kibrisdakik.com\"],\"url\":\"https:\\\/\\\/kibrisdakik.com\\\/?author=1\"}]}<\/script>\n<!-- \/ Yoast SEO plugin. -->","yoast_head_json":{"title":"A\u011fayev\u2019in \u201cLefke TSK\u2019n\u0131n Alt\u0131n Y\u0131l\u0131: 1972\u201d isimli kitab\u0131 yay\u0131nlad\u0131\u2026 -","robots":{"index":"index","follow":"follow","max-snippet":"max-snippet:-1","max-image-preview":"max-image-preview:large","max-video-preview":"max-video-preview:-1"},"canonical":"https:\/\/kibrisdakik.com\/?p=83763","og_locale":"tr_TR","og_type":"article","og_title":"A\u011fayev\u2019in \u201cLefke TSK\u2019n\u0131n Alt\u0131n Y\u0131l\u0131: 1972\u201d isimli kitab\u0131 yay\u0131nlad\u0131\u2026 -","og_description":"Lefke Avrupa \u00dcniversitesi (LA\u00dc) \u00f6\u011fretim \u00fcyesi Do\u00e7. Dr. Elnur A\u011fayev\u2019in \u201cLefke TSK\u2019n\u0131n Alt\u0131n Y\u0131l\u0131: 1972\u201d isimli kitab\u0131 yay\u0131nland\u0131. Gazima\u011fusa ve Dikmen\u2019de \u00fc\u00e7 ayr\u0131 h\u0131rs\u0131zl\u0131k olay\u0131: 3 ki\u015fi tutukland\u0131, 1 ki\u015fi aran\u0131yor \u0130\u00e7eri\u011fi G\u00f6r\u00fcnt\u00fcle Yap\u0131lan a\u00e7\u0131klamaya g\u00f6re, A\u011fayev\u2019in sosyal ve k\u00fclt\u00fcrel tarih \u00e7al\u0131\u015fmalar\u0131 yan\u0131nda K\u0131br\u0131s T\u00fcrk spor tarihi \u00fczerine yazd\u0131\u011f\u0131 yaz\u0131lar\u0131yla alana katk\u0131 koydu\u011fu belirtildi. A\u011fayev\u2019in","og_url":"https:\/\/kibrisdakik.com\/?p=83763","article_published_time":"2025-06-03T15:33:19+00:00","og_image":[{"width":860,"height":504,"url":"https:\/\/kibrisdakik.com\/wp-content\/uploads\/2025\/06\/lefke-turk-spor-kulubunun-altin-yili1-740x420.jpg","type":"image\/jpeg"}],"author":"admin","twitter_card":"summary_large_image","twitter_misc":{"Yazan:":"admin","Tahmini okuma s\u00fcresi":"1 dakika"},"schema":{"@context":"https:\/\/schema.org","@graph":[{"@type":"Article","@id":"https:\/\/kibrisdakik.com\/?p=83763#article","isPartOf":{"@id":"https:\/\/kibrisdakik.com\/?p=83763"},"author":{"name":"admin","@id":"https:\/\/kibrisdakik.com\/#\/schema\/person\/9cd9d437bbb44f72b73ba127e06d8e79"},"headline":"A\u011fayev\u2019in \u201cLefke TSK\u2019n\u0131n Alt\u0131n Y\u0131l\u0131: 1972\u201d isimli kitab\u0131 yay\u0131nlad\u0131\u2026","datePublished":"2025-06-03T15:33:19+00:00","mainEntityOfPage":{"@id":"https:\/\/kibrisdakik.com\/?p=83763"},"wordCount":191,"commentCount":0,"image":{"@id":"https:\/\/kibrisdakik.com\/?p=83763#primaryimage"},"thumbnailUrl":"https:\/\/kibrisdakik.com\/wp-content\/uploads\/2025\/06\/lefke-turk-spor-kulubunun-altin-yili1-740x420.jpg","articleSection":["K\u0131br\u0131s","Man\u015fet"],"inLanguage":"tr","potentialAction":[{"@type":"CommentAction","name":"Comment","target":["https:\/\/kibrisdakik.com\/?p=83763#respond"]}]},{"@type":"WebPage","@id":"https:\/\/kibrisdakik.com\/?p=83763","url":"https:\/\/kibrisdakik.com\/?p=83763","name":"A\u011fayev\u2019in \u201cLefke TSK\u2019n\u0131n Alt\u0131n Y\u0131l\u0131: 1972\u201d isimli kitab\u0131 yay\u0131nlad\u0131\u2026 -","isPartOf":{"@id":"https:\/\/kibrisdakik.com\/#website"},"primaryImageOfPage":{"@id":"https:\/\/kibrisdakik.com\/?p=83763#primaryimage"},"image":{"@id":"https:\/\/kibrisdakik.com\/?p=83763#primaryimage"},"thumbnailUrl":"https:\/\/kibrisdakik.com\/wp-content\/uploads\/2025\/06\/lefke-turk-spor-kulubunun-altin-yili1-740x420.jpg","datePublished":"2025-06-03T15:33:19+00:00","author":{"@id":"https:\/\/kibrisdakik.com\/#\/schema\/person\/9cd9d437bbb44f72b73ba127e06d8e79"},"breadcrumb":{"@id":"https:\/\/kibrisdakik.com\/?p=83763#breadcrumb"},"inLanguage":"tr","potentialAction":[{"@type":"ReadAction","target":["https:\/\/kibrisdakik.com\/?p=83763"]}]},{"@type":"ImageObject","inLanguage":"tr","@id":"https:\/\/kibrisdakik.com\/?p=83763#primaryimage","url":"https:\/\/kibrisdakik.com\/wp-content\/uploads\/2025\/06\/lefke-turk-spor-kulubunun-altin-yili1-740x420.jpg","contentUrl":"https:\/\/kibrisdakik.com\/wp-content\/uploads\/2025\/06\/lefke-turk-spor-kulubunun-altin-yili1-740x420.jpg","width":860,"height":504},{"@type":"BreadcrumbList","@id":"https:\/\/kibrisdakik.com\/?p=83763#breadcrumb","itemListElement":[{"@type":"ListItem","position":1,"name":"Home","item":"https:\/\/kibrisdakik.com\/"},{"@type":"ListItem","position":2,"name":"A\u011fayev\u2019in \u201cLefke TSK\u2019n\u0131n Alt\u0131n Y\u0131l\u0131: 1972\u201d isimli kitab\u0131 yay\u0131nlad\u0131\u2026"}]},{"@type":"WebSite","@id":"https:\/\/kibrisdakik.com\/#website","url":"https:\/\/kibrisdakik.com\/","name":"","description":"Tam vaktinde haber","potentialAction":[{"@type":"SearchAction","target":{"@type":"EntryPoint","urlTemplate":"https:\/\/kibrisdakik.com\/?s={search_term_string}"},"query-input":{"@type":"PropertyValueSpecification","valueRequired":true,"valueName":"search_term_string"}}],"inLanguage":"tr"},{"@type":"Person","@id":"https:\/\/kibrisdakik.com\/#\/schema\/person\/9cd9d437bbb44f72b73ba127e06d8e79","name":"admin","image":{"@type":"ImageObject","inLanguage":"tr","@id":"https:\/\/secure.gravatar.com\/avatar\/ccc17943b9d660506c869530f897617f7cb1c21a4bf30023f252596d83e1f007?s=96&d=mm&r=g","url":"https:\/\/secure.gravatar.com\/avatar\/ccc17943b9d660506c869530f897617f7cb1c21a4bf30023f252596d83e1f007?s=96&d=mm&r=g","contentUrl":"https:\/\/secure.gravatar.com\/avatar\/ccc17943b9d660506c869530f897617f7cb1c21a4bf30023f252596d83e1f007?s=96&d=mm&r=g","caption":"admin"},"sameAs":["https:\/\/kibrisdakik.com"],"url":"https:\/\/kibrisdakik.com\/?author=1"}]}},"_links":{"self":[{"href":"https:\/\/kibrisdakik.com\/index.php?rest_route=\/wp\/v2\/posts\/83763","targetHints":{"allow":["GET"]}}],"collection":[{"href":"https:\/\/kibrisdakik.com\/index.php?rest_route=\/wp\/v2\/posts"}],"about":[{"href":"https:\/\/kibrisdakik.com\/index.php?rest_route=\/wp\/v2\/types\/post"}],"author":[{"embeddable":true,"href":"https:\/\/kibrisdakik.com\/index.php?rest_route=\/wp\/v2\/users\/1"}],"replies":[{"embeddable":true,"href":"https:\/\/kibrisdakik.com\/index.php?rest_route=%2Fwp%2Fv2%2Fcomments&post=83763"}],"version-history":[{"count":0,"href":"https:\/\/kibrisdakik.com\/index.php?rest_route=\/wp\/v2\/posts\/83763\/revisions"}],"wp:featuredmedia":[{"embeddable":true,"href":"https:\/\/kibrisdakik.com\/index.php?rest_route=\/wp\/v2\/media\/83764"}],"wp:attachment":[{"href":"https:\/\/kibrisdakik.com\/index.php?rest_route=%2Fwp%2Fv2%2Fmedia&parent=83763"}],"wp:term":[{"taxonomy":"category","embeddable":true,"href":"https:\/\/kibrisdakik.com\/index.php?rest_route=%2Fwp%2Fv2%2Fcategories&post=83763"},{"taxonomy":"post_tag","embeddable":true,"href":"https:\/\/kibrisdakik.com\/index.php?rest_route=%2Fwp%2Fv2%2Ftags&post=83763"}],"curies":[{"name":"wp","href":"https:\/\/api.w.org\/{rel}","templated":true}]}}