{"id":83796,"date":"2025-06-04T07:16:28","date_gmt":"2025-06-04T04:16:28","guid":{"rendered":"https:\/\/kibrisdakik.com\/index.php\/2025\/06\/04\/numan-kurtulmus-yeniden-tbmm-baskani-secildi\/"},"modified":"2025-06-04T07:16:28","modified_gmt":"2025-06-04T04:16:28","slug":"numan-kurtulmus-yeniden-tbmm-baskani-secildi","status":"publish","type":"post","link":"https:\/\/kibrisdakik.com\/?p=83796","title":{"rendered":"Numan Kurtulmu\u015f, yeniden TBMM Ba\u015fkan\u0131 se\u00e7ildi"},"content":{"rendered":"<p> <br \/>\n<\/p>\n<div data-text-id=\"77690\" property=\"articleBody\">\n<p>Genel Kuruldaki \u00fc\u00e7\u00fcnc\u00fc tur oylamaya 529 milletvekili kat\u0131ld\u0131.<\/p>\n<p>AK Parti \u0130stanbul Milletvekili Kurtulmu\u015f 329, CHP Artvin Milletvekili U\u011fur Bayraktutan 118, DEM Parti Diyarbak\u0131r Milletvekili Osman Cengiz \u00c7andar 18, \u0130Y\u0130 Parti \u0130stanbul Milletvekili Mustafa Cihan Pa\u00e7ac\u0131 26, Yeni Yol Partisi Samsun Milletvekili Mehmet Karaman 26 oy ald\u0131. Bir oy bo\u015f kullan\u0131ld\u0131, 11 oy ge\u00e7ersiz say\u0131ld\u0131.<\/p>\n<div class=\"post-flash\">\n        <!--\n\n<h3 class=\"post-flash__title\">G&ouml;zden ka&ccedil;&#305;rmay&#305;n<\/h3>\n\n--><\/p>\n<div class=\"row g-0 align-items-center\">\n<div class=\"col-5 col-sm-3\">\n                \n            <\/div>\n<div class=\"col-7 col-sm-9\">\n<div class=\"post-flash-heading p-2\">\n<p>Ege\u2019de Girit Adas\u0131 a\u00e7\u0131klar\u0131nda 6,2 b\u00fcy\u00fckl\u00fc\u011f\u00fcnde deprem<\/p>\n<p>\u0130\u00e7eri\u011fi G\u00f6r\u00fcnt\u00fcle <i class=\"fa fa-arrow-right ps-2\"\/><\/p>\n<\/p><\/div>\n<\/p><\/div>\n<\/p><\/div>\n<\/p><\/div>\n<p>Buna g\u00f6re, Kurtulmu\u015f, \u00fc\u00e7\u00fcnc\u00fc tur oylamada \u00fcye tamsay\u0131s\u0131n\u0131n salt \u00e7o\u011funlu\u011fu 301&#8217;in \u00fczerinde oy alarak, yeniden TBMM Ba\u015fkan\u0131 se\u00e7ildi.<\/p>\n<p>Se\u00e7imlerin \u00fc\u00e7\u00fcnc\u00fc turunu Numan Kurtulmu\u015f&#8217;un e\u015fi Sevgi Kurtulmu\u015f ve ailesi de Genel Kurul Salonundaki locadan izledi.<\/p>\n<\/p><\/div>\n<p><br \/>\n<br \/><a href=\"> K\u0131br\u0131s dakik<\/a><\/p>\n","protected":false},"excerpt":{"rendered":"<p>Genel Kuruldaki \u00fc\u00e7\u00fcnc\u00fc tur oylamaya 529 milletvekili kat\u0131ld\u0131. AK Parti \u0130stanbul Milletvekili Kurtulmu\u015f 329, CHP Artvin Milletvekili U\u011fur Bayraktutan 118, DEM Parti Diyarbak\u0131r Milletvekili Osman Cengiz \u00c7andar 18, \u0130Y\u0130 Parti \u0130stanbul Milletvekili Mustafa Cihan Pa\u00e7ac\u0131 26, Yeni Yol Partisi Samsun Milletvekili Mehmet Karaman 26 oy ald\u0131. Bir oy bo\u015f kullan\u0131ld\u0131, 11 oy ge\u00e7ersiz say\u0131ld\u0131. Ege\u2019de<\/p>\n","protected":false},"author":1,"featured_media":83797,"comment_status":"open","ping_status":"open","sticky":false,"template":"","format":"standard","meta":{"footnotes":""},"categories":[81,101],"tags":[],"class_list":["post-83796","post","type-post","status-publish","format-standard","has-post-thumbnail","hentry","category-kibris","category-manset"],"yoast_head":"<!-- This site is optimized with the Yoast SEO plugin v27.5 - https:\/\/yoast.com\/product\/yoast-seo-wordpress\/ -->\n<title>Numan Kurtulmu\u015f, yeniden TBMM Ba\u015fkan\u0131 se\u00e7ildi -<\/title>\n<meta name=\"robots\" content=\"index, follow, max-snippet:-1, max-image-preview:large, max-video-preview:-1\" \/>\n<link rel=\"canonical\" href=\"https:\/\/kibrisdakik.com\/?p=83796\" \/>\n<meta property=\"og:locale\" content=\"tr_TR\" \/>\n<meta property=\"og:type\" content=\"article\" \/>\n<meta property=\"og:title\" content=\"Numan Kurtulmu\u015f, yeniden TBMM Ba\u015fkan\u0131 se\u00e7ildi -\" \/>\n<meta property=\"og:description\" content=\"Genel Kuruldaki \u00fc\u00e7\u00fcnc\u00fc tur oylamaya 529 milletvekili kat\u0131ld\u0131. AK Parti \u0130stanbul Milletvekili Kurtulmu\u015f 329, CHP Artvin Milletvekili U\u011fur Bayraktutan 118, DEM Parti Diyarbak\u0131r Milletvekili Osman Cengiz \u00c7andar 18, \u0130Y\u0130 Parti \u0130stanbul Milletvekili Mustafa Cihan Pa\u00e7ac\u0131 26, Yeni Yol Partisi Samsun Milletvekili Mehmet Karaman 26 oy ald\u0131. Bir oy bo\u015f kullan\u0131ld\u0131, 11 oy ge\u00e7ersiz say\u0131ld\u0131. Ege\u2019de\" \/>\n<meta property=\"og:url\" content=\"https:\/\/kibrisdakik.com\/?p=83796\" \/>\n<meta property=\"article:published_time\" content=\"2025-06-04T04:16:28+00:00\" \/>\n<meta property=\"og:image\" content=\"https:\/\/kibrisdakik.com\/wp-content\/uploads\/2025\/06\/v2kbrshaberler789011-1727718282.webp-740x420.webp\" \/>\n\t<meta property=\"og:image:width\" content=\"971\" \/>\n\t<meta property=\"og:image:height\" content=\"551\" \/>\n\t<meta property=\"og:image:type\" content=\"image\/webp\" \/>\n<meta name=\"author\" content=\"admin\" \/>\n<meta name=\"twitter:card\" content=\"summary_large_image\" \/>\n<meta name=\"twitter:label1\" content=\"Yazan:\" \/>\n\t<meta name=\"twitter:data1\" content=\"admin\" \/>\n\t<meta name=\"twitter:label2\" content=\"Tahmini okuma s\u00fcresi\" \/>\n\t<meta name=\"twitter:data2\" content=\"1 dakika\" \/>\n<script type=\"application\/ld+json\" class=\"yoast-schema-graph\">{\"@context\":\"https:\\\/\\\/schema.org\",\"@graph\":[{\"@type\":\"Article\",\"@id\":\"https:\\\/\\\/kibrisdakik.com\\\/?p=83796#article\",\"isPartOf\":{\"@id\":\"https:\\\/\\\/kibrisdakik.com\\\/?p=83796\"},\"author\":{\"name\":\"admin\",\"@id\":\"https:\\\/\\\/kibrisdakik.com\\\/#\\\/schema\\\/person\\\/9cd9d437bbb44f72b73ba127e06d8e79\"},\"headline\":\"Numan Kurtulmu\u015f, yeniden TBMM Ba\u015fkan\u0131 se\u00e7ildi\",\"datePublished\":\"2025-06-04T04:16:28+00:00\",\"mainEntityOfPage\":{\"@id\":\"https:\\\/\\\/kibrisdakik.com\\\/?p=83796\"},\"wordCount\":127,\"commentCount\":0,\"image\":{\"@id\":\"https:\\\/\\\/kibrisdakik.com\\\/?p=83796#primaryimage\"},\"thumbnailUrl\":\"https:\\\/\\\/kibrisdakik.com\\\/wp-content\\\/uploads\\\/2025\\\/06\\\/v2kbrshaberler789011-1727718282.webp-740x420.webp\",\"articleSection\":[\"K\u0131br\u0131s\",\"Man\u015fet\"],\"inLanguage\":\"tr\",\"potentialAction\":[{\"@type\":\"CommentAction\",\"name\":\"Comment\",\"target\":[\"https:\\\/\\\/kibrisdakik.com\\\/?p=83796#respond\"]}]},{\"@type\":\"WebPage\",\"@id\":\"https:\\\/\\\/kibrisdakik.com\\\/?p=83796\",\"url\":\"https:\\\/\\\/kibrisdakik.com\\\/?p=83796\",\"name\":\"Numan Kurtulmu\u015f, yeniden TBMM Ba\u015fkan\u0131 se\u00e7ildi -\",\"isPartOf\":{\"@id\":\"https:\\\/\\\/kibrisdakik.com\\\/#website\"},\"primaryImageOfPage\":{\"@id\":\"https:\\\/\\\/kibrisdakik.com\\\/?p=83796#primaryimage\"},\"image\":{\"@id\":\"https:\\\/\\\/kibrisdakik.com\\\/?p=83796#primaryimage\"},\"thumbnailUrl\":\"https:\\\/\\\/kibrisdakik.com\\\/wp-content\\\/uploads\\\/2025\\\/06\\\/v2kbrshaberler789011-1727718282.webp-740x420.webp\",\"datePublished\":\"2025-06-04T04:16:28+00:00\",\"author\":{\"@id\":\"https:\\\/\\\/kibrisdakik.com\\\/#\\\/schema\\\/person\\\/9cd9d437bbb44f72b73ba127e06d8e79\"},\"breadcrumb\":{\"@id\":\"https:\\\/\\\/kibrisdakik.com\\\/?p=83796#breadcrumb\"},\"inLanguage\":\"tr\",\"potentialAction\":[{\"@type\":\"ReadAction\",\"target\":[\"https:\\\/\\\/kibrisdakik.com\\\/?p=83796\"]}]},{\"@type\":\"ImageObject\",\"inLanguage\":\"tr\",\"@id\":\"https:\\\/\\\/kibrisdakik.com\\\/?p=83796#primaryimage\",\"url\":\"https:\\\/\\\/kibrisdakik.com\\\/wp-content\\\/uploads\\\/2025\\\/06\\\/v2kbrshaberler789011-1727718282.webp-740x420.webp\",\"contentUrl\":\"https:\\\/\\\/kibrisdakik.com\\\/wp-content\\\/uploads\\\/2025\\\/06\\\/v2kbrshaberler789011-1727718282.webp-740x420.webp\",\"width\":971,\"height\":551},{\"@type\":\"BreadcrumbList\",\"@id\":\"https:\\\/\\\/kibrisdakik.com\\\/?p=83796#breadcrumb\",\"itemListElement\":[{\"@type\":\"ListItem\",\"position\":1,\"name\":\"Home\",\"item\":\"https:\\\/\\\/kibrisdakik.com\\\/\"},{\"@type\":\"ListItem\",\"position\":2,\"name\":\"Numan Kurtulmu\u015f, yeniden TBMM Ba\u015fkan\u0131 se\u00e7ildi\"}]},{\"@type\":\"WebSite\",\"@id\":\"https:\\\/\\\/kibrisdakik.com\\\/#website\",\"url\":\"https:\\\/\\\/kibrisdakik.com\\\/\",\"name\":\"\",\"description\":\"Tam vaktinde haber\",\"potentialAction\":[{\"@type\":\"SearchAction\",\"target\":{\"@type\":\"EntryPoint\",\"urlTemplate\":\"https:\\\/\\\/kibrisdakik.com\\\/?s={search_term_string}\"},\"query-input\":{\"@type\":\"PropertyValueSpecification\",\"valueRequired\":true,\"valueName\":\"search_term_string\"}}],\"inLanguage\":\"tr\"},{\"@type\":\"Person\",\"@id\":\"https:\\\/\\\/kibrisdakik.com\\\/#\\\/schema\\\/person\\\/9cd9d437bbb44f72b73ba127e06d8e79\",\"name\":\"admin\",\"image\":{\"@type\":\"ImageObject\",\"inLanguage\":\"tr\",\"@id\":\"https:\\\/\\\/secure.gravatar.com\\\/avatar\\\/ccc17943b9d660506c869530f897617f7cb1c21a4bf30023f252596d83e1f007?s=96&d=mm&r=g\",\"url\":\"https:\\\/\\\/secure.gravatar.com\\\/avatar\\\/ccc17943b9d660506c869530f897617f7cb1c21a4bf30023f252596d83e1f007?s=96&d=mm&r=g\",\"contentUrl\":\"https:\\\/\\\/secure.gravatar.com\\\/avatar\\\/ccc17943b9d660506c869530f897617f7cb1c21a4bf30023f252596d83e1f007?s=96&d=mm&r=g\",\"caption\":\"admin\"},\"sameAs\":[\"https:\\\/\\\/kibrisdakik.com\"],\"url\":\"https:\\\/\\\/kibrisdakik.com\\\/?author=1\"}]}<\/script>\n<!-- \/ Yoast SEO plugin. -->","yoast_head_json":{"title":"Numan Kurtulmu\u015f, yeniden TBMM Ba\u015fkan\u0131 se\u00e7ildi -","robots":{"index":"index","follow":"follow","max-snippet":"max-snippet:-1","max-image-preview":"max-image-preview:large","max-video-preview":"max-video-preview:-1"},"canonical":"https:\/\/kibrisdakik.com\/?p=83796","og_locale":"tr_TR","og_type":"article","og_title":"Numan Kurtulmu\u015f, yeniden TBMM Ba\u015fkan\u0131 se\u00e7ildi -","og_description":"Genel Kuruldaki \u00fc\u00e7\u00fcnc\u00fc tur oylamaya 529 milletvekili kat\u0131ld\u0131. AK Parti \u0130stanbul Milletvekili Kurtulmu\u015f 329, CHP Artvin Milletvekili U\u011fur Bayraktutan 118, DEM Parti Diyarbak\u0131r Milletvekili Osman Cengiz \u00c7andar 18, \u0130Y\u0130 Parti \u0130stanbul Milletvekili Mustafa Cihan Pa\u00e7ac\u0131 26, Yeni Yol Partisi Samsun Milletvekili Mehmet Karaman 26 oy ald\u0131. Bir oy bo\u015f kullan\u0131ld\u0131, 11 oy ge\u00e7ersiz say\u0131ld\u0131. Ege\u2019de","og_url":"https:\/\/kibrisdakik.com\/?p=83796","article_published_time":"2025-06-04T04:16:28+00:00","og_image":[{"width":971,"height":551,"url":"https:\/\/kibrisdakik.com\/wp-content\/uploads\/2025\/06\/v2kbrshaberler789011-1727718282.webp-740x420.webp","type":"image\/webp"}],"author":"admin","twitter_card":"summary_large_image","twitter_misc":{"Yazan:":"admin","Tahmini okuma s\u00fcresi":"1 dakika"},"schema":{"@context":"https:\/\/schema.org","@graph":[{"@type":"Article","@id":"https:\/\/kibrisdakik.com\/?p=83796#article","isPartOf":{"@id":"https:\/\/kibrisdakik.com\/?p=83796"},"author":{"name":"admin","@id":"https:\/\/kibrisdakik.com\/#\/schema\/person\/9cd9d437bbb44f72b73ba127e06d8e79"},"headline":"Numan Kurtulmu\u015f, yeniden TBMM Ba\u015fkan\u0131 se\u00e7ildi","datePublished":"2025-06-04T04:16:28+00:00","mainEntityOfPage":{"@id":"https:\/\/kibrisdakik.com\/?p=83796"},"wordCount":127,"commentCount":0,"image":{"@id":"https:\/\/kibrisdakik.com\/?p=83796#primaryimage"},"thumbnailUrl":"https:\/\/kibrisdakik.com\/wp-content\/uploads\/2025\/06\/v2kbrshaberler789011-1727718282.webp-740x420.webp","articleSection":["K\u0131br\u0131s","Man\u015fet"],"inLanguage":"tr","potentialAction":[{"@type":"CommentAction","name":"Comment","target":["https:\/\/kibrisdakik.com\/?p=83796#respond"]}]},{"@type":"WebPage","@id":"https:\/\/kibrisdakik.com\/?p=83796","url":"https:\/\/kibrisdakik.com\/?p=83796","name":"Numan Kurtulmu\u015f, yeniden TBMM Ba\u015fkan\u0131 se\u00e7ildi -","isPartOf":{"@id":"https:\/\/kibrisdakik.com\/#website"},"primaryImageOfPage":{"@id":"https:\/\/kibrisdakik.com\/?p=83796#primaryimage"},"image":{"@id":"https:\/\/kibrisdakik.com\/?p=83796#primaryimage"},"thumbnailUrl":"https:\/\/kibrisdakik.com\/wp-content\/uploads\/2025\/06\/v2kbrshaberler789011-1727718282.webp-740x420.webp","datePublished":"2025-06-04T04:16:28+00:00","author":{"@id":"https:\/\/kibrisdakik.com\/#\/schema\/person\/9cd9d437bbb44f72b73ba127e06d8e79"},"breadcrumb":{"@id":"https:\/\/kibrisdakik.com\/?p=83796#breadcrumb"},"inLanguage":"tr","potentialAction":[{"@type":"ReadAction","target":["https:\/\/kibrisdakik.com\/?p=83796"]}]},{"@type":"ImageObject","inLanguage":"tr","@id":"https:\/\/kibrisdakik.com\/?p=83796#primaryimage","url":"https:\/\/kibrisdakik.com\/wp-content\/uploads\/2025\/06\/v2kbrshaberler789011-1727718282.webp-740x420.webp","contentUrl":"https:\/\/kibrisdakik.com\/wp-content\/uploads\/2025\/06\/v2kbrshaberler789011-1727718282.webp-740x420.webp","width":971,"height":551},{"@type":"BreadcrumbList","@id":"https:\/\/kibrisdakik.com\/?p=83796#breadcrumb","itemListElement":[{"@type":"ListItem","position":1,"name":"Home","item":"https:\/\/kibrisdakik.com\/"},{"@type":"ListItem","position":2,"name":"Numan Kurtulmu\u015f, yeniden TBMM Ba\u015fkan\u0131 se\u00e7ildi"}]},{"@type":"WebSite","@id":"https:\/\/kibrisdakik.com\/#website","url":"https:\/\/kibrisdakik.com\/","name":"","description":"Tam vaktinde haber","potentialAction":[{"@type":"SearchAction","target":{"@type":"EntryPoint","urlTemplate":"https:\/\/kibrisdakik.com\/?s={search_term_string}"},"query-input":{"@type":"PropertyValueSpecification","valueRequired":true,"valueName":"search_term_string"}}],"inLanguage":"tr"},{"@type":"Person","@id":"https:\/\/kibrisdakik.com\/#\/schema\/person\/9cd9d437bbb44f72b73ba127e06d8e79","name":"admin","image":{"@type":"ImageObject","inLanguage":"tr","@id":"https:\/\/secure.gravatar.com\/avatar\/ccc17943b9d660506c869530f897617f7cb1c21a4bf30023f252596d83e1f007?s=96&d=mm&r=g","url":"https:\/\/secure.gravatar.com\/avatar\/ccc17943b9d660506c869530f897617f7cb1c21a4bf30023f252596d83e1f007?s=96&d=mm&r=g","contentUrl":"https:\/\/secure.gravatar.com\/avatar\/ccc17943b9d660506c869530f897617f7cb1c21a4bf30023f252596d83e1f007?s=96&d=mm&r=g","caption":"admin"},"sameAs":["https:\/\/kibrisdakik.com"],"url":"https:\/\/kibrisdakik.com\/?author=1"}]}},"_links":{"self":[{"href":"https:\/\/kibrisdakik.com\/index.php?rest_route=\/wp\/v2\/posts\/83796","targetHints":{"allow":["GET"]}}],"collection":[{"href":"https:\/\/kibrisdakik.com\/index.php?rest_route=\/wp\/v2\/posts"}],"about":[{"href":"https:\/\/kibrisdakik.com\/index.php?rest_route=\/wp\/v2\/types\/post"}],"author":[{"embeddable":true,"href":"https:\/\/kibrisdakik.com\/index.php?rest_route=\/wp\/v2\/users\/1"}],"replies":[{"embeddable":true,"href":"https:\/\/kibrisdakik.com\/index.php?rest_route=%2Fwp%2Fv2%2Fcomments&post=83796"}],"version-history":[{"count":0,"href":"https:\/\/kibrisdakik.com\/index.php?rest_route=\/wp\/v2\/posts\/83796\/revisions"}],"wp:featuredmedia":[{"embeddable":true,"href":"https:\/\/kibrisdakik.com\/index.php?rest_route=\/wp\/v2\/media\/83797"}],"wp:attachment":[{"href":"https:\/\/kibrisdakik.com\/index.php?rest_route=%2Fwp%2Fv2%2Fmedia&parent=83796"}],"wp:term":[{"taxonomy":"category","embeddable":true,"href":"https:\/\/kibrisdakik.com\/index.php?rest_route=%2Fwp%2Fv2%2Fcategories&post=83796"},{"taxonomy":"post_tag","embeddable":true,"href":"https:\/\/kibrisdakik.com\/index.php?rest_route=%2Fwp%2Fv2%2Ftags&post=83796"}],"curies":[{"name":"wp","href":"https:\/\/api.w.org\/{rel}","templated":true}]}}