{"id":83819,"date":"2025-06-04T11:23:26","date_gmt":"2025-06-04T08:23:26","guid":{"rendered":"https:\/\/kibrisdakik.com\/index.php\/2025\/06\/04\/lefkede-pazar-gunu-ceviz-festivali-var\/"},"modified":"2025-06-04T11:23:26","modified_gmt":"2025-06-04T08:23:26","slug":"lefkede-pazar-gunu-ceviz-festivali-var","status":"publish","type":"post","link":"https:\/\/kibrisdakik.com\/?p=83819","title":{"rendered":"Lefke\u2019de pazar g\u00fcn\u00fc Ceviz Festivali var"},"content":{"rendered":"<p> <br \/>\n<\/p>\n<div data-text-id=\"77704\" property=\"articleBody\">\n<p class=\"MsoNormal\"><span new=\"\" roman=\"\" times=\"\">15\u2019inci Lefke Ceviz Festivali \u201cBayramda Lefke\u201d temas\u0131yla pazar g\u00fcn\u00fc Lefke \u00c7ar\u015f\u0131 Merkezi\u2019nde yap\u0131lacak.<\/span><\/p>\n<div class=\"post-flash\">\n        <!--\n\n<h3 class=\"post-flash__title\">G&ouml;zden ka&ccedil;&#305;rmay&#305;n<\/h3>\n\n--><\/p>\n<div class=\"row g-0 align-items-center\">\n<div class=\"col-5 col-sm-3\">\n                <img decoding=\"async\" src=\"https:\/\/dijigazetenet.teimg.com\/crop\/250x150\/dijigazete-net\/uploads\/2025\/05\/19-mayis-guzelyurt-torenler.jpg\" loading=\"lazy\" width=\"860\" height=\"504\" alt=\"19 May\u0131s Atat\u00fcrk\u2019\u00fc Anma Gen\u00e7lik ve Spor Bayram\u0131 G\u00fczelyurt\u2019ta d\u00fczenlenen t\u00f6renle kutland\u0131\" class=\"img-fluid\"\/>\n            <\/div>\n<div class=\"col-7 col-sm-9\">\n<div class=\"post-flash-heading p-2\">\n<p>19 May\u0131s Atat\u00fcrk\u2019\u00fc Anma Gen\u00e7lik ve Spor Bayram\u0131 G\u00fczelyurt\u2019ta d\u00fczenlenen t\u00f6renle kutland\u0131<\/p>\n<p>\u0130\u00e7eri\u011fi G\u00f6r\u00fcnt\u00fcle <i class=\"fa fa-arrow-right ps-2\"\/><\/p>\n<\/p><\/div>\n<\/p><\/div>\n<\/p><\/div>\n<\/p><\/div>\n<p class=\"MsoNormal\"><span new=\"\" roman=\"\" times=\"\">Lefke Turizm Derne\u011fi ile Lefke Belediyesi i\u015f birli\u011fiyle organize edilen festival pazar sabah <\/span><span new=\"\" roman=\"\" times=\"\">10.00\u2019da ba\u015flay\u0131p ak\u015fam 22.00\u2019ye kadar s\u00fcrecek. Festivalin bu y\u0131lki a\u00e7\u0131l\u0131\u015f\u0131 Lefke T\u00fcrk Spor Kul\u00fcb\u00fc sporcular\u0131 taraf\u0131ndan yap\u0131lacak. \u00dccretsiz \u00e7ocuk etkinliklerinin, do\u011fa y\u00fcr\u00fcy\u00fc\u015flerinin, konserlerin olaca\u011f\u0131 festivalde, k\u00fclt\u00fcrel sunumlar, kitap tan\u0131t\u0131mlar\u0131 ve \u201cEn G\u00fczel Ceviz Macunu\u201d yar\u0131\u015fmas\u0131 yap\u0131lacak.<\/span><\/p>\n<p class=\"MsoNormal\"><span new=\"\" roman=\"\" times=\"\">Lefke&#8217;nin ana \u00fcr\u00fcnlerinden cevizin tan\u0131t\u0131lmas\u0131, \u00fcreticilerin desteklenmesi, K\u0131br\u0131s k\u00fclt\u00fcr\u00fcn\u00fc tan\u0131tmak ve ya\u015fatmak amac\u0131yla d\u00fczenlenen <\/span><span new=\"\" roman=\"\" times=\"\">Lefke Ceviz Festivali<\/span><span new=\"\" roman=\"\" times=\"\"> <\/span><span new=\"\" roman=\"\" times=\"\">kapsam\u0131nda paluze ve gullirikya yap\u0131m\u0131, sele sepet \u00f6r\u00fcc\u00fcl\u00fc\u011f\u00fc, iskemle ba\u011flama, ah\u015fap i\u015fi, kalbur, elek ve da\u011farc\u0131k yap\u0131m\u0131 da olacak.<\/span><\/p>\n<p class=\"MsoNormal\"><span new=\"\" roman=\"\" times=\"\">\u00d6te yandan festivalde el i\u015fi, resim ve foto\u011fraf sergiler de a\u00e7\u0131lacak.<\/span><\/p>\n<p class=\"MsoNormal\"><span new=\"\" roman=\"\" times=\"\">Ziyaret\u00e7iler, \u201cLefke Belediyesi El Eme\u011fi G\u00f6z Nuru\u201d el i\u015fi sergisi, Nesrin Ani\u2019nin resim sergisi, Dr. Kenan Arifo\u011flu\u2019nun \u201cKlasik Bisikletler\u201d sergisi, Mustafa \u015eenal\u2019\u0131n \u201cKarma\u201d foto\u011fraf sergisi ve Lefke Gazi Lisesi sergisini ziyaret edebilecek.<\/span><\/p>\n<\/p><\/div>\n<p><br \/>\n<br \/><a href=\"> K\u0131br\u0131s dakik<\/a><\/p>\n","protected":false},"excerpt":{"rendered":"<p>15\u2019inci Lefke Ceviz Festivali \u201cBayramda Lefke\u201d temas\u0131yla pazar g\u00fcn\u00fc Lefke \u00c7ar\u015f\u0131 Merkezi\u2019nde yap\u0131lacak. 19 May\u0131s Atat\u00fcrk\u2019\u00fc Anma Gen\u00e7lik ve Spor Bayram\u0131 G\u00fczelyurt\u2019ta d\u00fczenlenen t\u00f6renle kutland\u0131 \u0130\u00e7eri\u011fi G\u00f6r\u00fcnt\u00fcle Lefke Turizm Derne\u011fi ile Lefke Belediyesi i\u015f birli\u011fiyle organize edilen festival pazar sabah 10.00\u2019da ba\u015flay\u0131p ak\u015fam 22.00\u2019ye kadar s\u00fcrecek. Festivalin bu y\u0131lki a\u00e7\u0131l\u0131\u015f\u0131 Lefke T\u00fcrk Spor Kul\u00fcb\u00fc sporcular\u0131<\/p>\n","protected":false},"author":1,"featured_media":0,"comment_status":"open","ping_status":"open","sticky":false,"template":"","format":"standard","meta":{"footnotes":""},"categories":[81,101],"tags":[],"class_list":["post-83819","post","type-post","status-publish","format-standard","hentry","category-kibris","category-manset"],"yoast_head":"<!-- This site is optimized with the Yoast SEO plugin v28.4 - https:\/\/yoast.com\/product\/yoast-seo-wordpress\/ -->\n<title>Lefke\u2019de pazar g\u00fcn\u00fc Ceviz Festivali var -<\/title>\n<meta name=\"robots\" content=\"index, follow, max-snippet:-1, max-image-preview:large, max-video-preview:-1\" \/>\n<link rel=\"canonical\" href=\"https:\/\/kibrisdakik.com\/?p=83819\" \/>\n<meta property=\"og:locale\" content=\"tr_TR\" \/>\n<meta property=\"og:type\" content=\"article\" \/>\n<meta property=\"og:title\" content=\"Lefke\u2019de pazar g\u00fcn\u00fc Ceviz Festivali var -\" \/>\n<meta property=\"og:description\" content=\"15\u2019inci Lefke Ceviz Festivali \u201cBayramda Lefke\u201d temas\u0131yla pazar g\u00fcn\u00fc Lefke \u00c7ar\u015f\u0131 Merkezi\u2019nde yap\u0131lacak. 19 May\u0131s Atat\u00fcrk\u2019\u00fc Anma Gen\u00e7lik ve Spor Bayram\u0131 G\u00fczelyurt\u2019ta d\u00fczenlenen t\u00f6renle kutland\u0131 \u0130\u00e7eri\u011fi G\u00f6r\u00fcnt\u00fcle Lefke Turizm Derne\u011fi ile Lefke Belediyesi i\u015f birli\u011fiyle organize edilen festival pazar sabah 10.00\u2019da ba\u015flay\u0131p ak\u015fam 22.00\u2019ye kadar s\u00fcrecek. Festivalin bu y\u0131lki a\u00e7\u0131l\u0131\u015f\u0131 Lefke T\u00fcrk Spor Kul\u00fcb\u00fc sporcular\u0131\" \/>\n<meta property=\"og:url\" content=\"https:\/\/kibrisdakik.com\/?p=83819\" \/>\n<meta property=\"article:published_time\" content=\"2025-06-04T08:23:26+00:00\" \/>\n<meta property=\"og:image\" content=\"https:\/\/dijigazetenet.teimg.com\/crop\/250x150\/dijigazete-net\/uploads\/2025\/05\/19-mayis-guzelyurt-torenler.jpg\" \/>\n<meta name=\"author\" content=\"admin\" \/>\n<meta name=\"twitter:card\" content=\"summary_large_image\" \/>\n<meta name=\"twitter:label1\" content=\"Yazan:\" \/>\n\t<meta name=\"twitter:data1\" content=\"admin\" \/>\n\t<meta name=\"twitter:label2\" content=\"Tahmini okuma s\u00fcresi\" \/>\n\t<meta name=\"twitter:data2\" content=\"1 dakika\" \/>\n<script type=\"application\/ld+json\" class=\"yoast-schema-graph\">{\"@context\":\"https:\\\/\\\/schema.org\",\"@graph\":[{\"@type\":\"Article\",\"@id\":\"https:\\\/\\\/kibrisdakik.com\\\/?p=83819#article\",\"isPartOf\":{\"@id\":\"https:\\\/\\\/kibrisdakik.com\\\/?p=83819\"},\"author\":{\"name\":\"admin\",\"@id\":\"https:\\\/\\\/kibrisdakik.com\\\/#\\\/schema\\\/person\\\/9cd9d437bbb44f72b73ba127e06d8e79\"},\"headline\":\"Lefke\u2019de pazar g\u00fcn\u00fc Ceviz Festivali var\",\"datePublished\":\"2025-06-04T08:23:26+00:00\",\"mainEntityOfPage\":{\"@id\":\"https:\\\/\\\/kibrisdakik.com\\\/?p=83819\"},\"wordCount\":237,\"commentCount\":0,\"publisher\":{\"@id\":\"https:\\\/\\\/kibrisdakik.com\\\/#organization\"},\"image\":{\"@id\":\"https:\\\/\\\/kibrisdakik.com\\\/?p=83819#primaryimage\"},\"thumbnailUrl\":\"https:\\\/\\\/dijigazetenet.teimg.com\\\/crop\\\/250x150\\\/dijigazete-net\\\/uploads\\\/2025\\\/05\\\/19-mayis-guzelyurt-torenler.jpg\",\"articleSection\":[\"K\u0131br\u0131s\",\"Man\u015fet\"],\"inLanguage\":\"tr\",\"potentialAction\":[{\"@type\":\"CommentAction\",\"name\":\"Comment\",\"target\":[\"https:\\\/\\\/kibrisdakik.com\\\/?p=83819#respond\"]}]},{\"@type\":\"WebPage\",\"@id\":\"https:\\\/\\\/kibrisdakik.com\\\/?p=83819\",\"url\":\"https:\\\/\\\/kibrisdakik.com\\\/?p=83819\",\"name\":\"Lefke\u2019de pazar g\u00fcn\u00fc Ceviz Festivali var -\",\"isPartOf\":{\"@id\":\"https:\\\/\\\/kibrisdakik.com\\\/#website\"},\"primaryImageOfPage\":{\"@id\":\"https:\\\/\\\/kibrisdakik.com\\\/?p=83819#primaryimage\"},\"image\":{\"@id\":\"https:\\\/\\\/kibrisdakik.com\\\/?p=83819#primaryimage\"},\"thumbnailUrl\":\"https:\\\/\\\/dijigazetenet.teimg.com\\\/crop\\\/250x150\\\/dijigazete-net\\\/uploads\\\/2025\\\/05\\\/19-mayis-guzelyurt-torenler.jpg\",\"datePublished\":\"2025-06-04T08:23:26+00:00\",\"breadcrumb\":{\"@id\":\"https:\\\/\\\/kibrisdakik.com\\\/?p=83819#breadcrumb\"},\"inLanguage\":\"tr\",\"potentialAction\":[{\"@type\":\"ReadAction\",\"target\":[\"https:\\\/\\\/kibrisdakik.com\\\/?p=83819\"]}]},{\"@type\":\"ImageObject\",\"inLanguage\":\"tr\",\"@id\":\"https:\\\/\\\/kibrisdakik.com\\\/?p=83819#primaryimage\",\"url\":\"https:\\\/\\\/dijigazetenet.teimg.com\\\/crop\\\/250x150\\\/dijigazete-net\\\/uploads\\\/2025\\\/05\\\/19-mayis-guzelyurt-torenler.jpg\",\"contentUrl\":\"https:\\\/\\\/dijigazetenet.teimg.com\\\/crop\\\/250x150\\\/dijigazete-net\\\/uploads\\\/2025\\\/05\\\/19-mayis-guzelyurt-torenler.jpg\"},{\"@type\":\"BreadcrumbList\",\"@id\":\"https:\\\/\\\/kibrisdakik.com\\\/?p=83819#breadcrumb\",\"itemListElement\":[{\"@type\":\"ListItem\",\"position\":1,\"name\":\"Home\",\"item\":\"https:\\\/\\\/kibrisdakik.com\\\/\"},{\"@type\":\"ListItem\",\"position\":2,\"name\":\"Lefke\u2019de pazar g\u00fcn\u00fc Ceviz Festivali var\"}]},{\"@type\":\"WebSite\",\"@id\":\"https:\\\/\\\/kibrisdakik.com\\\/#website\",\"url\":\"https:\\\/\\\/kibrisdakik.com\\\/\",\"name\":\"K\u0131br\u0131s Dakik\",\"description\":\"Tam vaktinde haber\",\"publisher\":{\"@id\":\"https:\\\/\\\/kibrisdakik.com\\\/#organization\"},\"potentialAction\":[{\"@type\":\"SearchAction\",\"target\":{\"@type\":\"EntryPoint\",\"urlTemplate\":\"https:\\\/\\\/kibrisdakik.com\\\/?s={search_term_string}\"},\"query-input\":{\"@type\":\"PropertyValueSpecification\",\"valueRequired\":true,\"valueName\":\"search_term_string\"}}],\"inLanguage\":\"tr\"},{\"@type\":\"Organization\",\"@id\":\"https:\\\/\\\/kibrisdakik.com\\\/#organization\",\"name\":\"K\u0131br\u0131s Dakik\",\"url\":\"https:\\\/\\\/kibrisdakik.com\\\/\",\"logo\":{\"@type\":\"ImageObject\",\"inLanguage\":\"tr\",\"@id\":\"https:\\\/\\\/kibrisdakik.com\\\/#\\\/schema\\\/logo\\\/image\\\/\",\"url\":\"https:\\\/\\\/kibrisdakik.com\\\/wp-content\\\/uploads\\\/2025\\\/10\\\/cropped-WhatsApp-Image-2025-10-02-at-12.58.31.jpeg\",\"contentUrl\":\"https:\\\/\\\/kibrisdakik.com\\\/wp-content\\\/uploads\\\/2025\\\/10\\\/cropped-WhatsApp-Image-2025-10-02-at-12.58.31.jpeg\",\"width\":1237,\"height\":190,\"caption\":\"K\u0131br\u0131s Dakik\"},\"image\":{\"@id\":\"https:\\\/\\\/kibrisdakik.com\\\/#\\\/schema\\\/logo\\\/image\\\/\"}},{\"@type\":\"Person\",\"@id\":\"https:\\\/\\\/kibrisdakik.com\\\/#\\\/schema\\\/person\\\/9cd9d437bbb44f72b73ba127e06d8e79\",\"name\":\"admin\",\"image\":{\"@type\":\"ImageObject\",\"inLanguage\":\"tr\",\"@id\":\"https:\\\/\\\/secure.gravatar.com\\\/avatar\\\/ccc17943b9d660506c869530f897617f7cb1c21a4bf30023f252596d83e1f007?s=96&d=mm&r=g\",\"url\":\"https:\\\/\\\/secure.gravatar.com\\\/avatar\\\/ccc17943b9d660506c869530f897617f7cb1c21a4bf30023f252596d83e1f007?s=96&d=mm&r=g\",\"contentUrl\":\"https:\\\/\\\/secure.gravatar.com\\\/avatar\\\/ccc17943b9d660506c869530f897617f7cb1c21a4bf30023f252596d83e1f007?s=96&d=mm&r=g\",\"caption\":\"admin\"},\"sameAs\":[\"https:\\\/\\\/kibrisdakik.com\"],\"url\":\"https:\\\/\\\/kibrisdakik.com\\\/?author=1\"}]}<\/script>\n<!-- \/ Yoast SEO plugin. -->","yoast_head_json":{"title":"Lefke\u2019de pazar g\u00fcn\u00fc Ceviz Festivali var -","robots":{"index":"index","follow":"follow","max-snippet":"max-snippet:-1","max-image-preview":"max-image-preview:large","max-video-preview":"max-video-preview:-1"},"canonical":"https:\/\/kibrisdakik.com\/?p=83819","og_locale":"tr_TR","og_type":"article","og_title":"Lefke\u2019de pazar g\u00fcn\u00fc Ceviz Festivali var -","og_description":"15\u2019inci Lefke Ceviz Festivali \u201cBayramda Lefke\u201d temas\u0131yla pazar g\u00fcn\u00fc Lefke \u00c7ar\u015f\u0131 Merkezi\u2019nde yap\u0131lacak. 19 May\u0131s Atat\u00fcrk\u2019\u00fc Anma Gen\u00e7lik ve Spor Bayram\u0131 G\u00fczelyurt\u2019ta d\u00fczenlenen t\u00f6renle kutland\u0131 \u0130\u00e7eri\u011fi G\u00f6r\u00fcnt\u00fcle Lefke Turizm Derne\u011fi ile Lefke Belediyesi i\u015f birli\u011fiyle organize edilen festival pazar sabah 10.00\u2019da ba\u015flay\u0131p ak\u015fam 22.00\u2019ye kadar s\u00fcrecek. Festivalin bu y\u0131lki a\u00e7\u0131l\u0131\u015f\u0131 Lefke T\u00fcrk Spor Kul\u00fcb\u00fc sporcular\u0131","og_url":"https:\/\/kibrisdakik.com\/?p=83819","article_published_time":"2025-06-04T08:23:26+00:00","og_image":[{"url":"https:\/\/dijigazetenet.teimg.com\/crop\/250x150\/dijigazete-net\/uploads\/2025\/05\/19-mayis-guzelyurt-torenler.jpg","type":"","width":"","height":""}],"author":"admin","twitter_card":"summary_large_image","twitter_misc":{"Yazan:":"admin","Tahmini okuma s\u00fcresi":"1 dakika"},"schema":{"@context":"https:\/\/schema.org","@graph":[{"@type":"Article","@id":"https:\/\/kibrisdakik.com\/?p=83819#article","isPartOf":{"@id":"https:\/\/kibrisdakik.com\/?p=83819"},"author":{"name":"admin","@id":"https:\/\/kibrisdakik.com\/#\/schema\/person\/9cd9d437bbb44f72b73ba127e06d8e79"},"headline":"Lefke\u2019de pazar g\u00fcn\u00fc Ceviz Festivali var","datePublished":"2025-06-04T08:23:26+00:00","mainEntityOfPage":{"@id":"https:\/\/kibrisdakik.com\/?p=83819"},"wordCount":237,"commentCount":0,"publisher":{"@id":"https:\/\/kibrisdakik.com\/#organization"},"image":{"@id":"https:\/\/kibrisdakik.com\/?p=83819#primaryimage"},"thumbnailUrl":"https:\/\/dijigazetenet.teimg.com\/crop\/250x150\/dijigazete-net\/uploads\/2025\/05\/19-mayis-guzelyurt-torenler.jpg","articleSection":["K\u0131br\u0131s","Man\u015fet"],"inLanguage":"tr","potentialAction":[{"@type":"CommentAction","name":"Comment","target":["https:\/\/kibrisdakik.com\/?p=83819#respond"]}]},{"@type":"WebPage","@id":"https:\/\/kibrisdakik.com\/?p=83819","url":"https:\/\/kibrisdakik.com\/?p=83819","name":"Lefke\u2019de pazar g\u00fcn\u00fc Ceviz Festivali var -","isPartOf":{"@id":"https:\/\/kibrisdakik.com\/#website"},"primaryImageOfPage":{"@id":"https:\/\/kibrisdakik.com\/?p=83819#primaryimage"},"image":{"@id":"https:\/\/kibrisdakik.com\/?p=83819#primaryimage"},"thumbnailUrl":"https:\/\/dijigazetenet.teimg.com\/crop\/250x150\/dijigazete-net\/uploads\/2025\/05\/19-mayis-guzelyurt-torenler.jpg","datePublished":"2025-06-04T08:23:26+00:00","breadcrumb":{"@id":"https:\/\/kibrisdakik.com\/?p=83819#breadcrumb"},"inLanguage":"tr","potentialAction":[{"@type":"ReadAction","target":["https:\/\/kibrisdakik.com\/?p=83819"]}]},{"@type":"ImageObject","inLanguage":"tr","@id":"https:\/\/kibrisdakik.com\/?p=83819#primaryimage","url":"https:\/\/dijigazetenet.teimg.com\/crop\/250x150\/dijigazete-net\/uploads\/2025\/05\/19-mayis-guzelyurt-torenler.jpg","contentUrl":"https:\/\/dijigazetenet.teimg.com\/crop\/250x150\/dijigazete-net\/uploads\/2025\/05\/19-mayis-guzelyurt-torenler.jpg"},{"@type":"BreadcrumbList","@id":"https:\/\/kibrisdakik.com\/?p=83819#breadcrumb","itemListElement":[{"@type":"ListItem","position":1,"name":"Home","item":"https:\/\/kibrisdakik.com\/"},{"@type":"ListItem","position":2,"name":"Lefke\u2019de pazar g\u00fcn\u00fc Ceviz Festivali var"}]},{"@type":"WebSite","@id":"https:\/\/kibrisdakik.com\/#website","url":"https:\/\/kibrisdakik.com\/","name":"K\u0131br\u0131s Dakik","description":"Tam vaktinde haber","publisher":{"@id":"https:\/\/kibrisdakik.com\/#organization"},"potentialAction":[{"@type":"SearchAction","target":{"@type":"EntryPoint","urlTemplate":"https:\/\/kibrisdakik.com\/?s={search_term_string}"},"query-input":{"@type":"PropertyValueSpecification","valueRequired":true,"valueName":"search_term_string"}}],"inLanguage":"tr"},{"@type":"Organization","@id":"https:\/\/kibrisdakik.com\/#organization","name":"K\u0131br\u0131s Dakik","url":"https:\/\/kibrisdakik.com\/","logo":{"@type":"ImageObject","inLanguage":"tr","@id":"https:\/\/kibrisdakik.com\/#\/schema\/logo\/image\/","url":"https:\/\/kibrisdakik.com\/wp-content\/uploads\/2025\/10\/cropped-WhatsApp-Image-2025-10-02-at-12.58.31.jpeg","contentUrl":"https:\/\/kibrisdakik.com\/wp-content\/uploads\/2025\/10\/cropped-WhatsApp-Image-2025-10-02-at-12.58.31.jpeg","width":1237,"height":190,"caption":"K\u0131br\u0131s Dakik"},"image":{"@id":"https:\/\/kibrisdakik.com\/#\/schema\/logo\/image\/"}},{"@type":"Person","@id":"https:\/\/kibrisdakik.com\/#\/schema\/person\/9cd9d437bbb44f72b73ba127e06d8e79","name":"admin","image":{"@type":"ImageObject","inLanguage":"tr","@id":"https:\/\/secure.gravatar.com\/avatar\/ccc17943b9d660506c869530f897617f7cb1c21a4bf30023f252596d83e1f007?s=96&d=mm&r=g","url":"https:\/\/secure.gravatar.com\/avatar\/ccc17943b9d660506c869530f897617f7cb1c21a4bf30023f252596d83e1f007?s=96&d=mm&r=g","contentUrl":"https:\/\/secure.gravatar.com\/avatar\/ccc17943b9d660506c869530f897617f7cb1c21a4bf30023f252596d83e1f007?s=96&d=mm&r=g","caption":"admin"},"sameAs":["https:\/\/kibrisdakik.com"],"url":"https:\/\/kibrisdakik.com\/?author=1"}]}},"_links":{"self":[{"href":"https:\/\/kibrisdakik.com\/index.php?rest_route=\/wp\/v2\/posts\/83819","targetHints":{"allow":["GET"]}}],"collection":[{"href":"https:\/\/kibrisdakik.com\/index.php?rest_route=\/wp\/v2\/posts"}],"about":[{"href":"https:\/\/kibrisdakik.com\/index.php?rest_route=\/wp\/v2\/types\/post"}],"author":[{"embeddable":true,"href":"https:\/\/kibrisdakik.com\/index.php?rest_route=\/wp\/v2\/users\/1"}],"replies":[{"embeddable":true,"href":"https:\/\/kibrisdakik.com\/index.php?rest_route=%2Fwp%2Fv2%2Fcomments&post=83819"}],"version-history":[{"count":0,"href":"https:\/\/kibrisdakik.com\/index.php?rest_route=\/wp\/v2\/posts\/83819\/revisions"}],"wp:attachment":[{"href":"https:\/\/kibrisdakik.com\/index.php?rest_route=%2Fwp%2Fv2%2Fmedia&parent=83819"}],"wp:term":[{"taxonomy":"category","embeddable":true,"href":"https:\/\/kibrisdakik.com\/index.php?rest_route=%2Fwp%2Fv2%2Fcategories&post=83819"},{"taxonomy":"post_tag","embeddable":true,"href":"https:\/\/kibrisdakik.com\/index.php?rest_route=%2Fwp%2Fv2%2Ftags&post=83819"}],"curies":[{"name":"wp","href":"https:\/\/api.w.org\/{rel}","templated":true}]}}