{"id":83826,"date":"2025-06-04T12:13:41","date_gmt":"2025-06-04T09:13:41","guid":{"rendered":"https:\/\/kibrisdakik.com\/index.php\/2025\/06\/04\/cumhurbaskani-tatar-mecliste-temsil-edilen-siyasi-parti-baskanlariyla-gorusuyor\/"},"modified":"2025-06-04T12:13:41","modified_gmt":"2025-06-04T09:13:41","slug":"cumhurbaskani-tatar-mecliste-temsil-edilen-siyasi-parti-baskanlariyla-gorusuyor","status":"publish","type":"post","link":"https:\/\/kibrisdakik.com\/?p=83826","title":{"rendered":"Cumhurba\u015fkan\u0131 Tatar, Meclis\u2019te temsil edilen siyasi parti ba\u015fkanlar\u0131yla g\u00f6r\u00fc\u015f\u00fcyor"},"content":{"rendered":"<p> <br \/>\n<\/p>\n<div data-text-id=\"77711\" property=\"articleBody\">\n<p class=\"MsoNoSpacing\"><span>Cumhurba\u015fkan\u0131 Ersin Tatar, Meclis\u2019te temsil edilen siyasi partilerin ba\u015fkanlar\u0131yla g\u00f6r\u00fc\u015f\u00fcyor.<\/span><\/p>\n<div class=\"post-flash\">\n        <!--\n\n<h3 class=\"post-flash__title\">G&ouml;zden ka&ccedil;&#305;rmay&#305;n<\/h3>\n\n--><\/p>\n<div class=\"row g-0 align-items-center\">\n<div class=\"col-5 col-sm-3\">\n                \n            <\/div>\n<div class=\"col-7 col-sm-9\">\n<div class=\"post-flash-heading p-2\">\n<p>D\u00fcnya Bisiklet G\u00fcn\u00fc nedeniyle Tabipler Birli\u011fi\u2019nde etkinlik d\u00fczenlendi<\/p>\n<p>\u0130\u00e7eri\u011fi G\u00f6r\u00fcnt\u00fcle <i class=\"fa fa-arrow-right ps-2\"\/><\/p>\n<\/p><\/div>\n<\/p><\/div>\n<\/p><\/div>\n<\/p><\/div>\n<p class=\"MsoNoSpacing\"><span lang=\"TR\">Cumhurba\u015fkanl\u0131\u011f\u0131\u2019nda ger\u00e7ekle\u015ftirilen toplant\u0131ya; Ulusal Birlik Partisi (UBP) Genel Ba\u015fkan\u0131, Ba\u015fbakan \u00dcnal \u00dcstel, ana muhalefet Cumhuriyet\u00e7i T\u00fcrk Partisi (CTP) Genel Ba\u015fkan\u0131 Tufan Erh\u00fcrman, Demokrat Parti (DP) Genel Ba\u015fkan\u0131, Ba\u015fbakan Yard\u0131mc\u0131s\u0131, Turizm, K\u00fclt\u00fcr Gen\u00e7lik ve  \u00c7evre Bakan\u0131 Fikri Atao\u011flu ile Yeniden Do\u011fu\u015f Partisi (YDP) Genel Ba\u015fkan\u0131, Bay\u0131nd\u0131rl\u0131k ve Ula\u015ft\u0131rma Bakan\u0131 Erhan Ar\u0131kl\u0131 kat\u0131ld\u0131.<\/span><\/p>\n<p class=\"MsoNoSpacing\"><span lang=\"TR\">Toplant\u0131da Cumhurba\u015fkanl\u0131\u011f\u0131 \u00d6zel Temsilci G\u00fcne\u015f Onar da yer ald\u0131.<\/span><\/p>\n<\/p><\/div>\n<p><br \/>\n<br \/><a href=\"> K\u0131br\u0131s dakik<\/a><\/p>\n","protected":false},"excerpt":{"rendered":"<p>Cumhurba\u015fkan\u0131 Ersin Tatar, Meclis\u2019te temsil edilen siyasi partilerin ba\u015fkanlar\u0131yla g\u00f6r\u00fc\u015f\u00fcyor. D\u00fcnya Bisiklet G\u00fcn\u00fc nedeniyle Tabipler Birli\u011fi\u2019nde etkinlik d\u00fczenlendi \u0130\u00e7eri\u011fi G\u00f6r\u00fcnt\u00fcle Cumhurba\u015fkanl\u0131\u011f\u0131\u2019nda ger\u00e7ekle\u015ftirilen toplant\u0131ya; Ulusal Birlik Partisi (UBP) Genel Ba\u015fkan\u0131, Ba\u015fbakan \u00dcnal \u00dcstel, ana muhalefet Cumhuriyet\u00e7i T\u00fcrk Partisi (CTP) Genel Ba\u015fkan\u0131 Tufan Erh\u00fcrman, Demokrat Parti (DP) Genel Ba\u015fkan\u0131, Ba\u015fbakan Yard\u0131mc\u0131s\u0131, Turizm, K\u00fclt\u00fcr Gen\u00e7lik ve \u00c7evre Bakan\u0131<\/p>\n","protected":false},"author":1,"featured_media":83827,"comment_status":"open","ping_status":"open","sticky":false,"template":"","format":"standard","meta":{"footnotes":""},"categories":[81,101],"tags":[],"class_list":["post-83826","post","type-post","status-publish","format-standard","has-post-thumbnail","hentry","category-kibris","category-manset"],"yoast_head":"<!-- This site is optimized with the Yoast SEO plugin v27.4 - https:\/\/yoast.com\/product\/yoast-seo-wordpress\/ -->\n<title>Cumhurba\u015fkan\u0131 Tatar, Meclis\u2019te temsil edilen siyasi parti ba\u015fkanlar\u0131yla g\u00f6r\u00fc\u015f\u00fcyor -<\/title>\n<meta name=\"robots\" content=\"index, follow, max-snippet:-1, max-image-preview:large, max-video-preview:-1\" \/>\n<link rel=\"canonical\" href=\"https:\/\/kibrisdakik.com\/?p=83826\" \/>\n<meta property=\"og:locale\" content=\"tr_TR\" \/>\n<meta property=\"og:type\" content=\"article\" \/>\n<meta property=\"og:title\" content=\"Cumhurba\u015fkan\u0131 Tatar, Meclis\u2019te temsil edilen siyasi parti ba\u015fkanlar\u0131yla g\u00f6r\u00fc\u015f\u00fcyor -\" \/>\n<meta property=\"og:description\" content=\"Cumhurba\u015fkan\u0131 Ersin Tatar, Meclis\u2019te temsil edilen siyasi partilerin ba\u015fkanlar\u0131yla g\u00f6r\u00fc\u015f\u00fcyor. D\u00fcnya Bisiklet G\u00fcn\u00fc nedeniyle Tabipler Birli\u011fi\u2019nde etkinlik d\u00fczenlendi \u0130\u00e7eri\u011fi G\u00f6r\u00fcnt\u00fcle Cumhurba\u015fkanl\u0131\u011f\u0131\u2019nda ger\u00e7ekle\u015ftirilen toplant\u0131ya; Ulusal Birlik Partisi (UBP) Genel Ba\u015fkan\u0131, Ba\u015fbakan \u00dcnal \u00dcstel, ana muhalefet Cumhuriyet\u00e7i T\u00fcrk Partisi (CTP) Genel Ba\u015fkan\u0131 Tufan Erh\u00fcrman, Demokrat Parti (DP) Genel Ba\u015fkan\u0131, Ba\u015fbakan Yard\u0131mc\u0131s\u0131, Turizm, K\u00fclt\u00fcr Gen\u00e7lik ve \u00c7evre Bakan\u0131\" \/>\n<meta property=\"og:url\" content=\"https:\/\/kibrisdakik.com\/?p=83826\" \/>\n<meta property=\"article:published_time\" content=\"2025-06-04T09:13:41+00:00\" \/>\n<meta property=\"og:image\" content=\"https:\/\/kibrisdakik.com\/wp-content\/uploads\/2025\/06\/tatar-24-740x420.jpg\" \/>\n\t<meta property=\"og:image:width\" content=\"2560\" \/>\n\t<meta property=\"og:image:height\" content=\"1706\" \/>\n\t<meta property=\"og:image:type\" content=\"image\/jpeg\" \/>\n<meta name=\"author\" content=\"admin\" \/>\n<meta name=\"twitter:card\" content=\"summary_large_image\" \/>\n<meta name=\"twitter:label1\" content=\"Yazan:\" \/>\n\t<meta name=\"twitter:data1\" content=\"admin\" \/>\n\t<meta name=\"twitter:label2\" content=\"Tahmini okuma s\u00fcresi\" \/>\n\t<meta name=\"twitter:data2\" content=\"1 dakika\" \/>\n<script type=\"application\/ld+json\" class=\"yoast-schema-graph\">{\"@context\":\"https:\\\/\\\/schema.org\",\"@graph\":[{\"@type\":\"Article\",\"@id\":\"https:\\\/\\\/kibrisdakik.com\\\/?p=83826#article\",\"isPartOf\":{\"@id\":\"https:\\\/\\\/kibrisdakik.com\\\/?p=83826\"},\"author\":{\"name\":\"admin\",\"@id\":\"https:\\\/\\\/kibrisdakik.com\\\/#\\\/schema\\\/person\\\/9cd9d437bbb44f72b73ba127e06d8e79\"},\"headline\":\"Cumhurba\u015fkan\u0131 Tatar, Meclis\u2019te temsil edilen siyasi parti ba\u015fkanlar\u0131yla g\u00f6r\u00fc\u015f\u00fcyor\",\"datePublished\":\"2025-06-04T09:13:41+00:00\",\"mainEntityOfPage\":{\"@id\":\"https:\\\/\\\/kibrisdakik.com\\\/?p=83826\"},\"wordCount\":143,\"commentCount\":0,\"image\":{\"@id\":\"https:\\\/\\\/kibrisdakik.com\\\/?p=83826#primaryimage\"},\"thumbnailUrl\":\"https:\\\/\\\/kibrisdakik.com\\\/wp-content\\\/uploads\\\/2025\\\/06\\\/tatar-24-740x420.jpg\",\"articleSection\":[\"K\u0131br\u0131s\",\"Man\u015fet\"],\"inLanguage\":\"tr\",\"potentialAction\":[{\"@type\":\"CommentAction\",\"name\":\"Comment\",\"target\":[\"https:\\\/\\\/kibrisdakik.com\\\/?p=83826#respond\"]}]},{\"@type\":\"WebPage\",\"@id\":\"https:\\\/\\\/kibrisdakik.com\\\/?p=83826\",\"url\":\"https:\\\/\\\/kibrisdakik.com\\\/?p=83826\",\"name\":\"Cumhurba\u015fkan\u0131 Tatar, Meclis\u2019te temsil edilen siyasi parti ba\u015fkanlar\u0131yla g\u00f6r\u00fc\u015f\u00fcyor -\",\"isPartOf\":{\"@id\":\"https:\\\/\\\/kibrisdakik.com\\\/#website\"},\"primaryImageOfPage\":{\"@id\":\"https:\\\/\\\/kibrisdakik.com\\\/?p=83826#primaryimage\"},\"image\":{\"@id\":\"https:\\\/\\\/kibrisdakik.com\\\/?p=83826#primaryimage\"},\"thumbnailUrl\":\"https:\\\/\\\/kibrisdakik.com\\\/wp-content\\\/uploads\\\/2025\\\/06\\\/tatar-24-740x420.jpg\",\"datePublished\":\"2025-06-04T09:13:41+00:00\",\"author\":{\"@id\":\"https:\\\/\\\/kibrisdakik.com\\\/#\\\/schema\\\/person\\\/9cd9d437bbb44f72b73ba127e06d8e79\"},\"breadcrumb\":{\"@id\":\"https:\\\/\\\/kibrisdakik.com\\\/?p=83826#breadcrumb\"},\"inLanguage\":\"tr\",\"potentialAction\":[{\"@type\":\"ReadAction\",\"target\":[\"https:\\\/\\\/kibrisdakik.com\\\/?p=83826\"]}]},{\"@type\":\"ImageObject\",\"inLanguage\":\"tr\",\"@id\":\"https:\\\/\\\/kibrisdakik.com\\\/?p=83826#primaryimage\",\"url\":\"https:\\\/\\\/kibrisdakik.com\\\/wp-content\\\/uploads\\\/2025\\\/06\\\/tatar-24-740x420.jpg\",\"contentUrl\":\"https:\\\/\\\/kibrisdakik.com\\\/wp-content\\\/uploads\\\/2025\\\/06\\\/tatar-24-740x420.jpg\",\"width\":2560,\"height\":1706},{\"@type\":\"BreadcrumbList\",\"@id\":\"https:\\\/\\\/kibrisdakik.com\\\/?p=83826#breadcrumb\",\"itemListElement\":[{\"@type\":\"ListItem\",\"position\":1,\"name\":\"Home\",\"item\":\"https:\\\/\\\/kibrisdakik.com\\\/\"},{\"@type\":\"ListItem\",\"position\":2,\"name\":\"Cumhurba\u015fkan\u0131 Tatar, Meclis\u2019te temsil edilen siyasi parti ba\u015fkanlar\u0131yla g\u00f6r\u00fc\u015f\u00fcyor\"}]},{\"@type\":\"WebSite\",\"@id\":\"https:\\\/\\\/kibrisdakik.com\\\/#website\",\"url\":\"https:\\\/\\\/kibrisdakik.com\\\/\",\"name\":\"\",\"description\":\"Tam vaktinde haber\",\"potentialAction\":[{\"@type\":\"SearchAction\",\"target\":{\"@type\":\"EntryPoint\",\"urlTemplate\":\"https:\\\/\\\/kibrisdakik.com\\\/?s={search_term_string}\"},\"query-input\":{\"@type\":\"PropertyValueSpecification\",\"valueRequired\":true,\"valueName\":\"search_term_string\"}}],\"inLanguage\":\"tr\"},{\"@type\":\"Person\",\"@id\":\"https:\\\/\\\/kibrisdakik.com\\\/#\\\/schema\\\/person\\\/9cd9d437bbb44f72b73ba127e06d8e79\",\"name\":\"admin\",\"image\":{\"@type\":\"ImageObject\",\"inLanguage\":\"tr\",\"@id\":\"https:\\\/\\\/secure.gravatar.com\\\/avatar\\\/ccc17943b9d660506c869530f897617f7cb1c21a4bf30023f252596d83e1f007?s=96&d=mm&r=g\",\"url\":\"https:\\\/\\\/secure.gravatar.com\\\/avatar\\\/ccc17943b9d660506c869530f897617f7cb1c21a4bf30023f252596d83e1f007?s=96&d=mm&r=g\",\"contentUrl\":\"https:\\\/\\\/secure.gravatar.com\\\/avatar\\\/ccc17943b9d660506c869530f897617f7cb1c21a4bf30023f252596d83e1f007?s=96&d=mm&r=g\",\"caption\":\"admin\"},\"sameAs\":[\"https:\\\/\\\/kibrisdakik.com\"],\"url\":\"https:\\\/\\\/kibrisdakik.com\\\/?author=1\"}]}<\/script>\n<!-- \/ Yoast SEO plugin. -->","yoast_head_json":{"title":"Cumhurba\u015fkan\u0131 Tatar, Meclis\u2019te temsil edilen siyasi parti ba\u015fkanlar\u0131yla g\u00f6r\u00fc\u015f\u00fcyor -","robots":{"index":"index","follow":"follow","max-snippet":"max-snippet:-1","max-image-preview":"max-image-preview:large","max-video-preview":"max-video-preview:-1"},"canonical":"https:\/\/kibrisdakik.com\/?p=83826","og_locale":"tr_TR","og_type":"article","og_title":"Cumhurba\u015fkan\u0131 Tatar, Meclis\u2019te temsil edilen siyasi parti ba\u015fkanlar\u0131yla g\u00f6r\u00fc\u015f\u00fcyor -","og_description":"Cumhurba\u015fkan\u0131 Ersin Tatar, Meclis\u2019te temsil edilen siyasi partilerin ba\u015fkanlar\u0131yla g\u00f6r\u00fc\u015f\u00fcyor. D\u00fcnya Bisiklet G\u00fcn\u00fc nedeniyle Tabipler Birli\u011fi\u2019nde etkinlik d\u00fczenlendi \u0130\u00e7eri\u011fi G\u00f6r\u00fcnt\u00fcle Cumhurba\u015fkanl\u0131\u011f\u0131\u2019nda ger\u00e7ekle\u015ftirilen toplant\u0131ya; Ulusal Birlik Partisi (UBP) Genel Ba\u015fkan\u0131, Ba\u015fbakan \u00dcnal \u00dcstel, ana muhalefet Cumhuriyet\u00e7i T\u00fcrk Partisi (CTP) Genel Ba\u015fkan\u0131 Tufan Erh\u00fcrman, Demokrat Parti (DP) Genel Ba\u015fkan\u0131, Ba\u015fbakan Yard\u0131mc\u0131s\u0131, Turizm, K\u00fclt\u00fcr Gen\u00e7lik ve \u00c7evre Bakan\u0131","og_url":"https:\/\/kibrisdakik.com\/?p=83826","article_published_time":"2025-06-04T09:13:41+00:00","og_image":[{"width":2560,"height":1706,"url":"https:\/\/kibrisdakik.com\/wp-content\/uploads\/2025\/06\/tatar-24-740x420.jpg","type":"image\/jpeg"}],"author":"admin","twitter_card":"summary_large_image","twitter_misc":{"Yazan:":"admin","Tahmini okuma s\u00fcresi":"1 dakika"},"schema":{"@context":"https:\/\/schema.org","@graph":[{"@type":"Article","@id":"https:\/\/kibrisdakik.com\/?p=83826#article","isPartOf":{"@id":"https:\/\/kibrisdakik.com\/?p=83826"},"author":{"name":"admin","@id":"https:\/\/kibrisdakik.com\/#\/schema\/person\/9cd9d437bbb44f72b73ba127e06d8e79"},"headline":"Cumhurba\u015fkan\u0131 Tatar, Meclis\u2019te temsil edilen siyasi parti ba\u015fkanlar\u0131yla g\u00f6r\u00fc\u015f\u00fcyor","datePublished":"2025-06-04T09:13:41+00:00","mainEntityOfPage":{"@id":"https:\/\/kibrisdakik.com\/?p=83826"},"wordCount":143,"commentCount":0,"image":{"@id":"https:\/\/kibrisdakik.com\/?p=83826#primaryimage"},"thumbnailUrl":"https:\/\/kibrisdakik.com\/wp-content\/uploads\/2025\/06\/tatar-24-740x420.jpg","articleSection":["K\u0131br\u0131s","Man\u015fet"],"inLanguage":"tr","potentialAction":[{"@type":"CommentAction","name":"Comment","target":["https:\/\/kibrisdakik.com\/?p=83826#respond"]}]},{"@type":"WebPage","@id":"https:\/\/kibrisdakik.com\/?p=83826","url":"https:\/\/kibrisdakik.com\/?p=83826","name":"Cumhurba\u015fkan\u0131 Tatar, Meclis\u2019te temsil edilen siyasi parti ba\u015fkanlar\u0131yla g\u00f6r\u00fc\u015f\u00fcyor -","isPartOf":{"@id":"https:\/\/kibrisdakik.com\/#website"},"primaryImageOfPage":{"@id":"https:\/\/kibrisdakik.com\/?p=83826#primaryimage"},"image":{"@id":"https:\/\/kibrisdakik.com\/?p=83826#primaryimage"},"thumbnailUrl":"https:\/\/kibrisdakik.com\/wp-content\/uploads\/2025\/06\/tatar-24-740x420.jpg","datePublished":"2025-06-04T09:13:41+00:00","author":{"@id":"https:\/\/kibrisdakik.com\/#\/schema\/person\/9cd9d437bbb44f72b73ba127e06d8e79"},"breadcrumb":{"@id":"https:\/\/kibrisdakik.com\/?p=83826#breadcrumb"},"inLanguage":"tr","potentialAction":[{"@type":"ReadAction","target":["https:\/\/kibrisdakik.com\/?p=83826"]}]},{"@type":"ImageObject","inLanguage":"tr","@id":"https:\/\/kibrisdakik.com\/?p=83826#primaryimage","url":"https:\/\/kibrisdakik.com\/wp-content\/uploads\/2025\/06\/tatar-24-740x420.jpg","contentUrl":"https:\/\/kibrisdakik.com\/wp-content\/uploads\/2025\/06\/tatar-24-740x420.jpg","width":2560,"height":1706},{"@type":"BreadcrumbList","@id":"https:\/\/kibrisdakik.com\/?p=83826#breadcrumb","itemListElement":[{"@type":"ListItem","position":1,"name":"Home","item":"https:\/\/kibrisdakik.com\/"},{"@type":"ListItem","position":2,"name":"Cumhurba\u015fkan\u0131 Tatar, Meclis\u2019te temsil edilen siyasi parti ba\u015fkanlar\u0131yla g\u00f6r\u00fc\u015f\u00fcyor"}]},{"@type":"WebSite","@id":"https:\/\/kibrisdakik.com\/#website","url":"https:\/\/kibrisdakik.com\/","name":"","description":"Tam vaktinde haber","potentialAction":[{"@type":"SearchAction","target":{"@type":"EntryPoint","urlTemplate":"https:\/\/kibrisdakik.com\/?s={search_term_string}"},"query-input":{"@type":"PropertyValueSpecification","valueRequired":true,"valueName":"search_term_string"}}],"inLanguage":"tr"},{"@type":"Person","@id":"https:\/\/kibrisdakik.com\/#\/schema\/person\/9cd9d437bbb44f72b73ba127e06d8e79","name":"admin","image":{"@type":"ImageObject","inLanguage":"tr","@id":"https:\/\/secure.gravatar.com\/avatar\/ccc17943b9d660506c869530f897617f7cb1c21a4bf30023f252596d83e1f007?s=96&d=mm&r=g","url":"https:\/\/secure.gravatar.com\/avatar\/ccc17943b9d660506c869530f897617f7cb1c21a4bf30023f252596d83e1f007?s=96&d=mm&r=g","contentUrl":"https:\/\/secure.gravatar.com\/avatar\/ccc17943b9d660506c869530f897617f7cb1c21a4bf30023f252596d83e1f007?s=96&d=mm&r=g","caption":"admin"},"sameAs":["https:\/\/kibrisdakik.com"],"url":"https:\/\/kibrisdakik.com\/?author=1"}]}},"_links":{"self":[{"href":"https:\/\/kibrisdakik.com\/index.php?rest_route=\/wp\/v2\/posts\/83826","targetHints":{"allow":["GET"]}}],"collection":[{"href":"https:\/\/kibrisdakik.com\/index.php?rest_route=\/wp\/v2\/posts"}],"about":[{"href":"https:\/\/kibrisdakik.com\/index.php?rest_route=\/wp\/v2\/types\/post"}],"author":[{"embeddable":true,"href":"https:\/\/kibrisdakik.com\/index.php?rest_route=\/wp\/v2\/users\/1"}],"replies":[{"embeddable":true,"href":"https:\/\/kibrisdakik.com\/index.php?rest_route=%2Fwp%2Fv2%2Fcomments&post=83826"}],"version-history":[{"count":0,"href":"https:\/\/kibrisdakik.com\/index.php?rest_route=\/wp\/v2\/posts\/83826\/revisions"}],"wp:featuredmedia":[{"embeddable":true,"href":"https:\/\/kibrisdakik.com\/index.php?rest_route=\/wp\/v2\/media\/83827"}],"wp:attachment":[{"href":"https:\/\/kibrisdakik.com\/index.php?rest_route=%2Fwp%2Fv2%2Fmedia&parent=83826"}],"wp:term":[{"taxonomy":"category","embeddable":true,"href":"https:\/\/kibrisdakik.com\/index.php?rest_route=%2Fwp%2Fv2%2Fcategories&post=83826"},{"taxonomy":"post_tag","embeddable":true,"href":"https:\/\/kibrisdakik.com\/index.php?rest_route=%2Fwp%2Fv2%2Ftags&post=83826"}],"curies":[{"name":"wp","href":"https:\/\/api.w.org\/{rel}","templated":true}]}}