{"id":8383,"date":"2023-06-07T10:49:52","date_gmt":"2023-06-07T10:49:52","guid":{"rendered":"https:\/\/kibrisdakik.com\/index.php\/2023\/06\/07\/merve-millletler-kupasinda\/"},"modified":"2023-06-07T10:49:52","modified_gmt":"2023-06-07T10:49:52","slug":"merve-millletler-kupasinda","status":"publish","type":"post","link":"https:\/\/kibrisdakik.com\/?p=8383","title":{"rendered":"Merve \u201cMillletler Kupas\u0131\u201dnda"},"content":{"rendered":"<p> <br \/>\n<\/p>\n<div>\n<div class=\"mariselle-image-container center\">\n                <img width=\"2560\" height=\"1707\" class=\"lazy-image\" alt=\"\" decoding=\"async\" loading=\"lazy\" sizes=\"auto, (max-width: 2560px) 100vw, 2560px\" src=\"https:\/\/brtk.net\/wp-content\/uploads\/2023\/06\/07\/MERVE.jpeg?ver=320dc13fe919ebfb151c52b198c473b8\" srcset=\"https:\/\/brtk.net\/wp-content\/uploads\/2023\/06\/07\/MERVE.jpeg?ver=320dc13fe919ebfb151c52b198c473b8 2560w, https:\/\/brtk.net\/wp-content\/uploads\/2023\/06\/07\/MERVE-300x200.jpeg?ver=320dc13fe919ebfb151c52b198c473b8 300w, https:\/\/brtk.net\/wp-content\/uploads\/2023\/06\/07\/MERVE-1024x683.jpeg?ver=eb4bbb6b8d3f6aed4210d93e5518e485 1024w, https:\/\/brtk.net\/wp-content\/uploads\/2023\/06\/07\/MERVE-768x512.jpeg?ver=eb4bbb6b8d3f6aed4210d93e5518e485 768w, https:\/\/brtk.net\/wp-content\/uploads\/2023\/06\/07\/MERVE-1536x1024.jpeg?ver=1693bef6fee35a75995a5dcb459e6d8d 1536w, https:\/\/brtk.net\/wp-content\/uploads\/2023\/06\/07\/MERVE-2048x1366.jpeg?ver=d9477004644bfe750bf3d114fab0ed64 2048w\"\/>                            <\/div>\n<p>Merve \u00c7elebi-Esra Bet\u00fcl \u00c7etin\u2019den olu\u015fan T\u00fcrkiye Kad\u0131n Plaj Voleybol Milli Tak\u0131m\u0131, Avrupa Voleybol Konfederasyonu taraf\u0131ndan ikincisi d\u00fczenlenen \u201cMilletler Kupas\u0131\u201dnda sahaya \u00e7\u0131k\u0131yor. <\/p>\n<p>Norve\u00e7\u2019te d\u00fczenlenen ve ilk kez kat\u0131l\u0131m\u0131n ger\u00e7ekle\u015fti\u011fi turnuvada  A Grubu\u2019nda Norve\u00e7, Almanya ve Danimarka ile m\u00fccadele eden T\u00fcrkiye Milli Tak\u0131m, Almanya ile oynad\u0131\u011f\u0131 ma\u00e7\u0131 2-0 kaybetti. <\/p>\n<p>Merve \u00c7elebi-Esra Bet\u00fcl \u00c7etin ikilisi bug\u00fcn saat 17.00\u2019de ev sahibi Norve\u00e7 Tak\u0131m\u0131\u2019na kar\u015f\u0131 oynayacak. <\/p>\n<p>Yar\u0131n sona erecek \u201cMilletler Kupas\u0131\u201d grup etab\u0131nda ilk s\u0131rada yer alan \u00fclkeler final etab\u0131na y\u00fckselecek.<\/p>\n<\/p><\/div>\n<p><script async\n                    defer\n                    crossorigin=\"anonymous\"\n                    src=\"https:\/\/connect.facebook.net\/tr_TR\/sdk.js#xfbml=1&#038;version=v3.3\"\n            ><\/script><br \/>\n<br \/><br \/>\n<br \/><a href=\"https:\/\/brtk.net\/merve-millletler-kupasinda\/\"> <\/a><\/p>\n","protected":false},"excerpt":{"rendered":"<p>Merve \u00c7elebi-Esra Bet\u00fcl \u00c7etin\u2019den olu\u015fan T\u00fcrkiye Kad\u0131n Plaj Voleybol Milli Tak\u0131m\u0131, Avrupa Voleybol Konfederasyonu taraf\u0131ndan ikincisi d\u00fczenlenen \u201cMilletler Kupas\u0131\u201dnda sahaya \u00e7\u0131k\u0131yor. Norve\u00e7\u2019te d\u00fczenlenen ve ilk kez kat\u0131l\u0131m\u0131n ger\u00e7ekle\u015fti\u011fi turnuvada A Grubu\u2019nda Norve\u00e7, Almanya ve Danimarka ile m\u00fccadele eden T\u00fcrkiye Milli Tak\u0131m, Almanya ile oynad\u0131\u011f\u0131 ma\u00e7\u0131 2-0 kaybetti. Merve \u00c7elebi-Esra Bet\u00fcl \u00c7etin ikilisi bug\u00fcn saat 17.00\u2019de<\/p>\n","protected":false},"author":1,"featured_media":8384,"comment_status":"open","ping_status":"open","sticky":false,"template":"","format":"standard","meta":{"footnotes":""},"categories":[85],"tags":[],"class_list":["post-8383","post","type-post","status-publish","format-standard","has-post-thumbnail","hentry","category-spor"],"yoast_head":"<!-- This site is optimized with the Yoast SEO plugin v27.5 - https:\/\/yoast.com\/product\/yoast-seo-wordpress\/ -->\n<title>Merve \u201cMillletler Kupas\u0131\u201dnda -<\/title>\n<meta name=\"robots\" content=\"index, follow, max-snippet:-1, max-image-preview:large, max-video-preview:-1\" \/>\n<link rel=\"canonical\" href=\"https:\/\/kibrisdakik.com\/?p=8383\" \/>\n<meta property=\"og:locale\" content=\"tr_TR\" \/>\n<meta property=\"og:type\" content=\"article\" \/>\n<meta property=\"og:title\" content=\"Merve \u201cMillletler Kupas\u0131\u201dnda -\" \/>\n<meta property=\"og:description\" content=\"Merve \u00c7elebi-Esra Bet\u00fcl \u00c7etin\u2019den olu\u015fan T\u00fcrkiye Kad\u0131n Plaj Voleybol Milli Tak\u0131m\u0131, Avrupa Voleybol Konfederasyonu taraf\u0131ndan ikincisi d\u00fczenlenen \u201cMilletler Kupas\u0131\u201dnda sahaya \u00e7\u0131k\u0131yor. Norve\u00e7\u2019te d\u00fczenlenen ve ilk kez kat\u0131l\u0131m\u0131n ger\u00e7ekle\u015fti\u011fi turnuvada A Grubu\u2019nda Norve\u00e7, Almanya ve Danimarka ile m\u00fccadele eden T\u00fcrkiye Milli Tak\u0131m, Almanya ile oynad\u0131\u011f\u0131 ma\u00e7\u0131 2-0 kaybetti. Merve \u00c7elebi-Esra Bet\u00fcl \u00c7etin ikilisi bug\u00fcn saat 17.00\u2019de\" \/>\n<meta property=\"og:url\" content=\"https:\/\/kibrisdakik.com\/?p=8383\" \/>\n<meta property=\"article:published_time\" content=\"2023-06-07T10:49:52+00:00\" \/>\n<meta property=\"og:image\" content=\"https:\/\/kibrisdakik.com\/wp-content\/uploads\/2023\/06\/MERVE-740x420.jpeg\" \/>\n\t<meta property=\"og:image:width\" content=\"2560\" \/>\n\t<meta property=\"og:image:height\" content=\"1707\" \/>\n\t<meta property=\"og:image:type\" content=\"image\/jpeg\" \/>\n<meta name=\"author\" content=\"admin\" \/>\n<meta name=\"twitter:card\" content=\"summary_large_image\" \/>\n<meta name=\"twitter:label1\" content=\"Yazan:\" \/>\n\t<meta name=\"twitter:data1\" content=\"admin\" \/>\n\t<meta name=\"twitter:label2\" content=\"Tahmini okuma s\u00fcresi\" \/>\n\t<meta name=\"twitter:data2\" content=\"1 dakika\" \/>\n<script type=\"application\/ld+json\" class=\"yoast-schema-graph\">{\"@context\":\"https:\\\/\\\/schema.org\",\"@graph\":[{\"@type\":\"Article\",\"@id\":\"https:\\\/\\\/kibrisdakik.com\\\/?p=8383#article\",\"isPartOf\":{\"@id\":\"https:\\\/\\\/kibrisdakik.com\\\/?p=8383\"},\"author\":{\"name\":\"admin\",\"@id\":\"https:\\\/\\\/kibrisdakik.com\\\/#\\\/schema\\\/person\\\/9cd9d437bbb44f72b73ba127e06d8e79\"},\"headline\":\"Merve \u201cMillletler Kupas\u0131\u201dnda\",\"datePublished\":\"2023-06-07T10:49:52+00:00\",\"mainEntityOfPage\":{\"@id\":\"https:\\\/\\\/kibrisdakik.com\\\/?p=8383\"},\"wordCount\":113,\"commentCount\":0,\"image\":{\"@id\":\"https:\\\/\\\/kibrisdakik.com\\\/?p=8383#primaryimage\"},\"thumbnailUrl\":\"https:\\\/\\\/kibrisdakik.com\\\/wp-content\\\/uploads\\\/2023\\\/06\\\/MERVE-740x420.jpeg\",\"articleSection\":[\"Spor\"],\"inLanguage\":\"tr\",\"potentialAction\":[{\"@type\":\"CommentAction\",\"name\":\"Comment\",\"target\":[\"https:\\\/\\\/kibrisdakik.com\\\/?p=8383#respond\"]}]},{\"@type\":\"WebPage\",\"@id\":\"https:\\\/\\\/kibrisdakik.com\\\/?p=8383\",\"url\":\"https:\\\/\\\/kibrisdakik.com\\\/?p=8383\",\"name\":\"Merve \u201cMillletler Kupas\u0131\u201dnda -\",\"isPartOf\":{\"@id\":\"https:\\\/\\\/kibrisdakik.com\\\/#website\"},\"primaryImageOfPage\":{\"@id\":\"https:\\\/\\\/kibrisdakik.com\\\/?p=8383#primaryimage\"},\"image\":{\"@id\":\"https:\\\/\\\/kibrisdakik.com\\\/?p=8383#primaryimage\"},\"thumbnailUrl\":\"https:\\\/\\\/kibrisdakik.com\\\/wp-content\\\/uploads\\\/2023\\\/06\\\/MERVE-740x420.jpeg\",\"datePublished\":\"2023-06-07T10:49:52+00:00\",\"author\":{\"@id\":\"https:\\\/\\\/kibrisdakik.com\\\/#\\\/schema\\\/person\\\/9cd9d437bbb44f72b73ba127e06d8e79\"},\"breadcrumb\":{\"@id\":\"https:\\\/\\\/kibrisdakik.com\\\/?p=8383#breadcrumb\"},\"inLanguage\":\"tr\",\"potentialAction\":[{\"@type\":\"ReadAction\",\"target\":[\"https:\\\/\\\/kibrisdakik.com\\\/?p=8383\"]}]},{\"@type\":\"ImageObject\",\"inLanguage\":\"tr\",\"@id\":\"https:\\\/\\\/kibrisdakik.com\\\/?p=8383#primaryimage\",\"url\":\"https:\\\/\\\/kibrisdakik.com\\\/wp-content\\\/uploads\\\/2023\\\/06\\\/MERVE-740x420.jpeg\",\"contentUrl\":\"https:\\\/\\\/kibrisdakik.com\\\/wp-content\\\/uploads\\\/2023\\\/06\\\/MERVE-740x420.jpeg\",\"width\":2560,\"height\":1707},{\"@type\":\"BreadcrumbList\",\"@id\":\"https:\\\/\\\/kibrisdakik.com\\\/?p=8383#breadcrumb\",\"itemListElement\":[{\"@type\":\"ListItem\",\"position\":1,\"name\":\"Home\",\"item\":\"https:\\\/\\\/kibrisdakik.com\\\/\"},{\"@type\":\"ListItem\",\"position\":2,\"name\":\"Merve \u201cMillletler Kupas\u0131\u201dnda\"}]},{\"@type\":\"WebSite\",\"@id\":\"https:\\\/\\\/kibrisdakik.com\\\/#website\",\"url\":\"https:\\\/\\\/kibrisdakik.com\\\/\",\"name\":\"\",\"description\":\"Tam vaktinde haber\",\"potentialAction\":[{\"@type\":\"SearchAction\",\"target\":{\"@type\":\"EntryPoint\",\"urlTemplate\":\"https:\\\/\\\/kibrisdakik.com\\\/?s={search_term_string}\"},\"query-input\":{\"@type\":\"PropertyValueSpecification\",\"valueRequired\":true,\"valueName\":\"search_term_string\"}}],\"inLanguage\":\"tr\"},{\"@type\":\"Person\",\"@id\":\"https:\\\/\\\/kibrisdakik.com\\\/#\\\/schema\\\/person\\\/9cd9d437bbb44f72b73ba127e06d8e79\",\"name\":\"admin\",\"image\":{\"@type\":\"ImageObject\",\"inLanguage\":\"tr\",\"@id\":\"https:\\\/\\\/secure.gravatar.com\\\/avatar\\\/ccc17943b9d660506c869530f897617f7cb1c21a4bf30023f252596d83e1f007?s=96&d=mm&r=g\",\"url\":\"https:\\\/\\\/secure.gravatar.com\\\/avatar\\\/ccc17943b9d660506c869530f897617f7cb1c21a4bf30023f252596d83e1f007?s=96&d=mm&r=g\",\"contentUrl\":\"https:\\\/\\\/secure.gravatar.com\\\/avatar\\\/ccc17943b9d660506c869530f897617f7cb1c21a4bf30023f252596d83e1f007?s=96&d=mm&r=g\",\"caption\":\"admin\"},\"sameAs\":[\"https:\\\/\\\/kibrisdakik.com\"],\"url\":\"https:\\\/\\\/kibrisdakik.com\\\/?author=1\"}]}<\/script>\n<!-- \/ Yoast SEO plugin. -->","yoast_head_json":{"title":"Merve \u201cMillletler Kupas\u0131\u201dnda -","robots":{"index":"index","follow":"follow","max-snippet":"max-snippet:-1","max-image-preview":"max-image-preview:large","max-video-preview":"max-video-preview:-1"},"canonical":"https:\/\/kibrisdakik.com\/?p=8383","og_locale":"tr_TR","og_type":"article","og_title":"Merve \u201cMillletler Kupas\u0131\u201dnda -","og_description":"Merve \u00c7elebi-Esra Bet\u00fcl \u00c7etin\u2019den olu\u015fan T\u00fcrkiye Kad\u0131n Plaj Voleybol Milli Tak\u0131m\u0131, Avrupa Voleybol Konfederasyonu taraf\u0131ndan ikincisi d\u00fczenlenen \u201cMilletler Kupas\u0131\u201dnda sahaya \u00e7\u0131k\u0131yor. Norve\u00e7\u2019te d\u00fczenlenen ve ilk kez kat\u0131l\u0131m\u0131n ger\u00e7ekle\u015fti\u011fi turnuvada A Grubu\u2019nda Norve\u00e7, Almanya ve Danimarka ile m\u00fccadele eden T\u00fcrkiye Milli Tak\u0131m, Almanya ile oynad\u0131\u011f\u0131 ma\u00e7\u0131 2-0 kaybetti. Merve \u00c7elebi-Esra Bet\u00fcl \u00c7etin ikilisi bug\u00fcn saat 17.00\u2019de","og_url":"https:\/\/kibrisdakik.com\/?p=8383","article_published_time":"2023-06-07T10:49:52+00:00","og_image":[{"width":2560,"height":1707,"url":"https:\/\/kibrisdakik.com\/wp-content\/uploads\/2023\/06\/MERVE-740x420.jpeg","type":"image\/jpeg"}],"author":"admin","twitter_card":"summary_large_image","twitter_misc":{"Yazan:":"admin","Tahmini okuma s\u00fcresi":"1 dakika"},"schema":{"@context":"https:\/\/schema.org","@graph":[{"@type":"Article","@id":"https:\/\/kibrisdakik.com\/?p=8383#article","isPartOf":{"@id":"https:\/\/kibrisdakik.com\/?p=8383"},"author":{"name":"admin","@id":"https:\/\/kibrisdakik.com\/#\/schema\/person\/9cd9d437bbb44f72b73ba127e06d8e79"},"headline":"Merve \u201cMillletler Kupas\u0131\u201dnda","datePublished":"2023-06-07T10:49:52+00:00","mainEntityOfPage":{"@id":"https:\/\/kibrisdakik.com\/?p=8383"},"wordCount":113,"commentCount":0,"image":{"@id":"https:\/\/kibrisdakik.com\/?p=8383#primaryimage"},"thumbnailUrl":"https:\/\/kibrisdakik.com\/wp-content\/uploads\/2023\/06\/MERVE-740x420.jpeg","articleSection":["Spor"],"inLanguage":"tr","potentialAction":[{"@type":"CommentAction","name":"Comment","target":["https:\/\/kibrisdakik.com\/?p=8383#respond"]}]},{"@type":"WebPage","@id":"https:\/\/kibrisdakik.com\/?p=8383","url":"https:\/\/kibrisdakik.com\/?p=8383","name":"Merve \u201cMillletler Kupas\u0131\u201dnda -","isPartOf":{"@id":"https:\/\/kibrisdakik.com\/#website"},"primaryImageOfPage":{"@id":"https:\/\/kibrisdakik.com\/?p=8383#primaryimage"},"image":{"@id":"https:\/\/kibrisdakik.com\/?p=8383#primaryimage"},"thumbnailUrl":"https:\/\/kibrisdakik.com\/wp-content\/uploads\/2023\/06\/MERVE-740x420.jpeg","datePublished":"2023-06-07T10:49:52+00:00","author":{"@id":"https:\/\/kibrisdakik.com\/#\/schema\/person\/9cd9d437bbb44f72b73ba127e06d8e79"},"breadcrumb":{"@id":"https:\/\/kibrisdakik.com\/?p=8383#breadcrumb"},"inLanguage":"tr","potentialAction":[{"@type":"ReadAction","target":["https:\/\/kibrisdakik.com\/?p=8383"]}]},{"@type":"ImageObject","inLanguage":"tr","@id":"https:\/\/kibrisdakik.com\/?p=8383#primaryimage","url":"https:\/\/kibrisdakik.com\/wp-content\/uploads\/2023\/06\/MERVE-740x420.jpeg","contentUrl":"https:\/\/kibrisdakik.com\/wp-content\/uploads\/2023\/06\/MERVE-740x420.jpeg","width":2560,"height":1707},{"@type":"BreadcrumbList","@id":"https:\/\/kibrisdakik.com\/?p=8383#breadcrumb","itemListElement":[{"@type":"ListItem","position":1,"name":"Home","item":"https:\/\/kibrisdakik.com\/"},{"@type":"ListItem","position":2,"name":"Merve \u201cMillletler Kupas\u0131\u201dnda"}]},{"@type":"WebSite","@id":"https:\/\/kibrisdakik.com\/#website","url":"https:\/\/kibrisdakik.com\/","name":"","description":"Tam vaktinde haber","potentialAction":[{"@type":"SearchAction","target":{"@type":"EntryPoint","urlTemplate":"https:\/\/kibrisdakik.com\/?s={search_term_string}"},"query-input":{"@type":"PropertyValueSpecification","valueRequired":true,"valueName":"search_term_string"}}],"inLanguage":"tr"},{"@type":"Person","@id":"https:\/\/kibrisdakik.com\/#\/schema\/person\/9cd9d437bbb44f72b73ba127e06d8e79","name":"admin","image":{"@type":"ImageObject","inLanguage":"tr","@id":"https:\/\/secure.gravatar.com\/avatar\/ccc17943b9d660506c869530f897617f7cb1c21a4bf30023f252596d83e1f007?s=96&d=mm&r=g","url":"https:\/\/secure.gravatar.com\/avatar\/ccc17943b9d660506c869530f897617f7cb1c21a4bf30023f252596d83e1f007?s=96&d=mm&r=g","contentUrl":"https:\/\/secure.gravatar.com\/avatar\/ccc17943b9d660506c869530f897617f7cb1c21a4bf30023f252596d83e1f007?s=96&d=mm&r=g","caption":"admin"},"sameAs":["https:\/\/kibrisdakik.com"],"url":"https:\/\/kibrisdakik.com\/?author=1"}]}},"_links":{"self":[{"href":"https:\/\/kibrisdakik.com\/index.php?rest_route=\/wp\/v2\/posts\/8383","targetHints":{"allow":["GET"]}}],"collection":[{"href":"https:\/\/kibrisdakik.com\/index.php?rest_route=\/wp\/v2\/posts"}],"about":[{"href":"https:\/\/kibrisdakik.com\/index.php?rest_route=\/wp\/v2\/types\/post"}],"author":[{"embeddable":true,"href":"https:\/\/kibrisdakik.com\/index.php?rest_route=\/wp\/v2\/users\/1"}],"replies":[{"embeddable":true,"href":"https:\/\/kibrisdakik.com\/index.php?rest_route=%2Fwp%2Fv2%2Fcomments&post=8383"}],"version-history":[{"count":0,"href":"https:\/\/kibrisdakik.com\/index.php?rest_route=\/wp\/v2\/posts\/8383\/revisions"}],"wp:featuredmedia":[{"embeddable":true,"href":"https:\/\/kibrisdakik.com\/index.php?rest_route=\/wp\/v2\/media\/8384"}],"wp:attachment":[{"href":"https:\/\/kibrisdakik.com\/index.php?rest_route=%2Fwp%2Fv2%2Fmedia&parent=8383"}],"wp:term":[{"taxonomy":"category","embeddable":true,"href":"https:\/\/kibrisdakik.com\/index.php?rest_route=%2Fwp%2Fv2%2Fcategories&post=8383"},{"taxonomy":"post_tag","embeddable":true,"href":"https:\/\/kibrisdakik.com\/index.php?rest_route=%2Fwp%2Fv2%2Ftags&post=8383"}],"curies":[{"name":"wp","href":"https:\/\/api.w.org\/{rel}","templated":true}]}}