{"id":83834,"date":"2025-06-04T12:49:51","date_gmt":"2025-06-04T09:49:51","guid":{"rendered":"https:\/\/kibrisdakik.com\/index.php\/2025\/06\/04\/kundaklama-turistler-yaralandi\/"},"modified":"2025-06-04T12:49:51","modified_gmt":"2025-06-04T09:49:51","slug":"kundaklama-turistler-yaralandi","status":"publish","type":"post","link":"https:\/\/kibrisdakik.com\/?p=83834","title":{"rendered":"Kundaklama&#8230;turistler yaraland\u0131"},"content":{"rendered":"<p> <br \/>\n<br \/><br \/>Larnaka\u2019ya ba\u011fl\u0131 Oroklini b\u00f6lgesinde 48 ya\u015f\u0131ndaki \u015fahsa ait ara\u00e7 d\u00fcn sabaha yak\u0131n kundakland\u0131.<\/p>\n<p>Alithia gazetesi, sahibinin ikamet etti\u011fi apartman\u0131n park yerinde kundaklanan arac\u0131n tamamen hasar g\u00f6rd\u00fc\u011f\u00fcn\u00fc yazd\u0131.<\/p>\n<p>\u00d6te yandan Haravgi gazetesi d\u00fcn Akama b\u00f6lgesinde kulland\u0131klar\u0131 buggy tipi motorlu ara\u00e7la 29 metrelik u\u00e7uruma d\u00fc\u015fen iki turistin yaraland\u0131\u011f\u0131n\u0131; ancak hayati tehlikeleri bulunmad\u0131\u011f\u0131n\u0131 yazd\u0131.<\/p>\n<p>Kazan\u0131n arac\u0131 kullanan 25 ya\u015f\u0131ndaki turistin direksiyon hakimiyetini kaybetmesi neticesinde meydana geldi\u011fini yazan gazete yaral\u0131lar\u0131n \u00f6nce Poli Hastanesi, daha sonra ise ileri tetkik i\u00e7in Baf Hastanesine kald\u0131r\u0131ld\u0131klar\u0131n\u0131 belirtti.<br \/>\n<br \/><br \/>\n<br \/><a href=\"> K\u0131br\u0131s dakik<\/a><\/p>\n","protected":false},"excerpt":{"rendered":"<p>Larnaka\u2019ya ba\u011fl\u0131 Oroklini b\u00f6lgesinde 48 ya\u015f\u0131ndaki \u015fahsa ait ara\u00e7 d\u00fcn sabaha yak\u0131n kundakland\u0131. Alithia gazetesi, sahibinin ikamet etti\u011fi apartman\u0131n park yerinde kundaklanan arac\u0131n tamamen hasar g\u00f6rd\u00fc\u011f\u00fcn\u00fc yazd\u0131. \u00d6te yandan Haravgi gazetesi d\u00fcn Akama b\u00f6lgesinde kulland\u0131klar\u0131 buggy tipi motorlu ara\u00e7la 29 metrelik u\u00e7uruma d\u00fc\u015fen iki turistin yaraland\u0131\u011f\u0131n\u0131; ancak hayati tehlikeleri bulunmad\u0131\u011f\u0131n\u0131 yazd\u0131. Kazan\u0131n arac\u0131 kullanan 25<\/p>\n","protected":false},"author":1,"featured_media":83835,"comment_status":"open","ping_status":"open","sticky":false,"template":"","format":"standard","meta":{"footnotes":""},"categories":[81,101],"tags":[],"class_list":["post-83834","post","type-post","status-publish","format-standard","has-post-thumbnail","hentry","category-kibris","category-manset"],"yoast_head":"<!-- This site is optimized with the Yoast SEO plugin v27.5 - https:\/\/yoast.com\/product\/yoast-seo-wordpress\/ -->\n<title>Kundaklama...turistler yaraland\u0131 -<\/title>\n<meta name=\"robots\" content=\"index, follow, max-snippet:-1, max-image-preview:large, max-video-preview:-1\" \/>\n<link rel=\"canonical\" href=\"https:\/\/kibrisdakik.com\/?p=83834\" \/>\n<meta property=\"og:locale\" content=\"tr_TR\" \/>\n<meta property=\"og:type\" content=\"article\" \/>\n<meta property=\"og:title\" content=\"Kundaklama...turistler yaraland\u0131 -\" \/>\n<meta property=\"og:description\" content=\"Larnaka\u2019ya ba\u011fl\u0131 Oroklini b\u00f6lgesinde 48 ya\u015f\u0131ndaki \u015fahsa ait ara\u00e7 d\u00fcn sabaha yak\u0131n kundakland\u0131. Alithia gazetesi, sahibinin ikamet etti\u011fi apartman\u0131n park yerinde kundaklanan arac\u0131n tamamen hasar g\u00f6rd\u00fc\u011f\u00fcn\u00fc yazd\u0131. \u00d6te yandan Haravgi gazetesi d\u00fcn Akama b\u00f6lgesinde kulland\u0131klar\u0131 buggy tipi motorlu ara\u00e7la 29 metrelik u\u00e7uruma d\u00fc\u015fen iki turistin yaraland\u0131\u011f\u0131n\u0131; ancak hayati tehlikeleri bulunmad\u0131\u011f\u0131n\u0131 yazd\u0131. Kazan\u0131n arac\u0131 kullanan 25\" \/>\n<meta property=\"og:url\" content=\"https:\/\/kibrisdakik.com\/?p=83834\" \/>\n<meta property=\"article:published_time\" content=\"2025-06-04T09:49:51+00:00\" \/>\n<meta property=\"og:image\" content=\"https:\/\/kibrisdakik.com\/wp-content\/uploads\/2025\/06\/itfaiye-guney-740x420.jpg\" \/>\n\t<meta property=\"og:image:width\" content=\"971\" \/>\n\t<meta property=\"og:image:height\" content=\"551\" \/>\n\t<meta property=\"og:image:type\" content=\"image\/jpeg\" \/>\n<meta name=\"author\" content=\"admin\" \/>\n<meta name=\"twitter:card\" content=\"summary_large_image\" \/>\n<meta name=\"twitter:label1\" content=\"Yazan:\" \/>\n\t<meta name=\"twitter:data1\" content=\"admin\" \/>\n\t<meta name=\"twitter:label2\" content=\"Tahmini okuma s\u00fcresi\" \/>\n\t<meta name=\"twitter:data2\" content=\"1 dakika\" \/>\n<script type=\"application\/ld+json\" class=\"yoast-schema-graph\">{\"@context\":\"https:\\\/\\\/schema.org\",\"@graph\":[{\"@type\":\"Article\",\"@id\":\"https:\\\/\\\/kibrisdakik.com\\\/?p=83834#article\",\"isPartOf\":{\"@id\":\"https:\\\/\\\/kibrisdakik.com\\\/?p=83834\"},\"author\":{\"name\":\"admin\",\"@id\":\"https:\\\/\\\/kibrisdakik.com\\\/#\\\/schema\\\/person\\\/9cd9d437bbb44f72b73ba127e06d8e79\"},\"headline\":\"Kundaklama&#8230;turistler yaraland\u0131\",\"datePublished\":\"2025-06-04T09:49:51+00:00\",\"mainEntityOfPage\":{\"@id\":\"https:\\\/\\\/kibrisdakik.com\\\/?p=83834\"},\"wordCount\":110,\"commentCount\":0,\"image\":{\"@id\":\"https:\\\/\\\/kibrisdakik.com\\\/?p=83834#primaryimage\"},\"thumbnailUrl\":\"https:\\\/\\\/kibrisdakik.com\\\/wp-content\\\/uploads\\\/2025\\\/06\\\/itfaiye-guney-740x420.jpg\",\"articleSection\":[\"K\u0131br\u0131s\",\"Man\u015fet\"],\"inLanguage\":\"tr\",\"potentialAction\":[{\"@type\":\"CommentAction\",\"name\":\"Comment\",\"target\":[\"https:\\\/\\\/kibrisdakik.com\\\/?p=83834#respond\"]}]},{\"@type\":\"WebPage\",\"@id\":\"https:\\\/\\\/kibrisdakik.com\\\/?p=83834\",\"url\":\"https:\\\/\\\/kibrisdakik.com\\\/?p=83834\",\"name\":\"Kundaklama...turistler yaraland\u0131 -\",\"isPartOf\":{\"@id\":\"https:\\\/\\\/kibrisdakik.com\\\/#website\"},\"primaryImageOfPage\":{\"@id\":\"https:\\\/\\\/kibrisdakik.com\\\/?p=83834#primaryimage\"},\"image\":{\"@id\":\"https:\\\/\\\/kibrisdakik.com\\\/?p=83834#primaryimage\"},\"thumbnailUrl\":\"https:\\\/\\\/kibrisdakik.com\\\/wp-content\\\/uploads\\\/2025\\\/06\\\/itfaiye-guney-740x420.jpg\",\"datePublished\":\"2025-06-04T09:49:51+00:00\",\"author\":{\"@id\":\"https:\\\/\\\/kibrisdakik.com\\\/#\\\/schema\\\/person\\\/9cd9d437bbb44f72b73ba127e06d8e79\"},\"breadcrumb\":{\"@id\":\"https:\\\/\\\/kibrisdakik.com\\\/?p=83834#breadcrumb\"},\"inLanguage\":\"tr\",\"potentialAction\":[{\"@type\":\"ReadAction\",\"target\":[\"https:\\\/\\\/kibrisdakik.com\\\/?p=83834\"]}]},{\"@type\":\"ImageObject\",\"inLanguage\":\"tr\",\"@id\":\"https:\\\/\\\/kibrisdakik.com\\\/?p=83834#primaryimage\",\"url\":\"https:\\\/\\\/kibrisdakik.com\\\/wp-content\\\/uploads\\\/2025\\\/06\\\/itfaiye-guney-740x420.jpg\",\"contentUrl\":\"https:\\\/\\\/kibrisdakik.com\\\/wp-content\\\/uploads\\\/2025\\\/06\\\/itfaiye-guney-740x420.jpg\",\"width\":971,\"height\":551},{\"@type\":\"BreadcrumbList\",\"@id\":\"https:\\\/\\\/kibrisdakik.com\\\/?p=83834#breadcrumb\",\"itemListElement\":[{\"@type\":\"ListItem\",\"position\":1,\"name\":\"Home\",\"item\":\"https:\\\/\\\/kibrisdakik.com\\\/\"},{\"@type\":\"ListItem\",\"position\":2,\"name\":\"Kundaklama&#8230;turistler yaraland\u0131\"}]},{\"@type\":\"WebSite\",\"@id\":\"https:\\\/\\\/kibrisdakik.com\\\/#website\",\"url\":\"https:\\\/\\\/kibrisdakik.com\\\/\",\"name\":\"\",\"description\":\"Tam vaktinde haber\",\"potentialAction\":[{\"@type\":\"SearchAction\",\"target\":{\"@type\":\"EntryPoint\",\"urlTemplate\":\"https:\\\/\\\/kibrisdakik.com\\\/?s={search_term_string}\"},\"query-input\":{\"@type\":\"PropertyValueSpecification\",\"valueRequired\":true,\"valueName\":\"search_term_string\"}}],\"inLanguage\":\"tr\"},{\"@type\":\"Person\",\"@id\":\"https:\\\/\\\/kibrisdakik.com\\\/#\\\/schema\\\/person\\\/9cd9d437bbb44f72b73ba127e06d8e79\",\"name\":\"admin\",\"image\":{\"@type\":\"ImageObject\",\"inLanguage\":\"tr\",\"@id\":\"https:\\\/\\\/secure.gravatar.com\\\/avatar\\\/ccc17943b9d660506c869530f897617f7cb1c21a4bf30023f252596d83e1f007?s=96&d=mm&r=g\",\"url\":\"https:\\\/\\\/secure.gravatar.com\\\/avatar\\\/ccc17943b9d660506c869530f897617f7cb1c21a4bf30023f252596d83e1f007?s=96&d=mm&r=g\",\"contentUrl\":\"https:\\\/\\\/secure.gravatar.com\\\/avatar\\\/ccc17943b9d660506c869530f897617f7cb1c21a4bf30023f252596d83e1f007?s=96&d=mm&r=g\",\"caption\":\"admin\"},\"sameAs\":[\"https:\\\/\\\/kibrisdakik.com\"],\"url\":\"https:\\\/\\\/kibrisdakik.com\\\/?author=1\"}]}<\/script>\n<!-- \/ Yoast SEO plugin. -->","yoast_head_json":{"title":"Kundaklama...turistler yaraland\u0131 -","robots":{"index":"index","follow":"follow","max-snippet":"max-snippet:-1","max-image-preview":"max-image-preview:large","max-video-preview":"max-video-preview:-1"},"canonical":"https:\/\/kibrisdakik.com\/?p=83834","og_locale":"tr_TR","og_type":"article","og_title":"Kundaklama...turistler yaraland\u0131 -","og_description":"Larnaka\u2019ya ba\u011fl\u0131 Oroklini b\u00f6lgesinde 48 ya\u015f\u0131ndaki \u015fahsa ait ara\u00e7 d\u00fcn sabaha yak\u0131n kundakland\u0131. Alithia gazetesi, sahibinin ikamet etti\u011fi apartman\u0131n park yerinde kundaklanan arac\u0131n tamamen hasar g\u00f6rd\u00fc\u011f\u00fcn\u00fc yazd\u0131. \u00d6te yandan Haravgi gazetesi d\u00fcn Akama b\u00f6lgesinde kulland\u0131klar\u0131 buggy tipi motorlu ara\u00e7la 29 metrelik u\u00e7uruma d\u00fc\u015fen iki turistin yaraland\u0131\u011f\u0131n\u0131; ancak hayati tehlikeleri bulunmad\u0131\u011f\u0131n\u0131 yazd\u0131. Kazan\u0131n arac\u0131 kullanan 25","og_url":"https:\/\/kibrisdakik.com\/?p=83834","article_published_time":"2025-06-04T09:49:51+00:00","og_image":[{"width":971,"height":551,"url":"https:\/\/kibrisdakik.com\/wp-content\/uploads\/2025\/06\/itfaiye-guney-740x420.jpg","type":"image\/jpeg"}],"author":"admin","twitter_card":"summary_large_image","twitter_misc":{"Yazan:":"admin","Tahmini okuma s\u00fcresi":"1 dakika"},"schema":{"@context":"https:\/\/schema.org","@graph":[{"@type":"Article","@id":"https:\/\/kibrisdakik.com\/?p=83834#article","isPartOf":{"@id":"https:\/\/kibrisdakik.com\/?p=83834"},"author":{"name":"admin","@id":"https:\/\/kibrisdakik.com\/#\/schema\/person\/9cd9d437bbb44f72b73ba127e06d8e79"},"headline":"Kundaklama&#8230;turistler yaraland\u0131","datePublished":"2025-06-04T09:49:51+00:00","mainEntityOfPage":{"@id":"https:\/\/kibrisdakik.com\/?p=83834"},"wordCount":110,"commentCount":0,"image":{"@id":"https:\/\/kibrisdakik.com\/?p=83834#primaryimage"},"thumbnailUrl":"https:\/\/kibrisdakik.com\/wp-content\/uploads\/2025\/06\/itfaiye-guney-740x420.jpg","articleSection":["K\u0131br\u0131s","Man\u015fet"],"inLanguage":"tr","potentialAction":[{"@type":"CommentAction","name":"Comment","target":["https:\/\/kibrisdakik.com\/?p=83834#respond"]}]},{"@type":"WebPage","@id":"https:\/\/kibrisdakik.com\/?p=83834","url":"https:\/\/kibrisdakik.com\/?p=83834","name":"Kundaklama...turistler yaraland\u0131 -","isPartOf":{"@id":"https:\/\/kibrisdakik.com\/#website"},"primaryImageOfPage":{"@id":"https:\/\/kibrisdakik.com\/?p=83834#primaryimage"},"image":{"@id":"https:\/\/kibrisdakik.com\/?p=83834#primaryimage"},"thumbnailUrl":"https:\/\/kibrisdakik.com\/wp-content\/uploads\/2025\/06\/itfaiye-guney-740x420.jpg","datePublished":"2025-06-04T09:49:51+00:00","author":{"@id":"https:\/\/kibrisdakik.com\/#\/schema\/person\/9cd9d437bbb44f72b73ba127e06d8e79"},"breadcrumb":{"@id":"https:\/\/kibrisdakik.com\/?p=83834#breadcrumb"},"inLanguage":"tr","potentialAction":[{"@type":"ReadAction","target":["https:\/\/kibrisdakik.com\/?p=83834"]}]},{"@type":"ImageObject","inLanguage":"tr","@id":"https:\/\/kibrisdakik.com\/?p=83834#primaryimage","url":"https:\/\/kibrisdakik.com\/wp-content\/uploads\/2025\/06\/itfaiye-guney-740x420.jpg","contentUrl":"https:\/\/kibrisdakik.com\/wp-content\/uploads\/2025\/06\/itfaiye-guney-740x420.jpg","width":971,"height":551},{"@type":"BreadcrumbList","@id":"https:\/\/kibrisdakik.com\/?p=83834#breadcrumb","itemListElement":[{"@type":"ListItem","position":1,"name":"Home","item":"https:\/\/kibrisdakik.com\/"},{"@type":"ListItem","position":2,"name":"Kundaklama&#8230;turistler yaraland\u0131"}]},{"@type":"WebSite","@id":"https:\/\/kibrisdakik.com\/#website","url":"https:\/\/kibrisdakik.com\/","name":"","description":"Tam vaktinde haber","potentialAction":[{"@type":"SearchAction","target":{"@type":"EntryPoint","urlTemplate":"https:\/\/kibrisdakik.com\/?s={search_term_string}"},"query-input":{"@type":"PropertyValueSpecification","valueRequired":true,"valueName":"search_term_string"}}],"inLanguage":"tr"},{"@type":"Person","@id":"https:\/\/kibrisdakik.com\/#\/schema\/person\/9cd9d437bbb44f72b73ba127e06d8e79","name":"admin","image":{"@type":"ImageObject","inLanguage":"tr","@id":"https:\/\/secure.gravatar.com\/avatar\/ccc17943b9d660506c869530f897617f7cb1c21a4bf30023f252596d83e1f007?s=96&d=mm&r=g","url":"https:\/\/secure.gravatar.com\/avatar\/ccc17943b9d660506c869530f897617f7cb1c21a4bf30023f252596d83e1f007?s=96&d=mm&r=g","contentUrl":"https:\/\/secure.gravatar.com\/avatar\/ccc17943b9d660506c869530f897617f7cb1c21a4bf30023f252596d83e1f007?s=96&d=mm&r=g","caption":"admin"},"sameAs":["https:\/\/kibrisdakik.com"],"url":"https:\/\/kibrisdakik.com\/?author=1"}]}},"_links":{"self":[{"href":"https:\/\/kibrisdakik.com\/index.php?rest_route=\/wp\/v2\/posts\/83834","targetHints":{"allow":["GET"]}}],"collection":[{"href":"https:\/\/kibrisdakik.com\/index.php?rest_route=\/wp\/v2\/posts"}],"about":[{"href":"https:\/\/kibrisdakik.com\/index.php?rest_route=\/wp\/v2\/types\/post"}],"author":[{"embeddable":true,"href":"https:\/\/kibrisdakik.com\/index.php?rest_route=\/wp\/v2\/users\/1"}],"replies":[{"embeddable":true,"href":"https:\/\/kibrisdakik.com\/index.php?rest_route=%2Fwp%2Fv2%2Fcomments&post=83834"}],"version-history":[{"count":0,"href":"https:\/\/kibrisdakik.com\/index.php?rest_route=\/wp\/v2\/posts\/83834\/revisions"}],"wp:featuredmedia":[{"embeddable":true,"href":"https:\/\/kibrisdakik.com\/index.php?rest_route=\/wp\/v2\/media\/83835"}],"wp:attachment":[{"href":"https:\/\/kibrisdakik.com\/index.php?rest_route=%2Fwp%2Fv2%2Fmedia&parent=83834"}],"wp:term":[{"taxonomy":"category","embeddable":true,"href":"https:\/\/kibrisdakik.com\/index.php?rest_route=%2Fwp%2Fv2%2Fcategories&post=83834"},{"taxonomy":"post_tag","embeddable":true,"href":"https:\/\/kibrisdakik.com\/index.php?rest_route=%2Fwp%2Fv2%2Ftags&post=83834"}],"curies":[{"name":"wp","href":"https:\/\/api.w.org\/{rel}","templated":true}]}}