{"id":83838,"date":"2025-06-04T13:03:01","date_gmt":"2025-06-04T10:03:01","guid":{"rendered":"https:\/\/kibrisdakik.com\/index.php\/2025\/06\/04\/sencer-kktcnin-bekasi-bir-kisinin-cumhurbaskani-secilmesine-bagli-degil\/"},"modified":"2025-06-04T13:03:01","modified_gmt":"2025-06-04T10:03:01","slug":"sencer-kktcnin-bekasi-bir-kisinin-cumhurbaskani-secilmesine-bagli-degil","status":"publish","type":"post","link":"https:\/\/kibrisdakik.com\/?p=83838","title":{"rendered":"Sencer: \u201cKKTC\u2019nin bekas\u0131 bir ki\u015finin Cumhurba\u015fkan\u0131 se\u00e7ilmesine ba\u011fl\u0131 de\u011fil\u201d"},"content":{"rendered":"<p> <br \/>\n<\/p>\n<div data-text-id=\"77720\" property=\"articleBody\">\n<p><span>Milliyet\u00e7i Demokrasi Partisi (MDP) Genel Sekreteri Sunalp Dervi\u015f Sencer, Kuzey K\u0131br\u0131s T\u00fcrk Cumhuriyeti\u2019nin bekas\u0131n\u0131n bir ki\u015finin Cumhurba\u015fkan\u0131 se\u00e7ilmesine ba\u011fl\u0131 olmad\u0131\u011f\u0131n\u0131 <\/span><span>s\u00f6yledi.<\/span><\/p>\n<p>Cumhurba\u015fkan\u0131 ve Cumhurba\u015fkan\u0131 aday\u0131 Ersin Tatar\u2019a UBP- DP-YDP h\u00fck\u00fcmetin deste\u011finin belirtildi\u011fi \u201cSa\u011fduyu Mutabakat\u0131\u201d etkinli\u011fini ele\u015ftiren Sencer, Tatar\u2019\u0131n se\u00e7imi kaybetmesiyle KKTC\u2019nin y\u0131k\u0131lmayaca\u011f\u0131n\u0131 kaydetti.<\/p>\n<p>Sencer, yaz\u0131l\u0131 a\u00e7\u0131klamas\u0131nda, etkinlikte bu se\u00e7imin \u201cK\u0131br\u0131s T\u00fcrk\u00fc\u2019n\u00fcn beka meselesi\u201d oldu\u011funun ifade edildi\u011fini ancak nedeninin s\u00f6ylenmedi\u011fini kaydederek, bu t\u00fcr sloganlar\u0131n maksad\u0131n\u0131n halkta tedirginlik ve korku yaratmak oldu\u011funu savundu.<\/p>\n<div class=\"post-flash\">\n        <!--\n\n<h3 class=\"post-flash__title\">G&ouml;zden ka&ccedil;&#305;rmay&#305;n<\/h3>\n\n--><\/p>\n<div class=\"row g-0 align-items-center\">\n<div class=\"col-5 col-sm-3\">\n                \n            <\/div>\n<div class=\"col-7 col-sm-9\">\n<div class=\"post-flash-heading p-2\">\n<p>19 May\u0131s Atat\u00fcrk\u2019\u00fc Anma Gen\u00e7lik ve Spor Bayram\u0131 G\u00fczelyurt\u2019ta d\u00fczenlenen t\u00f6renle kutland\u0131<\/p>\n<p>\u0130\u00e7eri\u011fi G\u00f6r\u00fcnt\u00fcle <i class=\"fa fa-arrow-right ps-2\"\/><\/p>\n<\/p><\/div>\n<\/p><\/div>\n<\/p><\/div>\n<\/p><\/div>\n<p>Devletin bekas\u0131n\u0131n bir ki\u015finin Cumhurba\u015fkan\u0131 se\u00e7ilmesine ba\u011flaman\u0131n devleti aciz ve c\u0131l\u0131z g\u00f6sterdi\u011fini, bunun K\u0131br\u0131s T\u00fcrk halk\u0131n\u0131 ve Kuzey K\u0131br\u0131s T\u00fcrk Cumhuriyeti\u2019ni a\u015fa\u011f\u0131lamak oldu\u011funu belirten Dervi\u015f Sencer, Kuzey K\u0131br\u0131s T\u00fcrk Cumhuriyeti\u2019nin \u201charamiler\u201d taraf\u0131ndan s\u00f6m\u00fcr\u00fcld\u00fc\u011f\u00fcn\u00fc savunarak, \u00fclkenin buna ra\u011fmen dimdik ayakta durdu\u011funu ifade etti.<\/p>\n<\/p><\/div>\n<p><br \/>\n<br \/><a href=\"> K\u0131br\u0131s dakik<\/a><\/p>\n","protected":false},"excerpt":{"rendered":"<p>Milliyet\u00e7i Demokrasi Partisi (MDP) Genel Sekreteri Sunalp Dervi\u015f Sencer, Kuzey K\u0131br\u0131s T\u00fcrk Cumhuriyeti\u2019nin bekas\u0131n\u0131n bir ki\u015finin Cumhurba\u015fkan\u0131 se\u00e7ilmesine ba\u011fl\u0131 olmad\u0131\u011f\u0131n\u0131 s\u00f6yledi. Cumhurba\u015fkan\u0131 ve Cumhurba\u015fkan\u0131 aday\u0131 Ersin Tatar\u2019a UBP- DP-YDP h\u00fck\u00fcmetin deste\u011finin belirtildi\u011fi \u201cSa\u011fduyu Mutabakat\u0131\u201d etkinli\u011fini ele\u015ftiren Sencer, Tatar\u2019\u0131n se\u00e7imi kaybetmesiyle KKTC\u2019nin y\u0131k\u0131lmayaca\u011f\u0131n\u0131 kaydetti. Sencer, yaz\u0131l\u0131 a\u00e7\u0131klamas\u0131nda, etkinlikte bu se\u00e7imin \u201cK\u0131br\u0131s T\u00fcrk\u00fc\u2019n\u00fcn beka meselesi\u201d oldu\u011funun ifade<\/p>\n","protected":false},"author":1,"featured_media":83839,"comment_status":"open","ping_status":"open","sticky":false,"template":"","format":"standard","meta":{"footnotes":""},"categories":[81,101],"tags":[],"class_list":["post-83838","post","type-post","status-publish","format-standard","has-post-thumbnail","hentry","category-kibris","category-manset"],"yoast_head":"<!-- This site is optimized with the Yoast SEO plugin v27.4 - https:\/\/yoast.com\/product\/yoast-seo-wordpress\/ -->\n<title>Sencer: \u201cKKTC\u2019nin bekas\u0131 bir ki\u015finin Cumhurba\u015fkan\u0131 se\u00e7ilmesine ba\u011fl\u0131 de\u011fil\u201d -<\/title>\n<meta name=\"robots\" content=\"index, follow, max-snippet:-1, max-image-preview:large, max-video-preview:-1\" \/>\n<link rel=\"canonical\" href=\"https:\/\/kibrisdakik.com\/?p=83838\" \/>\n<meta property=\"og:locale\" content=\"tr_TR\" \/>\n<meta property=\"og:type\" content=\"article\" \/>\n<meta property=\"og:title\" content=\"Sencer: \u201cKKTC\u2019nin bekas\u0131 bir ki\u015finin Cumhurba\u015fkan\u0131 se\u00e7ilmesine ba\u011fl\u0131 de\u011fil\u201d -\" \/>\n<meta property=\"og:description\" content=\"Milliyet\u00e7i Demokrasi Partisi (MDP) Genel Sekreteri Sunalp Dervi\u015f Sencer, Kuzey K\u0131br\u0131s T\u00fcrk Cumhuriyeti\u2019nin bekas\u0131n\u0131n bir ki\u015finin Cumhurba\u015fkan\u0131 se\u00e7ilmesine ba\u011fl\u0131 olmad\u0131\u011f\u0131n\u0131 s\u00f6yledi. Cumhurba\u015fkan\u0131 ve Cumhurba\u015fkan\u0131 aday\u0131 Ersin Tatar\u2019a UBP- DP-YDP h\u00fck\u00fcmetin deste\u011finin belirtildi\u011fi \u201cSa\u011fduyu Mutabakat\u0131\u201d etkinli\u011fini ele\u015ftiren Sencer, Tatar\u2019\u0131n se\u00e7imi kaybetmesiyle KKTC\u2019nin y\u0131k\u0131lmayaca\u011f\u0131n\u0131 kaydetti. Sencer, yaz\u0131l\u0131 a\u00e7\u0131klamas\u0131nda, etkinlikte bu se\u00e7imin \u201cK\u0131br\u0131s T\u00fcrk\u00fc\u2019n\u00fcn beka meselesi\u201d oldu\u011funun ifade\" \/>\n<meta property=\"og:url\" content=\"https:\/\/kibrisdakik.com\/?p=83838\" \/>\n<meta property=\"article:published_time\" content=\"2025-06-04T10:03:01+00:00\" \/>\n<meta property=\"og:image\" content=\"https:\/\/kibrisdakik.com\/wp-content\/uploads\/2025\/06\/m-d-p-1-740x420.jpeg\" \/>\n\t<meta property=\"og:image:width\" content=\"960\" \/>\n\t<meta property=\"og:image:height\" content=\"834\" \/>\n\t<meta property=\"og:image:type\" content=\"image\/jpeg\" \/>\n<meta name=\"author\" content=\"admin\" \/>\n<meta name=\"twitter:card\" content=\"summary_large_image\" \/>\n<meta name=\"twitter:label1\" content=\"Yazan:\" \/>\n\t<meta name=\"twitter:data1\" content=\"admin\" \/>\n\t<meta name=\"twitter:label2\" content=\"Tahmini okuma s\u00fcresi\" \/>\n\t<meta name=\"twitter:data2\" content=\"1 dakika\" \/>\n<script type=\"application\/ld+json\" class=\"yoast-schema-graph\">{\"@context\":\"https:\\\/\\\/schema.org\",\"@graph\":[{\"@type\":\"Article\",\"@id\":\"https:\\\/\\\/kibrisdakik.com\\\/?p=83838#article\",\"isPartOf\":{\"@id\":\"https:\\\/\\\/kibrisdakik.com\\\/?p=83838\"},\"author\":{\"name\":\"admin\",\"@id\":\"https:\\\/\\\/kibrisdakik.com\\\/#\\\/schema\\\/person\\\/9cd9d437bbb44f72b73ba127e06d8e79\"},\"headline\":\"Sencer: \u201cKKTC\u2019nin bekas\u0131 bir ki\u015finin Cumhurba\u015fkan\u0131 se\u00e7ilmesine ba\u011fl\u0131 de\u011fil\u201d\",\"datePublished\":\"2025-06-04T10:03:01+00:00\",\"mainEntityOfPage\":{\"@id\":\"https:\\\/\\\/kibrisdakik.com\\\/?p=83838\"},\"wordCount\":234,\"commentCount\":0,\"image\":{\"@id\":\"https:\\\/\\\/kibrisdakik.com\\\/?p=83838#primaryimage\"},\"thumbnailUrl\":\"https:\\\/\\\/kibrisdakik.com\\\/wp-content\\\/uploads\\\/2025\\\/06\\\/m-d-p-1-740x420.jpeg\",\"articleSection\":[\"K\u0131br\u0131s\",\"Man\u015fet\"],\"inLanguage\":\"tr\",\"potentialAction\":[{\"@type\":\"CommentAction\",\"name\":\"Comment\",\"target\":[\"https:\\\/\\\/kibrisdakik.com\\\/?p=83838#respond\"]}]},{\"@type\":\"WebPage\",\"@id\":\"https:\\\/\\\/kibrisdakik.com\\\/?p=83838\",\"url\":\"https:\\\/\\\/kibrisdakik.com\\\/?p=83838\",\"name\":\"Sencer: \u201cKKTC\u2019nin bekas\u0131 bir ki\u015finin Cumhurba\u015fkan\u0131 se\u00e7ilmesine ba\u011fl\u0131 de\u011fil\u201d -\",\"isPartOf\":{\"@id\":\"https:\\\/\\\/kibrisdakik.com\\\/#website\"},\"primaryImageOfPage\":{\"@id\":\"https:\\\/\\\/kibrisdakik.com\\\/?p=83838#primaryimage\"},\"image\":{\"@id\":\"https:\\\/\\\/kibrisdakik.com\\\/?p=83838#primaryimage\"},\"thumbnailUrl\":\"https:\\\/\\\/kibrisdakik.com\\\/wp-content\\\/uploads\\\/2025\\\/06\\\/m-d-p-1-740x420.jpeg\",\"datePublished\":\"2025-06-04T10:03:01+00:00\",\"author\":{\"@id\":\"https:\\\/\\\/kibrisdakik.com\\\/#\\\/schema\\\/person\\\/9cd9d437bbb44f72b73ba127e06d8e79\"},\"breadcrumb\":{\"@id\":\"https:\\\/\\\/kibrisdakik.com\\\/?p=83838#breadcrumb\"},\"inLanguage\":\"tr\",\"potentialAction\":[{\"@type\":\"ReadAction\",\"target\":[\"https:\\\/\\\/kibrisdakik.com\\\/?p=83838\"]}]},{\"@type\":\"ImageObject\",\"inLanguage\":\"tr\",\"@id\":\"https:\\\/\\\/kibrisdakik.com\\\/?p=83838#primaryimage\",\"url\":\"https:\\\/\\\/kibrisdakik.com\\\/wp-content\\\/uploads\\\/2025\\\/06\\\/m-d-p-1-740x420.jpeg\",\"contentUrl\":\"https:\\\/\\\/kibrisdakik.com\\\/wp-content\\\/uploads\\\/2025\\\/06\\\/m-d-p-1-740x420.jpeg\",\"width\":960,\"height\":834},{\"@type\":\"BreadcrumbList\",\"@id\":\"https:\\\/\\\/kibrisdakik.com\\\/?p=83838#breadcrumb\",\"itemListElement\":[{\"@type\":\"ListItem\",\"position\":1,\"name\":\"Home\",\"item\":\"https:\\\/\\\/kibrisdakik.com\\\/\"},{\"@type\":\"ListItem\",\"position\":2,\"name\":\"Sencer: \u201cKKTC\u2019nin bekas\u0131 bir ki\u015finin Cumhurba\u015fkan\u0131 se\u00e7ilmesine ba\u011fl\u0131 de\u011fil\u201d\"}]},{\"@type\":\"WebSite\",\"@id\":\"https:\\\/\\\/kibrisdakik.com\\\/#website\",\"url\":\"https:\\\/\\\/kibrisdakik.com\\\/\",\"name\":\"\",\"description\":\"Tam vaktinde haber\",\"potentialAction\":[{\"@type\":\"SearchAction\",\"target\":{\"@type\":\"EntryPoint\",\"urlTemplate\":\"https:\\\/\\\/kibrisdakik.com\\\/?s={search_term_string}\"},\"query-input\":{\"@type\":\"PropertyValueSpecification\",\"valueRequired\":true,\"valueName\":\"search_term_string\"}}],\"inLanguage\":\"tr\"},{\"@type\":\"Person\",\"@id\":\"https:\\\/\\\/kibrisdakik.com\\\/#\\\/schema\\\/person\\\/9cd9d437bbb44f72b73ba127e06d8e79\",\"name\":\"admin\",\"image\":{\"@type\":\"ImageObject\",\"inLanguage\":\"tr\",\"@id\":\"https:\\\/\\\/secure.gravatar.com\\\/avatar\\\/ccc17943b9d660506c869530f897617f7cb1c21a4bf30023f252596d83e1f007?s=96&d=mm&r=g\",\"url\":\"https:\\\/\\\/secure.gravatar.com\\\/avatar\\\/ccc17943b9d660506c869530f897617f7cb1c21a4bf30023f252596d83e1f007?s=96&d=mm&r=g\",\"contentUrl\":\"https:\\\/\\\/secure.gravatar.com\\\/avatar\\\/ccc17943b9d660506c869530f897617f7cb1c21a4bf30023f252596d83e1f007?s=96&d=mm&r=g\",\"caption\":\"admin\"},\"sameAs\":[\"https:\\\/\\\/kibrisdakik.com\"],\"url\":\"https:\\\/\\\/kibrisdakik.com\\\/?author=1\"}]}<\/script>\n<!-- \/ Yoast SEO plugin. -->","yoast_head_json":{"title":"Sencer: \u201cKKTC\u2019nin bekas\u0131 bir ki\u015finin Cumhurba\u015fkan\u0131 se\u00e7ilmesine ba\u011fl\u0131 de\u011fil\u201d -","robots":{"index":"index","follow":"follow","max-snippet":"max-snippet:-1","max-image-preview":"max-image-preview:large","max-video-preview":"max-video-preview:-1"},"canonical":"https:\/\/kibrisdakik.com\/?p=83838","og_locale":"tr_TR","og_type":"article","og_title":"Sencer: \u201cKKTC\u2019nin bekas\u0131 bir ki\u015finin Cumhurba\u015fkan\u0131 se\u00e7ilmesine ba\u011fl\u0131 de\u011fil\u201d -","og_description":"Milliyet\u00e7i Demokrasi Partisi (MDP) Genel Sekreteri Sunalp Dervi\u015f Sencer, Kuzey K\u0131br\u0131s T\u00fcrk Cumhuriyeti\u2019nin bekas\u0131n\u0131n bir ki\u015finin Cumhurba\u015fkan\u0131 se\u00e7ilmesine ba\u011fl\u0131 olmad\u0131\u011f\u0131n\u0131 s\u00f6yledi. Cumhurba\u015fkan\u0131 ve Cumhurba\u015fkan\u0131 aday\u0131 Ersin Tatar\u2019a UBP- DP-YDP h\u00fck\u00fcmetin deste\u011finin belirtildi\u011fi \u201cSa\u011fduyu Mutabakat\u0131\u201d etkinli\u011fini ele\u015ftiren Sencer, Tatar\u2019\u0131n se\u00e7imi kaybetmesiyle KKTC\u2019nin y\u0131k\u0131lmayaca\u011f\u0131n\u0131 kaydetti. Sencer, yaz\u0131l\u0131 a\u00e7\u0131klamas\u0131nda, etkinlikte bu se\u00e7imin \u201cK\u0131br\u0131s T\u00fcrk\u00fc\u2019n\u00fcn beka meselesi\u201d oldu\u011funun ifade","og_url":"https:\/\/kibrisdakik.com\/?p=83838","article_published_time":"2025-06-04T10:03:01+00:00","og_image":[{"width":960,"height":834,"url":"https:\/\/kibrisdakik.com\/wp-content\/uploads\/2025\/06\/m-d-p-1-740x420.jpeg","type":"image\/jpeg"}],"author":"admin","twitter_card":"summary_large_image","twitter_misc":{"Yazan:":"admin","Tahmini okuma s\u00fcresi":"1 dakika"},"schema":{"@context":"https:\/\/schema.org","@graph":[{"@type":"Article","@id":"https:\/\/kibrisdakik.com\/?p=83838#article","isPartOf":{"@id":"https:\/\/kibrisdakik.com\/?p=83838"},"author":{"name":"admin","@id":"https:\/\/kibrisdakik.com\/#\/schema\/person\/9cd9d437bbb44f72b73ba127e06d8e79"},"headline":"Sencer: \u201cKKTC\u2019nin bekas\u0131 bir ki\u015finin Cumhurba\u015fkan\u0131 se\u00e7ilmesine ba\u011fl\u0131 de\u011fil\u201d","datePublished":"2025-06-04T10:03:01+00:00","mainEntityOfPage":{"@id":"https:\/\/kibrisdakik.com\/?p=83838"},"wordCount":234,"commentCount":0,"image":{"@id":"https:\/\/kibrisdakik.com\/?p=83838#primaryimage"},"thumbnailUrl":"https:\/\/kibrisdakik.com\/wp-content\/uploads\/2025\/06\/m-d-p-1-740x420.jpeg","articleSection":["K\u0131br\u0131s","Man\u015fet"],"inLanguage":"tr","potentialAction":[{"@type":"CommentAction","name":"Comment","target":["https:\/\/kibrisdakik.com\/?p=83838#respond"]}]},{"@type":"WebPage","@id":"https:\/\/kibrisdakik.com\/?p=83838","url":"https:\/\/kibrisdakik.com\/?p=83838","name":"Sencer: \u201cKKTC\u2019nin bekas\u0131 bir ki\u015finin Cumhurba\u015fkan\u0131 se\u00e7ilmesine ba\u011fl\u0131 de\u011fil\u201d -","isPartOf":{"@id":"https:\/\/kibrisdakik.com\/#website"},"primaryImageOfPage":{"@id":"https:\/\/kibrisdakik.com\/?p=83838#primaryimage"},"image":{"@id":"https:\/\/kibrisdakik.com\/?p=83838#primaryimage"},"thumbnailUrl":"https:\/\/kibrisdakik.com\/wp-content\/uploads\/2025\/06\/m-d-p-1-740x420.jpeg","datePublished":"2025-06-04T10:03:01+00:00","author":{"@id":"https:\/\/kibrisdakik.com\/#\/schema\/person\/9cd9d437bbb44f72b73ba127e06d8e79"},"breadcrumb":{"@id":"https:\/\/kibrisdakik.com\/?p=83838#breadcrumb"},"inLanguage":"tr","potentialAction":[{"@type":"ReadAction","target":["https:\/\/kibrisdakik.com\/?p=83838"]}]},{"@type":"ImageObject","inLanguage":"tr","@id":"https:\/\/kibrisdakik.com\/?p=83838#primaryimage","url":"https:\/\/kibrisdakik.com\/wp-content\/uploads\/2025\/06\/m-d-p-1-740x420.jpeg","contentUrl":"https:\/\/kibrisdakik.com\/wp-content\/uploads\/2025\/06\/m-d-p-1-740x420.jpeg","width":960,"height":834},{"@type":"BreadcrumbList","@id":"https:\/\/kibrisdakik.com\/?p=83838#breadcrumb","itemListElement":[{"@type":"ListItem","position":1,"name":"Home","item":"https:\/\/kibrisdakik.com\/"},{"@type":"ListItem","position":2,"name":"Sencer: \u201cKKTC\u2019nin bekas\u0131 bir ki\u015finin Cumhurba\u015fkan\u0131 se\u00e7ilmesine ba\u011fl\u0131 de\u011fil\u201d"}]},{"@type":"WebSite","@id":"https:\/\/kibrisdakik.com\/#website","url":"https:\/\/kibrisdakik.com\/","name":"","description":"Tam vaktinde haber","potentialAction":[{"@type":"SearchAction","target":{"@type":"EntryPoint","urlTemplate":"https:\/\/kibrisdakik.com\/?s={search_term_string}"},"query-input":{"@type":"PropertyValueSpecification","valueRequired":true,"valueName":"search_term_string"}}],"inLanguage":"tr"},{"@type":"Person","@id":"https:\/\/kibrisdakik.com\/#\/schema\/person\/9cd9d437bbb44f72b73ba127e06d8e79","name":"admin","image":{"@type":"ImageObject","inLanguage":"tr","@id":"https:\/\/secure.gravatar.com\/avatar\/ccc17943b9d660506c869530f897617f7cb1c21a4bf30023f252596d83e1f007?s=96&d=mm&r=g","url":"https:\/\/secure.gravatar.com\/avatar\/ccc17943b9d660506c869530f897617f7cb1c21a4bf30023f252596d83e1f007?s=96&d=mm&r=g","contentUrl":"https:\/\/secure.gravatar.com\/avatar\/ccc17943b9d660506c869530f897617f7cb1c21a4bf30023f252596d83e1f007?s=96&d=mm&r=g","caption":"admin"},"sameAs":["https:\/\/kibrisdakik.com"],"url":"https:\/\/kibrisdakik.com\/?author=1"}]}},"_links":{"self":[{"href":"https:\/\/kibrisdakik.com\/index.php?rest_route=\/wp\/v2\/posts\/83838","targetHints":{"allow":["GET"]}}],"collection":[{"href":"https:\/\/kibrisdakik.com\/index.php?rest_route=\/wp\/v2\/posts"}],"about":[{"href":"https:\/\/kibrisdakik.com\/index.php?rest_route=\/wp\/v2\/types\/post"}],"author":[{"embeddable":true,"href":"https:\/\/kibrisdakik.com\/index.php?rest_route=\/wp\/v2\/users\/1"}],"replies":[{"embeddable":true,"href":"https:\/\/kibrisdakik.com\/index.php?rest_route=%2Fwp%2Fv2%2Fcomments&post=83838"}],"version-history":[{"count":0,"href":"https:\/\/kibrisdakik.com\/index.php?rest_route=\/wp\/v2\/posts\/83838\/revisions"}],"wp:featuredmedia":[{"embeddable":true,"href":"https:\/\/kibrisdakik.com\/index.php?rest_route=\/wp\/v2\/media\/83839"}],"wp:attachment":[{"href":"https:\/\/kibrisdakik.com\/index.php?rest_route=%2Fwp%2Fv2%2Fmedia&parent=83838"}],"wp:term":[{"taxonomy":"category","embeddable":true,"href":"https:\/\/kibrisdakik.com\/index.php?rest_route=%2Fwp%2Fv2%2Fcategories&post=83838"},{"taxonomy":"post_tag","embeddable":true,"href":"https:\/\/kibrisdakik.com\/index.php?rest_route=%2Fwp%2Fv2%2Ftags&post=83838"}],"curies":[{"name":"wp","href":"https:\/\/api.w.org\/{rel}","templated":true}]}}