{"id":83842,"date":"2025-06-04T13:25:29","date_gmt":"2025-06-04T10:25:29","guid":{"rendered":"https:\/\/kibrisdakik.com\/index.php\/2025\/06\/04\/bakan-fidan-liderler-zirvesi-icin-haziriz\/"},"modified":"2025-06-04T13:25:29","modified_gmt":"2025-06-04T10:25:29","slug":"bakan-fidan-liderler-zirvesi-icin-haziriz","status":"publish","type":"post","link":"https:\/\/kibrisdakik.com\/?p=83842","title":{"rendered":"Bakan Fidan: Liderler zirvesi i\u00e7in haz\u0131r\u0131z"},"content":{"rendered":"<p> <br \/>\n<br \/><br \/>D\u0131\u015fi\u015fleri Bakan\u0131 Hakan Fidan, TRT Haber Kanal Koordinat\u00f6r\u00fc M\u00fccahid Eker&#8217;in g\u00fcndeme ili\u015fkin sorular\u0131n\u0131 yan\u0131tlad\u0131.<\/p>\n<p>Fidan, T\u00fcrkiye&#8217;nin Rusya-Ukrayna Sava\u015f\u0131&#8217;n\u0131n ba\u015f\u0131ndan bu yana pozisyonunun ayn\u0131 oldu\u011funu ve b\u00f6lgede sava\u015f istemedi\u011fini belirterek, 1 milyondan fazla insan\u0131n \u00f6l\u00fcm\u00fc ve yaralanmas\u0131yla, b\u00fcy\u00fck \u015fehirlerin yok olmas\u0131yla ve b\u00f6lge ekonomisinin &#8220;fel\u00e7 olmas\u0131yla&#8221; sonu\u00e7lanan bir sava\u015fla kar\u015f\u0131 kar\u015f\u0131ya olundu\u011funu ifade etti.<\/p>\n<p>Sava\u015f\u0131n neredeyse d\u00f6rd\u00fcnc\u00fc y\u0131l\u0131na d\u00f6nd\u00fc\u011f\u00fcne i\u015faret eden Fidan, &#8220;Sadece iki \u00fclke yok, iki \u00fclkenin arkas\u0131ndaki di\u011fer \u00fclkeler de asl\u0131nda saf alm\u0131\u015f durumda. Bu daha k\u00fcresel bir sava\u015fa d\u00f6n\u00fc\u015f\u00fcyor. Biz ba\u015ftan itibaren bu sava\u015f\u0131n durdurulmas\u0131yla ilgili \u00e7abam\u0131z\u0131 ortaya koyarken tam da bu nedenden dolay\u0131. Bu iki \u00fclkenin sava\u015f\u0131 de\u011fil, bu iki \u00fclke arkas\u0131nda saf tutan \u00fclkelerin sava\u015f\u0131yla beraber k\u00fcresel yay\u0131lma riski olacak bir sava\u015f olacak.&#8221; diye konu\u015ftu.<\/p>\n<p>Fidan, Cumhurba\u015fkan\u0131 Recep Tayyip Erdo\u011fan&#8217;\u0131n taraflara s\u0131k s\u0131k bar\u0131\u015f \u00e7a\u011fr\u0131s\u0131nda bulundu\u011funa dikkati \u00e7ekerek, T\u00fcrkiye&#8217;nin Karadeniz Tah\u0131l Anla\u015fmas\u0131, Mart 2022&#8217;deki g\u00f6r\u00fc\u015fmeler ve esir takas\u0131 gibi giri\u015fimleri oldu\u011funu hat\u0131rlatt\u0131.<\/p>\n<p>ABD Ba\u015fkan\u0131 Donald Trump&#8217;\u0131n g\u00f6reve gelmesiyle ate\u015fkes \u00e7a\u011fr\u0131s\u0131 oldu\u011funu ve taraflar\u0131n niyetlerini ortaya koydu\u011funu aktaran Fidan, T\u00fcrkiye&#8217;nin arabuluculuk birikimini ve tecr\u00fcbesini kullanarak \u00e7al\u0131\u015fmalar\u0131 ba\u015flatt\u0131\u011f\u0131n\u0131 ve taraflar\u0131n ilk kez 16 May\u0131s&#8217;ta \u0130stanbul&#8217;da bir araya geldi\u011fini anlatt\u0131.<br \/>\n<br \/><br \/>\n<br \/><a href=\"> K\u0131br\u0131s dakik<\/a><\/p>\n","protected":false},"excerpt":{"rendered":"<p>D\u0131\u015fi\u015fleri Bakan\u0131 Hakan Fidan, TRT Haber Kanal Koordinat\u00f6r\u00fc M\u00fccahid Eker&#8217;in g\u00fcndeme ili\u015fkin sorular\u0131n\u0131 yan\u0131tlad\u0131. Fidan, T\u00fcrkiye&#8217;nin Rusya-Ukrayna Sava\u015f\u0131&#8217;n\u0131n ba\u015f\u0131ndan bu yana pozisyonunun ayn\u0131 oldu\u011funu ve b\u00f6lgede sava\u015f istemedi\u011fini belirterek, 1 milyondan fazla insan\u0131n \u00f6l\u00fcm\u00fc ve yaralanmas\u0131yla, b\u00fcy\u00fck \u015fehirlerin yok olmas\u0131yla ve b\u00f6lge ekonomisinin &#8220;fel\u00e7 olmas\u0131yla&#8221; sonu\u00e7lanan bir sava\u015fla kar\u015f\u0131 kar\u015f\u0131ya olundu\u011funu ifade etti. Sava\u015f\u0131n neredeyse<\/p>\n","protected":false},"author":1,"featured_media":83843,"comment_status":"open","ping_status":"open","sticky":false,"template":"","format":"standard","meta":{"footnotes":""},"categories":[81,101],"tags":[],"class_list":["post-83842","post","type-post","status-publish","format-standard","has-post-thumbnail","hentry","category-kibris","category-manset"],"yoast_head":"<!-- This site is optimized with the Yoast SEO plugin v27.4 - https:\/\/yoast.com\/product\/yoast-seo-wordpress\/ -->\n<title>Bakan Fidan: Liderler zirvesi i\u00e7in haz\u0131r\u0131z -<\/title>\n<meta name=\"robots\" content=\"index, follow, max-snippet:-1, max-image-preview:large, max-video-preview:-1\" \/>\n<link rel=\"canonical\" href=\"https:\/\/kibrisdakik.com\/?p=83842\" \/>\n<meta property=\"og:locale\" content=\"tr_TR\" \/>\n<meta property=\"og:type\" content=\"article\" \/>\n<meta property=\"og:title\" content=\"Bakan Fidan: Liderler zirvesi i\u00e7in haz\u0131r\u0131z -\" \/>\n<meta property=\"og:description\" content=\"D\u0131\u015fi\u015fleri Bakan\u0131 Hakan Fidan, TRT Haber Kanal Koordinat\u00f6r\u00fc M\u00fccahid Eker&#8217;in g\u00fcndeme ili\u015fkin sorular\u0131n\u0131 yan\u0131tlad\u0131. Fidan, T\u00fcrkiye&#8217;nin Rusya-Ukrayna Sava\u015f\u0131&#8217;n\u0131n ba\u015f\u0131ndan bu yana pozisyonunun ayn\u0131 oldu\u011funu ve b\u00f6lgede sava\u015f istemedi\u011fini belirterek, 1 milyondan fazla insan\u0131n \u00f6l\u00fcm\u00fc ve yaralanmas\u0131yla, b\u00fcy\u00fck \u015fehirlerin yok olmas\u0131yla ve b\u00f6lge ekonomisinin &#8220;fel\u00e7 olmas\u0131yla&#8221; sonu\u00e7lanan bir sava\u015fla kar\u015f\u0131 kar\u015f\u0131ya olundu\u011funu ifade etti. Sava\u015f\u0131n neredeyse\" \/>\n<meta property=\"og:url\" content=\"https:\/\/kibrisdakik.com\/?p=83842\" \/>\n<meta property=\"article:published_time\" content=\"2025-06-04T10:25:29+00:00\" \/>\n<meta property=\"og:image\" content=\"https:\/\/kibrisdakik.com\/wp-content\/uploads\/2025\/06\/fidan-2-740x420.jpg\" \/>\n\t<meta property=\"og:image:width\" content=\"1280\" \/>\n\t<meta property=\"og:image:height\" content=\"720\" \/>\n\t<meta property=\"og:image:type\" content=\"image\/jpeg\" \/>\n<meta name=\"author\" content=\"admin\" \/>\n<meta name=\"twitter:card\" content=\"summary_large_image\" \/>\n<meta name=\"twitter:label1\" content=\"Yazan:\" \/>\n\t<meta name=\"twitter:data1\" content=\"admin\" \/>\n\t<meta name=\"twitter:label2\" content=\"Tahmini okuma s\u00fcresi\" \/>\n\t<meta name=\"twitter:data2\" content=\"1 dakika\" \/>\n<script type=\"application\/ld+json\" class=\"yoast-schema-graph\">{\"@context\":\"https:\\\/\\\/schema.org\",\"@graph\":[{\"@type\":\"Article\",\"@id\":\"https:\\\/\\\/kibrisdakik.com\\\/?p=83842#article\",\"isPartOf\":{\"@id\":\"https:\\\/\\\/kibrisdakik.com\\\/?p=83842\"},\"author\":{\"name\":\"admin\",\"@id\":\"https:\\\/\\\/kibrisdakik.com\\\/#\\\/schema\\\/person\\\/9cd9d437bbb44f72b73ba127e06d8e79\"},\"headline\":\"Bakan Fidan: Liderler zirvesi i\u00e7in haz\u0131r\u0131z\",\"datePublished\":\"2025-06-04T10:25:29+00:00\",\"mainEntityOfPage\":{\"@id\":\"https:\\\/\\\/kibrisdakik.com\\\/?p=83842\"},\"wordCount\":276,\"commentCount\":0,\"image\":{\"@id\":\"https:\\\/\\\/kibrisdakik.com\\\/?p=83842#primaryimage\"},\"thumbnailUrl\":\"https:\\\/\\\/kibrisdakik.com\\\/wp-content\\\/uploads\\\/2025\\\/06\\\/fidan-2-740x420.jpg\",\"articleSection\":[\"K\u0131br\u0131s\",\"Man\u015fet\"],\"inLanguage\":\"tr\",\"potentialAction\":[{\"@type\":\"CommentAction\",\"name\":\"Comment\",\"target\":[\"https:\\\/\\\/kibrisdakik.com\\\/?p=83842#respond\"]}]},{\"@type\":\"WebPage\",\"@id\":\"https:\\\/\\\/kibrisdakik.com\\\/?p=83842\",\"url\":\"https:\\\/\\\/kibrisdakik.com\\\/?p=83842\",\"name\":\"Bakan Fidan: Liderler zirvesi i\u00e7in haz\u0131r\u0131z -\",\"isPartOf\":{\"@id\":\"https:\\\/\\\/kibrisdakik.com\\\/#website\"},\"primaryImageOfPage\":{\"@id\":\"https:\\\/\\\/kibrisdakik.com\\\/?p=83842#primaryimage\"},\"image\":{\"@id\":\"https:\\\/\\\/kibrisdakik.com\\\/?p=83842#primaryimage\"},\"thumbnailUrl\":\"https:\\\/\\\/kibrisdakik.com\\\/wp-content\\\/uploads\\\/2025\\\/06\\\/fidan-2-740x420.jpg\",\"datePublished\":\"2025-06-04T10:25:29+00:00\",\"author\":{\"@id\":\"https:\\\/\\\/kibrisdakik.com\\\/#\\\/schema\\\/person\\\/9cd9d437bbb44f72b73ba127e06d8e79\"},\"breadcrumb\":{\"@id\":\"https:\\\/\\\/kibrisdakik.com\\\/?p=83842#breadcrumb\"},\"inLanguage\":\"tr\",\"potentialAction\":[{\"@type\":\"ReadAction\",\"target\":[\"https:\\\/\\\/kibrisdakik.com\\\/?p=83842\"]}]},{\"@type\":\"ImageObject\",\"inLanguage\":\"tr\",\"@id\":\"https:\\\/\\\/kibrisdakik.com\\\/?p=83842#primaryimage\",\"url\":\"https:\\\/\\\/kibrisdakik.com\\\/wp-content\\\/uploads\\\/2025\\\/06\\\/fidan-2-740x420.jpg\",\"contentUrl\":\"https:\\\/\\\/kibrisdakik.com\\\/wp-content\\\/uploads\\\/2025\\\/06\\\/fidan-2-740x420.jpg\",\"width\":1280,\"height\":720},{\"@type\":\"BreadcrumbList\",\"@id\":\"https:\\\/\\\/kibrisdakik.com\\\/?p=83842#breadcrumb\",\"itemListElement\":[{\"@type\":\"ListItem\",\"position\":1,\"name\":\"Home\",\"item\":\"https:\\\/\\\/kibrisdakik.com\\\/\"},{\"@type\":\"ListItem\",\"position\":2,\"name\":\"Bakan Fidan: Liderler zirvesi i\u00e7in haz\u0131r\u0131z\"}]},{\"@type\":\"WebSite\",\"@id\":\"https:\\\/\\\/kibrisdakik.com\\\/#website\",\"url\":\"https:\\\/\\\/kibrisdakik.com\\\/\",\"name\":\"\",\"description\":\"Tam vaktinde haber\",\"potentialAction\":[{\"@type\":\"SearchAction\",\"target\":{\"@type\":\"EntryPoint\",\"urlTemplate\":\"https:\\\/\\\/kibrisdakik.com\\\/?s={search_term_string}\"},\"query-input\":{\"@type\":\"PropertyValueSpecification\",\"valueRequired\":true,\"valueName\":\"search_term_string\"}}],\"inLanguage\":\"tr\"},{\"@type\":\"Person\",\"@id\":\"https:\\\/\\\/kibrisdakik.com\\\/#\\\/schema\\\/person\\\/9cd9d437bbb44f72b73ba127e06d8e79\",\"name\":\"admin\",\"image\":{\"@type\":\"ImageObject\",\"inLanguage\":\"tr\",\"@id\":\"https:\\\/\\\/secure.gravatar.com\\\/avatar\\\/ccc17943b9d660506c869530f897617f7cb1c21a4bf30023f252596d83e1f007?s=96&d=mm&r=g\",\"url\":\"https:\\\/\\\/secure.gravatar.com\\\/avatar\\\/ccc17943b9d660506c869530f897617f7cb1c21a4bf30023f252596d83e1f007?s=96&d=mm&r=g\",\"contentUrl\":\"https:\\\/\\\/secure.gravatar.com\\\/avatar\\\/ccc17943b9d660506c869530f897617f7cb1c21a4bf30023f252596d83e1f007?s=96&d=mm&r=g\",\"caption\":\"admin\"},\"sameAs\":[\"https:\\\/\\\/kibrisdakik.com\"],\"url\":\"https:\\\/\\\/kibrisdakik.com\\\/?author=1\"}]}<\/script>\n<!-- \/ Yoast SEO plugin. -->","yoast_head_json":{"title":"Bakan Fidan: Liderler zirvesi i\u00e7in haz\u0131r\u0131z -","robots":{"index":"index","follow":"follow","max-snippet":"max-snippet:-1","max-image-preview":"max-image-preview:large","max-video-preview":"max-video-preview:-1"},"canonical":"https:\/\/kibrisdakik.com\/?p=83842","og_locale":"tr_TR","og_type":"article","og_title":"Bakan Fidan: Liderler zirvesi i\u00e7in haz\u0131r\u0131z -","og_description":"D\u0131\u015fi\u015fleri Bakan\u0131 Hakan Fidan, TRT Haber Kanal Koordinat\u00f6r\u00fc M\u00fccahid Eker&#8217;in g\u00fcndeme ili\u015fkin sorular\u0131n\u0131 yan\u0131tlad\u0131. Fidan, T\u00fcrkiye&#8217;nin Rusya-Ukrayna Sava\u015f\u0131&#8217;n\u0131n ba\u015f\u0131ndan bu yana pozisyonunun ayn\u0131 oldu\u011funu ve b\u00f6lgede sava\u015f istemedi\u011fini belirterek, 1 milyondan fazla insan\u0131n \u00f6l\u00fcm\u00fc ve yaralanmas\u0131yla, b\u00fcy\u00fck \u015fehirlerin yok olmas\u0131yla ve b\u00f6lge ekonomisinin &#8220;fel\u00e7 olmas\u0131yla&#8221; sonu\u00e7lanan bir sava\u015fla kar\u015f\u0131 kar\u015f\u0131ya olundu\u011funu ifade etti. Sava\u015f\u0131n neredeyse","og_url":"https:\/\/kibrisdakik.com\/?p=83842","article_published_time":"2025-06-04T10:25:29+00:00","og_image":[{"width":1280,"height":720,"url":"https:\/\/kibrisdakik.com\/wp-content\/uploads\/2025\/06\/fidan-2-740x420.jpg","type":"image\/jpeg"}],"author":"admin","twitter_card":"summary_large_image","twitter_misc":{"Yazan:":"admin","Tahmini okuma s\u00fcresi":"1 dakika"},"schema":{"@context":"https:\/\/schema.org","@graph":[{"@type":"Article","@id":"https:\/\/kibrisdakik.com\/?p=83842#article","isPartOf":{"@id":"https:\/\/kibrisdakik.com\/?p=83842"},"author":{"name":"admin","@id":"https:\/\/kibrisdakik.com\/#\/schema\/person\/9cd9d437bbb44f72b73ba127e06d8e79"},"headline":"Bakan Fidan: Liderler zirvesi i\u00e7in haz\u0131r\u0131z","datePublished":"2025-06-04T10:25:29+00:00","mainEntityOfPage":{"@id":"https:\/\/kibrisdakik.com\/?p=83842"},"wordCount":276,"commentCount":0,"image":{"@id":"https:\/\/kibrisdakik.com\/?p=83842#primaryimage"},"thumbnailUrl":"https:\/\/kibrisdakik.com\/wp-content\/uploads\/2025\/06\/fidan-2-740x420.jpg","articleSection":["K\u0131br\u0131s","Man\u015fet"],"inLanguage":"tr","potentialAction":[{"@type":"CommentAction","name":"Comment","target":["https:\/\/kibrisdakik.com\/?p=83842#respond"]}]},{"@type":"WebPage","@id":"https:\/\/kibrisdakik.com\/?p=83842","url":"https:\/\/kibrisdakik.com\/?p=83842","name":"Bakan Fidan: Liderler zirvesi i\u00e7in haz\u0131r\u0131z -","isPartOf":{"@id":"https:\/\/kibrisdakik.com\/#website"},"primaryImageOfPage":{"@id":"https:\/\/kibrisdakik.com\/?p=83842#primaryimage"},"image":{"@id":"https:\/\/kibrisdakik.com\/?p=83842#primaryimage"},"thumbnailUrl":"https:\/\/kibrisdakik.com\/wp-content\/uploads\/2025\/06\/fidan-2-740x420.jpg","datePublished":"2025-06-04T10:25:29+00:00","author":{"@id":"https:\/\/kibrisdakik.com\/#\/schema\/person\/9cd9d437bbb44f72b73ba127e06d8e79"},"breadcrumb":{"@id":"https:\/\/kibrisdakik.com\/?p=83842#breadcrumb"},"inLanguage":"tr","potentialAction":[{"@type":"ReadAction","target":["https:\/\/kibrisdakik.com\/?p=83842"]}]},{"@type":"ImageObject","inLanguage":"tr","@id":"https:\/\/kibrisdakik.com\/?p=83842#primaryimage","url":"https:\/\/kibrisdakik.com\/wp-content\/uploads\/2025\/06\/fidan-2-740x420.jpg","contentUrl":"https:\/\/kibrisdakik.com\/wp-content\/uploads\/2025\/06\/fidan-2-740x420.jpg","width":1280,"height":720},{"@type":"BreadcrumbList","@id":"https:\/\/kibrisdakik.com\/?p=83842#breadcrumb","itemListElement":[{"@type":"ListItem","position":1,"name":"Home","item":"https:\/\/kibrisdakik.com\/"},{"@type":"ListItem","position":2,"name":"Bakan Fidan: Liderler zirvesi i\u00e7in haz\u0131r\u0131z"}]},{"@type":"WebSite","@id":"https:\/\/kibrisdakik.com\/#website","url":"https:\/\/kibrisdakik.com\/","name":"","description":"Tam vaktinde haber","potentialAction":[{"@type":"SearchAction","target":{"@type":"EntryPoint","urlTemplate":"https:\/\/kibrisdakik.com\/?s={search_term_string}"},"query-input":{"@type":"PropertyValueSpecification","valueRequired":true,"valueName":"search_term_string"}}],"inLanguage":"tr"},{"@type":"Person","@id":"https:\/\/kibrisdakik.com\/#\/schema\/person\/9cd9d437bbb44f72b73ba127e06d8e79","name":"admin","image":{"@type":"ImageObject","inLanguage":"tr","@id":"https:\/\/secure.gravatar.com\/avatar\/ccc17943b9d660506c869530f897617f7cb1c21a4bf30023f252596d83e1f007?s=96&d=mm&r=g","url":"https:\/\/secure.gravatar.com\/avatar\/ccc17943b9d660506c869530f897617f7cb1c21a4bf30023f252596d83e1f007?s=96&d=mm&r=g","contentUrl":"https:\/\/secure.gravatar.com\/avatar\/ccc17943b9d660506c869530f897617f7cb1c21a4bf30023f252596d83e1f007?s=96&d=mm&r=g","caption":"admin"},"sameAs":["https:\/\/kibrisdakik.com"],"url":"https:\/\/kibrisdakik.com\/?author=1"}]}},"_links":{"self":[{"href":"https:\/\/kibrisdakik.com\/index.php?rest_route=\/wp\/v2\/posts\/83842","targetHints":{"allow":["GET"]}}],"collection":[{"href":"https:\/\/kibrisdakik.com\/index.php?rest_route=\/wp\/v2\/posts"}],"about":[{"href":"https:\/\/kibrisdakik.com\/index.php?rest_route=\/wp\/v2\/types\/post"}],"author":[{"embeddable":true,"href":"https:\/\/kibrisdakik.com\/index.php?rest_route=\/wp\/v2\/users\/1"}],"replies":[{"embeddable":true,"href":"https:\/\/kibrisdakik.com\/index.php?rest_route=%2Fwp%2Fv2%2Fcomments&post=83842"}],"version-history":[{"count":0,"href":"https:\/\/kibrisdakik.com\/index.php?rest_route=\/wp\/v2\/posts\/83842\/revisions"}],"wp:featuredmedia":[{"embeddable":true,"href":"https:\/\/kibrisdakik.com\/index.php?rest_route=\/wp\/v2\/media\/83843"}],"wp:attachment":[{"href":"https:\/\/kibrisdakik.com\/index.php?rest_route=%2Fwp%2Fv2%2Fmedia&parent=83842"}],"wp:term":[{"taxonomy":"category","embeddable":true,"href":"https:\/\/kibrisdakik.com\/index.php?rest_route=%2Fwp%2Fv2%2Fcategories&post=83842"},{"taxonomy":"post_tag","embeddable":true,"href":"https:\/\/kibrisdakik.com\/index.php?rest_route=%2Fwp%2Fv2%2Ftags&post=83842"}],"curies":[{"name":"wp","href":"https:\/\/api.w.org\/{rel}","templated":true}]}}