{"id":83925,"date":"2025-06-04T14:39:00","date_gmt":"2025-06-04T11:39:00","guid":{"rendered":"https:\/\/kibrisdakik.com\/index.php\/2025\/06\/04\/isias-otel-dugumu-ankarada-cozulecek-temyiz-aihm-oncesi-son-adim-2\/"},"modified":"2025-06-04T14:39:00","modified_gmt":"2025-06-04T11:39:00","slug":"isias-otel-dugumu-ankarada-cozulecek-temyiz-aihm-oncesi-son-adim-2","status":"publish","type":"post","link":"https:\/\/kibrisdakik.com\/?p=83925","title":{"rendered":"\u201c\u0130S\u0130AS OTEL\u201d D\u00dc\u011e\u00dcM\u00dc ANKARA\u2019DA \u00c7\u00d6Z\u00dcLECEK.. TEMY\u0130Z, A\u0130HM \u00d6NCES\u0130 SON ADIM"},"content":{"rendered":"<p><img decoding=\"async\" src=\"https:\/\/mhahabercom.teimg.com\/crop\/1280x720\/mhahaber-com\/uploads\/2025\/06\/mhafoto-8533.png\" \/><\/p>\n<div data-text-id=\"176895\" property=\"articleBody\">\n<p>\u015eampiyon Melekleri Ya\u015fatma Derne\u011fi, \u0130sias Otel davas\u0131 i\u00e7in Ad\u0131yaman 3. A\u011f\u0131r Ceza Mahkemesi taraf\u0131ndan verilen karara kar\u015f\u0131 yap\u0131lan istinaf ba\u015fvurusunun reddedilmesinin ard\u0131ndan temyiz i\u00e7in Yarg\u0131tay&#8217;a gidilece\u011fini a\u00e7\u0131klad\u0131.<\/p>\n<p>Ankara\u2019daki Yarg\u0131tay s\u00fcrecinin uzun olaca\u011f\u0131 \u00f6ng\u00f6r\u00fcl\u00fcrken, \u015eampiyon Melekleri Ya\u015fatma Derne\u011fi i\u00e7in temyiz Avrupa \u0130nsan Haklar\u0131 Mahkemesi\u2019nden \u00f6nceki son ad\u0131m olacak.<\/p>\n<p>\u0130sias Otel\u2019de k\u0131zlar\u0131 Selin ve Serin\u2019i kaybeden \u015eampiyon Melekleri Ya\u015fatma Derne\u011fi Ba\u015fkan\u0131 Ru\u015fen Y\u00fccesoylu Karakaya ile hukuk profes\u00f6r\u00fc Pervin Aksoy \u0130pek\u00e7io\u011flu, konu hakk\u0131nda TAK muhabirinin sorular\u0131n\u0131 yan\u0131tlad\u0131.<\/p>\n<p>-\u0130pek\u00e7io\u011flu: &#8220;Aileleri yine uzun ve zorlu bir s\u00fcre\u00e7 bekliyor&#8221;<\/p>\n<p>Pervin Aksoy \u0130pek\u00e7io\u011flu, istinaf ba\u015fvurusunun reddinin ard\u0131ndan temyize yani Yarg\u0131tay&#8217;a gidilece\u011fini belirterek, temyiz i\u00e7in iki haftal\u0131k ba\u015fvuru s\u00fcreleri oldu\u011funu, bu s\u00fcrenin ba\u015flad\u0131\u011f\u0131n\u0131 ve temyizin Avrupa \u0130nsan Haklar\u0131 Mahkemesi\u2019nden (A\u0130HM) \u00f6nceki son ad\u0131m oldu\u011funu vurgulad\u0131.<\/p>\n<p>\u0130pek\u00e7io\u011flu, \u201cTebli\u011f tarihinden itibaren \u0130ki haftal\u0131k s\u00fcremiz var. S\u00fcre ba\u015flad\u0131. Temyize yani Yarg\u0131tay&#8217;a gidilecek. Yarg\u0131tay Ankara\u2019da olacak. Dava s\u00fcresi uzun olacak. Aileleri yine uzun ve zorlu bir s\u00fcre\u00e7 bekliyor.\u201d dedi.<\/p>\n<p>Temyiz dilek\u00e7esinin 16. Gaziantep B\u00f6lge Adliye Mahkemesi\u2019ne (BAM) g\u00f6nderilece\u011fini ifade eden \u0130pek\u00e7io\u011flu, temyiz dilek\u00e7esinin verilmesiyle gerekli usul i\u015flemlerinin tamamlanaca\u011f\u0131n\u0131 s\u00f6yledi. \u0130pek\u00e7io\u011flu, \u201cEsas inceleme i\u00e7in dilek\u00e7enin Yarg\u0131tay \u0130lgili Ceza Dairesine g\u00f6nderilmesi beklenir. Yarg\u0131tay \u0130lgili Ceza Dairesi\u2019nin bozma karar\u0131 verip, somut olaya g\u00f6re gerek\u00e7e sunmas\u0131 gerekiyor.\u201d \u015feklinde konu\u015ftu.<\/p>\n<p>&#8211; &#8220;\u0130\u00e7 hukukun t\u00fckenmesi halinde ise A\u0130HM&#8221;<\/p>\n<p>\u0130pek\u00e7io\u011flu, Ad\u0131yaman 3. A\u011f\u0131r Ceza Mahkemesi taraf\u0131ndan verilen karar\u0131n temyizde bozulmas\u0131n\u0131 \u00fcmit ettiklerini belirterek, karar\u0131n bozulmamas\u0131 halinde ise m\u00fccadeleye kararl\u0131l\u0131kla devam edeceklerini, i\u00e7 hukukun t\u00fckenmesi halinde ise A\u0130HM\u2019e ba\u015fvuracaklar\u0131n\u0131 kaydetti.<\/p>\n<p>\u0130sias Otel davas\u0131n\u0131n, kamu g\u00f6revlileri davas\u0131yla birle\u015ftirilmemesini de ele\u015ftiren \u0130pek\u00e7io\u011flu, \u201cDavalar\u0131n birle\u015ftirilmemesine zemin haz\u0131rlayan Ad\u0131yaman Cumhuriyet Ba\u015fsavc\u0131l\u0131\u011f\u0131d\u0131r.\u201d dedi.<\/p>\n<p>\u0130pek\u00e7io\u011flu &#8220;Kamu g\u00f6revlileri i\u00e7in iddianamenin haz\u0131rlanmas\u0131ndaki ifade alma s\u00fcre\u00e7leri bilin\u00e7li olarak ilk davadaki karar sonras\u0131na b\u0131rak\u0131lm\u0131\u015ft\u0131r. Bu \u015fekilde iki davan\u0131n muhakeme evrelerinin farkl\u0131 olmas\u0131 ve birle\u015ftirme i\u00e7in yarar\u0131n olmamas\u0131 sa\u011flanm\u0131\u015ft\u0131r. Oysa ki iki davan\u0131n birle\u015ftirilmesi resmin b\u00fct\u00fcn\u00fc ve olay\u0131n ger\u00e7ekle\u015fme \u015feklini ortaya \u00e7\u0131karacakt\u0131.\u201d \u015feklinde konu\u015ftu.<\/p>\n<p>-Karakaya: \u201cBizim \u00e7ocuklar\u0131m\u0131z\u0131n gelece\u011fini \u00e7ald\u0131lar\u201d<\/p>\n<p>\u015eampiyon Melekleri Ya\u015fatma Derne\u011fi Ba\u015fkan\u0131 Ru\u015fen Y\u00fccesoylu Karakaya, ailelerin umutlar\u0131n\u0131 kaybetmemek i\u00e7in \u00e7ok b\u00fcy\u00fck bir m\u00fccadele verdi\u011fini ifade ederek, \u201cAilelerin bu m\u00fccadelesine her g\u00fcn yeni m\u00fccadele eklenir. Verilen bu m\u00fccadele, sadece adalete kar\u015f\u0131 de\u011fil, ac\u0131m\u0131zla ba\u015f edebilmek i\u00e7in kendi i\u00e7imizde de \u00e7ok b\u00fcy\u00fck m\u00fccadeleler veriyoruz.\u201d dedi.<\/p>\n<p>Her\u015feye ra\u011fmen birlikte olduklar\u0131n\u0131, ayakta kalmaya \u00e7al\u0131\u015ft\u0131klar\u0131n\u0131 ve m\u00fccadele etmeye devam ettiklerini s\u00f6yleyen Karakaya, \u201cBizim \u00e7ocuklar\u0131m\u0131z\u0131n gelece\u011fini \u00e7ald\u0131lar. Ama dernek olarak \u00e7ocuklar i\u00e7in, gelecek nesiller i\u00e7in u\u011fra\u015f\u0131yoruz. Derne\u011fin okul projesi emin ad\u0131mlarla ilerliyor, \u00e7al\u0131\u015fmalar ba\u015flad\u0131.\u201d \u015feklinde konu\u015ftu.<\/p>\n<p>-&#8220;Bizi y\u0131kamayacak, y\u0131ld\u0131ramayacaklar\u2026 Dava daha bitmedi&#8221;<\/p>\n<p>\u201cBizi y\u0131kamayacak, y\u0131ld\u0131ramayacaklar\u201d diyen Karakaya, turist rehberlerinin ailelerinin de kendilerinden g\u00fc\u00e7 ald\u0131klar\u0131na i\u015faret ederek, aileler olarak bir arada olup, birbirine tutundu\u011funu vurgulad\u0131.<\/p>\n<p>Ad\u0131yaman 3. A\u011f\u0131r Ceza Mahkemesi\u2019nde g\u00f6r\u00fclen \u0130sias Otel davas\u0131nda ba\u015fta Ba\u015fbakan \u00dcnal \u00dcstel olmak \u00fczere, devlet ve h\u00fck\u00fcmet yetkililerinin Barolar Birli\u011fi\u2019yle birlikte yanlar\u0131nda oldu\u011funu kaydeden Karakaya, duru\u015fma sonras\u0131nda da yetkililerin beraberlik ve dayan\u0131\u015fma mesaj\u0131 verdiklerine dikkat \u00e7ekti. Karakaya, kamu g\u00f6revlileri davas\u0131nda da birlik mesaj\u0131 verildi\u011fini ancak ilk davadaki dayan\u0131\u015fman\u0131n g\u00f6sterilemedi\u011fini s\u00f6yledi.<\/p>\n<p>Toplumun davay\u0131 bitti zannetti\u011fini ifade eden Karakaya, \u201cBu dava daha bitmedi. Aileler, t\u00fcm toplumun deste\u011fini bekliyor.\u201d dedi.<\/p>\n<p>Karakaya, 16 Temmuz\u2019da g\u00f6r\u00fclecek kamu g\u00f6revlileri davas\u0131n\u0131n ikinci duru\u015fmas\u0131nda t\u00fcm yetkilileri yanlar\u0131nda g\u00f6rmek istediklerini dile getirdi.<\/p>\n<p>-\u0130sias Otel dava s\u00fcreci\u2026<\/p>\n<p>T\u00fcrkiye\u2019de 6 \u015eubat 2023\u2019te meydana gelen Kahramanmara\u015f merkezli 7,7 ve 7,6 b\u00fcy\u00fckl\u00fc\u011f\u00fcndeki deprem s\u0131ras\u0131nda Ad\u0131yaman\u2019daki Grand \u0130sias Otel&#8217;da konaklayan Gazima\u011fusa T\u00fcrk Maarif Koleji voleybol kafilesinden 35 K\u0131br\u0131sl\u0131 T\u00fcrk sporcu, \u00f6\u011fretmen ve aileleri enkaz alt\u0131nda kalarak hayat\u0131n\u0131 kaybetmi\u015fti.<\/p>\n<p>\u0130sias Otel\u2019de hayat\u0131n\u0131 kaybeden &#8220;\u015eampiyon Melekler&#8221; ve tur rehberleri ile 10 yaral\u0131n\u0131n aileleri ise kaybettikleri 72 can i\u00e7in 3 Ocak 2024\u2019te ba\u015flatt\u0131\u011f\u0131 hukuk m\u00fccadelesi 12 ay devam etmi\u015fti.<\/p>\n<p>San\u0131klar\u0131n \u201colas\u0131 kast\u201d su\u00e7uyla h\u00fck\u00fcm giymesi i\u00e7in verilen adalet m\u00fccadelesine ra\u011fmen 3. A\u011f\u0131r Ceza Mahkemesi\u2019nde g\u00f6r\u00fc\u015f\u00fclen \u0130sias Otel davas\u0131n\u0131n 25 Aral\u0131k 2024\u2019teki son duru\u015fmas\u0131nda alt\u0131 san\u0131\u011f\u0131n &#8220;bilin\u00e7li taksirle&#8221; birden \u00e7ok ki\u015finin \u00f6l\u00fcm\u00fcne ve yaralanmas\u0131na sebebiyet vermek su\u00e7undan mahkum edilmesine, be\u015f san\u0131\u011f\u0131n ise beraatine karar verildi.<\/p>\n<p>Ahmet Bozkurt 17 y\u0131l 17 ay 7 g\u00fcn, Mehmet Fatih Bozkurt 15 y\u0131l 28 ay 28 g\u00fcn, Erdem Y\u0131ld\u0131z 17 y\u0131l 17 ay 7 g\u00fcn, Halil Ba\u011fc\u0131 7 y\u0131l 16 ay, Hasan Aslan 15 y\u0131l 16 ay 20 g\u00fcn, Mehmet G\u00f6nc\u00fco\u011flu 7 y\u0131l 16 ay s\u00fcreyle hapis cezas\u0131 alm\u0131\u015ft\u0131. Bilge A\u00e7\u0131k, Efe Bozkurt, Seda Zeren, \u015eule \u00d6zbek ve Ulviye Bozkurt\u2019un ise beraat\u0131na karar verilmi\u015fti.<\/p>\n<p>\u0130sias Otel davas\u0131n\u0131n gerek\u00e7eli karar\u0131n\u0131n 20 Ocak\u2019ta a\u00e7\u0131klanmas\u0131n\u0131n ard\u0131ndan yap\u0131lan istinaf ba\u015fvurusu ise 29 May\u0131s Per\u015fembe g\u00fcn\u00fc reddedildi.<\/p>\n<p>\u00d6te yandan Ad\u0131yaman Grand \u0130sias Otel\u2019in y\u0131k\u0131lmas\u0131nda kusuru bulunan kamu g\u00f6revlilerinin davas\u0131 ise 24 Nisan\u2019da Ad\u0131yaman 1. Ceza Mahkemesi\u2019nde g\u00f6r\u00fc\u015f\u00fclmeye ba\u015flam\u0131\u015f ve duru\u015fma 16 Temmuz\u2019a ertelenmi\u015fti. Davada, san\u0131klar\u0131n tutuklanmas\u0131 talepleri reddedilmi\u015f, san\u0131klar\u0131n duru\u015fmalarda haz\u0131r bulunmalar\u0131na ve adli kontrol \u015fartlar\u0131n\u0131n devam\u0131na karar verilmi\u015fti.<\/p>\n<p>Davan\u0131n, Ad\u0131yaman 3. A\u011f\u0131r Ceza Mahkemesi&#8217;nde g\u00f6r\u00fc\u015f\u00fclen davayla birle\u015ftirilmesinin istinaf s\u00fcrecinin devam etmesi gerek\u00e7esiyle kabul edilmemi\u015f ve mahkeme, kamu g\u00f6revlilerinin kusurlar\u0131n\u0131n tespiti i\u00e7in Dokuz Eyl\u00fcl \u00dcniversitesi\u2019nden bilirki\u015fi raporunun beklenmesine karar vermi\u015fti.<\/p>\n<\/p><\/div>\n","protected":false},"excerpt":{"rendered":"<p>\u015eampiyon Melekleri Ya\u015fatma Derne\u011fi, \u0130sias Otel davas\u0131 i\u00e7in Ad\u0131yaman 3. A\u011f\u0131r Ceza Mahkemesi taraf\u0131ndan verilen karara kar\u015f\u0131 yap\u0131lan istinaf ba\u015fvurusunun reddedilmesinin ard\u0131ndan temyiz i\u00e7in Yarg\u0131tay&#8217;a gidilece\u011fini a\u00e7\u0131klad\u0131. Ankara\u2019daki Yarg\u0131tay s\u00fcrecinin uzun olaca\u011f\u0131 \u00f6ng\u00f6r\u00fcl\u00fcrken, \u015eampiyon Melekleri Ya\u015fatma Derne\u011fi i\u00e7in temyiz Avrupa \u0130nsan Haklar\u0131 Mahkemesi\u2019nden \u00f6nceki son ad\u0131m olacak. \u0130sias Otel\u2019de k\u0131zlar\u0131 Selin ve Serin\u2019i kaybeden \u015eampiyon<\/p>\n","protected":false},"author":1,"featured_media":83926,"comment_status":"open","ping_status":"open","sticky":false,"template":"","format":"standard","meta":{"footnotes":""},"categories":[1],"tags":[],"class_list":["post-83925","post","type-post","status-publish","format-standard","has-post-thumbnail","hentry","category-gundem"],"yoast_head":"<!-- This site is optimized with the Yoast SEO plugin v27.5 - https:\/\/yoast.com\/product\/yoast-seo-wordpress\/ -->\n<title>\u201c\u0130S\u0130AS OTEL\u201d D\u00dc\u011e\u00dcM\u00dc ANKARA\u2019DA \u00c7\u00d6Z\u00dcLECEK.. TEMY\u0130Z, A\u0130HM \u00d6NCES\u0130 SON ADIM -<\/title>\n<meta name=\"robots\" content=\"index, follow, max-snippet:-1, max-image-preview:large, max-video-preview:-1\" \/>\n<link rel=\"canonical\" href=\"https:\/\/kibrisdakik.com\/?p=83925\" \/>\n<meta property=\"og:locale\" content=\"tr_TR\" \/>\n<meta property=\"og:type\" content=\"article\" \/>\n<meta property=\"og:title\" content=\"\u201c\u0130S\u0130AS OTEL\u201d D\u00dc\u011e\u00dcM\u00dc ANKARA\u2019DA \u00c7\u00d6Z\u00dcLECEK.. TEMY\u0130Z, A\u0130HM \u00d6NCES\u0130 SON ADIM -\" \/>\n<meta property=\"og:description\" content=\"\u015eampiyon Melekleri Ya\u015fatma Derne\u011fi, \u0130sias Otel davas\u0131 i\u00e7in Ad\u0131yaman 3. A\u011f\u0131r Ceza Mahkemesi taraf\u0131ndan verilen karara kar\u015f\u0131 yap\u0131lan istinaf ba\u015fvurusunun reddedilmesinin ard\u0131ndan temyiz i\u00e7in Yarg\u0131tay&#8217;a gidilece\u011fini a\u00e7\u0131klad\u0131. Ankara\u2019daki Yarg\u0131tay s\u00fcrecinin uzun olaca\u011f\u0131 \u00f6ng\u00f6r\u00fcl\u00fcrken, \u015eampiyon Melekleri Ya\u015fatma Derne\u011fi i\u00e7in temyiz Avrupa \u0130nsan Haklar\u0131 Mahkemesi\u2019nden \u00f6nceki son ad\u0131m olacak. \u0130sias Otel\u2019de k\u0131zlar\u0131 Selin ve Serin\u2019i kaybeden \u015eampiyon\" \/>\n<meta property=\"og:url\" content=\"https:\/\/kibrisdakik.com\/?p=83925\" \/>\n<meta property=\"article:published_time\" content=\"2025-06-04T11:39:00+00:00\" \/>\n<meta property=\"og:image\" content=\"https:\/\/kibrisdakik.com\/wp-content\/uploads\/2025\/06\/mhafoto-8533-740x420.png\" \/>\n\t<meta property=\"og:image:width\" content=\"860\" \/>\n\t<meta property=\"og:image:height\" content=\"505\" \/>\n\t<meta property=\"og:image:type\" content=\"image\/png\" \/>\n<meta name=\"author\" content=\"admin\" \/>\n<meta name=\"twitter:card\" content=\"summary_large_image\" \/>\n<meta name=\"twitter:label1\" content=\"Yazan:\" \/>\n\t<meta name=\"twitter:data1\" content=\"admin\" \/>\n\t<meta name=\"twitter:label2\" content=\"Tahmini okuma s\u00fcresi\" \/>\n\t<meta name=\"twitter:data2\" content=\"6 dakika\" \/>\n<script type=\"application\/ld+json\" class=\"yoast-schema-graph\">{\"@context\":\"https:\\\/\\\/schema.org\",\"@graph\":[{\"@type\":\"Article\",\"@id\":\"https:\\\/\\\/kibrisdakik.com\\\/?p=83925#article\",\"isPartOf\":{\"@id\":\"https:\\\/\\\/kibrisdakik.com\\\/?p=83925\"},\"author\":{\"name\":\"admin\",\"@id\":\"https:\\\/\\\/kibrisdakik.com\\\/#\\\/schema\\\/person\\\/9cd9d437bbb44f72b73ba127e06d8e79\"},\"headline\":\"\u201c\u0130S\u0130AS OTEL\u201d D\u00dc\u011e\u00dcM\u00dc ANKARA\u2019DA \u00c7\u00d6Z\u00dcLECEK.. TEMY\u0130Z, A\u0130HM \u00d6NCES\u0130 SON ADIM\",\"datePublished\":\"2025-06-04T11:39:00+00:00\",\"mainEntityOfPage\":{\"@id\":\"https:\\\/\\\/kibrisdakik.com\\\/?p=83925\"},\"wordCount\":1127,\"commentCount\":0,\"image\":{\"@id\":\"https:\\\/\\\/kibrisdakik.com\\\/?p=83925#primaryimage\"},\"thumbnailUrl\":\"https:\\\/\\\/kibrisdakik.com\\\/wp-content\\\/uploads\\\/2025\\\/06\\\/mhafoto-8533-740x420.png\",\"articleSection\":[\"G\u00fcndem\"],\"inLanguage\":\"tr\",\"potentialAction\":[{\"@type\":\"CommentAction\",\"name\":\"Comment\",\"target\":[\"https:\\\/\\\/kibrisdakik.com\\\/?p=83925#respond\"]}]},{\"@type\":\"WebPage\",\"@id\":\"https:\\\/\\\/kibrisdakik.com\\\/?p=83925\",\"url\":\"https:\\\/\\\/kibrisdakik.com\\\/?p=83925\",\"name\":\"\u201c\u0130S\u0130AS OTEL\u201d D\u00dc\u011e\u00dcM\u00dc ANKARA\u2019DA \u00c7\u00d6Z\u00dcLECEK.. TEMY\u0130Z, A\u0130HM \u00d6NCES\u0130 SON ADIM -\",\"isPartOf\":{\"@id\":\"https:\\\/\\\/kibrisdakik.com\\\/#website\"},\"primaryImageOfPage\":{\"@id\":\"https:\\\/\\\/kibrisdakik.com\\\/?p=83925#primaryimage\"},\"image\":{\"@id\":\"https:\\\/\\\/kibrisdakik.com\\\/?p=83925#primaryimage\"},\"thumbnailUrl\":\"https:\\\/\\\/kibrisdakik.com\\\/wp-content\\\/uploads\\\/2025\\\/06\\\/mhafoto-8533-740x420.png\",\"datePublished\":\"2025-06-04T11:39:00+00:00\",\"author\":{\"@id\":\"https:\\\/\\\/kibrisdakik.com\\\/#\\\/schema\\\/person\\\/9cd9d437bbb44f72b73ba127e06d8e79\"},\"breadcrumb\":{\"@id\":\"https:\\\/\\\/kibrisdakik.com\\\/?p=83925#breadcrumb\"},\"inLanguage\":\"tr\",\"potentialAction\":[{\"@type\":\"ReadAction\",\"target\":[\"https:\\\/\\\/kibrisdakik.com\\\/?p=83925\"]}]},{\"@type\":\"ImageObject\",\"inLanguage\":\"tr\",\"@id\":\"https:\\\/\\\/kibrisdakik.com\\\/?p=83925#primaryimage\",\"url\":\"https:\\\/\\\/kibrisdakik.com\\\/wp-content\\\/uploads\\\/2025\\\/06\\\/mhafoto-8533-740x420.png\",\"contentUrl\":\"https:\\\/\\\/kibrisdakik.com\\\/wp-content\\\/uploads\\\/2025\\\/06\\\/mhafoto-8533-740x420.png\",\"width\":860,\"height\":505},{\"@type\":\"BreadcrumbList\",\"@id\":\"https:\\\/\\\/kibrisdakik.com\\\/?p=83925#breadcrumb\",\"itemListElement\":[{\"@type\":\"ListItem\",\"position\":1,\"name\":\"Home\",\"item\":\"https:\\\/\\\/kibrisdakik.com\\\/\"},{\"@type\":\"ListItem\",\"position\":2,\"name\":\"\u201c\u0130S\u0130AS OTEL\u201d D\u00dc\u011e\u00dcM\u00dc ANKARA\u2019DA \u00c7\u00d6Z\u00dcLECEK.. TEMY\u0130Z, A\u0130HM \u00d6NCES\u0130 SON ADIM\"}]},{\"@type\":\"WebSite\",\"@id\":\"https:\\\/\\\/kibrisdakik.com\\\/#website\",\"url\":\"https:\\\/\\\/kibrisdakik.com\\\/\",\"name\":\"\",\"description\":\"Tam vaktinde haber\",\"potentialAction\":[{\"@type\":\"SearchAction\",\"target\":{\"@type\":\"EntryPoint\",\"urlTemplate\":\"https:\\\/\\\/kibrisdakik.com\\\/?s={search_term_string}\"},\"query-input\":{\"@type\":\"PropertyValueSpecification\",\"valueRequired\":true,\"valueName\":\"search_term_string\"}}],\"inLanguage\":\"tr\"},{\"@type\":\"Person\",\"@id\":\"https:\\\/\\\/kibrisdakik.com\\\/#\\\/schema\\\/person\\\/9cd9d437bbb44f72b73ba127e06d8e79\",\"name\":\"admin\",\"image\":{\"@type\":\"ImageObject\",\"inLanguage\":\"tr\",\"@id\":\"https:\\\/\\\/secure.gravatar.com\\\/avatar\\\/ccc17943b9d660506c869530f897617f7cb1c21a4bf30023f252596d83e1f007?s=96&d=mm&r=g\",\"url\":\"https:\\\/\\\/secure.gravatar.com\\\/avatar\\\/ccc17943b9d660506c869530f897617f7cb1c21a4bf30023f252596d83e1f007?s=96&d=mm&r=g\",\"contentUrl\":\"https:\\\/\\\/secure.gravatar.com\\\/avatar\\\/ccc17943b9d660506c869530f897617f7cb1c21a4bf30023f252596d83e1f007?s=96&d=mm&r=g\",\"caption\":\"admin\"},\"sameAs\":[\"https:\\\/\\\/kibrisdakik.com\"],\"url\":\"https:\\\/\\\/kibrisdakik.com\\\/?author=1\"}]}<\/script>\n<!-- \/ Yoast SEO plugin. -->","yoast_head_json":{"title":"\u201c\u0130S\u0130AS OTEL\u201d D\u00dc\u011e\u00dcM\u00dc ANKARA\u2019DA \u00c7\u00d6Z\u00dcLECEK.. TEMY\u0130Z, A\u0130HM \u00d6NCES\u0130 SON ADIM -","robots":{"index":"index","follow":"follow","max-snippet":"max-snippet:-1","max-image-preview":"max-image-preview:large","max-video-preview":"max-video-preview:-1"},"canonical":"https:\/\/kibrisdakik.com\/?p=83925","og_locale":"tr_TR","og_type":"article","og_title":"\u201c\u0130S\u0130AS OTEL\u201d D\u00dc\u011e\u00dcM\u00dc ANKARA\u2019DA \u00c7\u00d6Z\u00dcLECEK.. TEMY\u0130Z, A\u0130HM \u00d6NCES\u0130 SON ADIM -","og_description":"\u015eampiyon Melekleri Ya\u015fatma Derne\u011fi, \u0130sias Otel davas\u0131 i\u00e7in Ad\u0131yaman 3. A\u011f\u0131r Ceza Mahkemesi taraf\u0131ndan verilen karara kar\u015f\u0131 yap\u0131lan istinaf ba\u015fvurusunun reddedilmesinin ard\u0131ndan temyiz i\u00e7in Yarg\u0131tay&#8217;a gidilece\u011fini a\u00e7\u0131klad\u0131. Ankara\u2019daki Yarg\u0131tay s\u00fcrecinin uzun olaca\u011f\u0131 \u00f6ng\u00f6r\u00fcl\u00fcrken, \u015eampiyon Melekleri Ya\u015fatma Derne\u011fi i\u00e7in temyiz Avrupa \u0130nsan Haklar\u0131 Mahkemesi\u2019nden \u00f6nceki son ad\u0131m olacak. \u0130sias Otel\u2019de k\u0131zlar\u0131 Selin ve Serin\u2019i kaybeden \u015eampiyon","og_url":"https:\/\/kibrisdakik.com\/?p=83925","article_published_time":"2025-06-04T11:39:00+00:00","og_image":[{"width":860,"height":505,"url":"https:\/\/kibrisdakik.com\/wp-content\/uploads\/2025\/06\/mhafoto-8533-740x420.png","type":"image\/png"}],"author":"admin","twitter_card":"summary_large_image","twitter_misc":{"Yazan:":"admin","Tahmini okuma s\u00fcresi":"6 dakika"},"schema":{"@context":"https:\/\/schema.org","@graph":[{"@type":"Article","@id":"https:\/\/kibrisdakik.com\/?p=83925#article","isPartOf":{"@id":"https:\/\/kibrisdakik.com\/?p=83925"},"author":{"name":"admin","@id":"https:\/\/kibrisdakik.com\/#\/schema\/person\/9cd9d437bbb44f72b73ba127e06d8e79"},"headline":"\u201c\u0130S\u0130AS OTEL\u201d D\u00dc\u011e\u00dcM\u00dc ANKARA\u2019DA \u00c7\u00d6Z\u00dcLECEK.. TEMY\u0130Z, A\u0130HM \u00d6NCES\u0130 SON ADIM","datePublished":"2025-06-04T11:39:00+00:00","mainEntityOfPage":{"@id":"https:\/\/kibrisdakik.com\/?p=83925"},"wordCount":1127,"commentCount":0,"image":{"@id":"https:\/\/kibrisdakik.com\/?p=83925#primaryimage"},"thumbnailUrl":"https:\/\/kibrisdakik.com\/wp-content\/uploads\/2025\/06\/mhafoto-8533-740x420.png","articleSection":["G\u00fcndem"],"inLanguage":"tr","potentialAction":[{"@type":"CommentAction","name":"Comment","target":["https:\/\/kibrisdakik.com\/?p=83925#respond"]}]},{"@type":"WebPage","@id":"https:\/\/kibrisdakik.com\/?p=83925","url":"https:\/\/kibrisdakik.com\/?p=83925","name":"\u201c\u0130S\u0130AS OTEL\u201d D\u00dc\u011e\u00dcM\u00dc ANKARA\u2019DA \u00c7\u00d6Z\u00dcLECEK.. TEMY\u0130Z, A\u0130HM \u00d6NCES\u0130 SON ADIM -","isPartOf":{"@id":"https:\/\/kibrisdakik.com\/#website"},"primaryImageOfPage":{"@id":"https:\/\/kibrisdakik.com\/?p=83925#primaryimage"},"image":{"@id":"https:\/\/kibrisdakik.com\/?p=83925#primaryimage"},"thumbnailUrl":"https:\/\/kibrisdakik.com\/wp-content\/uploads\/2025\/06\/mhafoto-8533-740x420.png","datePublished":"2025-06-04T11:39:00+00:00","author":{"@id":"https:\/\/kibrisdakik.com\/#\/schema\/person\/9cd9d437bbb44f72b73ba127e06d8e79"},"breadcrumb":{"@id":"https:\/\/kibrisdakik.com\/?p=83925#breadcrumb"},"inLanguage":"tr","potentialAction":[{"@type":"ReadAction","target":["https:\/\/kibrisdakik.com\/?p=83925"]}]},{"@type":"ImageObject","inLanguage":"tr","@id":"https:\/\/kibrisdakik.com\/?p=83925#primaryimage","url":"https:\/\/kibrisdakik.com\/wp-content\/uploads\/2025\/06\/mhafoto-8533-740x420.png","contentUrl":"https:\/\/kibrisdakik.com\/wp-content\/uploads\/2025\/06\/mhafoto-8533-740x420.png","width":860,"height":505},{"@type":"BreadcrumbList","@id":"https:\/\/kibrisdakik.com\/?p=83925#breadcrumb","itemListElement":[{"@type":"ListItem","position":1,"name":"Home","item":"https:\/\/kibrisdakik.com\/"},{"@type":"ListItem","position":2,"name":"\u201c\u0130S\u0130AS OTEL\u201d D\u00dc\u011e\u00dcM\u00dc ANKARA\u2019DA \u00c7\u00d6Z\u00dcLECEK.. TEMY\u0130Z, A\u0130HM \u00d6NCES\u0130 SON ADIM"}]},{"@type":"WebSite","@id":"https:\/\/kibrisdakik.com\/#website","url":"https:\/\/kibrisdakik.com\/","name":"","description":"Tam vaktinde haber","potentialAction":[{"@type":"SearchAction","target":{"@type":"EntryPoint","urlTemplate":"https:\/\/kibrisdakik.com\/?s={search_term_string}"},"query-input":{"@type":"PropertyValueSpecification","valueRequired":true,"valueName":"search_term_string"}}],"inLanguage":"tr"},{"@type":"Person","@id":"https:\/\/kibrisdakik.com\/#\/schema\/person\/9cd9d437bbb44f72b73ba127e06d8e79","name":"admin","image":{"@type":"ImageObject","inLanguage":"tr","@id":"https:\/\/secure.gravatar.com\/avatar\/ccc17943b9d660506c869530f897617f7cb1c21a4bf30023f252596d83e1f007?s=96&d=mm&r=g","url":"https:\/\/secure.gravatar.com\/avatar\/ccc17943b9d660506c869530f897617f7cb1c21a4bf30023f252596d83e1f007?s=96&d=mm&r=g","contentUrl":"https:\/\/secure.gravatar.com\/avatar\/ccc17943b9d660506c869530f897617f7cb1c21a4bf30023f252596d83e1f007?s=96&d=mm&r=g","caption":"admin"},"sameAs":["https:\/\/kibrisdakik.com"],"url":"https:\/\/kibrisdakik.com\/?author=1"}]}},"_links":{"self":[{"href":"https:\/\/kibrisdakik.com\/index.php?rest_route=\/wp\/v2\/posts\/83925","targetHints":{"allow":["GET"]}}],"collection":[{"href":"https:\/\/kibrisdakik.com\/index.php?rest_route=\/wp\/v2\/posts"}],"about":[{"href":"https:\/\/kibrisdakik.com\/index.php?rest_route=\/wp\/v2\/types\/post"}],"author":[{"embeddable":true,"href":"https:\/\/kibrisdakik.com\/index.php?rest_route=\/wp\/v2\/users\/1"}],"replies":[{"embeddable":true,"href":"https:\/\/kibrisdakik.com\/index.php?rest_route=%2Fwp%2Fv2%2Fcomments&post=83925"}],"version-history":[{"count":0,"href":"https:\/\/kibrisdakik.com\/index.php?rest_route=\/wp\/v2\/posts\/83925\/revisions"}],"wp:featuredmedia":[{"embeddable":true,"href":"https:\/\/kibrisdakik.com\/index.php?rest_route=\/wp\/v2\/media\/83926"}],"wp:attachment":[{"href":"https:\/\/kibrisdakik.com\/index.php?rest_route=%2Fwp%2Fv2%2Fmedia&parent=83925"}],"wp:term":[{"taxonomy":"category","embeddable":true,"href":"https:\/\/kibrisdakik.com\/index.php?rest_route=%2Fwp%2Fv2%2Fcategories&post=83925"},{"taxonomy":"post_tag","embeddable":true,"href":"https:\/\/kibrisdakik.com\/index.php?rest_route=%2Fwp%2Fv2%2Ftags&post=83925"}],"curies":[{"name":"wp","href":"https:\/\/api.w.org\/{rel}","templated":true}]}}