{"id":83947,"date":"2025-06-05T10:20:00","date_gmt":"2025-06-05T07:20:00","guid":{"rendered":"https:\/\/kibrisdakik.com\/index.php\/2025\/06\/05\/hasan-kucukten-kurban-bayrami-mesaji\/"},"modified":"2025-06-05T10:20:00","modified_gmt":"2025-06-05T07:20:00","slug":"hasan-kucukten-kurban-bayrami-mesaji","status":"publish","type":"post","link":"https:\/\/kibrisdakik.com\/?p=83947","title":{"rendered":"HASAN K\u00dc\u00c7\u00dcK\u2019TEN KURBAN BAYRAMI MESAJI"},"content":{"rendered":"<p><img decoding=\"async\" src=\"https:\/\/mhahabercom.teimg.com\/crop\/1280x720\/mhahaber-com\/uploads\/2025\/06\/mhafoto-8545.png\" \/><\/p>\n<div data-text-id=\"176939\" property=\"articleBody\">\n<p>Ulusal Birlik Partisi (UBP) Girne Milletvekili Hasan K\u00fc\u00e7\u00fck, Kurban Bayram\u0131&#8217;n\u0131n t\u00fcm \u0130slam \u00e2lemine bar\u0131\u015f, sa\u011fl\u0131k ve bereket getirmesini diledi.<\/p>\n<p>Hasan K\u00fc\u00e7\u00fck, Kurban Bayram\u0131 dolay\u0131s\u0131yla yay\u0131mlad\u0131\u011f\u0131 mesajda, bayramlar\u0131n, birlik ve beraberlik ruhunu peki\u015ftiren m\u00fcbarek g\u00fcnler oldu\u011funa dikkat \u00e7ekerek, Kurban Bayram\u0131\u2019n\u0131n ihtiya\u00e7 sahiplerine el uzatma, dayan\u0131\u015fmay\u0131 g\u00fc\u00e7lendirme ve karde\u015flik ba\u011flar\u0131n\u0131 kuvvetlendirme vesilesi oldu\u011funu vurgulad\u0131.<\/p>\n<p>K\u00fc\u00e7\u00fck, Anavatan T\u00fcrkiye ile Kuzey K\u0131br\u0131s T\u00fcrk Cumhuriyeti aras\u0131ndaki sars\u0131lmaz ba\u011flar\u0131n her ge\u00e7en g\u00fcn daha da g\u00fc\u00e7lendi\u011fini ifade ederek, bayram\u0131n bu birlikteli\u011fi daha da per\u00e7inlemesini temenni etti.<\/p>\n<p>T\u00fcrkiye ve \u0130slam d\u00fcnyas\u0131nda bar\u0131\u015f, huzur ve refah\u0131n daim olmas\u0131n\u0131 temenni eden K\u00fc\u00e7\u00fck, k\u00fcresel geli\u015fmelerin ya\u015fand\u0131\u011f\u0131 bu d\u00f6nemde Kurban Bayram\u0131\u2019n\u0131n t\u00fcm insanl\u0131\u011fa umut, sevgi ve karde\u015flik getirmesi gerekti\u011fini ifade etti. K\u00fc\u00e7\u00fck, t\u00fcm vatanda\u015flar\u0131n sevdikleriyle birlikte g\u00fczel ve anlaml\u0131 bir bayram ge\u00e7irmesini diledi.<\/p>\n<\/p><\/div>\n","protected":false},"excerpt":{"rendered":"<p>Ulusal Birlik Partisi (UBP) Girne Milletvekili Hasan K\u00fc\u00e7\u00fck, Kurban Bayram\u0131&#8217;n\u0131n t\u00fcm \u0130slam \u00e2lemine bar\u0131\u015f, sa\u011fl\u0131k ve bereket getirmesini diledi. Hasan K\u00fc\u00e7\u00fck, Kurban Bayram\u0131 dolay\u0131s\u0131yla yay\u0131mlad\u0131\u011f\u0131 mesajda, bayramlar\u0131n, birlik ve beraberlik ruhunu peki\u015ftiren m\u00fcbarek g\u00fcnler oldu\u011funa dikkat \u00e7ekerek, Kurban Bayram\u0131\u2019n\u0131n ihtiya\u00e7 sahiplerine el uzatma, dayan\u0131\u015fmay\u0131 g\u00fc\u00e7lendirme ve karde\u015flik ba\u011flar\u0131n\u0131 kuvvetlendirme vesilesi oldu\u011funu vurgulad\u0131. K\u00fc\u00e7\u00fck, Anavatan T\u00fcrkiye<\/p>\n","protected":false},"author":1,"featured_media":83948,"comment_status":"open","ping_status":"open","sticky":false,"template":"","format":"standard","meta":{"footnotes":""},"categories":[1],"tags":[],"class_list":["post-83947","post","type-post","status-publish","format-standard","has-post-thumbnail","hentry","category-gundem"],"yoast_head":"<!-- This site is optimized with the Yoast SEO plugin v27.4 - https:\/\/yoast.com\/product\/yoast-seo-wordpress\/ -->\n<title>HASAN K\u00dc\u00c7\u00dcK\u2019TEN KURBAN BAYRAMI MESAJI -<\/title>\n<meta name=\"robots\" content=\"index, follow, max-snippet:-1, max-image-preview:large, max-video-preview:-1\" \/>\n<link rel=\"canonical\" href=\"https:\/\/kibrisdakik.com\/?p=83947\" \/>\n<meta property=\"og:locale\" content=\"tr_TR\" \/>\n<meta property=\"og:type\" content=\"article\" \/>\n<meta property=\"og:title\" content=\"HASAN K\u00dc\u00c7\u00dcK\u2019TEN KURBAN BAYRAMI MESAJI -\" \/>\n<meta property=\"og:description\" content=\"Ulusal Birlik Partisi (UBP) Girne Milletvekili Hasan K\u00fc\u00e7\u00fck, Kurban Bayram\u0131&#8217;n\u0131n t\u00fcm \u0130slam \u00e2lemine bar\u0131\u015f, sa\u011fl\u0131k ve bereket getirmesini diledi. Hasan K\u00fc\u00e7\u00fck, Kurban Bayram\u0131 dolay\u0131s\u0131yla yay\u0131mlad\u0131\u011f\u0131 mesajda, bayramlar\u0131n, birlik ve beraberlik ruhunu peki\u015ftiren m\u00fcbarek g\u00fcnler oldu\u011funa dikkat \u00e7ekerek, Kurban Bayram\u0131\u2019n\u0131n ihtiya\u00e7 sahiplerine el uzatma, dayan\u0131\u015fmay\u0131 g\u00fc\u00e7lendirme ve karde\u015flik ba\u011flar\u0131n\u0131 kuvvetlendirme vesilesi oldu\u011funu vurgulad\u0131. K\u00fc\u00e7\u00fck, Anavatan T\u00fcrkiye\" \/>\n<meta property=\"og:url\" content=\"https:\/\/kibrisdakik.com\/?p=83947\" \/>\n<meta property=\"article:published_time\" content=\"2025-06-05T07:20:00+00:00\" \/>\n<meta property=\"og:image\" content=\"https:\/\/kibrisdakik.com\/wp-content\/uploads\/2025\/06\/mhafoto-8545-740x420.png\" \/>\n\t<meta property=\"og:image:width\" content=\"860\" \/>\n\t<meta property=\"og:image:height\" content=\"505\" \/>\n\t<meta property=\"og:image:type\" content=\"image\/png\" \/>\n<meta name=\"author\" content=\"admin\" \/>\n<meta name=\"twitter:card\" content=\"summary_large_image\" \/>\n<meta name=\"twitter:label1\" content=\"Yazan:\" \/>\n\t<meta name=\"twitter:data1\" content=\"admin\" \/>\n\t<meta name=\"twitter:label2\" content=\"Tahmini okuma s\u00fcresi\" \/>\n\t<meta name=\"twitter:data2\" content=\"1 dakika\" \/>\n<script type=\"application\/ld+json\" class=\"yoast-schema-graph\">{\"@context\":\"https:\\\/\\\/schema.org\",\"@graph\":[{\"@type\":\"Article\",\"@id\":\"https:\\\/\\\/kibrisdakik.com\\\/?p=83947#article\",\"isPartOf\":{\"@id\":\"https:\\\/\\\/kibrisdakik.com\\\/?p=83947\"},\"author\":{\"name\":\"admin\",\"@id\":\"https:\\\/\\\/kibrisdakik.com\\\/#\\\/schema\\\/person\\\/9cd9d437bbb44f72b73ba127e06d8e79\"},\"headline\":\"HASAN K\u00dc\u00c7\u00dcK\u2019TEN KURBAN BAYRAMI MESAJI\",\"datePublished\":\"2025-06-05T07:20:00+00:00\",\"mainEntityOfPage\":{\"@id\":\"https:\\\/\\\/kibrisdakik.com\\\/?p=83947\"},\"wordCount\":189,\"commentCount\":0,\"image\":{\"@id\":\"https:\\\/\\\/kibrisdakik.com\\\/?p=83947#primaryimage\"},\"thumbnailUrl\":\"https:\\\/\\\/kibrisdakik.com\\\/wp-content\\\/uploads\\\/2025\\\/06\\\/mhafoto-8545-740x420.png\",\"articleSection\":[\"G\u00fcndem\"],\"inLanguage\":\"tr\",\"potentialAction\":[{\"@type\":\"CommentAction\",\"name\":\"Comment\",\"target\":[\"https:\\\/\\\/kibrisdakik.com\\\/?p=83947#respond\"]}]},{\"@type\":\"WebPage\",\"@id\":\"https:\\\/\\\/kibrisdakik.com\\\/?p=83947\",\"url\":\"https:\\\/\\\/kibrisdakik.com\\\/?p=83947\",\"name\":\"HASAN K\u00dc\u00c7\u00dcK\u2019TEN KURBAN BAYRAMI MESAJI -\",\"isPartOf\":{\"@id\":\"https:\\\/\\\/kibrisdakik.com\\\/#website\"},\"primaryImageOfPage\":{\"@id\":\"https:\\\/\\\/kibrisdakik.com\\\/?p=83947#primaryimage\"},\"image\":{\"@id\":\"https:\\\/\\\/kibrisdakik.com\\\/?p=83947#primaryimage\"},\"thumbnailUrl\":\"https:\\\/\\\/kibrisdakik.com\\\/wp-content\\\/uploads\\\/2025\\\/06\\\/mhafoto-8545-740x420.png\",\"datePublished\":\"2025-06-05T07:20:00+00:00\",\"author\":{\"@id\":\"https:\\\/\\\/kibrisdakik.com\\\/#\\\/schema\\\/person\\\/9cd9d437bbb44f72b73ba127e06d8e79\"},\"breadcrumb\":{\"@id\":\"https:\\\/\\\/kibrisdakik.com\\\/?p=83947#breadcrumb\"},\"inLanguage\":\"tr\",\"potentialAction\":[{\"@type\":\"ReadAction\",\"target\":[\"https:\\\/\\\/kibrisdakik.com\\\/?p=83947\"]}]},{\"@type\":\"ImageObject\",\"inLanguage\":\"tr\",\"@id\":\"https:\\\/\\\/kibrisdakik.com\\\/?p=83947#primaryimage\",\"url\":\"https:\\\/\\\/kibrisdakik.com\\\/wp-content\\\/uploads\\\/2025\\\/06\\\/mhafoto-8545-740x420.png\",\"contentUrl\":\"https:\\\/\\\/kibrisdakik.com\\\/wp-content\\\/uploads\\\/2025\\\/06\\\/mhafoto-8545-740x420.png\",\"width\":860,\"height\":505},{\"@type\":\"BreadcrumbList\",\"@id\":\"https:\\\/\\\/kibrisdakik.com\\\/?p=83947#breadcrumb\",\"itemListElement\":[{\"@type\":\"ListItem\",\"position\":1,\"name\":\"Home\",\"item\":\"https:\\\/\\\/kibrisdakik.com\\\/\"},{\"@type\":\"ListItem\",\"position\":2,\"name\":\"HASAN K\u00dc\u00c7\u00dcK\u2019TEN KURBAN BAYRAMI MESAJI\"}]},{\"@type\":\"WebSite\",\"@id\":\"https:\\\/\\\/kibrisdakik.com\\\/#website\",\"url\":\"https:\\\/\\\/kibrisdakik.com\\\/\",\"name\":\"\",\"description\":\"Tam vaktinde haber\",\"potentialAction\":[{\"@type\":\"SearchAction\",\"target\":{\"@type\":\"EntryPoint\",\"urlTemplate\":\"https:\\\/\\\/kibrisdakik.com\\\/?s={search_term_string}\"},\"query-input\":{\"@type\":\"PropertyValueSpecification\",\"valueRequired\":true,\"valueName\":\"search_term_string\"}}],\"inLanguage\":\"tr\"},{\"@type\":\"Person\",\"@id\":\"https:\\\/\\\/kibrisdakik.com\\\/#\\\/schema\\\/person\\\/9cd9d437bbb44f72b73ba127e06d8e79\",\"name\":\"admin\",\"image\":{\"@type\":\"ImageObject\",\"inLanguage\":\"tr\",\"@id\":\"https:\\\/\\\/secure.gravatar.com\\\/avatar\\\/ccc17943b9d660506c869530f897617f7cb1c21a4bf30023f252596d83e1f007?s=96&d=mm&r=g\",\"url\":\"https:\\\/\\\/secure.gravatar.com\\\/avatar\\\/ccc17943b9d660506c869530f897617f7cb1c21a4bf30023f252596d83e1f007?s=96&d=mm&r=g\",\"contentUrl\":\"https:\\\/\\\/secure.gravatar.com\\\/avatar\\\/ccc17943b9d660506c869530f897617f7cb1c21a4bf30023f252596d83e1f007?s=96&d=mm&r=g\",\"caption\":\"admin\"},\"sameAs\":[\"https:\\\/\\\/kibrisdakik.com\"],\"url\":\"https:\\\/\\\/kibrisdakik.com\\\/?author=1\"}]}<\/script>\n<!-- \/ Yoast SEO plugin. -->","yoast_head_json":{"title":"HASAN K\u00dc\u00c7\u00dcK\u2019TEN KURBAN BAYRAMI MESAJI -","robots":{"index":"index","follow":"follow","max-snippet":"max-snippet:-1","max-image-preview":"max-image-preview:large","max-video-preview":"max-video-preview:-1"},"canonical":"https:\/\/kibrisdakik.com\/?p=83947","og_locale":"tr_TR","og_type":"article","og_title":"HASAN K\u00dc\u00c7\u00dcK\u2019TEN KURBAN BAYRAMI MESAJI -","og_description":"Ulusal Birlik Partisi (UBP) Girne Milletvekili Hasan K\u00fc\u00e7\u00fck, Kurban Bayram\u0131&#8217;n\u0131n t\u00fcm \u0130slam \u00e2lemine bar\u0131\u015f, sa\u011fl\u0131k ve bereket getirmesini diledi. Hasan K\u00fc\u00e7\u00fck, Kurban Bayram\u0131 dolay\u0131s\u0131yla yay\u0131mlad\u0131\u011f\u0131 mesajda, bayramlar\u0131n, birlik ve beraberlik ruhunu peki\u015ftiren m\u00fcbarek g\u00fcnler oldu\u011funa dikkat \u00e7ekerek, Kurban Bayram\u0131\u2019n\u0131n ihtiya\u00e7 sahiplerine el uzatma, dayan\u0131\u015fmay\u0131 g\u00fc\u00e7lendirme ve karde\u015flik ba\u011flar\u0131n\u0131 kuvvetlendirme vesilesi oldu\u011funu vurgulad\u0131. K\u00fc\u00e7\u00fck, Anavatan T\u00fcrkiye","og_url":"https:\/\/kibrisdakik.com\/?p=83947","article_published_time":"2025-06-05T07:20:00+00:00","og_image":[{"width":860,"height":505,"url":"https:\/\/kibrisdakik.com\/wp-content\/uploads\/2025\/06\/mhafoto-8545-740x420.png","type":"image\/png"}],"author":"admin","twitter_card":"summary_large_image","twitter_misc":{"Yazan:":"admin","Tahmini okuma s\u00fcresi":"1 dakika"},"schema":{"@context":"https:\/\/schema.org","@graph":[{"@type":"Article","@id":"https:\/\/kibrisdakik.com\/?p=83947#article","isPartOf":{"@id":"https:\/\/kibrisdakik.com\/?p=83947"},"author":{"name":"admin","@id":"https:\/\/kibrisdakik.com\/#\/schema\/person\/9cd9d437bbb44f72b73ba127e06d8e79"},"headline":"HASAN K\u00dc\u00c7\u00dcK\u2019TEN KURBAN BAYRAMI MESAJI","datePublished":"2025-06-05T07:20:00+00:00","mainEntityOfPage":{"@id":"https:\/\/kibrisdakik.com\/?p=83947"},"wordCount":189,"commentCount":0,"image":{"@id":"https:\/\/kibrisdakik.com\/?p=83947#primaryimage"},"thumbnailUrl":"https:\/\/kibrisdakik.com\/wp-content\/uploads\/2025\/06\/mhafoto-8545-740x420.png","articleSection":["G\u00fcndem"],"inLanguage":"tr","potentialAction":[{"@type":"CommentAction","name":"Comment","target":["https:\/\/kibrisdakik.com\/?p=83947#respond"]}]},{"@type":"WebPage","@id":"https:\/\/kibrisdakik.com\/?p=83947","url":"https:\/\/kibrisdakik.com\/?p=83947","name":"HASAN K\u00dc\u00c7\u00dcK\u2019TEN KURBAN BAYRAMI MESAJI -","isPartOf":{"@id":"https:\/\/kibrisdakik.com\/#website"},"primaryImageOfPage":{"@id":"https:\/\/kibrisdakik.com\/?p=83947#primaryimage"},"image":{"@id":"https:\/\/kibrisdakik.com\/?p=83947#primaryimage"},"thumbnailUrl":"https:\/\/kibrisdakik.com\/wp-content\/uploads\/2025\/06\/mhafoto-8545-740x420.png","datePublished":"2025-06-05T07:20:00+00:00","author":{"@id":"https:\/\/kibrisdakik.com\/#\/schema\/person\/9cd9d437bbb44f72b73ba127e06d8e79"},"breadcrumb":{"@id":"https:\/\/kibrisdakik.com\/?p=83947#breadcrumb"},"inLanguage":"tr","potentialAction":[{"@type":"ReadAction","target":["https:\/\/kibrisdakik.com\/?p=83947"]}]},{"@type":"ImageObject","inLanguage":"tr","@id":"https:\/\/kibrisdakik.com\/?p=83947#primaryimage","url":"https:\/\/kibrisdakik.com\/wp-content\/uploads\/2025\/06\/mhafoto-8545-740x420.png","contentUrl":"https:\/\/kibrisdakik.com\/wp-content\/uploads\/2025\/06\/mhafoto-8545-740x420.png","width":860,"height":505},{"@type":"BreadcrumbList","@id":"https:\/\/kibrisdakik.com\/?p=83947#breadcrumb","itemListElement":[{"@type":"ListItem","position":1,"name":"Home","item":"https:\/\/kibrisdakik.com\/"},{"@type":"ListItem","position":2,"name":"HASAN K\u00dc\u00c7\u00dcK\u2019TEN KURBAN BAYRAMI MESAJI"}]},{"@type":"WebSite","@id":"https:\/\/kibrisdakik.com\/#website","url":"https:\/\/kibrisdakik.com\/","name":"","description":"Tam vaktinde haber","potentialAction":[{"@type":"SearchAction","target":{"@type":"EntryPoint","urlTemplate":"https:\/\/kibrisdakik.com\/?s={search_term_string}"},"query-input":{"@type":"PropertyValueSpecification","valueRequired":true,"valueName":"search_term_string"}}],"inLanguage":"tr"},{"@type":"Person","@id":"https:\/\/kibrisdakik.com\/#\/schema\/person\/9cd9d437bbb44f72b73ba127e06d8e79","name":"admin","image":{"@type":"ImageObject","inLanguage":"tr","@id":"https:\/\/secure.gravatar.com\/avatar\/ccc17943b9d660506c869530f897617f7cb1c21a4bf30023f252596d83e1f007?s=96&d=mm&r=g","url":"https:\/\/secure.gravatar.com\/avatar\/ccc17943b9d660506c869530f897617f7cb1c21a4bf30023f252596d83e1f007?s=96&d=mm&r=g","contentUrl":"https:\/\/secure.gravatar.com\/avatar\/ccc17943b9d660506c869530f897617f7cb1c21a4bf30023f252596d83e1f007?s=96&d=mm&r=g","caption":"admin"},"sameAs":["https:\/\/kibrisdakik.com"],"url":"https:\/\/kibrisdakik.com\/?author=1"}]}},"_links":{"self":[{"href":"https:\/\/kibrisdakik.com\/index.php?rest_route=\/wp\/v2\/posts\/83947","targetHints":{"allow":["GET"]}}],"collection":[{"href":"https:\/\/kibrisdakik.com\/index.php?rest_route=\/wp\/v2\/posts"}],"about":[{"href":"https:\/\/kibrisdakik.com\/index.php?rest_route=\/wp\/v2\/types\/post"}],"author":[{"embeddable":true,"href":"https:\/\/kibrisdakik.com\/index.php?rest_route=\/wp\/v2\/users\/1"}],"replies":[{"embeddable":true,"href":"https:\/\/kibrisdakik.com\/index.php?rest_route=%2Fwp%2Fv2%2Fcomments&post=83947"}],"version-history":[{"count":0,"href":"https:\/\/kibrisdakik.com\/index.php?rest_route=\/wp\/v2\/posts\/83947\/revisions"}],"wp:featuredmedia":[{"embeddable":true,"href":"https:\/\/kibrisdakik.com\/index.php?rest_route=\/wp\/v2\/media\/83948"}],"wp:attachment":[{"href":"https:\/\/kibrisdakik.com\/index.php?rest_route=%2Fwp%2Fv2%2Fmedia&parent=83947"}],"wp:term":[{"taxonomy":"category","embeddable":true,"href":"https:\/\/kibrisdakik.com\/index.php?rest_route=%2Fwp%2Fv2%2Fcategories&post=83947"},{"taxonomy":"post_tag","embeddable":true,"href":"https:\/\/kibrisdakik.com\/index.php?rest_route=%2Fwp%2Fv2%2Ftags&post=83947"}],"curies":[{"name":"wp","href":"https:\/\/api.w.org\/{rel}","templated":true}]}}