{"id":83951,"date":"2025-06-05T11:06:09","date_gmt":"2025-06-05T08:06:09","guid":{"rendered":"https:\/\/kibrisdakik.com\/index.php\/2025\/06\/05\/kibris-aciklarinda-42-buyuklugunde-deprem-meydana-geldi\/"},"modified":"2025-06-05T11:06:09","modified_gmt":"2025-06-05T08:06:09","slug":"kibris-aciklarinda-42-buyuklugunde-deprem-meydana-geldi","status":"publish","type":"post","link":"https:\/\/kibrisdakik.com\/?p=83951","title":{"rendered":"K\u0131br\u0131s a\u00e7\u0131klar\u0131nda 4,2 b\u00fcy\u00fckl\u00fc\u011f\u00fcnde deprem meydana geldi"},"content":{"rendered":"<p> <br \/>\n<br \/><\/p>\n<div data-text-id=\"77774\" property=\"articleBody\">\n<p><span>K\u0131br\u0131s\u2019\u0131n kuzeybat\u0131s\u0131nda bu sabah 07.32 s\u0131ralar\u0131nda denizde Richter \u00f6l\u00e7e\u011fine g\u00f6re 4,2 b\u00fcy\u00fckl\u00fc\u011f\u00fcnde deprem meydana geldi\u011fi bildirildi.<\/span><\/p>\n<p><span lang=\"TR\">Meteoroloji Dairesi Sismoloji Merkezi\u2019nden yap\u0131lan a\u00e7\u0131klamada Akdeniz Deprem \u0130stasyonu\u2019ndan yakla\u015f\u0131k 97 km uzakl\u0131kta kaydedilen depremin merkez \u00fcss\u00fcn\u00fcn 35.85 Kuzey ve 32.14 do\u011fu koordinatlar\u0131nda, yakla\u015f\u0131k 20 km derinlikte oldu\u011fu belirtildi.<\/span><\/p>\n<\/p><\/div>\n<p><br \/>\n<br \/><a href=\"> K\u0131br\u0131s dakik<\/a><\/p>\n","protected":false},"excerpt":{"rendered":"<p>K\u0131br\u0131s\u2019\u0131n kuzeybat\u0131s\u0131nda bu sabah 07.32 s\u0131ralar\u0131nda denizde Richter \u00f6l\u00e7e\u011fine g\u00f6re 4,2 b\u00fcy\u00fckl\u00fc\u011f\u00fcnde deprem meydana geldi\u011fi bildirildi. Meteoroloji Dairesi Sismoloji Merkezi\u2019nden yap\u0131lan a\u00e7\u0131klamada Akdeniz Deprem \u0130stasyonu\u2019ndan yakla\u015f\u0131k 97 km uzakl\u0131kta kaydedilen depremin merkez \u00fcss\u00fcn\u00fcn 35.85 Kuzey ve 32.14 do\u011fu koordinatlar\u0131nda, yakla\u015f\u0131k 20 km derinlikte oldu\u011fu belirtildi.<\/p>\n","protected":false},"author":1,"featured_media":83952,"comment_status":"open","ping_status":"open","sticky":false,"template":"","format":"standard","meta":{"footnotes":""},"categories":[81,101],"tags":[],"class_list":["post-83951","post","type-post","status-publish","format-standard","has-post-thumbnail","hentry","category-kibris","category-manset"],"yoast_head":"<!-- This site is optimized with the Yoast SEO plugin v27.5 - https:\/\/yoast.com\/product\/yoast-seo-wordpress\/ -->\n<title>K\u0131br\u0131s a\u00e7\u0131klar\u0131nda 4,2 b\u00fcy\u00fckl\u00fc\u011f\u00fcnde deprem meydana geldi -<\/title>\n<meta name=\"robots\" content=\"index, follow, max-snippet:-1, max-image-preview:large, max-video-preview:-1\" \/>\n<link rel=\"canonical\" href=\"https:\/\/kibrisdakik.com\/?p=83951\" \/>\n<meta property=\"og:locale\" content=\"tr_TR\" \/>\n<meta property=\"og:type\" content=\"article\" \/>\n<meta property=\"og:title\" content=\"K\u0131br\u0131s a\u00e7\u0131klar\u0131nda 4,2 b\u00fcy\u00fckl\u00fc\u011f\u00fcnde deprem meydana geldi -\" \/>\n<meta property=\"og:description\" content=\"K\u0131br\u0131s\u2019\u0131n kuzeybat\u0131s\u0131nda bu sabah 07.32 s\u0131ralar\u0131nda denizde Richter \u00f6l\u00e7e\u011fine g\u00f6re 4,2 b\u00fcy\u00fckl\u00fc\u011f\u00fcnde deprem meydana geldi\u011fi bildirildi. Meteoroloji Dairesi Sismoloji Merkezi\u2019nden yap\u0131lan a\u00e7\u0131klamada Akdeniz Deprem \u0130stasyonu\u2019ndan yakla\u015f\u0131k 97 km uzakl\u0131kta kaydedilen depremin merkez \u00fcss\u00fcn\u00fcn 35.85 Kuzey ve 32.14 do\u011fu koordinatlar\u0131nda, yakla\u015f\u0131k 20 km derinlikte oldu\u011fu belirtildi.\" \/>\n<meta property=\"og:url\" content=\"https:\/\/kibrisdakik.com\/?p=83951\" \/>\n<meta property=\"article:published_time\" content=\"2025-06-05T08:06:09+00:00\" \/>\n<meta property=\"og:image\" content=\"https:\/\/kibrisdakik.com\/wp-content\/uploads\/2025\/06\/deprem-25a.jpg\" \/>\n\t<meta property=\"og:image:width\" content=\"610\" \/>\n\t<meta property=\"og:image:height\" content=\"362\" \/>\n\t<meta property=\"og:image:type\" content=\"image\/jpeg\" \/>\n<meta name=\"author\" content=\"admin\" \/>\n<meta name=\"twitter:card\" content=\"summary_large_image\" \/>\n<meta name=\"twitter:label1\" content=\"Yazan:\" \/>\n\t<meta name=\"twitter:data1\" content=\"admin\" \/>\n<script type=\"application\/ld+json\" class=\"yoast-schema-graph\">{\"@context\":\"https:\\\/\\\/schema.org\",\"@graph\":[{\"@type\":\"Article\",\"@id\":\"https:\\\/\\\/kibrisdakik.com\\\/?p=83951#article\",\"isPartOf\":{\"@id\":\"https:\\\/\\\/kibrisdakik.com\\\/?p=83951\"},\"author\":{\"name\":\"admin\",\"@id\":\"https:\\\/\\\/kibrisdakik.com\\\/#\\\/schema\\\/person\\\/9cd9d437bbb44f72b73ba127e06d8e79\"},\"headline\":\"K\u0131br\u0131s a\u00e7\u0131klar\u0131nda 4,2 b\u00fcy\u00fckl\u00fc\u011f\u00fcnde deprem meydana geldi\",\"datePublished\":\"2025-06-05T08:06:09+00:00\",\"mainEntityOfPage\":{\"@id\":\"https:\\\/\\\/kibrisdakik.com\\\/?p=83951\"},\"wordCount\":80,\"commentCount\":0,\"image\":{\"@id\":\"https:\\\/\\\/kibrisdakik.com\\\/?p=83951#primaryimage\"},\"thumbnailUrl\":\"https:\\\/\\\/kibrisdakik.com\\\/wp-content\\\/uploads\\\/2025\\\/06\\\/deprem-25a.jpg\",\"articleSection\":[\"K\u0131br\u0131s\",\"Man\u015fet\"],\"inLanguage\":\"tr\",\"potentialAction\":[{\"@type\":\"CommentAction\",\"name\":\"Comment\",\"target\":[\"https:\\\/\\\/kibrisdakik.com\\\/?p=83951#respond\"]}]},{\"@type\":\"WebPage\",\"@id\":\"https:\\\/\\\/kibrisdakik.com\\\/?p=83951\",\"url\":\"https:\\\/\\\/kibrisdakik.com\\\/?p=83951\",\"name\":\"K\u0131br\u0131s a\u00e7\u0131klar\u0131nda 4,2 b\u00fcy\u00fckl\u00fc\u011f\u00fcnde deprem meydana geldi -\",\"isPartOf\":{\"@id\":\"https:\\\/\\\/kibrisdakik.com\\\/#website\"},\"primaryImageOfPage\":{\"@id\":\"https:\\\/\\\/kibrisdakik.com\\\/?p=83951#primaryimage\"},\"image\":{\"@id\":\"https:\\\/\\\/kibrisdakik.com\\\/?p=83951#primaryimage\"},\"thumbnailUrl\":\"https:\\\/\\\/kibrisdakik.com\\\/wp-content\\\/uploads\\\/2025\\\/06\\\/deprem-25a.jpg\",\"datePublished\":\"2025-06-05T08:06:09+00:00\",\"author\":{\"@id\":\"https:\\\/\\\/kibrisdakik.com\\\/#\\\/schema\\\/person\\\/9cd9d437bbb44f72b73ba127e06d8e79\"},\"breadcrumb\":{\"@id\":\"https:\\\/\\\/kibrisdakik.com\\\/?p=83951#breadcrumb\"},\"inLanguage\":\"tr\",\"potentialAction\":[{\"@type\":\"ReadAction\",\"target\":[\"https:\\\/\\\/kibrisdakik.com\\\/?p=83951\"]}]},{\"@type\":\"ImageObject\",\"inLanguage\":\"tr\",\"@id\":\"https:\\\/\\\/kibrisdakik.com\\\/?p=83951#primaryimage\",\"url\":\"https:\\\/\\\/kibrisdakik.com\\\/wp-content\\\/uploads\\\/2025\\\/06\\\/deprem-25a.jpg\",\"contentUrl\":\"https:\\\/\\\/kibrisdakik.com\\\/wp-content\\\/uploads\\\/2025\\\/06\\\/deprem-25a.jpg\",\"width\":610,\"height\":362},{\"@type\":\"BreadcrumbList\",\"@id\":\"https:\\\/\\\/kibrisdakik.com\\\/?p=83951#breadcrumb\",\"itemListElement\":[{\"@type\":\"ListItem\",\"position\":1,\"name\":\"Home\",\"item\":\"https:\\\/\\\/kibrisdakik.com\\\/\"},{\"@type\":\"ListItem\",\"position\":2,\"name\":\"K\u0131br\u0131s a\u00e7\u0131klar\u0131nda 4,2 b\u00fcy\u00fckl\u00fc\u011f\u00fcnde deprem meydana geldi\"}]},{\"@type\":\"WebSite\",\"@id\":\"https:\\\/\\\/kibrisdakik.com\\\/#website\",\"url\":\"https:\\\/\\\/kibrisdakik.com\\\/\",\"name\":\"\",\"description\":\"Tam vaktinde haber\",\"potentialAction\":[{\"@type\":\"SearchAction\",\"target\":{\"@type\":\"EntryPoint\",\"urlTemplate\":\"https:\\\/\\\/kibrisdakik.com\\\/?s={search_term_string}\"},\"query-input\":{\"@type\":\"PropertyValueSpecification\",\"valueRequired\":true,\"valueName\":\"search_term_string\"}}],\"inLanguage\":\"tr\"},{\"@type\":\"Person\",\"@id\":\"https:\\\/\\\/kibrisdakik.com\\\/#\\\/schema\\\/person\\\/9cd9d437bbb44f72b73ba127e06d8e79\",\"name\":\"admin\",\"image\":{\"@type\":\"ImageObject\",\"inLanguage\":\"tr\",\"@id\":\"https:\\\/\\\/secure.gravatar.com\\\/avatar\\\/ccc17943b9d660506c869530f897617f7cb1c21a4bf30023f252596d83e1f007?s=96&d=mm&r=g\",\"url\":\"https:\\\/\\\/secure.gravatar.com\\\/avatar\\\/ccc17943b9d660506c869530f897617f7cb1c21a4bf30023f252596d83e1f007?s=96&d=mm&r=g\",\"contentUrl\":\"https:\\\/\\\/secure.gravatar.com\\\/avatar\\\/ccc17943b9d660506c869530f897617f7cb1c21a4bf30023f252596d83e1f007?s=96&d=mm&r=g\",\"caption\":\"admin\"},\"sameAs\":[\"https:\\\/\\\/kibrisdakik.com\"],\"url\":\"https:\\\/\\\/kibrisdakik.com\\\/?author=1\"}]}<\/script>\n<!-- \/ Yoast SEO plugin. -->","yoast_head_json":{"title":"K\u0131br\u0131s a\u00e7\u0131klar\u0131nda 4,2 b\u00fcy\u00fckl\u00fc\u011f\u00fcnde deprem meydana geldi -","robots":{"index":"index","follow":"follow","max-snippet":"max-snippet:-1","max-image-preview":"max-image-preview:large","max-video-preview":"max-video-preview:-1"},"canonical":"https:\/\/kibrisdakik.com\/?p=83951","og_locale":"tr_TR","og_type":"article","og_title":"K\u0131br\u0131s a\u00e7\u0131klar\u0131nda 4,2 b\u00fcy\u00fckl\u00fc\u011f\u00fcnde deprem meydana geldi -","og_description":"K\u0131br\u0131s\u2019\u0131n kuzeybat\u0131s\u0131nda bu sabah 07.32 s\u0131ralar\u0131nda denizde Richter \u00f6l\u00e7e\u011fine g\u00f6re 4,2 b\u00fcy\u00fckl\u00fc\u011f\u00fcnde deprem meydana geldi\u011fi bildirildi. Meteoroloji Dairesi Sismoloji Merkezi\u2019nden yap\u0131lan a\u00e7\u0131klamada Akdeniz Deprem \u0130stasyonu\u2019ndan yakla\u015f\u0131k 97 km uzakl\u0131kta kaydedilen depremin merkez \u00fcss\u00fcn\u00fcn 35.85 Kuzey ve 32.14 do\u011fu koordinatlar\u0131nda, yakla\u015f\u0131k 20 km derinlikte oldu\u011fu belirtildi.","og_url":"https:\/\/kibrisdakik.com\/?p=83951","article_published_time":"2025-06-05T08:06:09+00:00","og_image":[{"width":610,"height":362,"url":"https:\/\/kibrisdakik.com\/wp-content\/uploads\/2025\/06\/deprem-25a.jpg","type":"image\/jpeg"}],"author":"admin","twitter_card":"summary_large_image","twitter_misc":{"Yazan:":"admin"},"schema":{"@context":"https:\/\/schema.org","@graph":[{"@type":"Article","@id":"https:\/\/kibrisdakik.com\/?p=83951#article","isPartOf":{"@id":"https:\/\/kibrisdakik.com\/?p=83951"},"author":{"name":"admin","@id":"https:\/\/kibrisdakik.com\/#\/schema\/person\/9cd9d437bbb44f72b73ba127e06d8e79"},"headline":"K\u0131br\u0131s a\u00e7\u0131klar\u0131nda 4,2 b\u00fcy\u00fckl\u00fc\u011f\u00fcnde deprem meydana geldi","datePublished":"2025-06-05T08:06:09+00:00","mainEntityOfPage":{"@id":"https:\/\/kibrisdakik.com\/?p=83951"},"wordCount":80,"commentCount":0,"image":{"@id":"https:\/\/kibrisdakik.com\/?p=83951#primaryimage"},"thumbnailUrl":"https:\/\/kibrisdakik.com\/wp-content\/uploads\/2025\/06\/deprem-25a.jpg","articleSection":["K\u0131br\u0131s","Man\u015fet"],"inLanguage":"tr","potentialAction":[{"@type":"CommentAction","name":"Comment","target":["https:\/\/kibrisdakik.com\/?p=83951#respond"]}]},{"@type":"WebPage","@id":"https:\/\/kibrisdakik.com\/?p=83951","url":"https:\/\/kibrisdakik.com\/?p=83951","name":"K\u0131br\u0131s a\u00e7\u0131klar\u0131nda 4,2 b\u00fcy\u00fckl\u00fc\u011f\u00fcnde deprem meydana geldi -","isPartOf":{"@id":"https:\/\/kibrisdakik.com\/#website"},"primaryImageOfPage":{"@id":"https:\/\/kibrisdakik.com\/?p=83951#primaryimage"},"image":{"@id":"https:\/\/kibrisdakik.com\/?p=83951#primaryimage"},"thumbnailUrl":"https:\/\/kibrisdakik.com\/wp-content\/uploads\/2025\/06\/deprem-25a.jpg","datePublished":"2025-06-05T08:06:09+00:00","author":{"@id":"https:\/\/kibrisdakik.com\/#\/schema\/person\/9cd9d437bbb44f72b73ba127e06d8e79"},"breadcrumb":{"@id":"https:\/\/kibrisdakik.com\/?p=83951#breadcrumb"},"inLanguage":"tr","potentialAction":[{"@type":"ReadAction","target":["https:\/\/kibrisdakik.com\/?p=83951"]}]},{"@type":"ImageObject","inLanguage":"tr","@id":"https:\/\/kibrisdakik.com\/?p=83951#primaryimage","url":"https:\/\/kibrisdakik.com\/wp-content\/uploads\/2025\/06\/deprem-25a.jpg","contentUrl":"https:\/\/kibrisdakik.com\/wp-content\/uploads\/2025\/06\/deprem-25a.jpg","width":610,"height":362},{"@type":"BreadcrumbList","@id":"https:\/\/kibrisdakik.com\/?p=83951#breadcrumb","itemListElement":[{"@type":"ListItem","position":1,"name":"Home","item":"https:\/\/kibrisdakik.com\/"},{"@type":"ListItem","position":2,"name":"K\u0131br\u0131s a\u00e7\u0131klar\u0131nda 4,2 b\u00fcy\u00fckl\u00fc\u011f\u00fcnde deprem meydana geldi"}]},{"@type":"WebSite","@id":"https:\/\/kibrisdakik.com\/#website","url":"https:\/\/kibrisdakik.com\/","name":"","description":"Tam vaktinde haber","potentialAction":[{"@type":"SearchAction","target":{"@type":"EntryPoint","urlTemplate":"https:\/\/kibrisdakik.com\/?s={search_term_string}"},"query-input":{"@type":"PropertyValueSpecification","valueRequired":true,"valueName":"search_term_string"}}],"inLanguage":"tr"},{"@type":"Person","@id":"https:\/\/kibrisdakik.com\/#\/schema\/person\/9cd9d437bbb44f72b73ba127e06d8e79","name":"admin","image":{"@type":"ImageObject","inLanguage":"tr","@id":"https:\/\/secure.gravatar.com\/avatar\/ccc17943b9d660506c869530f897617f7cb1c21a4bf30023f252596d83e1f007?s=96&d=mm&r=g","url":"https:\/\/secure.gravatar.com\/avatar\/ccc17943b9d660506c869530f897617f7cb1c21a4bf30023f252596d83e1f007?s=96&d=mm&r=g","contentUrl":"https:\/\/secure.gravatar.com\/avatar\/ccc17943b9d660506c869530f897617f7cb1c21a4bf30023f252596d83e1f007?s=96&d=mm&r=g","caption":"admin"},"sameAs":["https:\/\/kibrisdakik.com"],"url":"https:\/\/kibrisdakik.com\/?author=1"}]}},"_links":{"self":[{"href":"https:\/\/kibrisdakik.com\/index.php?rest_route=\/wp\/v2\/posts\/83951","targetHints":{"allow":["GET"]}}],"collection":[{"href":"https:\/\/kibrisdakik.com\/index.php?rest_route=\/wp\/v2\/posts"}],"about":[{"href":"https:\/\/kibrisdakik.com\/index.php?rest_route=\/wp\/v2\/types\/post"}],"author":[{"embeddable":true,"href":"https:\/\/kibrisdakik.com\/index.php?rest_route=\/wp\/v2\/users\/1"}],"replies":[{"embeddable":true,"href":"https:\/\/kibrisdakik.com\/index.php?rest_route=%2Fwp%2Fv2%2Fcomments&post=83951"}],"version-history":[{"count":0,"href":"https:\/\/kibrisdakik.com\/index.php?rest_route=\/wp\/v2\/posts\/83951\/revisions"}],"wp:featuredmedia":[{"embeddable":true,"href":"https:\/\/kibrisdakik.com\/index.php?rest_route=\/wp\/v2\/media\/83952"}],"wp:attachment":[{"href":"https:\/\/kibrisdakik.com\/index.php?rest_route=%2Fwp%2Fv2%2Fmedia&parent=83951"}],"wp:term":[{"taxonomy":"category","embeddable":true,"href":"https:\/\/kibrisdakik.com\/index.php?rest_route=%2Fwp%2Fv2%2Fcategories&post=83951"},{"taxonomy":"post_tag","embeddable":true,"href":"https:\/\/kibrisdakik.com\/index.php?rest_route=%2Fwp%2Fv2%2Ftags&post=83951"}],"curies":[{"name":"wp","href":"https:\/\/api.w.org\/{rel}","templated":true}]}}