{"id":83969,"date":"2025-06-05T13:16:27","date_gmt":"2025-06-05T10:16:27","guid":{"rendered":"https:\/\/kibrisdakik.com\/index.php\/2025\/06\/05\/arikli-personeliyle-bayramlasti-kuzey-kibrisin-dijital-gazetesi\/"},"modified":"2025-06-05T13:16:27","modified_gmt":"2025-06-05T10:16:27","slug":"arikli-personeliyle-bayramlasti-kuzey-kibrisin-dijital-gazetesi","status":"publish","type":"post","link":"https:\/\/kibrisdakik.com\/?p=83969","title":{"rendered":"Ar\u0131kl\u0131, personeliyle bayramla\u015ft\u0131 &#8211; Kuzey K\u0131br\u0131s&#8217;\u0131n dijital gazetesi&#8230;."},"content":{"rendered":"<p> <br \/>\n<\/p>\n<div data-text-id=\"77785\" property=\"articleBody\">\n<p><span>Bay\u0131nd\u0131rl\u0131k ve Ula\u015ft\u0131rma Bakan\u0131 Ar\u0131kl\u0131, Kurban Bayram\u0131 \u00f6ncesinde personeliyle bayramla\u015ft\u0131.<\/span><\/p>\n<p><span lang=\"TR\">Bay\u0131nd\u0131rl\u0131k ve Ula\u015ft\u0131rma Bakanl\u0131\u011f\u0131 merkez te\u015fkilat\u0131, Trafik Dairesi, Planlama ve \u0130n\u015faat Dairesi ile Meteoroloji Dairesi personelinin bayram\u0131n\u0131 kutlayan Ar\u0131kl\u0131, t\u00fcm \u00e7al\u0131\u015fanlara sa\u011fl\u0131kl\u0131 ve huzurlu bir bayram dile\u011finde bulundu.<\/span><\/p>\n<div class=\"post-flash\">\n        <!--\n\n<h3 class=\"post-flash__title\">G&ouml;zden ka&ccedil;&#305;rmay&#305;n<\/h3>\n\n--><\/p>\n<div class=\"row g-0 align-items-center\">\n<div class=\"col-5 col-sm-3\">\n                \n            <\/div>\n<div class=\"col-7 col-sm-9\">\n<div class=\"post-flash-heading p-2\">\n<p>UK\u00dc\u2019den \u00c7ocuklara Mimari At\u00f6lye: \u201cMimari \u00c7evre Fark\u0131ndal\u0131\u011f\u0131\u201d<\/p>\n<p>\u0130\u00e7eri\u011fi G\u00f6r\u00fcnt\u00fcle <i class=\"fa fa-arrow-right ps-2\"\/><\/p>\n<\/p><\/div>\n<\/p><\/div>\n<\/p><\/div>\n<\/p><\/div>\n<p><span lang=\"TR\">Bakanl\u0131ktan verilen bilgiye g\u00f6re, personelle bayramla\u015fma s\u0131ras\u0131nda Ar\u0131kl\u0131\u2019ya Bakanl\u0131k M\u00fcste\u015far\u0131 Enver \u00d6zt\u00fcrk, Bakanl\u0131k M\u00fcd\u00fcr\u00fc Mustafa Ambar, \u00d6zel Kalem M\u00fcd\u00fcr\u00fc Hande G\u00fczo\u011flu, Plan Proje M\u00fcd\u00fcr\u00fc Ay\u015fe Tosuno\u011flu ve di\u011fer daire m\u00fcd\u00fcrleri e\u015flik etti. <\/span><\/p>\n<\/p><\/div>\n<p><br \/>\n<br \/><a href=\"> K\u0131br\u0131s dakik<\/a><\/p>\n","protected":false},"excerpt":{"rendered":"<p>Bay\u0131nd\u0131rl\u0131k ve Ula\u015ft\u0131rma Bakan\u0131 Ar\u0131kl\u0131, Kurban Bayram\u0131 \u00f6ncesinde personeliyle bayramla\u015ft\u0131. Bay\u0131nd\u0131rl\u0131k ve Ula\u015ft\u0131rma Bakanl\u0131\u011f\u0131 merkez te\u015fkilat\u0131, Trafik Dairesi, Planlama ve \u0130n\u015faat Dairesi ile Meteoroloji Dairesi personelinin bayram\u0131n\u0131 kutlayan Ar\u0131kl\u0131, t\u00fcm \u00e7al\u0131\u015fanlara sa\u011fl\u0131kl\u0131 ve huzurlu bir bayram dile\u011finde bulundu. UK\u00dc\u2019den \u00c7ocuklara Mimari At\u00f6lye: \u201cMimari \u00c7evre Fark\u0131ndal\u0131\u011f\u0131\u201d \u0130\u00e7eri\u011fi G\u00f6r\u00fcnt\u00fcle Bakanl\u0131ktan verilen bilgiye g\u00f6re, personelle bayramla\u015fma s\u0131ras\u0131nda Ar\u0131kl\u0131\u2019ya<\/p>\n","protected":false},"author":1,"featured_media":83970,"comment_status":"open","ping_status":"open","sticky":false,"template":"","format":"standard","meta":{"footnotes":""},"categories":[81,101],"tags":[],"class_list":["post-83969","post","type-post","status-publish","format-standard","has-post-thumbnail","hentry","category-kibris","category-manset"],"yoast_head":"<!-- This site is optimized with the Yoast SEO plugin v27.4 - https:\/\/yoast.com\/product\/yoast-seo-wordpress\/ -->\n<title>Ar\u0131kl\u0131, personeliyle bayramla\u015ft\u0131 - Kuzey K\u0131br\u0131s&#039;\u0131n dijital gazetesi.... -<\/title>\n<meta name=\"robots\" content=\"index, follow, max-snippet:-1, max-image-preview:large, max-video-preview:-1\" \/>\n<link rel=\"canonical\" href=\"https:\/\/kibrisdakik.com\/?p=83969\" \/>\n<meta property=\"og:locale\" content=\"tr_TR\" \/>\n<meta property=\"og:type\" content=\"article\" \/>\n<meta property=\"og:title\" content=\"Ar\u0131kl\u0131, personeliyle bayramla\u015ft\u0131 - Kuzey K\u0131br\u0131s&#039;\u0131n dijital gazetesi.... -\" \/>\n<meta property=\"og:description\" content=\"Bay\u0131nd\u0131rl\u0131k ve Ula\u015ft\u0131rma Bakan\u0131 Ar\u0131kl\u0131, Kurban Bayram\u0131 \u00f6ncesinde personeliyle bayramla\u015ft\u0131. Bay\u0131nd\u0131rl\u0131k ve Ula\u015ft\u0131rma Bakanl\u0131\u011f\u0131 merkez te\u015fkilat\u0131, Trafik Dairesi, Planlama ve \u0130n\u015faat Dairesi ile Meteoroloji Dairesi personelinin bayram\u0131n\u0131 kutlayan Ar\u0131kl\u0131, t\u00fcm \u00e7al\u0131\u015fanlara sa\u011fl\u0131kl\u0131 ve huzurlu bir bayram dile\u011finde bulundu. UK\u00dc\u2019den \u00c7ocuklara Mimari At\u00f6lye: \u201cMimari \u00c7evre Fark\u0131ndal\u0131\u011f\u0131\u201d \u0130\u00e7eri\u011fi G\u00f6r\u00fcnt\u00fcle Bakanl\u0131ktan verilen bilgiye g\u00f6re, personelle bayramla\u015fma s\u0131ras\u0131nda Ar\u0131kl\u0131\u2019ya\" \/>\n<meta property=\"og:url\" content=\"https:\/\/kibrisdakik.com\/?p=83969\" \/>\n<meta property=\"article:published_time\" content=\"2025-06-05T10:16:27+00:00\" \/>\n<meta property=\"og:image\" content=\"https:\/\/kibrisdakik.com\/wp-content\/uploads\/2025\/06\/arikli-bayram-tebrigi-6-740x420.jpg\" \/>\n\t<meta property=\"og:image:width\" content=\"2048\" \/>\n\t<meta property=\"og:image:height\" content=\"921\" \/>\n\t<meta property=\"og:image:type\" content=\"image\/jpeg\" \/>\n<meta name=\"author\" content=\"admin\" \/>\n<meta name=\"twitter:card\" content=\"summary_large_image\" \/>\n<meta name=\"twitter:label1\" content=\"Yazan:\" \/>\n\t<meta name=\"twitter:data1\" content=\"admin\" \/>\n\t<meta name=\"twitter:label2\" content=\"Tahmini okuma s\u00fcresi\" \/>\n\t<meta name=\"twitter:data2\" content=\"1 dakika\" \/>\n<script type=\"application\/ld+json\" class=\"yoast-schema-graph\">{\"@context\":\"https:\\\/\\\/schema.org\",\"@graph\":[{\"@type\":\"Article\",\"@id\":\"https:\\\/\\\/kibrisdakik.com\\\/?p=83969#article\",\"isPartOf\":{\"@id\":\"https:\\\/\\\/kibrisdakik.com\\\/?p=83969\"},\"author\":{\"name\":\"admin\",\"@id\":\"https:\\\/\\\/kibrisdakik.com\\\/#\\\/schema\\\/person\\\/9cd9d437bbb44f72b73ba127e06d8e79\"},\"headline\":\"Ar\u0131kl\u0131, personeliyle bayramla\u015ft\u0131 &#8211; Kuzey K\u0131br\u0131s&#8217;\u0131n dijital gazetesi&#8230;.\",\"datePublished\":\"2025-06-05T10:16:27+00:00\",\"mainEntityOfPage\":{\"@id\":\"https:\\\/\\\/kibrisdakik.com\\\/?p=83969\"},\"wordCount\":148,\"commentCount\":0,\"image\":{\"@id\":\"https:\\\/\\\/kibrisdakik.com\\\/?p=83969#primaryimage\"},\"thumbnailUrl\":\"https:\\\/\\\/kibrisdakik.com\\\/wp-content\\\/uploads\\\/2025\\\/06\\\/arikli-bayram-tebrigi-6-740x420.jpg\",\"articleSection\":[\"K\u0131br\u0131s\",\"Man\u015fet\"],\"inLanguage\":\"tr\",\"potentialAction\":[{\"@type\":\"CommentAction\",\"name\":\"Comment\",\"target\":[\"https:\\\/\\\/kibrisdakik.com\\\/?p=83969#respond\"]}]},{\"@type\":\"WebPage\",\"@id\":\"https:\\\/\\\/kibrisdakik.com\\\/?p=83969\",\"url\":\"https:\\\/\\\/kibrisdakik.com\\\/?p=83969\",\"name\":\"Ar\u0131kl\u0131, personeliyle bayramla\u015ft\u0131 - Kuzey K\u0131br\u0131s'\u0131n dijital gazetesi.... -\",\"isPartOf\":{\"@id\":\"https:\\\/\\\/kibrisdakik.com\\\/#website\"},\"primaryImageOfPage\":{\"@id\":\"https:\\\/\\\/kibrisdakik.com\\\/?p=83969#primaryimage\"},\"image\":{\"@id\":\"https:\\\/\\\/kibrisdakik.com\\\/?p=83969#primaryimage\"},\"thumbnailUrl\":\"https:\\\/\\\/kibrisdakik.com\\\/wp-content\\\/uploads\\\/2025\\\/06\\\/arikli-bayram-tebrigi-6-740x420.jpg\",\"datePublished\":\"2025-06-05T10:16:27+00:00\",\"author\":{\"@id\":\"https:\\\/\\\/kibrisdakik.com\\\/#\\\/schema\\\/person\\\/9cd9d437bbb44f72b73ba127e06d8e79\"},\"breadcrumb\":{\"@id\":\"https:\\\/\\\/kibrisdakik.com\\\/?p=83969#breadcrumb\"},\"inLanguage\":\"tr\",\"potentialAction\":[{\"@type\":\"ReadAction\",\"target\":[\"https:\\\/\\\/kibrisdakik.com\\\/?p=83969\"]}]},{\"@type\":\"ImageObject\",\"inLanguage\":\"tr\",\"@id\":\"https:\\\/\\\/kibrisdakik.com\\\/?p=83969#primaryimage\",\"url\":\"https:\\\/\\\/kibrisdakik.com\\\/wp-content\\\/uploads\\\/2025\\\/06\\\/arikli-bayram-tebrigi-6-740x420.jpg\",\"contentUrl\":\"https:\\\/\\\/kibrisdakik.com\\\/wp-content\\\/uploads\\\/2025\\\/06\\\/arikli-bayram-tebrigi-6-740x420.jpg\",\"width\":2048,\"height\":921},{\"@type\":\"BreadcrumbList\",\"@id\":\"https:\\\/\\\/kibrisdakik.com\\\/?p=83969#breadcrumb\",\"itemListElement\":[{\"@type\":\"ListItem\",\"position\":1,\"name\":\"Home\",\"item\":\"https:\\\/\\\/kibrisdakik.com\\\/\"},{\"@type\":\"ListItem\",\"position\":2,\"name\":\"Ar\u0131kl\u0131, personeliyle bayramla\u015ft\u0131 &#8211; Kuzey K\u0131br\u0131s&#8217;\u0131n dijital gazetesi&#8230;.\"}]},{\"@type\":\"WebSite\",\"@id\":\"https:\\\/\\\/kibrisdakik.com\\\/#website\",\"url\":\"https:\\\/\\\/kibrisdakik.com\\\/\",\"name\":\"\",\"description\":\"Tam vaktinde haber\",\"potentialAction\":[{\"@type\":\"SearchAction\",\"target\":{\"@type\":\"EntryPoint\",\"urlTemplate\":\"https:\\\/\\\/kibrisdakik.com\\\/?s={search_term_string}\"},\"query-input\":{\"@type\":\"PropertyValueSpecification\",\"valueRequired\":true,\"valueName\":\"search_term_string\"}}],\"inLanguage\":\"tr\"},{\"@type\":\"Person\",\"@id\":\"https:\\\/\\\/kibrisdakik.com\\\/#\\\/schema\\\/person\\\/9cd9d437bbb44f72b73ba127e06d8e79\",\"name\":\"admin\",\"image\":{\"@type\":\"ImageObject\",\"inLanguage\":\"tr\",\"@id\":\"https:\\\/\\\/secure.gravatar.com\\\/avatar\\\/ccc17943b9d660506c869530f897617f7cb1c21a4bf30023f252596d83e1f007?s=96&d=mm&r=g\",\"url\":\"https:\\\/\\\/secure.gravatar.com\\\/avatar\\\/ccc17943b9d660506c869530f897617f7cb1c21a4bf30023f252596d83e1f007?s=96&d=mm&r=g\",\"contentUrl\":\"https:\\\/\\\/secure.gravatar.com\\\/avatar\\\/ccc17943b9d660506c869530f897617f7cb1c21a4bf30023f252596d83e1f007?s=96&d=mm&r=g\",\"caption\":\"admin\"},\"sameAs\":[\"https:\\\/\\\/kibrisdakik.com\"],\"url\":\"https:\\\/\\\/kibrisdakik.com\\\/?author=1\"}]}<\/script>\n<!-- \/ Yoast SEO plugin. -->","yoast_head_json":{"title":"Ar\u0131kl\u0131, personeliyle bayramla\u015ft\u0131 - Kuzey K\u0131br\u0131s'\u0131n dijital gazetesi.... -","robots":{"index":"index","follow":"follow","max-snippet":"max-snippet:-1","max-image-preview":"max-image-preview:large","max-video-preview":"max-video-preview:-1"},"canonical":"https:\/\/kibrisdakik.com\/?p=83969","og_locale":"tr_TR","og_type":"article","og_title":"Ar\u0131kl\u0131, personeliyle bayramla\u015ft\u0131 - Kuzey K\u0131br\u0131s'\u0131n dijital gazetesi.... -","og_description":"Bay\u0131nd\u0131rl\u0131k ve Ula\u015ft\u0131rma Bakan\u0131 Ar\u0131kl\u0131, Kurban Bayram\u0131 \u00f6ncesinde personeliyle bayramla\u015ft\u0131. Bay\u0131nd\u0131rl\u0131k ve Ula\u015ft\u0131rma Bakanl\u0131\u011f\u0131 merkez te\u015fkilat\u0131, Trafik Dairesi, Planlama ve \u0130n\u015faat Dairesi ile Meteoroloji Dairesi personelinin bayram\u0131n\u0131 kutlayan Ar\u0131kl\u0131, t\u00fcm \u00e7al\u0131\u015fanlara sa\u011fl\u0131kl\u0131 ve huzurlu bir bayram dile\u011finde bulundu. UK\u00dc\u2019den \u00c7ocuklara Mimari At\u00f6lye: \u201cMimari \u00c7evre Fark\u0131ndal\u0131\u011f\u0131\u201d \u0130\u00e7eri\u011fi G\u00f6r\u00fcnt\u00fcle Bakanl\u0131ktan verilen bilgiye g\u00f6re, personelle bayramla\u015fma s\u0131ras\u0131nda Ar\u0131kl\u0131\u2019ya","og_url":"https:\/\/kibrisdakik.com\/?p=83969","article_published_time":"2025-06-05T10:16:27+00:00","og_image":[{"width":2048,"height":921,"url":"https:\/\/kibrisdakik.com\/wp-content\/uploads\/2025\/06\/arikli-bayram-tebrigi-6-740x420.jpg","type":"image\/jpeg"}],"author":"admin","twitter_card":"summary_large_image","twitter_misc":{"Yazan:":"admin","Tahmini okuma s\u00fcresi":"1 dakika"},"schema":{"@context":"https:\/\/schema.org","@graph":[{"@type":"Article","@id":"https:\/\/kibrisdakik.com\/?p=83969#article","isPartOf":{"@id":"https:\/\/kibrisdakik.com\/?p=83969"},"author":{"name":"admin","@id":"https:\/\/kibrisdakik.com\/#\/schema\/person\/9cd9d437bbb44f72b73ba127e06d8e79"},"headline":"Ar\u0131kl\u0131, personeliyle bayramla\u015ft\u0131 &#8211; Kuzey K\u0131br\u0131s&#8217;\u0131n dijital gazetesi&#8230;.","datePublished":"2025-06-05T10:16:27+00:00","mainEntityOfPage":{"@id":"https:\/\/kibrisdakik.com\/?p=83969"},"wordCount":148,"commentCount":0,"image":{"@id":"https:\/\/kibrisdakik.com\/?p=83969#primaryimage"},"thumbnailUrl":"https:\/\/kibrisdakik.com\/wp-content\/uploads\/2025\/06\/arikli-bayram-tebrigi-6-740x420.jpg","articleSection":["K\u0131br\u0131s","Man\u015fet"],"inLanguage":"tr","potentialAction":[{"@type":"CommentAction","name":"Comment","target":["https:\/\/kibrisdakik.com\/?p=83969#respond"]}]},{"@type":"WebPage","@id":"https:\/\/kibrisdakik.com\/?p=83969","url":"https:\/\/kibrisdakik.com\/?p=83969","name":"Ar\u0131kl\u0131, personeliyle bayramla\u015ft\u0131 - Kuzey K\u0131br\u0131s'\u0131n dijital gazetesi.... -","isPartOf":{"@id":"https:\/\/kibrisdakik.com\/#website"},"primaryImageOfPage":{"@id":"https:\/\/kibrisdakik.com\/?p=83969#primaryimage"},"image":{"@id":"https:\/\/kibrisdakik.com\/?p=83969#primaryimage"},"thumbnailUrl":"https:\/\/kibrisdakik.com\/wp-content\/uploads\/2025\/06\/arikli-bayram-tebrigi-6-740x420.jpg","datePublished":"2025-06-05T10:16:27+00:00","author":{"@id":"https:\/\/kibrisdakik.com\/#\/schema\/person\/9cd9d437bbb44f72b73ba127e06d8e79"},"breadcrumb":{"@id":"https:\/\/kibrisdakik.com\/?p=83969#breadcrumb"},"inLanguage":"tr","potentialAction":[{"@type":"ReadAction","target":["https:\/\/kibrisdakik.com\/?p=83969"]}]},{"@type":"ImageObject","inLanguage":"tr","@id":"https:\/\/kibrisdakik.com\/?p=83969#primaryimage","url":"https:\/\/kibrisdakik.com\/wp-content\/uploads\/2025\/06\/arikli-bayram-tebrigi-6-740x420.jpg","contentUrl":"https:\/\/kibrisdakik.com\/wp-content\/uploads\/2025\/06\/arikli-bayram-tebrigi-6-740x420.jpg","width":2048,"height":921},{"@type":"BreadcrumbList","@id":"https:\/\/kibrisdakik.com\/?p=83969#breadcrumb","itemListElement":[{"@type":"ListItem","position":1,"name":"Home","item":"https:\/\/kibrisdakik.com\/"},{"@type":"ListItem","position":2,"name":"Ar\u0131kl\u0131, personeliyle bayramla\u015ft\u0131 &#8211; Kuzey K\u0131br\u0131s&#8217;\u0131n dijital gazetesi&#8230;."}]},{"@type":"WebSite","@id":"https:\/\/kibrisdakik.com\/#website","url":"https:\/\/kibrisdakik.com\/","name":"","description":"Tam vaktinde haber","potentialAction":[{"@type":"SearchAction","target":{"@type":"EntryPoint","urlTemplate":"https:\/\/kibrisdakik.com\/?s={search_term_string}"},"query-input":{"@type":"PropertyValueSpecification","valueRequired":true,"valueName":"search_term_string"}}],"inLanguage":"tr"},{"@type":"Person","@id":"https:\/\/kibrisdakik.com\/#\/schema\/person\/9cd9d437bbb44f72b73ba127e06d8e79","name":"admin","image":{"@type":"ImageObject","inLanguage":"tr","@id":"https:\/\/secure.gravatar.com\/avatar\/ccc17943b9d660506c869530f897617f7cb1c21a4bf30023f252596d83e1f007?s=96&d=mm&r=g","url":"https:\/\/secure.gravatar.com\/avatar\/ccc17943b9d660506c869530f897617f7cb1c21a4bf30023f252596d83e1f007?s=96&d=mm&r=g","contentUrl":"https:\/\/secure.gravatar.com\/avatar\/ccc17943b9d660506c869530f897617f7cb1c21a4bf30023f252596d83e1f007?s=96&d=mm&r=g","caption":"admin"},"sameAs":["https:\/\/kibrisdakik.com"],"url":"https:\/\/kibrisdakik.com\/?author=1"}]}},"_links":{"self":[{"href":"https:\/\/kibrisdakik.com\/index.php?rest_route=\/wp\/v2\/posts\/83969","targetHints":{"allow":["GET"]}}],"collection":[{"href":"https:\/\/kibrisdakik.com\/index.php?rest_route=\/wp\/v2\/posts"}],"about":[{"href":"https:\/\/kibrisdakik.com\/index.php?rest_route=\/wp\/v2\/types\/post"}],"author":[{"embeddable":true,"href":"https:\/\/kibrisdakik.com\/index.php?rest_route=\/wp\/v2\/users\/1"}],"replies":[{"embeddable":true,"href":"https:\/\/kibrisdakik.com\/index.php?rest_route=%2Fwp%2Fv2%2Fcomments&post=83969"}],"version-history":[{"count":0,"href":"https:\/\/kibrisdakik.com\/index.php?rest_route=\/wp\/v2\/posts\/83969\/revisions"}],"wp:featuredmedia":[{"embeddable":true,"href":"https:\/\/kibrisdakik.com\/index.php?rest_route=\/wp\/v2\/media\/83970"}],"wp:attachment":[{"href":"https:\/\/kibrisdakik.com\/index.php?rest_route=%2Fwp%2Fv2%2Fmedia&parent=83969"}],"wp:term":[{"taxonomy":"category","embeddable":true,"href":"https:\/\/kibrisdakik.com\/index.php?rest_route=%2Fwp%2Fv2%2Fcategories&post=83969"},{"taxonomy":"post_tag","embeddable":true,"href":"https:\/\/kibrisdakik.com\/index.php?rest_route=%2Fwp%2Fv2%2Ftags&post=83969"}],"curies":[{"name":"wp","href":"https:\/\/api.w.org\/{rel}","templated":true}]}}