{"id":84001,"date":"2025-06-05T17:48:04","date_gmt":"2025-06-05T14:48:04","guid":{"rendered":"https:\/\/kibrisdakik.com\/index.php\/2025\/06\/05\/meclis-akpa-heyeti-strasburgda-kuzey-kibrisin-dijital-gazetesi\/"},"modified":"2025-06-05T17:48:04","modified_gmt":"2025-06-05T14:48:04","slug":"meclis-akpa-heyeti-strasburgda-kuzey-kibrisin-dijital-gazetesi","status":"publish","type":"post","link":"https:\/\/kibrisdakik.com\/?p=84001","title":{"rendered":"Meclis AKPA Heyeti Strasburg\u2019da &#8211; Kuzey K\u0131br\u0131s&#8217;\u0131n dijital gazetesi&#8230;."},"content":{"rendered":"<p> <br \/>\n<\/p>\n<div data-text-id=\"77803\" property=\"articleBody\">\n<p><span new=\"\" roman=\"\" times=\"\">Cumhuriyet Meclisi Avrupa Konseyi Parlamenter Asamblesi (AKPA) Heyeti Ba\u015fkan\u0131 UBP Milletvekili O\u011fuzhan Hasipo\u011flu ile heyet \u00fcyesi CTP Milletvekili Arma\u011fan Candan Strasburg\u2019da bir dizi temasta bulundu. <\/span><\/p>\n<div class=\"post-flash\">\n        <!--\n\n<h3 class=\"post-flash__title\">G&ouml;zden ka&ccedil;&#305;rmay&#305;n<\/h3>\n\n--><\/p>\n<div class=\"row g-0 align-items-center\">\n<div class=\"col-5 col-sm-3\">\n                \n            <\/div>\n<div class=\"col-7 col-sm-9\">\n<div class=\"post-flash-heading p-2\">\n<p>M\u00fclkiyet konusu.. Ertu\u011frulo\u011flu: &#8220;Ankara ile \u00e7al\u0131\u015fmalar devam ediyor.. Tutumlar\u0131 cevaps\u0131z kalmayacak\u201d<\/p>\n<p>\u0130\u00e7eri\u011fi G\u00f6r\u00fcnt\u00fcle <i class=\"fa fa-arrow-right ps-2\"\/><\/p>\n<\/p><\/div>\n<\/p><\/div>\n<\/p><\/div>\n<\/p><\/div>\n<p><span new=\"\" roman=\"\" times=\"\">Cumhuriyet Meclisi\u2019nden verilen bilgiye g\u00f6re, heyet \u00f6nceki g\u00fcn ba\u015flayarak bug\u00fcn tamamlanan temaslar kapsam\u0131nda Avrupa Konseyi (AK) nezdindeki \u00fcye \u00fclke delegasyonlar\u0131 ve Avrupa Konseyi\u2019nin Avrupa \u0130nsan Haklar\u0131 Mahkemesi (A\u0130HM) kararlar\u0131n\u0131n icras\u0131ndan sorumlu yetkililerle bir araya geldi. <\/span><\/p>\n<p><span new=\"\" roman=\"\" times=\"\">G\u00f6r\u00fc\u015fmelerde Ta\u015f\u0131nmaz Mal Komisyonu\u2019nun (TMK) i\u015fleyi\u015fi, siyasi ve hukuki boyutu konusunda bilgi payla\u015f\u0131l\u0131rken, Avrupa Konseyi Delegeler Komitesi\u2019nde de m\u00fclkiyet konular\u0131 ve Rum taraf\u0131n\u0131n tutuklama giri\u015fimleri hakk\u0131nda bilgi verildi. <\/span><\/p>\n<p><span new=\"\" roman=\"\" times=\"\">Avrupa Konseyi Genel Sekreteri Alain Berset ile AKPA Ba\u015fkan\u0131 Theodoros Rousopoulos\u2019a birer mektup g\u00f6nderen AKPA heyeti, T\u00fcrkiye Cumhuriyeti\u2019nin Avrupa Konseyi nezdindeki Daimi Temsilcisi B\u00fcy\u00fckel\u00e7i Nurdan Bayraktar Golder ile \u00e7al\u0131\u015fma yeme\u011finde bir araya geldi.<\/span><\/p>\n<\/p><\/div>\n<p><br \/>\n<br \/><a href=\"> K\u0131br\u0131s dakik<\/a><\/p>\n","protected":false},"excerpt":{"rendered":"<p>Cumhuriyet Meclisi Avrupa Konseyi Parlamenter Asamblesi (AKPA) Heyeti Ba\u015fkan\u0131 UBP Milletvekili O\u011fuzhan Hasipo\u011flu ile heyet \u00fcyesi CTP Milletvekili Arma\u011fan Candan Strasburg\u2019da bir dizi temasta bulundu. M\u00fclkiyet konusu.. Ertu\u011frulo\u011flu: &#8220;Ankara ile \u00e7al\u0131\u015fmalar devam ediyor.. Tutumlar\u0131 cevaps\u0131z kalmayacak\u201d \u0130\u00e7eri\u011fi G\u00f6r\u00fcnt\u00fcle Cumhuriyet Meclisi\u2019nden verilen bilgiye g\u00f6re, heyet \u00f6nceki g\u00fcn ba\u015flayarak bug\u00fcn tamamlanan temaslar kapsam\u0131nda Avrupa Konseyi (AK) nezdindeki<\/p>\n","protected":false},"author":1,"featured_media":84002,"comment_status":"open","ping_status":"open","sticky":false,"template":"","format":"standard","meta":{"footnotes":""},"categories":[81,101],"tags":[],"class_list":["post-84001","post","type-post","status-publish","format-standard","has-post-thumbnail","hentry","category-kibris","category-manset"],"yoast_head":"<!-- This site is optimized with the Yoast SEO plugin v27.5 - https:\/\/yoast.com\/product\/yoast-seo-wordpress\/ -->\n<title>Meclis AKPA Heyeti Strasburg\u2019da - Kuzey K\u0131br\u0131s&#039;\u0131n dijital gazetesi.... -<\/title>\n<meta name=\"robots\" content=\"index, follow, max-snippet:-1, max-image-preview:large, max-video-preview:-1\" \/>\n<link rel=\"canonical\" href=\"https:\/\/kibrisdakik.com\/?p=84001\" \/>\n<meta property=\"og:locale\" content=\"tr_TR\" \/>\n<meta property=\"og:type\" content=\"article\" \/>\n<meta property=\"og:title\" content=\"Meclis AKPA Heyeti Strasburg\u2019da - Kuzey K\u0131br\u0131s&#039;\u0131n dijital gazetesi.... -\" \/>\n<meta property=\"og:description\" content=\"Cumhuriyet Meclisi Avrupa Konseyi Parlamenter Asamblesi (AKPA) Heyeti Ba\u015fkan\u0131 UBP Milletvekili O\u011fuzhan Hasipo\u011flu ile heyet \u00fcyesi CTP Milletvekili Arma\u011fan Candan Strasburg\u2019da bir dizi temasta bulundu. M\u00fclkiyet konusu.. Ertu\u011frulo\u011flu: &#8220;Ankara ile \u00e7al\u0131\u015fmalar devam ediyor.. Tutumlar\u0131 cevaps\u0131z kalmayacak\u201d \u0130\u00e7eri\u011fi G\u00f6r\u00fcnt\u00fcle Cumhuriyet Meclisi\u2019nden verilen bilgiye g\u00f6re, heyet \u00f6nceki g\u00fcn ba\u015flayarak bug\u00fcn tamamlanan temaslar kapsam\u0131nda Avrupa Konseyi (AK) nezdindeki\" \/>\n<meta property=\"og:url\" content=\"https:\/\/kibrisdakik.com\/?p=84001\" \/>\n<meta property=\"article:published_time\" content=\"2025-06-05T14:48:04+00:00\" \/>\n<meta property=\"og:image\" content=\"https:\/\/kibrisdakik.com\/wp-content\/uploads\/2025\/06\/a-k-p-a-740x420.jpg\" \/>\n\t<meta property=\"og:image:width\" content=\"1159\" \/>\n\t<meta property=\"og:image:height\" content=\"990\" \/>\n\t<meta property=\"og:image:type\" content=\"image\/jpeg\" \/>\n<meta name=\"author\" content=\"admin\" \/>\n<meta name=\"twitter:card\" content=\"summary_large_image\" \/>\n<meta name=\"twitter:label1\" content=\"Yazan:\" \/>\n\t<meta name=\"twitter:data1\" content=\"admin\" \/>\n\t<meta name=\"twitter:label2\" content=\"Tahmini okuma s\u00fcresi\" \/>\n\t<meta name=\"twitter:data2\" content=\"1 dakika\" \/>\n<script type=\"application\/ld+json\" class=\"yoast-schema-graph\">{\"@context\":\"https:\\\/\\\/schema.org\",\"@graph\":[{\"@type\":\"Article\",\"@id\":\"https:\\\/\\\/kibrisdakik.com\\\/?p=84001#article\",\"isPartOf\":{\"@id\":\"https:\\\/\\\/kibrisdakik.com\\\/?p=84001\"},\"author\":{\"name\":\"admin\",\"@id\":\"https:\\\/\\\/kibrisdakik.com\\\/#\\\/schema\\\/person\\\/9cd9d437bbb44f72b73ba127e06d8e79\"},\"headline\":\"Meclis AKPA Heyeti Strasburg\u2019da &#8211; Kuzey K\u0131br\u0131s&#8217;\u0131n dijital gazetesi&#8230;.\",\"datePublished\":\"2025-06-05T14:48:04+00:00\",\"mainEntityOfPage\":{\"@id\":\"https:\\\/\\\/kibrisdakik.com\\\/?p=84001\"},\"wordCount\":198,\"commentCount\":0,\"image\":{\"@id\":\"https:\\\/\\\/kibrisdakik.com\\\/?p=84001#primaryimage\"},\"thumbnailUrl\":\"https:\\\/\\\/kibrisdakik.com\\\/wp-content\\\/uploads\\\/2025\\\/06\\\/a-k-p-a-740x420.jpg\",\"articleSection\":[\"K\u0131br\u0131s\",\"Man\u015fet\"],\"inLanguage\":\"tr\",\"potentialAction\":[{\"@type\":\"CommentAction\",\"name\":\"Comment\",\"target\":[\"https:\\\/\\\/kibrisdakik.com\\\/?p=84001#respond\"]}]},{\"@type\":\"WebPage\",\"@id\":\"https:\\\/\\\/kibrisdakik.com\\\/?p=84001\",\"url\":\"https:\\\/\\\/kibrisdakik.com\\\/?p=84001\",\"name\":\"Meclis AKPA Heyeti Strasburg\u2019da - Kuzey K\u0131br\u0131s'\u0131n dijital gazetesi.... -\",\"isPartOf\":{\"@id\":\"https:\\\/\\\/kibrisdakik.com\\\/#website\"},\"primaryImageOfPage\":{\"@id\":\"https:\\\/\\\/kibrisdakik.com\\\/?p=84001#primaryimage\"},\"image\":{\"@id\":\"https:\\\/\\\/kibrisdakik.com\\\/?p=84001#primaryimage\"},\"thumbnailUrl\":\"https:\\\/\\\/kibrisdakik.com\\\/wp-content\\\/uploads\\\/2025\\\/06\\\/a-k-p-a-740x420.jpg\",\"datePublished\":\"2025-06-05T14:48:04+00:00\",\"author\":{\"@id\":\"https:\\\/\\\/kibrisdakik.com\\\/#\\\/schema\\\/person\\\/9cd9d437bbb44f72b73ba127e06d8e79\"},\"breadcrumb\":{\"@id\":\"https:\\\/\\\/kibrisdakik.com\\\/?p=84001#breadcrumb\"},\"inLanguage\":\"tr\",\"potentialAction\":[{\"@type\":\"ReadAction\",\"target\":[\"https:\\\/\\\/kibrisdakik.com\\\/?p=84001\"]}]},{\"@type\":\"ImageObject\",\"inLanguage\":\"tr\",\"@id\":\"https:\\\/\\\/kibrisdakik.com\\\/?p=84001#primaryimage\",\"url\":\"https:\\\/\\\/kibrisdakik.com\\\/wp-content\\\/uploads\\\/2025\\\/06\\\/a-k-p-a-740x420.jpg\",\"contentUrl\":\"https:\\\/\\\/kibrisdakik.com\\\/wp-content\\\/uploads\\\/2025\\\/06\\\/a-k-p-a-740x420.jpg\",\"width\":1159,\"height\":990},{\"@type\":\"BreadcrumbList\",\"@id\":\"https:\\\/\\\/kibrisdakik.com\\\/?p=84001#breadcrumb\",\"itemListElement\":[{\"@type\":\"ListItem\",\"position\":1,\"name\":\"Home\",\"item\":\"https:\\\/\\\/kibrisdakik.com\\\/\"},{\"@type\":\"ListItem\",\"position\":2,\"name\":\"Meclis AKPA Heyeti Strasburg\u2019da &#8211; Kuzey K\u0131br\u0131s&#8217;\u0131n dijital gazetesi&#8230;.\"}]},{\"@type\":\"WebSite\",\"@id\":\"https:\\\/\\\/kibrisdakik.com\\\/#website\",\"url\":\"https:\\\/\\\/kibrisdakik.com\\\/\",\"name\":\"\",\"description\":\"Tam vaktinde haber\",\"potentialAction\":[{\"@type\":\"SearchAction\",\"target\":{\"@type\":\"EntryPoint\",\"urlTemplate\":\"https:\\\/\\\/kibrisdakik.com\\\/?s={search_term_string}\"},\"query-input\":{\"@type\":\"PropertyValueSpecification\",\"valueRequired\":true,\"valueName\":\"search_term_string\"}}],\"inLanguage\":\"tr\"},{\"@type\":\"Person\",\"@id\":\"https:\\\/\\\/kibrisdakik.com\\\/#\\\/schema\\\/person\\\/9cd9d437bbb44f72b73ba127e06d8e79\",\"name\":\"admin\",\"image\":{\"@type\":\"ImageObject\",\"inLanguage\":\"tr\",\"@id\":\"https:\\\/\\\/secure.gravatar.com\\\/avatar\\\/ccc17943b9d660506c869530f897617f7cb1c21a4bf30023f252596d83e1f007?s=96&d=mm&r=g\",\"url\":\"https:\\\/\\\/secure.gravatar.com\\\/avatar\\\/ccc17943b9d660506c869530f897617f7cb1c21a4bf30023f252596d83e1f007?s=96&d=mm&r=g\",\"contentUrl\":\"https:\\\/\\\/secure.gravatar.com\\\/avatar\\\/ccc17943b9d660506c869530f897617f7cb1c21a4bf30023f252596d83e1f007?s=96&d=mm&r=g\",\"caption\":\"admin\"},\"sameAs\":[\"https:\\\/\\\/kibrisdakik.com\"],\"url\":\"https:\\\/\\\/kibrisdakik.com\\\/?author=1\"}]}<\/script>\n<!-- \/ Yoast SEO plugin. -->","yoast_head_json":{"title":"Meclis AKPA Heyeti Strasburg\u2019da - Kuzey K\u0131br\u0131s'\u0131n dijital gazetesi.... -","robots":{"index":"index","follow":"follow","max-snippet":"max-snippet:-1","max-image-preview":"max-image-preview:large","max-video-preview":"max-video-preview:-1"},"canonical":"https:\/\/kibrisdakik.com\/?p=84001","og_locale":"tr_TR","og_type":"article","og_title":"Meclis AKPA Heyeti Strasburg\u2019da - Kuzey K\u0131br\u0131s'\u0131n dijital gazetesi.... -","og_description":"Cumhuriyet Meclisi Avrupa Konseyi Parlamenter Asamblesi (AKPA) Heyeti Ba\u015fkan\u0131 UBP Milletvekili O\u011fuzhan Hasipo\u011flu ile heyet \u00fcyesi CTP Milletvekili Arma\u011fan Candan Strasburg\u2019da bir dizi temasta bulundu. M\u00fclkiyet konusu.. Ertu\u011frulo\u011flu: &#8220;Ankara ile \u00e7al\u0131\u015fmalar devam ediyor.. Tutumlar\u0131 cevaps\u0131z kalmayacak\u201d \u0130\u00e7eri\u011fi G\u00f6r\u00fcnt\u00fcle Cumhuriyet Meclisi\u2019nden verilen bilgiye g\u00f6re, heyet \u00f6nceki g\u00fcn ba\u015flayarak bug\u00fcn tamamlanan temaslar kapsam\u0131nda Avrupa Konseyi (AK) nezdindeki","og_url":"https:\/\/kibrisdakik.com\/?p=84001","article_published_time":"2025-06-05T14:48:04+00:00","og_image":[{"width":1159,"height":990,"url":"https:\/\/kibrisdakik.com\/wp-content\/uploads\/2025\/06\/a-k-p-a-740x420.jpg","type":"image\/jpeg"}],"author":"admin","twitter_card":"summary_large_image","twitter_misc":{"Yazan:":"admin","Tahmini okuma s\u00fcresi":"1 dakika"},"schema":{"@context":"https:\/\/schema.org","@graph":[{"@type":"Article","@id":"https:\/\/kibrisdakik.com\/?p=84001#article","isPartOf":{"@id":"https:\/\/kibrisdakik.com\/?p=84001"},"author":{"name":"admin","@id":"https:\/\/kibrisdakik.com\/#\/schema\/person\/9cd9d437bbb44f72b73ba127e06d8e79"},"headline":"Meclis AKPA Heyeti Strasburg\u2019da &#8211; Kuzey K\u0131br\u0131s&#8217;\u0131n dijital gazetesi&#8230;.","datePublished":"2025-06-05T14:48:04+00:00","mainEntityOfPage":{"@id":"https:\/\/kibrisdakik.com\/?p=84001"},"wordCount":198,"commentCount":0,"image":{"@id":"https:\/\/kibrisdakik.com\/?p=84001#primaryimage"},"thumbnailUrl":"https:\/\/kibrisdakik.com\/wp-content\/uploads\/2025\/06\/a-k-p-a-740x420.jpg","articleSection":["K\u0131br\u0131s","Man\u015fet"],"inLanguage":"tr","potentialAction":[{"@type":"CommentAction","name":"Comment","target":["https:\/\/kibrisdakik.com\/?p=84001#respond"]}]},{"@type":"WebPage","@id":"https:\/\/kibrisdakik.com\/?p=84001","url":"https:\/\/kibrisdakik.com\/?p=84001","name":"Meclis AKPA Heyeti Strasburg\u2019da - Kuzey K\u0131br\u0131s'\u0131n dijital gazetesi.... -","isPartOf":{"@id":"https:\/\/kibrisdakik.com\/#website"},"primaryImageOfPage":{"@id":"https:\/\/kibrisdakik.com\/?p=84001#primaryimage"},"image":{"@id":"https:\/\/kibrisdakik.com\/?p=84001#primaryimage"},"thumbnailUrl":"https:\/\/kibrisdakik.com\/wp-content\/uploads\/2025\/06\/a-k-p-a-740x420.jpg","datePublished":"2025-06-05T14:48:04+00:00","author":{"@id":"https:\/\/kibrisdakik.com\/#\/schema\/person\/9cd9d437bbb44f72b73ba127e06d8e79"},"breadcrumb":{"@id":"https:\/\/kibrisdakik.com\/?p=84001#breadcrumb"},"inLanguage":"tr","potentialAction":[{"@type":"ReadAction","target":["https:\/\/kibrisdakik.com\/?p=84001"]}]},{"@type":"ImageObject","inLanguage":"tr","@id":"https:\/\/kibrisdakik.com\/?p=84001#primaryimage","url":"https:\/\/kibrisdakik.com\/wp-content\/uploads\/2025\/06\/a-k-p-a-740x420.jpg","contentUrl":"https:\/\/kibrisdakik.com\/wp-content\/uploads\/2025\/06\/a-k-p-a-740x420.jpg","width":1159,"height":990},{"@type":"BreadcrumbList","@id":"https:\/\/kibrisdakik.com\/?p=84001#breadcrumb","itemListElement":[{"@type":"ListItem","position":1,"name":"Home","item":"https:\/\/kibrisdakik.com\/"},{"@type":"ListItem","position":2,"name":"Meclis AKPA Heyeti Strasburg\u2019da &#8211; Kuzey K\u0131br\u0131s&#8217;\u0131n dijital gazetesi&#8230;."}]},{"@type":"WebSite","@id":"https:\/\/kibrisdakik.com\/#website","url":"https:\/\/kibrisdakik.com\/","name":"","description":"Tam vaktinde haber","potentialAction":[{"@type":"SearchAction","target":{"@type":"EntryPoint","urlTemplate":"https:\/\/kibrisdakik.com\/?s={search_term_string}"},"query-input":{"@type":"PropertyValueSpecification","valueRequired":true,"valueName":"search_term_string"}}],"inLanguage":"tr"},{"@type":"Person","@id":"https:\/\/kibrisdakik.com\/#\/schema\/person\/9cd9d437bbb44f72b73ba127e06d8e79","name":"admin","image":{"@type":"ImageObject","inLanguage":"tr","@id":"https:\/\/secure.gravatar.com\/avatar\/ccc17943b9d660506c869530f897617f7cb1c21a4bf30023f252596d83e1f007?s=96&d=mm&r=g","url":"https:\/\/secure.gravatar.com\/avatar\/ccc17943b9d660506c869530f897617f7cb1c21a4bf30023f252596d83e1f007?s=96&d=mm&r=g","contentUrl":"https:\/\/secure.gravatar.com\/avatar\/ccc17943b9d660506c869530f897617f7cb1c21a4bf30023f252596d83e1f007?s=96&d=mm&r=g","caption":"admin"},"sameAs":["https:\/\/kibrisdakik.com"],"url":"https:\/\/kibrisdakik.com\/?author=1"}]}},"_links":{"self":[{"href":"https:\/\/kibrisdakik.com\/index.php?rest_route=\/wp\/v2\/posts\/84001","targetHints":{"allow":["GET"]}}],"collection":[{"href":"https:\/\/kibrisdakik.com\/index.php?rest_route=\/wp\/v2\/posts"}],"about":[{"href":"https:\/\/kibrisdakik.com\/index.php?rest_route=\/wp\/v2\/types\/post"}],"author":[{"embeddable":true,"href":"https:\/\/kibrisdakik.com\/index.php?rest_route=\/wp\/v2\/users\/1"}],"replies":[{"embeddable":true,"href":"https:\/\/kibrisdakik.com\/index.php?rest_route=%2Fwp%2Fv2%2Fcomments&post=84001"}],"version-history":[{"count":0,"href":"https:\/\/kibrisdakik.com\/index.php?rest_route=\/wp\/v2\/posts\/84001\/revisions"}],"wp:featuredmedia":[{"embeddable":true,"href":"https:\/\/kibrisdakik.com\/index.php?rest_route=\/wp\/v2\/media\/84002"}],"wp:attachment":[{"href":"https:\/\/kibrisdakik.com\/index.php?rest_route=%2Fwp%2Fv2%2Fmedia&parent=84001"}],"wp:term":[{"taxonomy":"category","embeddable":true,"href":"https:\/\/kibrisdakik.com\/index.php?rest_route=%2Fwp%2Fv2%2Fcategories&post=84001"},{"taxonomy":"post_tag","embeddable":true,"href":"https:\/\/kibrisdakik.com\/index.php?rest_route=%2Fwp%2Fv2%2Ftags&post=84001"}],"curies":[{"name":"wp","href":"https:\/\/api.w.org\/{rel}","templated":true}]}}