{"id":84134,"date":"2025-06-09T13:15:00","date_gmt":"2025-06-09T10:15:00","guid":{"rendered":"https:\/\/kibrisdakik.com\/index.php\/2025\/06\/09\/emekli-okul-muduru-bu-bayramda-gelenegi-bozmadi-161-ogrenciyi-sevindirdi\/"},"modified":"2025-06-09T13:15:00","modified_gmt":"2025-06-09T10:15:00","slug":"emekli-okul-muduru-bu-bayramda-gelenegi-bozmadi-161-ogrenciyi-sevindirdi","status":"publish","type":"post","link":"https:\/\/kibrisdakik.com\/?p=84134","title":{"rendered":"EMEKL\u0130 OKUL M\u00dcD\u00dcR\u00dc BU BAYRAMDA GELENE\u011e\u0130 BOZMADI, 161 \u00d6\u011eRENC\u0130Y\u0130 SEV\u0130ND\u0130RD\u0130"},"content":{"rendered":"<p><\/p>\n<div data-text-id=\"177075\" property=\"articleBody\">\n<article dir=\"auto\">&#13;<\/p>\n<p>Gazima\u011fusa \u00c7anakkale Ortaokulu okul m\u00fcd\u00fcr\u00fc oldu\u011fu d\u00f6nemlerde ve emekli olduktan sonra da gelene\u011fi bozmayan Emin \u00d6zkalp, her bayram oldu\u011fu gibi bu bayramda da ihtiya\u00e7 sahibi 161 \u00e7ocu\u011fu sevindirdi.<img loading=\"lazy\" decoding=\"async\" alt=\"4-440\" class=\"detail-photo img-fluid\" height=\"505\" src=\"https:\/\/mhahabercom.teimg.com\/mhahaber-com\/uploads\/2025\/06\/4-440.png\" width=\"860\"\/><\/p>\n<p>&#13;<br \/>\n&#13;<\/p>\n<p>Emin \u00d6zkalp, sosyal medya hesab\u0131ndan yapt\u0131\u011f\u0131 a\u00e7\u0131klamada \u015fu ifadeleri kulland\u0131:<br \/>&#13;<br \/>\n<strong>&#8220;G\u00fczel insanlar\u0131n hepsi iyi olmayabilir ama iyi insanlar\u0131n hepsi g\u00fczeldir.&#8221;<\/strong><br \/>&#13;<br \/>\n\u2014 Hz. Mevlana<\/p>\n<p>&#13;<br \/>\n&#13;<\/p>\n<p>\u201c\u00c7ok \u015f\u00fck\u00fcr, iyi dostlar\u0131m var ve hepsi de g\u00fczel insanlar. Onlar\u0131n destekleriyle 161 can \u00f6\u011frencimize bayraml\u0131k k\u0131yafetlerini hediye ettik, 9 \u00e7ocu\u011fumuza ayakkab\u0131lar\u0131n\u0131 ald\u0131k, 8 g\u00fczel ailemize de bayraml\u0131k g\u0131da al\u0131\u015fveri\u015f kuponlar\u0131 verdik.<br \/>&#13;<br \/>\nD\u00fcnyay\u0131 g\u00fczellik kurtaracak ve bir insan\u0131 sevmekle ba\u015flayacak HER \u015eEY.<br \/>&#13;<br \/>\nTe\u015fekk\u00fcrler, t\u00fcm iyi ve kalbi g\u00fczel dostlar\u0131m. Herkese iyi bayramlar&#8230;\u201d<\/p>\n<p>&#13;<br \/>\n&#13;<\/p>\n<p>Erg\u00fcn Yahat<\/p>\n<p>&#13;<br \/>\n<\/article>\n<\/p><\/div>\n","protected":false},"excerpt":{"rendered":"<p>&#13; Gazima\u011fusa \u00c7anakkale Ortaokulu okul m\u00fcd\u00fcr\u00fc oldu\u011fu d\u00f6nemlerde ve emekli olduktan sonra da gelene\u011fi bozmayan Emin \u00d6zkalp, her bayram oldu\u011fu gibi bu bayramda da ihtiya\u00e7 sahibi 161 \u00e7ocu\u011fu sevindirdi. &#13; &#13; Emin \u00d6zkalp, sosyal medya hesab\u0131ndan yapt\u0131\u011f\u0131 a\u00e7\u0131klamada \u015fu ifadeleri kulland\u0131:&#13; &#8220;G\u00fczel insanlar\u0131n hepsi iyi olmayabilir ama iyi insanlar\u0131n hepsi g\u00fczeldir.&#8221;&#13; \u2014 Hz. Mevlana &#13;<\/p>\n","protected":false},"author":1,"featured_media":84135,"comment_status":"open","ping_status":"open","sticky":false,"template":"","format":"standard","meta":{"footnotes":""},"categories":[1],"tags":[],"class_list":["post-84134","post","type-post","status-publish","format-standard","has-post-thumbnail","hentry","category-gundem"],"yoast_head":"<!-- This site is optimized with the Yoast SEO plugin v27.4 - https:\/\/yoast.com\/product\/yoast-seo-wordpress\/ -->\n<title>EMEKL\u0130 OKUL M\u00dcD\u00dcR\u00dc BU BAYRAMDA GELENE\u011e\u0130 BOZMADI, 161 \u00d6\u011eRENC\u0130Y\u0130 SEV\u0130ND\u0130RD\u0130 -<\/title>\n<meta name=\"robots\" content=\"index, follow, max-snippet:-1, max-image-preview:large, max-video-preview:-1\" \/>\n<link rel=\"canonical\" href=\"https:\/\/kibrisdakik.com\/?p=84134\" \/>\n<meta property=\"og:locale\" content=\"tr_TR\" \/>\n<meta property=\"og:type\" content=\"article\" \/>\n<meta property=\"og:title\" content=\"EMEKL\u0130 OKUL M\u00dcD\u00dcR\u00dc BU BAYRAMDA GELENE\u011e\u0130 BOZMADI, 161 \u00d6\u011eRENC\u0130Y\u0130 SEV\u0130ND\u0130RD\u0130 -\" \/>\n<meta property=\"og:description\" content=\"&#013; Gazima\u011fusa \u00c7anakkale Ortaokulu okul m\u00fcd\u00fcr\u00fc oldu\u011fu d\u00f6nemlerde ve emekli olduktan sonra da gelene\u011fi bozmayan Emin \u00d6zkalp, her bayram oldu\u011fu gibi bu bayramda da ihtiya\u00e7 sahibi 161 \u00e7ocu\u011fu sevindirdi. &#013; &#013; Emin \u00d6zkalp, sosyal medya hesab\u0131ndan yapt\u0131\u011f\u0131 a\u00e7\u0131klamada \u015fu ifadeleri kulland\u0131:&#013; &#8220;G\u00fczel insanlar\u0131n hepsi iyi olmayabilir ama iyi insanlar\u0131n hepsi g\u00fczeldir.&#8221;&#013; \u2014 Hz. Mevlana &#013;\" \/>\n<meta property=\"og:url\" content=\"https:\/\/kibrisdakik.com\/?p=84134\" \/>\n<meta property=\"article:published_time\" content=\"2025-06-09T10:15:00+00:00\" \/>\n<meta property=\"og:image\" content=\"https:\/\/kibrisdakik.com\/wp-content\/uploads\/2025\/06\/3-555-740x420.png\" \/>\n\t<meta property=\"og:image:width\" content=\"860\" \/>\n\t<meta property=\"og:image:height\" content=\"505\" \/>\n\t<meta property=\"og:image:type\" content=\"image\/png\" \/>\n<meta name=\"author\" content=\"admin\" \/>\n<meta name=\"twitter:card\" content=\"summary_large_image\" \/>\n<meta name=\"twitter:label1\" content=\"Yazan:\" \/>\n\t<meta name=\"twitter:data1\" content=\"admin\" \/>\n\t<meta name=\"twitter:label2\" content=\"Tahmini okuma s\u00fcresi\" \/>\n\t<meta name=\"twitter:data2\" content=\"1 dakika\" \/>\n<script type=\"application\/ld+json\" class=\"yoast-schema-graph\">{\"@context\":\"https:\\\/\\\/schema.org\",\"@graph\":[{\"@type\":\"Article\",\"@id\":\"https:\\\/\\\/kibrisdakik.com\\\/?p=84134#article\",\"isPartOf\":{\"@id\":\"https:\\\/\\\/kibrisdakik.com\\\/?p=84134\"},\"author\":{\"name\":\"admin\",\"@id\":\"https:\\\/\\\/kibrisdakik.com\\\/#\\\/schema\\\/person\\\/9cd9d437bbb44f72b73ba127e06d8e79\"},\"headline\":\"EMEKL\u0130 OKUL M\u00dcD\u00dcR\u00dc BU BAYRAMDA GELENE\u011e\u0130 BOZMADI, 161 \u00d6\u011eRENC\u0130Y\u0130 SEV\u0130ND\u0130RD\u0130\",\"datePublished\":\"2025-06-09T10:15:00+00:00\",\"mainEntityOfPage\":{\"@id\":\"https:\\\/\\\/kibrisdakik.com\\\/?p=84134\"},\"wordCount\":151,\"commentCount\":0,\"image\":{\"@id\":\"https:\\\/\\\/kibrisdakik.com\\\/?p=84134#primaryimage\"},\"thumbnailUrl\":\"https:\\\/\\\/kibrisdakik.com\\\/wp-content\\\/uploads\\\/2025\\\/06\\\/3-555-740x420.png\",\"articleSection\":[\"G\u00fcndem\"],\"inLanguage\":\"tr\",\"potentialAction\":[{\"@type\":\"CommentAction\",\"name\":\"Comment\",\"target\":[\"https:\\\/\\\/kibrisdakik.com\\\/?p=84134#respond\"]}]},{\"@type\":\"WebPage\",\"@id\":\"https:\\\/\\\/kibrisdakik.com\\\/?p=84134\",\"url\":\"https:\\\/\\\/kibrisdakik.com\\\/?p=84134\",\"name\":\"EMEKL\u0130 OKUL M\u00dcD\u00dcR\u00dc BU BAYRAMDA GELENE\u011e\u0130 BOZMADI, 161 \u00d6\u011eRENC\u0130Y\u0130 SEV\u0130ND\u0130RD\u0130 -\",\"isPartOf\":{\"@id\":\"https:\\\/\\\/kibrisdakik.com\\\/#website\"},\"primaryImageOfPage\":{\"@id\":\"https:\\\/\\\/kibrisdakik.com\\\/?p=84134#primaryimage\"},\"image\":{\"@id\":\"https:\\\/\\\/kibrisdakik.com\\\/?p=84134#primaryimage\"},\"thumbnailUrl\":\"https:\\\/\\\/kibrisdakik.com\\\/wp-content\\\/uploads\\\/2025\\\/06\\\/3-555-740x420.png\",\"datePublished\":\"2025-06-09T10:15:00+00:00\",\"author\":{\"@id\":\"https:\\\/\\\/kibrisdakik.com\\\/#\\\/schema\\\/person\\\/9cd9d437bbb44f72b73ba127e06d8e79\"},\"breadcrumb\":{\"@id\":\"https:\\\/\\\/kibrisdakik.com\\\/?p=84134#breadcrumb\"},\"inLanguage\":\"tr\",\"potentialAction\":[{\"@type\":\"ReadAction\",\"target\":[\"https:\\\/\\\/kibrisdakik.com\\\/?p=84134\"]}]},{\"@type\":\"ImageObject\",\"inLanguage\":\"tr\",\"@id\":\"https:\\\/\\\/kibrisdakik.com\\\/?p=84134#primaryimage\",\"url\":\"https:\\\/\\\/kibrisdakik.com\\\/wp-content\\\/uploads\\\/2025\\\/06\\\/3-555-740x420.png\",\"contentUrl\":\"https:\\\/\\\/kibrisdakik.com\\\/wp-content\\\/uploads\\\/2025\\\/06\\\/3-555-740x420.png\",\"width\":860,\"height\":505},{\"@type\":\"BreadcrumbList\",\"@id\":\"https:\\\/\\\/kibrisdakik.com\\\/?p=84134#breadcrumb\",\"itemListElement\":[{\"@type\":\"ListItem\",\"position\":1,\"name\":\"Home\",\"item\":\"https:\\\/\\\/kibrisdakik.com\\\/\"},{\"@type\":\"ListItem\",\"position\":2,\"name\":\"EMEKL\u0130 OKUL M\u00dcD\u00dcR\u00dc BU BAYRAMDA GELENE\u011e\u0130 BOZMADI, 161 \u00d6\u011eRENC\u0130Y\u0130 SEV\u0130ND\u0130RD\u0130\"}]},{\"@type\":\"WebSite\",\"@id\":\"https:\\\/\\\/kibrisdakik.com\\\/#website\",\"url\":\"https:\\\/\\\/kibrisdakik.com\\\/\",\"name\":\"\",\"description\":\"Tam vaktinde haber\",\"potentialAction\":[{\"@type\":\"SearchAction\",\"target\":{\"@type\":\"EntryPoint\",\"urlTemplate\":\"https:\\\/\\\/kibrisdakik.com\\\/?s={search_term_string}\"},\"query-input\":{\"@type\":\"PropertyValueSpecification\",\"valueRequired\":true,\"valueName\":\"search_term_string\"}}],\"inLanguage\":\"tr\"},{\"@type\":\"Person\",\"@id\":\"https:\\\/\\\/kibrisdakik.com\\\/#\\\/schema\\\/person\\\/9cd9d437bbb44f72b73ba127e06d8e79\",\"name\":\"admin\",\"image\":{\"@type\":\"ImageObject\",\"inLanguage\":\"tr\",\"@id\":\"https:\\\/\\\/secure.gravatar.com\\\/avatar\\\/ccc17943b9d660506c869530f897617f7cb1c21a4bf30023f252596d83e1f007?s=96&d=mm&r=g\",\"url\":\"https:\\\/\\\/secure.gravatar.com\\\/avatar\\\/ccc17943b9d660506c869530f897617f7cb1c21a4bf30023f252596d83e1f007?s=96&d=mm&r=g\",\"contentUrl\":\"https:\\\/\\\/secure.gravatar.com\\\/avatar\\\/ccc17943b9d660506c869530f897617f7cb1c21a4bf30023f252596d83e1f007?s=96&d=mm&r=g\",\"caption\":\"admin\"},\"sameAs\":[\"https:\\\/\\\/kibrisdakik.com\"],\"url\":\"https:\\\/\\\/kibrisdakik.com\\\/?author=1\"}]}<\/script>\n<!-- \/ Yoast SEO plugin. -->","yoast_head_json":{"title":"EMEKL\u0130 OKUL M\u00dcD\u00dcR\u00dc BU BAYRAMDA GELENE\u011e\u0130 BOZMADI, 161 \u00d6\u011eRENC\u0130Y\u0130 SEV\u0130ND\u0130RD\u0130 -","robots":{"index":"index","follow":"follow","max-snippet":"max-snippet:-1","max-image-preview":"max-image-preview:large","max-video-preview":"max-video-preview:-1"},"canonical":"https:\/\/kibrisdakik.com\/?p=84134","og_locale":"tr_TR","og_type":"article","og_title":"EMEKL\u0130 OKUL M\u00dcD\u00dcR\u00dc BU BAYRAMDA GELENE\u011e\u0130 BOZMADI, 161 \u00d6\u011eRENC\u0130Y\u0130 SEV\u0130ND\u0130RD\u0130 -","og_description":"&#13; Gazima\u011fusa \u00c7anakkale Ortaokulu okul m\u00fcd\u00fcr\u00fc oldu\u011fu d\u00f6nemlerde ve emekli olduktan sonra da gelene\u011fi bozmayan Emin \u00d6zkalp, her bayram oldu\u011fu gibi bu bayramda da ihtiya\u00e7 sahibi 161 \u00e7ocu\u011fu sevindirdi. &#13; &#13; Emin \u00d6zkalp, sosyal medya hesab\u0131ndan yapt\u0131\u011f\u0131 a\u00e7\u0131klamada \u015fu ifadeleri kulland\u0131:&#13; &#8220;G\u00fczel insanlar\u0131n hepsi iyi olmayabilir ama iyi insanlar\u0131n hepsi g\u00fczeldir.&#8221;&#13; \u2014 Hz. Mevlana &#13;","og_url":"https:\/\/kibrisdakik.com\/?p=84134","article_published_time":"2025-06-09T10:15:00+00:00","og_image":[{"width":860,"height":505,"url":"https:\/\/kibrisdakik.com\/wp-content\/uploads\/2025\/06\/3-555-740x420.png","type":"image\/png"}],"author":"admin","twitter_card":"summary_large_image","twitter_misc":{"Yazan:":"admin","Tahmini okuma s\u00fcresi":"1 dakika"},"schema":{"@context":"https:\/\/schema.org","@graph":[{"@type":"Article","@id":"https:\/\/kibrisdakik.com\/?p=84134#article","isPartOf":{"@id":"https:\/\/kibrisdakik.com\/?p=84134"},"author":{"name":"admin","@id":"https:\/\/kibrisdakik.com\/#\/schema\/person\/9cd9d437bbb44f72b73ba127e06d8e79"},"headline":"EMEKL\u0130 OKUL M\u00dcD\u00dcR\u00dc BU BAYRAMDA GELENE\u011e\u0130 BOZMADI, 161 \u00d6\u011eRENC\u0130Y\u0130 SEV\u0130ND\u0130RD\u0130","datePublished":"2025-06-09T10:15:00+00:00","mainEntityOfPage":{"@id":"https:\/\/kibrisdakik.com\/?p=84134"},"wordCount":151,"commentCount":0,"image":{"@id":"https:\/\/kibrisdakik.com\/?p=84134#primaryimage"},"thumbnailUrl":"https:\/\/kibrisdakik.com\/wp-content\/uploads\/2025\/06\/3-555-740x420.png","articleSection":["G\u00fcndem"],"inLanguage":"tr","potentialAction":[{"@type":"CommentAction","name":"Comment","target":["https:\/\/kibrisdakik.com\/?p=84134#respond"]}]},{"@type":"WebPage","@id":"https:\/\/kibrisdakik.com\/?p=84134","url":"https:\/\/kibrisdakik.com\/?p=84134","name":"EMEKL\u0130 OKUL M\u00dcD\u00dcR\u00dc BU BAYRAMDA GELENE\u011e\u0130 BOZMADI, 161 \u00d6\u011eRENC\u0130Y\u0130 SEV\u0130ND\u0130RD\u0130 -","isPartOf":{"@id":"https:\/\/kibrisdakik.com\/#website"},"primaryImageOfPage":{"@id":"https:\/\/kibrisdakik.com\/?p=84134#primaryimage"},"image":{"@id":"https:\/\/kibrisdakik.com\/?p=84134#primaryimage"},"thumbnailUrl":"https:\/\/kibrisdakik.com\/wp-content\/uploads\/2025\/06\/3-555-740x420.png","datePublished":"2025-06-09T10:15:00+00:00","author":{"@id":"https:\/\/kibrisdakik.com\/#\/schema\/person\/9cd9d437bbb44f72b73ba127e06d8e79"},"breadcrumb":{"@id":"https:\/\/kibrisdakik.com\/?p=84134#breadcrumb"},"inLanguage":"tr","potentialAction":[{"@type":"ReadAction","target":["https:\/\/kibrisdakik.com\/?p=84134"]}]},{"@type":"ImageObject","inLanguage":"tr","@id":"https:\/\/kibrisdakik.com\/?p=84134#primaryimage","url":"https:\/\/kibrisdakik.com\/wp-content\/uploads\/2025\/06\/3-555-740x420.png","contentUrl":"https:\/\/kibrisdakik.com\/wp-content\/uploads\/2025\/06\/3-555-740x420.png","width":860,"height":505},{"@type":"BreadcrumbList","@id":"https:\/\/kibrisdakik.com\/?p=84134#breadcrumb","itemListElement":[{"@type":"ListItem","position":1,"name":"Home","item":"https:\/\/kibrisdakik.com\/"},{"@type":"ListItem","position":2,"name":"EMEKL\u0130 OKUL M\u00dcD\u00dcR\u00dc BU BAYRAMDA GELENE\u011e\u0130 BOZMADI, 161 \u00d6\u011eRENC\u0130Y\u0130 SEV\u0130ND\u0130RD\u0130"}]},{"@type":"WebSite","@id":"https:\/\/kibrisdakik.com\/#website","url":"https:\/\/kibrisdakik.com\/","name":"","description":"Tam vaktinde haber","potentialAction":[{"@type":"SearchAction","target":{"@type":"EntryPoint","urlTemplate":"https:\/\/kibrisdakik.com\/?s={search_term_string}"},"query-input":{"@type":"PropertyValueSpecification","valueRequired":true,"valueName":"search_term_string"}}],"inLanguage":"tr"},{"@type":"Person","@id":"https:\/\/kibrisdakik.com\/#\/schema\/person\/9cd9d437bbb44f72b73ba127e06d8e79","name":"admin","image":{"@type":"ImageObject","inLanguage":"tr","@id":"https:\/\/secure.gravatar.com\/avatar\/ccc17943b9d660506c869530f897617f7cb1c21a4bf30023f252596d83e1f007?s=96&d=mm&r=g","url":"https:\/\/secure.gravatar.com\/avatar\/ccc17943b9d660506c869530f897617f7cb1c21a4bf30023f252596d83e1f007?s=96&d=mm&r=g","contentUrl":"https:\/\/secure.gravatar.com\/avatar\/ccc17943b9d660506c869530f897617f7cb1c21a4bf30023f252596d83e1f007?s=96&d=mm&r=g","caption":"admin"},"sameAs":["https:\/\/kibrisdakik.com"],"url":"https:\/\/kibrisdakik.com\/?author=1"}]}},"_links":{"self":[{"href":"https:\/\/kibrisdakik.com\/index.php?rest_route=\/wp\/v2\/posts\/84134","targetHints":{"allow":["GET"]}}],"collection":[{"href":"https:\/\/kibrisdakik.com\/index.php?rest_route=\/wp\/v2\/posts"}],"about":[{"href":"https:\/\/kibrisdakik.com\/index.php?rest_route=\/wp\/v2\/types\/post"}],"author":[{"embeddable":true,"href":"https:\/\/kibrisdakik.com\/index.php?rest_route=\/wp\/v2\/users\/1"}],"replies":[{"embeddable":true,"href":"https:\/\/kibrisdakik.com\/index.php?rest_route=%2Fwp%2Fv2%2Fcomments&post=84134"}],"version-history":[{"count":0,"href":"https:\/\/kibrisdakik.com\/index.php?rest_route=\/wp\/v2\/posts\/84134\/revisions"}],"wp:featuredmedia":[{"embeddable":true,"href":"https:\/\/kibrisdakik.com\/index.php?rest_route=\/wp\/v2\/media\/84135"}],"wp:attachment":[{"href":"https:\/\/kibrisdakik.com\/index.php?rest_route=%2Fwp%2Fv2%2Fmedia&parent=84134"}],"wp:term":[{"taxonomy":"category","embeddable":true,"href":"https:\/\/kibrisdakik.com\/index.php?rest_route=%2Fwp%2Fv2%2Fcategories&post=84134"},{"taxonomy":"post_tag","embeddable":true,"href":"https:\/\/kibrisdakik.com\/index.php?rest_route=%2Fwp%2Fv2%2Ftags&post=84134"}],"curies":[{"name":"wp","href":"https:\/\/api.w.org\/{rel}","templated":true}]}}