{"id":84141,"date":"2025-06-09T13:25:00","date_gmt":"2025-06-09T10:25:00","guid":{"rendered":"https:\/\/kibrisdakik.com\/index.php\/2025\/06\/09\/ozturkler-insani-degerlere-ve-vicdanlara-da-yoneltilmis-bir-saldiridir-2\/"},"modified":"2025-06-09T13:25:00","modified_gmt":"2025-06-09T10:25:00","slug":"ozturkler-insani-degerlere-ve-vicdanlara-da-yoneltilmis-bir-saldiridir-2","status":"publish","type":"post","link":"https:\/\/kibrisdakik.com\/?p=84141","title":{"rendered":"\u00d6ZT\u00dcRKLER: \u201c\u0130NSAN\u0130 DE\u011eERLERE VE V\u0130CDANLARA DA Y\u00d6NELT\u0130LM\u0130\u015e B\u0130R SALDIRIDIR\u201d"},"content":{"rendered":"<p><img decoding=\"async\" src=\"https:\/\/mhahabercom.teimg.com\/crop\/1280x720\/mhahaber-com\/uploads\/2025\/06\/mhafoto-8588.png\" \/><\/p>\n<div data-text-id=\"177078\" property=\"articleBody\">\n<p>Cumhuriyet Meclisi Ba\u015fkan\u0131 Ziya \u00d6zt\u00fcrkler, Gazze\u2019ye insani yard\u0131m ula\u015ft\u0131rmak amac\u0131yla yola \u00e7\u0131kan ve i\u00e7inde 12 insan haklar\u0131 savunucusunun bulundu\u011fu Madleen gemisine \u0130srail ordusu taraf\u0131ndan d\u00fczenlenen sald\u0131r\u0131y\u0131 k\u0131nad\u0131.<\/p>\n<p>\u00d6zt\u00fcrkler, Uluslararas\u0131 hukuka ve temel insan haklar\u0131na a\u00e7\u0131k\u00e7a ayk\u0131r\u0131 olan bu sald\u0131r\u0131y\u0131, yaln\u0131zca yard\u0131msever insanlara de\u011fil, ayn\u0131 zamanda insani de\u011ferlere ve vicdanlara da y\u00f6neltilmi\u015f bir sald\u0131r\u0131 olarak g\u00f6rd\u00fcklerini belirtti.<\/p>\n<p>K\u0131br\u0131s T\u00fcrk halk\u0131 olarak Filistin halk\u0131n\u0131n yan\u0131nda olmaya devam edeceklerini dile getiren \u00d6zt\u00fcrkler: \u201cTemennimiz, \u0130srail h\u00fck\u00fcmetinin, uluslararas\u0131 hukuk normlar\u0131na uyarak, sivillere ve sivil giri\u015fimlere y\u00f6nelik sald\u0131r\u0131lar\u0131n\u0131 bir an \u00f6nce durdurmas\u0131d\u0131r.\u201d dedi.<\/p>\n<\/p><\/div>\n","protected":false},"excerpt":{"rendered":"<p>Cumhuriyet Meclisi Ba\u015fkan\u0131 Ziya \u00d6zt\u00fcrkler, Gazze\u2019ye insani yard\u0131m ula\u015ft\u0131rmak amac\u0131yla yola \u00e7\u0131kan ve i\u00e7inde 12 insan haklar\u0131 savunucusunun bulundu\u011fu Madleen gemisine \u0130srail ordusu taraf\u0131ndan d\u00fczenlenen sald\u0131r\u0131y\u0131 k\u0131nad\u0131. \u00d6zt\u00fcrkler, Uluslararas\u0131 hukuka ve temel insan haklar\u0131na a\u00e7\u0131k\u00e7a ayk\u0131r\u0131 olan bu sald\u0131r\u0131y\u0131, yaln\u0131zca yard\u0131msever insanlara de\u011fil, ayn\u0131 zamanda insani de\u011ferlere ve vicdanlara da y\u00f6neltilmi\u015f bir sald\u0131r\u0131 olarak g\u00f6rd\u00fcklerini<\/p>\n","protected":false},"author":1,"featured_media":84142,"comment_status":"open","ping_status":"open","sticky":false,"template":"","format":"standard","meta":{"footnotes":""},"categories":[1],"tags":[],"class_list":["post-84141","post","type-post","status-publish","format-standard","has-post-thumbnail","hentry","category-gundem"],"yoast_head":"<!-- This site is optimized with the Yoast SEO plugin v27.4 - https:\/\/yoast.com\/product\/yoast-seo-wordpress\/ -->\n<title>\u00d6ZT\u00dcRKLER: \u201c\u0130NSAN\u0130 DE\u011eERLERE VE V\u0130CDANLARA DA Y\u00d6NELT\u0130LM\u0130\u015e B\u0130R SALDIRIDIR\u201d -<\/title>\n<meta name=\"robots\" content=\"index, follow, max-snippet:-1, max-image-preview:large, max-video-preview:-1\" \/>\n<link rel=\"canonical\" href=\"https:\/\/kibrisdakik.com\/?p=84141\" \/>\n<meta property=\"og:locale\" content=\"tr_TR\" \/>\n<meta property=\"og:type\" content=\"article\" \/>\n<meta property=\"og:title\" content=\"\u00d6ZT\u00dcRKLER: \u201c\u0130NSAN\u0130 DE\u011eERLERE VE V\u0130CDANLARA DA Y\u00d6NELT\u0130LM\u0130\u015e B\u0130R SALDIRIDIR\u201d -\" \/>\n<meta property=\"og:description\" content=\"Cumhuriyet Meclisi Ba\u015fkan\u0131 Ziya \u00d6zt\u00fcrkler, Gazze\u2019ye insani yard\u0131m ula\u015ft\u0131rmak amac\u0131yla yola \u00e7\u0131kan ve i\u00e7inde 12 insan haklar\u0131 savunucusunun bulundu\u011fu Madleen gemisine \u0130srail ordusu taraf\u0131ndan d\u00fczenlenen sald\u0131r\u0131y\u0131 k\u0131nad\u0131. \u00d6zt\u00fcrkler, Uluslararas\u0131 hukuka ve temel insan haklar\u0131na a\u00e7\u0131k\u00e7a ayk\u0131r\u0131 olan bu sald\u0131r\u0131y\u0131, yaln\u0131zca yard\u0131msever insanlara de\u011fil, ayn\u0131 zamanda insani de\u011ferlere ve vicdanlara da y\u00f6neltilmi\u015f bir sald\u0131r\u0131 olarak g\u00f6rd\u00fcklerini\" \/>\n<meta property=\"og:url\" content=\"https:\/\/kibrisdakik.com\/?p=84141\" \/>\n<meta property=\"article:published_time\" content=\"2025-06-09T10:25:00+00:00\" \/>\n<meta property=\"og:image\" content=\"https:\/\/kibrisdakik.com\/wp-content\/uploads\/2025\/06\/mhafoto-8588-740x420.png\" \/>\n\t<meta property=\"og:image:width\" content=\"860\" \/>\n\t<meta property=\"og:image:height\" content=\"505\" \/>\n\t<meta property=\"og:image:type\" content=\"image\/png\" \/>\n<meta name=\"author\" content=\"admin\" \/>\n<meta name=\"twitter:card\" content=\"summary_large_image\" \/>\n<meta name=\"twitter:label1\" content=\"Yazan:\" \/>\n\t<meta name=\"twitter:data1\" content=\"admin\" \/>\n\t<meta name=\"twitter:label2\" content=\"Tahmini okuma s\u00fcresi\" \/>\n\t<meta name=\"twitter:data2\" content=\"1 dakika\" \/>\n<script type=\"application\/ld+json\" class=\"yoast-schema-graph\">{\"@context\":\"https:\\\/\\\/schema.org\",\"@graph\":[{\"@type\":\"Article\",\"@id\":\"https:\\\/\\\/kibrisdakik.com\\\/?p=84141#article\",\"isPartOf\":{\"@id\":\"https:\\\/\\\/kibrisdakik.com\\\/?p=84141\"},\"author\":{\"name\":\"admin\",\"@id\":\"https:\\\/\\\/kibrisdakik.com\\\/#\\\/schema\\\/person\\\/9cd9d437bbb44f72b73ba127e06d8e79\"},\"headline\":\"\u00d6ZT\u00dcRKLER: \u201c\u0130NSAN\u0130 DE\u011eERLERE VE V\u0130CDANLARA DA Y\u00d6NELT\u0130LM\u0130\u015e B\u0130R SALDIRIDIR\u201d\",\"datePublished\":\"2025-06-09T10:25:00+00:00\",\"mainEntityOfPage\":{\"@id\":\"https:\\\/\\\/kibrisdakik.com\\\/?p=84141\"},\"wordCount\":147,\"commentCount\":0,\"image\":{\"@id\":\"https:\\\/\\\/kibrisdakik.com\\\/?p=84141#primaryimage\"},\"thumbnailUrl\":\"https:\\\/\\\/kibrisdakik.com\\\/wp-content\\\/uploads\\\/2025\\\/06\\\/mhafoto-8588-740x420.png\",\"articleSection\":[\"G\u00fcndem\"],\"inLanguage\":\"tr\",\"potentialAction\":[{\"@type\":\"CommentAction\",\"name\":\"Comment\",\"target\":[\"https:\\\/\\\/kibrisdakik.com\\\/?p=84141#respond\"]}]},{\"@type\":\"WebPage\",\"@id\":\"https:\\\/\\\/kibrisdakik.com\\\/?p=84141\",\"url\":\"https:\\\/\\\/kibrisdakik.com\\\/?p=84141\",\"name\":\"\u00d6ZT\u00dcRKLER: \u201c\u0130NSAN\u0130 DE\u011eERLERE VE V\u0130CDANLARA DA Y\u00d6NELT\u0130LM\u0130\u015e B\u0130R SALDIRIDIR\u201d -\",\"isPartOf\":{\"@id\":\"https:\\\/\\\/kibrisdakik.com\\\/#website\"},\"primaryImageOfPage\":{\"@id\":\"https:\\\/\\\/kibrisdakik.com\\\/?p=84141#primaryimage\"},\"image\":{\"@id\":\"https:\\\/\\\/kibrisdakik.com\\\/?p=84141#primaryimage\"},\"thumbnailUrl\":\"https:\\\/\\\/kibrisdakik.com\\\/wp-content\\\/uploads\\\/2025\\\/06\\\/mhafoto-8588-740x420.png\",\"datePublished\":\"2025-06-09T10:25:00+00:00\",\"author\":{\"@id\":\"https:\\\/\\\/kibrisdakik.com\\\/#\\\/schema\\\/person\\\/9cd9d437bbb44f72b73ba127e06d8e79\"},\"breadcrumb\":{\"@id\":\"https:\\\/\\\/kibrisdakik.com\\\/?p=84141#breadcrumb\"},\"inLanguage\":\"tr\",\"potentialAction\":[{\"@type\":\"ReadAction\",\"target\":[\"https:\\\/\\\/kibrisdakik.com\\\/?p=84141\"]}]},{\"@type\":\"ImageObject\",\"inLanguage\":\"tr\",\"@id\":\"https:\\\/\\\/kibrisdakik.com\\\/?p=84141#primaryimage\",\"url\":\"https:\\\/\\\/kibrisdakik.com\\\/wp-content\\\/uploads\\\/2025\\\/06\\\/mhafoto-8588-740x420.png\",\"contentUrl\":\"https:\\\/\\\/kibrisdakik.com\\\/wp-content\\\/uploads\\\/2025\\\/06\\\/mhafoto-8588-740x420.png\",\"width\":860,\"height\":505},{\"@type\":\"BreadcrumbList\",\"@id\":\"https:\\\/\\\/kibrisdakik.com\\\/?p=84141#breadcrumb\",\"itemListElement\":[{\"@type\":\"ListItem\",\"position\":1,\"name\":\"Home\",\"item\":\"https:\\\/\\\/kibrisdakik.com\\\/\"},{\"@type\":\"ListItem\",\"position\":2,\"name\":\"\u00d6ZT\u00dcRKLER: \u201c\u0130NSAN\u0130 DE\u011eERLERE VE V\u0130CDANLARA DA Y\u00d6NELT\u0130LM\u0130\u015e B\u0130R SALDIRIDIR\u201d\"}]},{\"@type\":\"WebSite\",\"@id\":\"https:\\\/\\\/kibrisdakik.com\\\/#website\",\"url\":\"https:\\\/\\\/kibrisdakik.com\\\/\",\"name\":\"\",\"description\":\"Tam vaktinde haber\",\"potentialAction\":[{\"@type\":\"SearchAction\",\"target\":{\"@type\":\"EntryPoint\",\"urlTemplate\":\"https:\\\/\\\/kibrisdakik.com\\\/?s={search_term_string}\"},\"query-input\":{\"@type\":\"PropertyValueSpecification\",\"valueRequired\":true,\"valueName\":\"search_term_string\"}}],\"inLanguage\":\"tr\"},{\"@type\":\"Person\",\"@id\":\"https:\\\/\\\/kibrisdakik.com\\\/#\\\/schema\\\/person\\\/9cd9d437bbb44f72b73ba127e06d8e79\",\"name\":\"admin\",\"image\":{\"@type\":\"ImageObject\",\"inLanguage\":\"tr\",\"@id\":\"https:\\\/\\\/secure.gravatar.com\\\/avatar\\\/ccc17943b9d660506c869530f897617f7cb1c21a4bf30023f252596d83e1f007?s=96&d=mm&r=g\",\"url\":\"https:\\\/\\\/secure.gravatar.com\\\/avatar\\\/ccc17943b9d660506c869530f897617f7cb1c21a4bf30023f252596d83e1f007?s=96&d=mm&r=g\",\"contentUrl\":\"https:\\\/\\\/secure.gravatar.com\\\/avatar\\\/ccc17943b9d660506c869530f897617f7cb1c21a4bf30023f252596d83e1f007?s=96&d=mm&r=g\",\"caption\":\"admin\"},\"sameAs\":[\"https:\\\/\\\/kibrisdakik.com\"],\"url\":\"https:\\\/\\\/kibrisdakik.com\\\/?author=1\"}]}<\/script>\n<!-- \/ Yoast SEO plugin. -->","yoast_head_json":{"title":"\u00d6ZT\u00dcRKLER: \u201c\u0130NSAN\u0130 DE\u011eERLERE VE V\u0130CDANLARA DA Y\u00d6NELT\u0130LM\u0130\u015e B\u0130R SALDIRIDIR\u201d -","robots":{"index":"index","follow":"follow","max-snippet":"max-snippet:-1","max-image-preview":"max-image-preview:large","max-video-preview":"max-video-preview:-1"},"canonical":"https:\/\/kibrisdakik.com\/?p=84141","og_locale":"tr_TR","og_type":"article","og_title":"\u00d6ZT\u00dcRKLER: \u201c\u0130NSAN\u0130 DE\u011eERLERE VE V\u0130CDANLARA DA Y\u00d6NELT\u0130LM\u0130\u015e B\u0130R SALDIRIDIR\u201d -","og_description":"Cumhuriyet Meclisi Ba\u015fkan\u0131 Ziya \u00d6zt\u00fcrkler, Gazze\u2019ye insani yard\u0131m ula\u015ft\u0131rmak amac\u0131yla yola \u00e7\u0131kan ve i\u00e7inde 12 insan haklar\u0131 savunucusunun bulundu\u011fu Madleen gemisine \u0130srail ordusu taraf\u0131ndan d\u00fczenlenen sald\u0131r\u0131y\u0131 k\u0131nad\u0131. \u00d6zt\u00fcrkler, Uluslararas\u0131 hukuka ve temel insan haklar\u0131na a\u00e7\u0131k\u00e7a ayk\u0131r\u0131 olan bu sald\u0131r\u0131y\u0131, yaln\u0131zca yard\u0131msever insanlara de\u011fil, ayn\u0131 zamanda insani de\u011ferlere ve vicdanlara da y\u00f6neltilmi\u015f bir sald\u0131r\u0131 olarak g\u00f6rd\u00fcklerini","og_url":"https:\/\/kibrisdakik.com\/?p=84141","article_published_time":"2025-06-09T10:25:00+00:00","og_image":[{"width":860,"height":505,"url":"https:\/\/kibrisdakik.com\/wp-content\/uploads\/2025\/06\/mhafoto-8588-740x420.png","type":"image\/png"}],"author":"admin","twitter_card":"summary_large_image","twitter_misc":{"Yazan:":"admin","Tahmini okuma s\u00fcresi":"1 dakika"},"schema":{"@context":"https:\/\/schema.org","@graph":[{"@type":"Article","@id":"https:\/\/kibrisdakik.com\/?p=84141#article","isPartOf":{"@id":"https:\/\/kibrisdakik.com\/?p=84141"},"author":{"name":"admin","@id":"https:\/\/kibrisdakik.com\/#\/schema\/person\/9cd9d437bbb44f72b73ba127e06d8e79"},"headline":"\u00d6ZT\u00dcRKLER: \u201c\u0130NSAN\u0130 DE\u011eERLERE VE V\u0130CDANLARA DA Y\u00d6NELT\u0130LM\u0130\u015e B\u0130R SALDIRIDIR\u201d","datePublished":"2025-06-09T10:25:00+00:00","mainEntityOfPage":{"@id":"https:\/\/kibrisdakik.com\/?p=84141"},"wordCount":147,"commentCount":0,"image":{"@id":"https:\/\/kibrisdakik.com\/?p=84141#primaryimage"},"thumbnailUrl":"https:\/\/kibrisdakik.com\/wp-content\/uploads\/2025\/06\/mhafoto-8588-740x420.png","articleSection":["G\u00fcndem"],"inLanguage":"tr","potentialAction":[{"@type":"CommentAction","name":"Comment","target":["https:\/\/kibrisdakik.com\/?p=84141#respond"]}]},{"@type":"WebPage","@id":"https:\/\/kibrisdakik.com\/?p=84141","url":"https:\/\/kibrisdakik.com\/?p=84141","name":"\u00d6ZT\u00dcRKLER: \u201c\u0130NSAN\u0130 DE\u011eERLERE VE V\u0130CDANLARA DA Y\u00d6NELT\u0130LM\u0130\u015e B\u0130R SALDIRIDIR\u201d -","isPartOf":{"@id":"https:\/\/kibrisdakik.com\/#website"},"primaryImageOfPage":{"@id":"https:\/\/kibrisdakik.com\/?p=84141#primaryimage"},"image":{"@id":"https:\/\/kibrisdakik.com\/?p=84141#primaryimage"},"thumbnailUrl":"https:\/\/kibrisdakik.com\/wp-content\/uploads\/2025\/06\/mhafoto-8588-740x420.png","datePublished":"2025-06-09T10:25:00+00:00","author":{"@id":"https:\/\/kibrisdakik.com\/#\/schema\/person\/9cd9d437bbb44f72b73ba127e06d8e79"},"breadcrumb":{"@id":"https:\/\/kibrisdakik.com\/?p=84141#breadcrumb"},"inLanguage":"tr","potentialAction":[{"@type":"ReadAction","target":["https:\/\/kibrisdakik.com\/?p=84141"]}]},{"@type":"ImageObject","inLanguage":"tr","@id":"https:\/\/kibrisdakik.com\/?p=84141#primaryimage","url":"https:\/\/kibrisdakik.com\/wp-content\/uploads\/2025\/06\/mhafoto-8588-740x420.png","contentUrl":"https:\/\/kibrisdakik.com\/wp-content\/uploads\/2025\/06\/mhafoto-8588-740x420.png","width":860,"height":505},{"@type":"BreadcrumbList","@id":"https:\/\/kibrisdakik.com\/?p=84141#breadcrumb","itemListElement":[{"@type":"ListItem","position":1,"name":"Home","item":"https:\/\/kibrisdakik.com\/"},{"@type":"ListItem","position":2,"name":"\u00d6ZT\u00dcRKLER: \u201c\u0130NSAN\u0130 DE\u011eERLERE VE V\u0130CDANLARA DA Y\u00d6NELT\u0130LM\u0130\u015e B\u0130R SALDIRIDIR\u201d"}]},{"@type":"WebSite","@id":"https:\/\/kibrisdakik.com\/#website","url":"https:\/\/kibrisdakik.com\/","name":"","description":"Tam vaktinde haber","potentialAction":[{"@type":"SearchAction","target":{"@type":"EntryPoint","urlTemplate":"https:\/\/kibrisdakik.com\/?s={search_term_string}"},"query-input":{"@type":"PropertyValueSpecification","valueRequired":true,"valueName":"search_term_string"}}],"inLanguage":"tr"},{"@type":"Person","@id":"https:\/\/kibrisdakik.com\/#\/schema\/person\/9cd9d437bbb44f72b73ba127e06d8e79","name":"admin","image":{"@type":"ImageObject","inLanguage":"tr","@id":"https:\/\/secure.gravatar.com\/avatar\/ccc17943b9d660506c869530f897617f7cb1c21a4bf30023f252596d83e1f007?s=96&d=mm&r=g","url":"https:\/\/secure.gravatar.com\/avatar\/ccc17943b9d660506c869530f897617f7cb1c21a4bf30023f252596d83e1f007?s=96&d=mm&r=g","contentUrl":"https:\/\/secure.gravatar.com\/avatar\/ccc17943b9d660506c869530f897617f7cb1c21a4bf30023f252596d83e1f007?s=96&d=mm&r=g","caption":"admin"},"sameAs":["https:\/\/kibrisdakik.com"],"url":"https:\/\/kibrisdakik.com\/?author=1"}]}},"_links":{"self":[{"href":"https:\/\/kibrisdakik.com\/index.php?rest_route=\/wp\/v2\/posts\/84141","targetHints":{"allow":["GET"]}}],"collection":[{"href":"https:\/\/kibrisdakik.com\/index.php?rest_route=\/wp\/v2\/posts"}],"about":[{"href":"https:\/\/kibrisdakik.com\/index.php?rest_route=\/wp\/v2\/types\/post"}],"author":[{"embeddable":true,"href":"https:\/\/kibrisdakik.com\/index.php?rest_route=\/wp\/v2\/users\/1"}],"replies":[{"embeddable":true,"href":"https:\/\/kibrisdakik.com\/index.php?rest_route=%2Fwp%2Fv2%2Fcomments&post=84141"}],"version-history":[{"count":0,"href":"https:\/\/kibrisdakik.com\/index.php?rest_route=\/wp\/v2\/posts\/84141\/revisions"}],"wp:featuredmedia":[{"embeddable":true,"href":"https:\/\/kibrisdakik.com\/index.php?rest_route=\/wp\/v2\/media\/84142"}],"wp:attachment":[{"href":"https:\/\/kibrisdakik.com\/index.php?rest_route=%2Fwp%2Fv2%2Fmedia&parent=84141"}],"wp:term":[{"taxonomy":"category","embeddable":true,"href":"https:\/\/kibrisdakik.com\/index.php?rest_route=%2Fwp%2Fv2%2Fcategories&post=84141"},{"taxonomy":"post_tag","embeddable":true,"href":"https:\/\/kibrisdakik.com\/index.php?rest_route=%2Fwp%2Fv2%2Ftags&post=84141"}],"curies":[{"name":"wp","href":"https:\/\/api.w.org\/{rel}","templated":true}]}}