{"id":84157,"date":"2025-06-09T18:51:25","date_gmt":"2025-06-09T15:51:25","guid":{"rendered":"https:\/\/kibrisdakik.com\/index.php\/2025\/06\/09\/almanya-savas-riskine-karsi-istasyon-ve-otoparklari-siginaklara-donusturecek\/"},"modified":"2025-06-09T18:51:25","modified_gmt":"2025-06-09T15:51:25","slug":"almanya-savas-riskine-karsi-istasyon-ve-otoparklari-siginaklara-donusturecek","status":"publish","type":"post","link":"https:\/\/kibrisdakik.com\/?p=84157","title":{"rendered":"Almanya, sava\u015f riskine kar\u015f\u0131 istasyon ve otoparklar\u0131 s\u0131\u011f\u0131naklara d\u00f6n\u00fc\u015ft\u00fcrecek"},"content":{"rendered":"<p> <br \/>\n<\/p>\n<div data-text-id=\"77855\" property=\"articleBody\">\n<div class=\"post-flash\">\n        <!--\n\n<h3 class=\"post-flash__title\">G&ouml;zden ka&ccedil;&#305;rmay&#305;n<\/h3>\n\n--><\/p>\n<div class=\"row g-0 align-items-center\">\n<div class=\"col-5 col-sm-3\">\n                \n            <\/div>\n<div class=\"col-7 col-sm-9\">\n<div class=\"post-flash-heading p-2\">\n<p>Los Angeles&#8217;taki s\u0131n\u0131r protestolar\u0131 3. g\u00fcn\u00fcnde<\/p>\n<p>\u0130\u00e7eri\u011fi G\u00f6r\u00fcnt\u00fcle <i class=\"fa fa-arrow-right ps-2\"\/><\/p>\n<\/p><\/div>\n<\/p><\/div>\n<\/p><\/div>\n<\/p><\/div>\n<p><span new=\"\" roman=\"\" times=\"\">Almanya Sivil Koruma ve Afet Yard\u0131m\u0131 Dairesi Ba\u015fkan\u0131 Ralph Tiesler, Avrupa&#8217;da b\u00fcy\u00fck bir sava\u015f riski konusunda endi\u015feli olduklar\u0131n\u0131 belirterek, bu nedenle t\u00fcnelleri, metro istasyonlar\u0131n\u0131, yer alt\u0131 otoparklar\u0131n\u0131 ve kamu binalar\u0131n\u0131n bodrumlar\u0131n\u0131 s\u0131\u011f\u0131naklara d\u00f6n\u00fc\u015ft\u00fcrmek istediklerini ifade etti.<\/span><\/p>\n<p><span new=\"\" roman=\"\" times=\"\">Tiesler S\u00fcddeutsche gazetesine yapt\u0131\u011f\u0131 a\u00e7\u0131klamada, Rusya-Ukrayna sava\u015f\u0131na dikkati \u00e7ekerek, &#8220;Uzun s\u00fcre boyunca, Almanya&#8217;da sava\u015f\u0131n haz\u0131rlanmam\u0131z gereken bir senaryo olmad\u0131\u011f\u0131na dair yayg\u0131n inan\u00e7 vard\u0131. Bu de\u011fi\u015fti. Avrupa&#8217;da b\u00fcy\u00fck bir sava\u015f riski konusunda endi\u015feliyiz.&#8221; dedi.<\/span><\/p>\n<p><span new=\"\" roman=\"\" times=\"\">\u00c7ok y\u00fcksek koruma gereksinimi olan yeni s\u0131\u011f\u0131naklar\u0131n \u00e7ok para ve zaman gerektirece\u011fine i\u015faret eden Tiesler, &#8220;Daha h\u0131zl\u0131 \u00e7\u00f6z\u00fcme ihtiyac\u0131m\u0131z var. Bu nedenle t\u00fcnelleri, metro istasyonlar\u0131n\u0131, yer alt\u0131 otoparklar\u0131n\u0131 ve kamu binalar\u0131n\u0131n bodrumlar\u0131n\u0131 s\u0131\u011f\u0131naklara d\u00f6n\u00fc\u015ft\u00fcrmek istiyoruz. B\u00f6ylece bir milyon s\u0131\u011f\u0131nak yeri olu\u015fturaca\u011f\u0131z.&#8221; diye konu\u015ftu.<\/span><\/p>\n<p><span new=\"\" roman=\"\" times=\"\">Tiesler, mevcut s\u0131\u011f\u0131nak a\u011f\u0131n\u0131n yetersiz oldu\u011funu, bu yaz kapsaml\u0131 plan sunacaklar\u0131n\u0131 ve s\u0131\u011f\u0131nak a\u011f\u0131n\u0131n geni\u015fletilmesi gerekti\u011fini belirterek, &#8220;4 y\u0131l i\u00e7erisinde sivil savunma \u00f6nlemleri i\u00e7in 10 milyar avroya, 10 y\u0131ll\u0131k s\u00fcre i\u00e7inse 30 milyar avroya ihtiya\u00e7 duyuluyor.&#8221; ifadesini kulland\u0131.<\/span><\/p>\n<p><span new=\"\" roman=\"\" times=\"\">Gazetedeki haberde ayr\u0131ca \u00fclkede So\u011fuk Sava\u015f d\u00f6neminden kalma 2000 s\u0131\u011f\u0131nak ve bar\u0131naktan bug\u00fcn sadece 580&#8217;inin mevcut oldu\u011fu ve bunlar\u0131n da t\u00fcm\u00fcn\u00fcn kullan\u0131ma uygun olmad\u0131\u011f\u0131 vurguland\u0131.<\/span><\/p>\n<p><span new=\"\" roman=\"\" times=\"\">Ayr\u0131ca Almanya&#8217;daki s\u0131\u011f\u0131naklarda yaln\u0131zca 480 bin ki\u015filik yer bulundu\u011funa sadece y\u00fczde 0,5&#8217;inin bu s\u0131\u011f\u0131naklarda korunabilece\u011fine i\u015faret edildi.<\/span><\/p>\n<p><span new=\"\" roman=\"\" times=\"\">Haberde, Finlandiya \u00f6rne\u011fi verilerek \u00fclkede 4,8 milyon ki\u015fiye yer sa\u011flayan 50 binden fazla s\u0131\u011f\u0131nak bulundu\u011fu belirtildi.<\/span><\/p>\n<p><span new=\"\" roman=\"\" times=\"\">Bunun sava\u015f d\u00f6neminde Finlandiya n\u00fcfusunun yakla\u015f\u0131k y\u00fczde 85&#8217;inin g\u00fcvenli yere s\u0131\u011f\u0131nabilece\u011fi anlam\u0131na geldi\u011fi kaydedildi.<\/span><\/p>\n<\/p><\/div>\n<p><br \/>\n<br \/><a href=\"> K\u0131br\u0131s dakik<\/a><\/p>\n","protected":false},"excerpt":{"rendered":"<p>Los Angeles&#8217;taki s\u0131n\u0131r protestolar\u0131 3. g\u00fcn\u00fcnde \u0130\u00e7eri\u011fi G\u00f6r\u00fcnt\u00fcle Almanya Sivil Koruma ve Afet Yard\u0131m\u0131 Dairesi Ba\u015fkan\u0131 Ralph Tiesler, Avrupa&#8217;da b\u00fcy\u00fck bir sava\u015f riski konusunda endi\u015feli olduklar\u0131n\u0131 belirterek, bu nedenle t\u00fcnelleri, metro istasyonlar\u0131n\u0131, yer alt\u0131 otoparklar\u0131n\u0131 ve kamu binalar\u0131n\u0131n bodrumlar\u0131n\u0131 s\u0131\u011f\u0131naklara d\u00f6n\u00fc\u015ft\u00fcrmek istediklerini ifade etti. Tiesler S\u00fcddeutsche gazetesine yapt\u0131\u011f\u0131 a\u00e7\u0131klamada, Rusya-Ukrayna sava\u015f\u0131na dikkati \u00e7ekerek, &#8220;Uzun s\u00fcre<\/p>\n","protected":false},"author":1,"featured_media":84158,"comment_status":"open","ping_status":"open","sticky":false,"template":"","format":"standard","meta":{"footnotes":""},"categories":[81,101],"tags":[],"class_list":["post-84157","post","type-post","status-publish","format-standard","has-post-thumbnail","hentry","category-kibris","category-manset"],"yoast_head":"<!-- This site is optimized with the Yoast SEO plugin v27.5 - https:\/\/yoast.com\/product\/yoast-seo-wordpress\/ -->\n<title>Almanya, sava\u015f riskine kar\u015f\u0131 istasyon ve otoparklar\u0131 s\u0131\u011f\u0131naklara d\u00f6n\u00fc\u015ft\u00fcrecek -<\/title>\n<meta name=\"robots\" content=\"index, follow, max-snippet:-1, max-image-preview:large, max-video-preview:-1\" \/>\n<link rel=\"canonical\" href=\"https:\/\/kibrisdakik.com\/?p=84157\" \/>\n<meta property=\"og:locale\" content=\"tr_TR\" \/>\n<meta property=\"og:type\" content=\"article\" \/>\n<meta property=\"og:title\" content=\"Almanya, sava\u015f riskine kar\u015f\u0131 istasyon ve otoparklar\u0131 s\u0131\u011f\u0131naklara d\u00f6n\u00fc\u015ft\u00fcrecek -\" \/>\n<meta property=\"og:description\" content=\"Los Angeles&#8217;taki s\u0131n\u0131r protestolar\u0131 3. g\u00fcn\u00fcnde \u0130\u00e7eri\u011fi G\u00f6r\u00fcnt\u00fcle Almanya Sivil Koruma ve Afet Yard\u0131m\u0131 Dairesi Ba\u015fkan\u0131 Ralph Tiesler, Avrupa&#8217;da b\u00fcy\u00fck bir sava\u015f riski konusunda endi\u015feli olduklar\u0131n\u0131 belirterek, bu nedenle t\u00fcnelleri, metro istasyonlar\u0131n\u0131, yer alt\u0131 otoparklar\u0131n\u0131 ve kamu binalar\u0131n\u0131n bodrumlar\u0131n\u0131 s\u0131\u011f\u0131naklara d\u00f6n\u00fc\u015ft\u00fcrmek istediklerini ifade etti. Tiesler S\u00fcddeutsche gazetesine yapt\u0131\u011f\u0131 a\u00e7\u0131klamada, Rusya-Ukrayna sava\u015f\u0131na dikkati \u00e7ekerek, &#8220;Uzun s\u00fcre\" \/>\n<meta property=\"og:url\" content=\"https:\/\/kibrisdakik.com\/?p=84157\" \/>\n<meta property=\"article:published_time\" content=\"2025-06-09T15:51:25+00:00\" \/>\n<meta property=\"og:image\" content=\"https:\/\/kibrisdakik.com\/wp-content\/uploads\/2025\/06\/almanya-aa-1685676-1-740x420.jpg\" \/>\n\t<meta property=\"og:image:width\" content=\"800\" \/>\n\t<meta property=\"og:image:height\" content=\"450\" \/>\n\t<meta property=\"og:image:type\" content=\"image\/jpeg\" \/>\n<meta name=\"author\" content=\"admin\" \/>\n<meta name=\"twitter:card\" content=\"summary_large_image\" \/>\n<meta name=\"twitter:label1\" content=\"Yazan:\" \/>\n\t<meta name=\"twitter:data1\" content=\"admin\" \/>\n\t<meta name=\"twitter:label2\" content=\"Tahmini okuma s\u00fcresi\" \/>\n\t<meta name=\"twitter:data2\" content=\"2 dakika\" \/>\n<script type=\"application\/ld+json\" class=\"yoast-schema-graph\">{\"@context\":\"https:\\\/\\\/schema.org\",\"@graph\":[{\"@type\":\"Article\",\"@id\":\"https:\\\/\\\/kibrisdakik.com\\\/?p=84157#article\",\"isPartOf\":{\"@id\":\"https:\\\/\\\/kibrisdakik.com\\\/?p=84157\"},\"author\":{\"name\":\"admin\",\"@id\":\"https:\\\/\\\/kibrisdakik.com\\\/#\\\/schema\\\/person\\\/9cd9d437bbb44f72b73ba127e06d8e79\"},\"headline\":\"Almanya, sava\u015f riskine kar\u015f\u0131 istasyon ve otoparklar\u0131 s\u0131\u011f\u0131naklara d\u00f6n\u00fc\u015ft\u00fcrecek\",\"datePublished\":\"2025-06-09T15:51:25+00:00\",\"mainEntityOfPage\":{\"@id\":\"https:\\\/\\\/kibrisdakik.com\\\/?p=84157\"},\"wordCount\":350,\"commentCount\":0,\"image\":{\"@id\":\"https:\\\/\\\/kibrisdakik.com\\\/?p=84157#primaryimage\"},\"thumbnailUrl\":\"https:\\\/\\\/kibrisdakik.com\\\/wp-content\\\/uploads\\\/2025\\\/06\\\/almanya-aa-1685676-1-740x420.jpg\",\"articleSection\":[\"K\u0131br\u0131s\",\"Man\u015fet\"],\"inLanguage\":\"tr\",\"potentialAction\":[{\"@type\":\"CommentAction\",\"name\":\"Comment\",\"target\":[\"https:\\\/\\\/kibrisdakik.com\\\/?p=84157#respond\"]}]},{\"@type\":\"WebPage\",\"@id\":\"https:\\\/\\\/kibrisdakik.com\\\/?p=84157\",\"url\":\"https:\\\/\\\/kibrisdakik.com\\\/?p=84157\",\"name\":\"Almanya, sava\u015f riskine kar\u015f\u0131 istasyon ve otoparklar\u0131 s\u0131\u011f\u0131naklara d\u00f6n\u00fc\u015ft\u00fcrecek -\",\"isPartOf\":{\"@id\":\"https:\\\/\\\/kibrisdakik.com\\\/#website\"},\"primaryImageOfPage\":{\"@id\":\"https:\\\/\\\/kibrisdakik.com\\\/?p=84157#primaryimage\"},\"image\":{\"@id\":\"https:\\\/\\\/kibrisdakik.com\\\/?p=84157#primaryimage\"},\"thumbnailUrl\":\"https:\\\/\\\/kibrisdakik.com\\\/wp-content\\\/uploads\\\/2025\\\/06\\\/almanya-aa-1685676-1-740x420.jpg\",\"datePublished\":\"2025-06-09T15:51:25+00:00\",\"author\":{\"@id\":\"https:\\\/\\\/kibrisdakik.com\\\/#\\\/schema\\\/person\\\/9cd9d437bbb44f72b73ba127e06d8e79\"},\"breadcrumb\":{\"@id\":\"https:\\\/\\\/kibrisdakik.com\\\/?p=84157#breadcrumb\"},\"inLanguage\":\"tr\",\"potentialAction\":[{\"@type\":\"ReadAction\",\"target\":[\"https:\\\/\\\/kibrisdakik.com\\\/?p=84157\"]}]},{\"@type\":\"ImageObject\",\"inLanguage\":\"tr\",\"@id\":\"https:\\\/\\\/kibrisdakik.com\\\/?p=84157#primaryimage\",\"url\":\"https:\\\/\\\/kibrisdakik.com\\\/wp-content\\\/uploads\\\/2025\\\/06\\\/almanya-aa-1685676-1-740x420.jpg\",\"contentUrl\":\"https:\\\/\\\/kibrisdakik.com\\\/wp-content\\\/uploads\\\/2025\\\/06\\\/almanya-aa-1685676-1-740x420.jpg\",\"width\":800,\"height\":450},{\"@type\":\"BreadcrumbList\",\"@id\":\"https:\\\/\\\/kibrisdakik.com\\\/?p=84157#breadcrumb\",\"itemListElement\":[{\"@type\":\"ListItem\",\"position\":1,\"name\":\"Home\",\"item\":\"https:\\\/\\\/kibrisdakik.com\\\/\"},{\"@type\":\"ListItem\",\"position\":2,\"name\":\"Almanya, sava\u015f riskine kar\u015f\u0131 istasyon ve otoparklar\u0131 s\u0131\u011f\u0131naklara d\u00f6n\u00fc\u015ft\u00fcrecek\"}]},{\"@type\":\"WebSite\",\"@id\":\"https:\\\/\\\/kibrisdakik.com\\\/#website\",\"url\":\"https:\\\/\\\/kibrisdakik.com\\\/\",\"name\":\"\",\"description\":\"Tam vaktinde haber\",\"potentialAction\":[{\"@type\":\"SearchAction\",\"target\":{\"@type\":\"EntryPoint\",\"urlTemplate\":\"https:\\\/\\\/kibrisdakik.com\\\/?s={search_term_string}\"},\"query-input\":{\"@type\":\"PropertyValueSpecification\",\"valueRequired\":true,\"valueName\":\"search_term_string\"}}],\"inLanguage\":\"tr\"},{\"@type\":\"Person\",\"@id\":\"https:\\\/\\\/kibrisdakik.com\\\/#\\\/schema\\\/person\\\/9cd9d437bbb44f72b73ba127e06d8e79\",\"name\":\"admin\",\"image\":{\"@type\":\"ImageObject\",\"inLanguage\":\"tr\",\"@id\":\"https:\\\/\\\/secure.gravatar.com\\\/avatar\\\/ccc17943b9d660506c869530f897617f7cb1c21a4bf30023f252596d83e1f007?s=96&d=mm&r=g\",\"url\":\"https:\\\/\\\/secure.gravatar.com\\\/avatar\\\/ccc17943b9d660506c869530f897617f7cb1c21a4bf30023f252596d83e1f007?s=96&d=mm&r=g\",\"contentUrl\":\"https:\\\/\\\/secure.gravatar.com\\\/avatar\\\/ccc17943b9d660506c869530f897617f7cb1c21a4bf30023f252596d83e1f007?s=96&d=mm&r=g\",\"caption\":\"admin\"},\"sameAs\":[\"https:\\\/\\\/kibrisdakik.com\"],\"url\":\"https:\\\/\\\/kibrisdakik.com\\\/?author=1\"}]}<\/script>\n<!-- \/ Yoast SEO plugin. -->","yoast_head_json":{"title":"Almanya, sava\u015f riskine kar\u015f\u0131 istasyon ve otoparklar\u0131 s\u0131\u011f\u0131naklara d\u00f6n\u00fc\u015ft\u00fcrecek -","robots":{"index":"index","follow":"follow","max-snippet":"max-snippet:-1","max-image-preview":"max-image-preview:large","max-video-preview":"max-video-preview:-1"},"canonical":"https:\/\/kibrisdakik.com\/?p=84157","og_locale":"tr_TR","og_type":"article","og_title":"Almanya, sava\u015f riskine kar\u015f\u0131 istasyon ve otoparklar\u0131 s\u0131\u011f\u0131naklara d\u00f6n\u00fc\u015ft\u00fcrecek -","og_description":"Los Angeles&#8217;taki s\u0131n\u0131r protestolar\u0131 3. g\u00fcn\u00fcnde \u0130\u00e7eri\u011fi G\u00f6r\u00fcnt\u00fcle Almanya Sivil Koruma ve Afet Yard\u0131m\u0131 Dairesi Ba\u015fkan\u0131 Ralph Tiesler, Avrupa&#8217;da b\u00fcy\u00fck bir sava\u015f riski konusunda endi\u015feli olduklar\u0131n\u0131 belirterek, bu nedenle t\u00fcnelleri, metro istasyonlar\u0131n\u0131, yer alt\u0131 otoparklar\u0131n\u0131 ve kamu binalar\u0131n\u0131n bodrumlar\u0131n\u0131 s\u0131\u011f\u0131naklara d\u00f6n\u00fc\u015ft\u00fcrmek istediklerini ifade etti. Tiesler S\u00fcddeutsche gazetesine yapt\u0131\u011f\u0131 a\u00e7\u0131klamada, Rusya-Ukrayna sava\u015f\u0131na dikkati \u00e7ekerek, &#8220;Uzun s\u00fcre","og_url":"https:\/\/kibrisdakik.com\/?p=84157","article_published_time":"2025-06-09T15:51:25+00:00","og_image":[{"width":800,"height":450,"url":"https:\/\/kibrisdakik.com\/wp-content\/uploads\/2025\/06\/almanya-aa-1685676-1-740x420.jpg","type":"image\/jpeg"}],"author":"admin","twitter_card":"summary_large_image","twitter_misc":{"Yazan:":"admin","Tahmini okuma s\u00fcresi":"2 dakika"},"schema":{"@context":"https:\/\/schema.org","@graph":[{"@type":"Article","@id":"https:\/\/kibrisdakik.com\/?p=84157#article","isPartOf":{"@id":"https:\/\/kibrisdakik.com\/?p=84157"},"author":{"name":"admin","@id":"https:\/\/kibrisdakik.com\/#\/schema\/person\/9cd9d437bbb44f72b73ba127e06d8e79"},"headline":"Almanya, sava\u015f riskine kar\u015f\u0131 istasyon ve otoparklar\u0131 s\u0131\u011f\u0131naklara d\u00f6n\u00fc\u015ft\u00fcrecek","datePublished":"2025-06-09T15:51:25+00:00","mainEntityOfPage":{"@id":"https:\/\/kibrisdakik.com\/?p=84157"},"wordCount":350,"commentCount":0,"image":{"@id":"https:\/\/kibrisdakik.com\/?p=84157#primaryimage"},"thumbnailUrl":"https:\/\/kibrisdakik.com\/wp-content\/uploads\/2025\/06\/almanya-aa-1685676-1-740x420.jpg","articleSection":["K\u0131br\u0131s","Man\u015fet"],"inLanguage":"tr","potentialAction":[{"@type":"CommentAction","name":"Comment","target":["https:\/\/kibrisdakik.com\/?p=84157#respond"]}]},{"@type":"WebPage","@id":"https:\/\/kibrisdakik.com\/?p=84157","url":"https:\/\/kibrisdakik.com\/?p=84157","name":"Almanya, sava\u015f riskine kar\u015f\u0131 istasyon ve otoparklar\u0131 s\u0131\u011f\u0131naklara d\u00f6n\u00fc\u015ft\u00fcrecek -","isPartOf":{"@id":"https:\/\/kibrisdakik.com\/#website"},"primaryImageOfPage":{"@id":"https:\/\/kibrisdakik.com\/?p=84157#primaryimage"},"image":{"@id":"https:\/\/kibrisdakik.com\/?p=84157#primaryimage"},"thumbnailUrl":"https:\/\/kibrisdakik.com\/wp-content\/uploads\/2025\/06\/almanya-aa-1685676-1-740x420.jpg","datePublished":"2025-06-09T15:51:25+00:00","author":{"@id":"https:\/\/kibrisdakik.com\/#\/schema\/person\/9cd9d437bbb44f72b73ba127e06d8e79"},"breadcrumb":{"@id":"https:\/\/kibrisdakik.com\/?p=84157#breadcrumb"},"inLanguage":"tr","potentialAction":[{"@type":"ReadAction","target":["https:\/\/kibrisdakik.com\/?p=84157"]}]},{"@type":"ImageObject","inLanguage":"tr","@id":"https:\/\/kibrisdakik.com\/?p=84157#primaryimage","url":"https:\/\/kibrisdakik.com\/wp-content\/uploads\/2025\/06\/almanya-aa-1685676-1-740x420.jpg","contentUrl":"https:\/\/kibrisdakik.com\/wp-content\/uploads\/2025\/06\/almanya-aa-1685676-1-740x420.jpg","width":800,"height":450},{"@type":"BreadcrumbList","@id":"https:\/\/kibrisdakik.com\/?p=84157#breadcrumb","itemListElement":[{"@type":"ListItem","position":1,"name":"Home","item":"https:\/\/kibrisdakik.com\/"},{"@type":"ListItem","position":2,"name":"Almanya, sava\u015f riskine kar\u015f\u0131 istasyon ve otoparklar\u0131 s\u0131\u011f\u0131naklara d\u00f6n\u00fc\u015ft\u00fcrecek"}]},{"@type":"WebSite","@id":"https:\/\/kibrisdakik.com\/#website","url":"https:\/\/kibrisdakik.com\/","name":"","description":"Tam vaktinde haber","potentialAction":[{"@type":"SearchAction","target":{"@type":"EntryPoint","urlTemplate":"https:\/\/kibrisdakik.com\/?s={search_term_string}"},"query-input":{"@type":"PropertyValueSpecification","valueRequired":true,"valueName":"search_term_string"}}],"inLanguage":"tr"},{"@type":"Person","@id":"https:\/\/kibrisdakik.com\/#\/schema\/person\/9cd9d437bbb44f72b73ba127e06d8e79","name":"admin","image":{"@type":"ImageObject","inLanguage":"tr","@id":"https:\/\/secure.gravatar.com\/avatar\/ccc17943b9d660506c869530f897617f7cb1c21a4bf30023f252596d83e1f007?s=96&d=mm&r=g","url":"https:\/\/secure.gravatar.com\/avatar\/ccc17943b9d660506c869530f897617f7cb1c21a4bf30023f252596d83e1f007?s=96&d=mm&r=g","contentUrl":"https:\/\/secure.gravatar.com\/avatar\/ccc17943b9d660506c869530f897617f7cb1c21a4bf30023f252596d83e1f007?s=96&d=mm&r=g","caption":"admin"},"sameAs":["https:\/\/kibrisdakik.com"],"url":"https:\/\/kibrisdakik.com\/?author=1"}]}},"_links":{"self":[{"href":"https:\/\/kibrisdakik.com\/index.php?rest_route=\/wp\/v2\/posts\/84157","targetHints":{"allow":["GET"]}}],"collection":[{"href":"https:\/\/kibrisdakik.com\/index.php?rest_route=\/wp\/v2\/posts"}],"about":[{"href":"https:\/\/kibrisdakik.com\/index.php?rest_route=\/wp\/v2\/types\/post"}],"author":[{"embeddable":true,"href":"https:\/\/kibrisdakik.com\/index.php?rest_route=\/wp\/v2\/users\/1"}],"replies":[{"embeddable":true,"href":"https:\/\/kibrisdakik.com\/index.php?rest_route=%2Fwp%2Fv2%2Fcomments&post=84157"}],"version-history":[{"count":0,"href":"https:\/\/kibrisdakik.com\/index.php?rest_route=\/wp\/v2\/posts\/84157\/revisions"}],"wp:featuredmedia":[{"embeddable":true,"href":"https:\/\/kibrisdakik.com\/index.php?rest_route=\/wp\/v2\/media\/84158"}],"wp:attachment":[{"href":"https:\/\/kibrisdakik.com\/index.php?rest_route=%2Fwp%2Fv2%2Fmedia&parent=84157"}],"wp:term":[{"taxonomy":"category","embeddable":true,"href":"https:\/\/kibrisdakik.com\/index.php?rest_route=%2Fwp%2Fv2%2Fcategories&post=84157"},{"taxonomy":"post_tag","embeddable":true,"href":"https:\/\/kibrisdakik.com\/index.php?rest_route=%2Fwp%2Fv2%2Ftags&post=84157"}],"curies":[{"name":"wp","href":"https:\/\/api.w.org\/{rel}","templated":true}]}}