{"id":84169,"date":"2025-06-09T15:30:00","date_gmt":"2025-06-09T12:30:00","guid":{"rendered":"https:\/\/kibrisdakik.com\/index.php\/2025\/06\/09\/cumhurbaskani-tatar-lefkedeki-ceviz-festivalinde-halkla-bir-araya-geldi-2\/"},"modified":"2025-06-09T15:30:00","modified_gmt":"2025-06-09T12:30:00","slug":"cumhurbaskani-tatar-lefkedeki-ceviz-festivalinde-halkla-bir-araya-geldi-2","status":"publish","type":"post","link":"https:\/\/kibrisdakik.com\/?p=84169","title":{"rendered":"CUMHURBA\u015eKANI TATAR LEFKE\u2019DEK\u0130 CEV\u0130Z FEST\u0130VAL\u0130\u2019NDE HALKLA B\u0130R ARAYA GELD\u0130"},"content":{"rendered":"<p><img decoding=\"async\" src=\"https:\/\/mhahabercom.teimg.com\/crop\/1280x720\/mhahaber-com\/uploads\/2025\/06\/mhafoto-8591.png\" \/><\/p>\n<div data-text-id=\"177086\" property=\"articleBody\">\n<p>Cumhurba\u015fkan\u0131 Ersin Tatar, Lefke \u00c7ar\u015f\u0131 Merkezi\u2019nde \u201cBayramda Lefke\u201d temas\u0131yla d\u00fczenlenen 15\u2019inci Lefke Ceviz Festivali&#8217;ne kat\u0131ld\u0131.<\/p>\n<p>Ceviz \u00fcr\u00fcn\u00fcn\u00fc tan\u0131tmak ve ekonomik de\u011ferini art\u0131rmak amac\u0131yla d\u00fcn d\u00fczenlenen festivalde Cumhurba\u015fkan\u0131 Ersin Tatar, stantlar\u0131 gezerek, esnaf, yerel \u00fcretici ve halkla bir araya geldi.<\/p>\n<p>Tatar, konuya ili\u015fkin a\u00e7\u0131klamas\u0131nda, Lefke&#8217;nin ana \u00fcr\u00fcnlerinden cevizin tan\u0131t\u0131lmas\u0131, \u00fcreticilerin desteklenmesi, K\u0131br\u0131s k\u00fclt\u00fcr\u00fcn\u00fc tan\u0131tmak ve ya\u015fatmak amac\u0131yla yap\u0131lan Lefke Ceviz Festivali&#8217;nin d\u00fczenlenmesinde eme\u011fi ge\u00e7en herkese te\u015fekk\u00fcr etti. Cumhurba\u015fkan\u0131 Ersin Tatar, \u201cK\u00fclt\u00fcr\u00fcm\u00fcze, de\u011ferlerimize sahip \u00e7\u0131kmak \u00f6nemli\u201d dedi.<\/p>\n<\/p><\/div>\n","protected":false},"excerpt":{"rendered":"<p>Cumhurba\u015fkan\u0131 Ersin Tatar, Lefke \u00c7ar\u015f\u0131 Merkezi\u2019nde \u201cBayramda Lefke\u201d temas\u0131yla d\u00fczenlenen 15\u2019inci Lefke Ceviz Festivali&#8217;ne kat\u0131ld\u0131. Ceviz \u00fcr\u00fcn\u00fcn\u00fc tan\u0131tmak ve ekonomik de\u011ferini art\u0131rmak amac\u0131yla d\u00fcn d\u00fczenlenen festivalde Cumhurba\u015fkan\u0131 Ersin Tatar, stantlar\u0131 gezerek, esnaf, yerel \u00fcretici ve halkla bir araya geldi. Tatar, konuya ili\u015fkin a\u00e7\u0131klamas\u0131nda, Lefke&#8217;nin ana \u00fcr\u00fcnlerinden cevizin tan\u0131t\u0131lmas\u0131, \u00fcreticilerin desteklenmesi, K\u0131br\u0131s k\u00fclt\u00fcr\u00fcn\u00fc tan\u0131tmak ve ya\u015fatmak<\/p>\n","protected":false},"author":1,"featured_media":84170,"comment_status":"open","ping_status":"open","sticky":false,"template":"","format":"standard","meta":{"footnotes":""},"categories":[1],"tags":[],"class_list":["post-84169","post","type-post","status-publish","format-standard","has-post-thumbnail","hentry","category-gundem"],"yoast_head":"<!-- This site is optimized with the Yoast SEO plugin v27.4 - https:\/\/yoast.com\/product\/yoast-seo-wordpress\/ -->\n<title>CUMHURBA\u015eKANI TATAR LEFKE\u2019DEK\u0130 CEV\u0130Z FEST\u0130VAL\u0130\u2019NDE HALKLA B\u0130R ARAYA GELD\u0130 -<\/title>\n<meta name=\"robots\" content=\"index, follow, max-snippet:-1, max-image-preview:large, max-video-preview:-1\" \/>\n<link rel=\"canonical\" href=\"https:\/\/kibrisdakik.com\/?p=84169\" \/>\n<meta property=\"og:locale\" content=\"tr_TR\" \/>\n<meta property=\"og:type\" content=\"article\" \/>\n<meta property=\"og:title\" content=\"CUMHURBA\u015eKANI TATAR LEFKE\u2019DEK\u0130 CEV\u0130Z FEST\u0130VAL\u0130\u2019NDE HALKLA B\u0130R ARAYA GELD\u0130 -\" \/>\n<meta property=\"og:description\" content=\"Cumhurba\u015fkan\u0131 Ersin Tatar, Lefke \u00c7ar\u015f\u0131 Merkezi\u2019nde \u201cBayramda Lefke\u201d temas\u0131yla d\u00fczenlenen 15\u2019inci Lefke Ceviz Festivali&#8217;ne kat\u0131ld\u0131. Ceviz \u00fcr\u00fcn\u00fcn\u00fc tan\u0131tmak ve ekonomik de\u011ferini art\u0131rmak amac\u0131yla d\u00fcn d\u00fczenlenen festivalde Cumhurba\u015fkan\u0131 Ersin Tatar, stantlar\u0131 gezerek, esnaf, yerel \u00fcretici ve halkla bir araya geldi. Tatar, konuya ili\u015fkin a\u00e7\u0131klamas\u0131nda, Lefke&#8217;nin ana \u00fcr\u00fcnlerinden cevizin tan\u0131t\u0131lmas\u0131, \u00fcreticilerin desteklenmesi, K\u0131br\u0131s k\u00fclt\u00fcr\u00fcn\u00fc tan\u0131tmak ve ya\u015fatmak\" \/>\n<meta property=\"og:url\" content=\"https:\/\/kibrisdakik.com\/?p=84169\" \/>\n<meta property=\"article:published_time\" content=\"2025-06-09T12:30:00+00:00\" \/>\n<meta property=\"og:image\" content=\"https:\/\/kibrisdakik.com\/wp-content\/uploads\/2025\/06\/mhafoto-8591-740x420.png\" \/>\n\t<meta property=\"og:image:width\" content=\"860\" \/>\n\t<meta property=\"og:image:height\" content=\"505\" \/>\n\t<meta property=\"og:image:type\" content=\"image\/png\" \/>\n<meta name=\"author\" content=\"admin\" \/>\n<meta name=\"twitter:card\" content=\"summary_large_image\" \/>\n<meta name=\"twitter:label1\" content=\"Yazan:\" \/>\n\t<meta name=\"twitter:data1\" content=\"admin\" \/>\n\t<meta name=\"twitter:label2\" content=\"Tahmini okuma s\u00fcresi\" \/>\n\t<meta name=\"twitter:data2\" content=\"1 dakika\" \/>\n<script type=\"application\/ld+json\" class=\"yoast-schema-graph\">{\"@context\":\"https:\\\/\\\/schema.org\",\"@graph\":[{\"@type\":\"Article\",\"@id\":\"https:\\\/\\\/kibrisdakik.com\\\/?p=84169#article\",\"isPartOf\":{\"@id\":\"https:\\\/\\\/kibrisdakik.com\\\/?p=84169\"},\"author\":{\"name\":\"admin\",\"@id\":\"https:\\\/\\\/kibrisdakik.com\\\/#\\\/schema\\\/person\\\/9cd9d437bbb44f72b73ba127e06d8e79\"},\"headline\":\"CUMHURBA\u015eKANI TATAR LEFKE\u2019DEK\u0130 CEV\u0130Z FEST\u0130VAL\u0130\u2019NDE HALKLA B\u0130R ARAYA GELD\u0130\",\"datePublished\":\"2025-06-09T12:30:00+00:00\",\"mainEntityOfPage\":{\"@id\":\"https:\\\/\\\/kibrisdakik.com\\\/?p=84169\"},\"wordCount\":130,\"commentCount\":0,\"image\":{\"@id\":\"https:\\\/\\\/kibrisdakik.com\\\/?p=84169#primaryimage\"},\"thumbnailUrl\":\"https:\\\/\\\/kibrisdakik.com\\\/wp-content\\\/uploads\\\/2025\\\/06\\\/mhafoto-8591-740x420.png\",\"articleSection\":[\"G\u00fcndem\"],\"inLanguage\":\"tr\",\"potentialAction\":[{\"@type\":\"CommentAction\",\"name\":\"Comment\",\"target\":[\"https:\\\/\\\/kibrisdakik.com\\\/?p=84169#respond\"]}]},{\"@type\":\"WebPage\",\"@id\":\"https:\\\/\\\/kibrisdakik.com\\\/?p=84169\",\"url\":\"https:\\\/\\\/kibrisdakik.com\\\/?p=84169\",\"name\":\"CUMHURBA\u015eKANI TATAR LEFKE\u2019DEK\u0130 CEV\u0130Z FEST\u0130VAL\u0130\u2019NDE HALKLA B\u0130R ARAYA GELD\u0130 -\",\"isPartOf\":{\"@id\":\"https:\\\/\\\/kibrisdakik.com\\\/#website\"},\"primaryImageOfPage\":{\"@id\":\"https:\\\/\\\/kibrisdakik.com\\\/?p=84169#primaryimage\"},\"image\":{\"@id\":\"https:\\\/\\\/kibrisdakik.com\\\/?p=84169#primaryimage\"},\"thumbnailUrl\":\"https:\\\/\\\/kibrisdakik.com\\\/wp-content\\\/uploads\\\/2025\\\/06\\\/mhafoto-8591-740x420.png\",\"datePublished\":\"2025-06-09T12:30:00+00:00\",\"author\":{\"@id\":\"https:\\\/\\\/kibrisdakik.com\\\/#\\\/schema\\\/person\\\/9cd9d437bbb44f72b73ba127e06d8e79\"},\"breadcrumb\":{\"@id\":\"https:\\\/\\\/kibrisdakik.com\\\/?p=84169#breadcrumb\"},\"inLanguage\":\"tr\",\"potentialAction\":[{\"@type\":\"ReadAction\",\"target\":[\"https:\\\/\\\/kibrisdakik.com\\\/?p=84169\"]}]},{\"@type\":\"ImageObject\",\"inLanguage\":\"tr\",\"@id\":\"https:\\\/\\\/kibrisdakik.com\\\/?p=84169#primaryimage\",\"url\":\"https:\\\/\\\/kibrisdakik.com\\\/wp-content\\\/uploads\\\/2025\\\/06\\\/mhafoto-8591-740x420.png\",\"contentUrl\":\"https:\\\/\\\/kibrisdakik.com\\\/wp-content\\\/uploads\\\/2025\\\/06\\\/mhafoto-8591-740x420.png\",\"width\":860,\"height\":505},{\"@type\":\"BreadcrumbList\",\"@id\":\"https:\\\/\\\/kibrisdakik.com\\\/?p=84169#breadcrumb\",\"itemListElement\":[{\"@type\":\"ListItem\",\"position\":1,\"name\":\"Home\",\"item\":\"https:\\\/\\\/kibrisdakik.com\\\/\"},{\"@type\":\"ListItem\",\"position\":2,\"name\":\"CUMHURBA\u015eKANI TATAR LEFKE\u2019DEK\u0130 CEV\u0130Z FEST\u0130VAL\u0130\u2019NDE HALKLA B\u0130R ARAYA GELD\u0130\"}]},{\"@type\":\"WebSite\",\"@id\":\"https:\\\/\\\/kibrisdakik.com\\\/#website\",\"url\":\"https:\\\/\\\/kibrisdakik.com\\\/\",\"name\":\"\",\"description\":\"Tam vaktinde haber\",\"potentialAction\":[{\"@type\":\"SearchAction\",\"target\":{\"@type\":\"EntryPoint\",\"urlTemplate\":\"https:\\\/\\\/kibrisdakik.com\\\/?s={search_term_string}\"},\"query-input\":{\"@type\":\"PropertyValueSpecification\",\"valueRequired\":true,\"valueName\":\"search_term_string\"}}],\"inLanguage\":\"tr\"},{\"@type\":\"Person\",\"@id\":\"https:\\\/\\\/kibrisdakik.com\\\/#\\\/schema\\\/person\\\/9cd9d437bbb44f72b73ba127e06d8e79\",\"name\":\"admin\",\"image\":{\"@type\":\"ImageObject\",\"inLanguage\":\"tr\",\"@id\":\"https:\\\/\\\/secure.gravatar.com\\\/avatar\\\/ccc17943b9d660506c869530f897617f7cb1c21a4bf30023f252596d83e1f007?s=96&d=mm&r=g\",\"url\":\"https:\\\/\\\/secure.gravatar.com\\\/avatar\\\/ccc17943b9d660506c869530f897617f7cb1c21a4bf30023f252596d83e1f007?s=96&d=mm&r=g\",\"contentUrl\":\"https:\\\/\\\/secure.gravatar.com\\\/avatar\\\/ccc17943b9d660506c869530f897617f7cb1c21a4bf30023f252596d83e1f007?s=96&d=mm&r=g\",\"caption\":\"admin\"},\"sameAs\":[\"https:\\\/\\\/kibrisdakik.com\"],\"url\":\"https:\\\/\\\/kibrisdakik.com\\\/?author=1\"}]}<\/script>\n<!-- \/ Yoast SEO plugin. -->","yoast_head_json":{"title":"CUMHURBA\u015eKANI TATAR LEFKE\u2019DEK\u0130 CEV\u0130Z FEST\u0130VAL\u0130\u2019NDE HALKLA B\u0130R ARAYA GELD\u0130 -","robots":{"index":"index","follow":"follow","max-snippet":"max-snippet:-1","max-image-preview":"max-image-preview:large","max-video-preview":"max-video-preview:-1"},"canonical":"https:\/\/kibrisdakik.com\/?p=84169","og_locale":"tr_TR","og_type":"article","og_title":"CUMHURBA\u015eKANI TATAR LEFKE\u2019DEK\u0130 CEV\u0130Z FEST\u0130VAL\u0130\u2019NDE HALKLA B\u0130R ARAYA GELD\u0130 -","og_description":"Cumhurba\u015fkan\u0131 Ersin Tatar, Lefke \u00c7ar\u015f\u0131 Merkezi\u2019nde \u201cBayramda Lefke\u201d temas\u0131yla d\u00fczenlenen 15\u2019inci Lefke Ceviz Festivali&#8217;ne kat\u0131ld\u0131. Ceviz \u00fcr\u00fcn\u00fcn\u00fc tan\u0131tmak ve ekonomik de\u011ferini art\u0131rmak amac\u0131yla d\u00fcn d\u00fczenlenen festivalde Cumhurba\u015fkan\u0131 Ersin Tatar, stantlar\u0131 gezerek, esnaf, yerel \u00fcretici ve halkla bir araya geldi. Tatar, konuya ili\u015fkin a\u00e7\u0131klamas\u0131nda, Lefke&#8217;nin ana \u00fcr\u00fcnlerinden cevizin tan\u0131t\u0131lmas\u0131, \u00fcreticilerin desteklenmesi, K\u0131br\u0131s k\u00fclt\u00fcr\u00fcn\u00fc tan\u0131tmak ve ya\u015fatmak","og_url":"https:\/\/kibrisdakik.com\/?p=84169","article_published_time":"2025-06-09T12:30:00+00:00","og_image":[{"width":860,"height":505,"url":"https:\/\/kibrisdakik.com\/wp-content\/uploads\/2025\/06\/mhafoto-8591-740x420.png","type":"image\/png"}],"author":"admin","twitter_card":"summary_large_image","twitter_misc":{"Yazan:":"admin","Tahmini okuma s\u00fcresi":"1 dakika"},"schema":{"@context":"https:\/\/schema.org","@graph":[{"@type":"Article","@id":"https:\/\/kibrisdakik.com\/?p=84169#article","isPartOf":{"@id":"https:\/\/kibrisdakik.com\/?p=84169"},"author":{"name":"admin","@id":"https:\/\/kibrisdakik.com\/#\/schema\/person\/9cd9d437bbb44f72b73ba127e06d8e79"},"headline":"CUMHURBA\u015eKANI TATAR LEFKE\u2019DEK\u0130 CEV\u0130Z FEST\u0130VAL\u0130\u2019NDE HALKLA B\u0130R ARAYA GELD\u0130","datePublished":"2025-06-09T12:30:00+00:00","mainEntityOfPage":{"@id":"https:\/\/kibrisdakik.com\/?p=84169"},"wordCount":130,"commentCount":0,"image":{"@id":"https:\/\/kibrisdakik.com\/?p=84169#primaryimage"},"thumbnailUrl":"https:\/\/kibrisdakik.com\/wp-content\/uploads\/2025\/06\/mhafoto-8591-740x420.png","articleSection":["G\u00fcndem"],"inLanguage":"tr","potentialAction":[{"@type":"CommentAction","name":"Comment","target":["https:\/\/kibrisdakik.com\/?p=84169#respond"]}]},{"@type":"WebPage","@id":"https:\/\/kibrisdakik.com\/?p=84169","url":"https:\/\/kibrisdakik.com\/?p=84169","name":"CUMHURBA\u015eKANI TATAR LEFKE\u2019DEK\u0130 CEV\u0130Z FEST\u0130VAL\u0130\u2019NDE HALKLA B\u0130R ARAYA GELD\u0130 -","isPartOf":{"@id":"https:\/\/kibrisdakik.com\/#website"},"primaryImageOfPage":{"@id":"https:\/\/kibrisdakik.com\/?p=84169#primaryimage"},"image":{"@id":"https:\/\/kibrisdakik.com\/?p=84169#primaryimage"},"thumbnailUrl":"https:\/\/kibrisdakik.com\/wp-content\/uploads\/2025\/06\/mhafoto-8591-740x420.png","datePublished":"2025-06-09T12:30:00+00:00","author":{"@id":"https:\/\/kibrisdakik.com\/#\/schema\/person\/9cd9d437bbb44f72b73ba127e06d8e79"},"breadcrumb":{"@id":"https:\/\/kibrisdakik.com\/?p=84169#breadcrumb"},"inLanguage":"tr","potentialAction":[{"@type":"ReadAction","target":["https:\/\/kibrisdakik.com\/?p=84169"]}]},{"@type":"ImageObject","inLanguage":"tr","@id":"https:\/\/kibrisdakik.com\/?p=84169#primaryimage","url":"https:\/\/kibrisdakik.com\/wp-content\/uploads\/2025\/06\/mhafoto-8591-740x420.png","contentUrl":"https:\/\/kibrisdakik.com\/wp-content\/uploads\/2025\/06\/mhafoto-8591-740x420.png","width":860,"height":505},{"@type":"BreadcrumbList","@id":"https:\/\/kibrisdakik.com\/?p=84169#breadcrumb","itemListElement":[{"@type":"ListItem","position":1,"name":"Home","item":"https:\/\/kibrisdakik.com\/"},{"@type":"ListItem","position":2,"name":"CUMHURBA\u015eKANI TATAR LEFKE\u2019DEK\u0130 CEV\u0130Z FEST\u0130VAL\u0130\u2019NDE HALKLA B\u0130R ARAYA GELD\u0130"}]},{"@type":"WebSite","@id":"https:\/\/kibrisdakik.com\/#website","url":"https:\/\/kibrisdakik.com\/","name":"","description":"Tam vaktinde haber","potentialAction":[{"@type":"SearchAction","target":{"@type":"EntryPoint","urlTemplate":"https:\/\/kibrisdakik.com\/?s={search_term_string}"},"query-input":{"@type":"PropertyValueSpecification","valueRequired":true,"valueName":"search_term_string"}}],"inLanguage":"tr"},{"@type":"Person","@id":"https:\/\/kibrisdakik.com\/#\/schema\/person\/9cd9d437bbb44f72b73ba127e06d8e79","name":"admin","image":{"@type":"ImageObject","inLanguage":"tr","@id":"https:\/\/secure.gravatar.com\/avatar\/ccc17943b9d660506c869530f897617f7cb1c21a4bf30023f252596d83e1f007?s=96&d=mm&r=g","url":"https:\/\/secure.gravatar.com\/avatar\/ccc17943b9d660506c869530f897617f7cb1c21a4bf30023f252596d83e1f007?s=96&d=mm&r=g","contentUrl":"https:\/\/secure.gravatar.com\/avatar\/ccc17943b9d660506c869530f897617f7cb1c21a4bf30023f252596d83e1f007?s=96&d=mm&r=g","caption":"admin"},"sameAs":["https:\/\/kibrisdakik.com"],"url":"https:\/\/kibrisdakik.com\/?author=1"}]}},"_links":{"self":[{"href":"https:\/\/kibrisdakik.com\/index.php?rest_route=\/wp\/v2\/posts\/84169","targetHints":{"allow":["GET"]}}],"collection":[{"href":"https:\/\/kibrisdakik.com\/index.php?rest_route=\/wp\/v2\/posts"}],"about":[{"href":"https:\/\/kibrisdakik.com\/index.php?rest_route=\/wp\/v2\/types\/post"}],"author":[{"embeddable":true,"href":"https:\/\/kibrisdakik.com\/index.php?rest_route=\/wp\/v2\/users\/1"}],"replies":[{"embeddable":true,"href":"https:\/\/kibrisdakik.com\/index.php?rest_route=%2Fwp%2Fv2%2Fcomments&post=84169"}],"version-history":[{"count":0,"href":"https:\/\/kibrisdakik.com\/index.php?rest_route=\/wp\/v2\/posts\/84169\/revisions"}],"wp:featuredmedia":[{"embeddable":true,"href":"https:\/\/kibrisdakik.com\/index.php?rest_route=\/wp\/v2\/media\/84170"}],"wp:attachment":[{"href":"https:\/\/kibrisdakik.com\/index.php?rest_route=%2Fwp%2Fv2%2Fmedia&parent=84169"}],"wp:term":[{"taxonomy":"category","embeddable":true,"href":"https:\/\/kibrisdakik.com\/index.php?rest_route=%2Fwp%2Fv2%2Fcategories&post=84169"},{"taxonomy":"post_tag","embeddable":true,"href":"https:\/\/kibrisdakik.com\/index.php?rest_route=%2Fwp%2Fv2%2Ftags&post=84169"}],"curies":[{"name":"wp","href":"https:\/\/api.w.org\/{rel}","templated":true}]}}