{"id":84181,"date":"2025-06-09T09:18:00","date_gmt":"2025-06-09T06:18:00","guid":{"rendered":"https:\/\/kibrisdakik.com\/index.php\/2025\/06\/09\/girnede-13-yildir-kacak-yasayan-sahis-tutuklandi\/"},"modified":"2025-06-09T09:18:00","modified_gmt":"2025-06-09T06:18:00","slug":"girnede-13-yildir-kacak-yasayan-sahis-tutuklandi","status":"publish","type":"post","link":"https:\/\/kibrisdakik.com\/?p=84181","title":{"rendered":"G\u0130RNE\u2019DE 13 YILDIR KA\u00c7AK YA\u015eAYAN \u015eAHIS TUTUKLANDI"},"content":{"rendered":"<p><img decoding=\"async\" src=\"https:\/\/mhahabercom.teimg.com\/crop\/1280x720\/mhahaber-com\/uploads\/2025\/06\/mhafoto-8581.png\" \/><\/p>\n<div data-text-id=\"177050\" property=\"articleBody\">\n<p>KKTC\u2019de izinsiz ikamet etmek su\u00e7undan tutuklanan Pakistan uyruklu Muhammet<br \/>&#13;<br \/>\nAhsen d\u00fcn Girne Kaza Mahkemesine \u00e7\u0131kar\u0131ld\u0131. Girne Adli \u015fubede g\u00f6revli polis mahkemede olgular\u0131<br \/>&#13;<br \/>\naktard\u0131.<br \/>&#13;<br \/>\nPolis, zanl\u0131n\u0131n 7 Haziran 2025 tarikinde Girne\u2019de ger\u00e7ekle\u015ftirilen rutin kontroller esnas\u0131nda tespit<br \/>&#13;<br \/>\nedildi\u011fini s\u00f6yledi. Polis, yap\u0131lan muhaceret kontrol\u00fcnde zanl\u0131n\u0131n 20 Eyl\u00fcl 2012 tarihinden beri \u00fclkede<br \/>&#13;<br \/>\nka\u00e7ak ya\u015fam s\u00fcrd\u00fc\u011f\u00fcn\u00fcn tespit edilerek, tutukland\u0131\u011f\u0131n\u0131 kaydetti. Polis, soru\u015fturma ba\u015flatt\u0131klar\u0131n\u0131,<br \/>&#13;<br \/>\nzanl\u0131n\u0131n 13 y\u0131l s\u00fcreyle \u00fclkede herhangi bir su\u00e7a kar\u0131\u015f\u0131p kar\u0131\u015fmad\u0131\u011f\u0131n\u0131n ara\u015ft\u0131r\u0131laca\u011f\u0131n\u0131, ayr\u0131ca nerelerde<br \/>&#13;<br \/>\n\u00e7al\u0131\u015ft\u0131\u011f\u0131n\u0131n tespit edilece\u011fini belirterek, 3 g\u00fcn ek s\u00fcre istedi.<br \/>&#13;<br \/>\nMahkemede s\u00f6z alan zanl\u0131 ise 4 \u00e7ocuk babas\u0131 oldu\u011funu, \u00e7al\u0131\u015f\u0131p onlara bakt\u0131\u011f\u0131n\u0131, evinde elektirik dahi<br \/>&#13;<br \/>\nolmad\u0131\u011f\u0131n\u0131 s\u00f6yledi.<br \/>&#13;<br \/>\nHuzurundaki \u015fahadeti de\u011ferlendiren Yarg\u0131\u00e7 Temay Sa\u011fer, zanl\u0131n\u0131n 13 y\u0131l s\u00fcreyle nerede \u00e7al\u0131\u015ft\u0131\u011f\u0131na dair<br \/>&#13;<br \/>\nara\u015ft\u0131rma yap\u0131lmas\u0131n\u0131n elzem oldu\u011funa dikkat \u00e7ekerek, zanl\u0131n\u0131n 3 g\u00fcn s\u00fcreyle tutuklu kalmas\u0131na emir<br \/>&#13;<br \/>\nverdi.<\/p>\n<\/p><\/div>\n","protected":false},"excerpt":{"rendered":"<p>KKTC\u2019de izinsiz ikamet etmek su\u00e7undan tutuklanan Pakistan uyruklu Muhammet&#13; Ahsen d\u00fcn Girne Kaza Mahkemesine \u00e7\u0131kar\u0131ld\u0131. Girne Adli \u015fubede g\u00f6revli polis mahkemede olgular\u0131&#13; aktard\u0131.&#13; Polis, zanl\u0131n\u0131n 7 Haziran 2025 tarikinde Girne\u2019de ger\u00e7ekle\u015ftirilen rutin kontroller esnas\u0131nda tespit&#13; edildi\u011fini s\u00f6yledi. Polis, yap\u0131lan muhaceret kontrol\u00fcnde zanl\u0131n\u0131n 20 Eyl\u00fcl 2012 tarihinden beri \u00fclkede&#13; ka\u00e7ak ya\u015fam s\u00fcrd\u00fc\u011f\u00fcn\u00fcn tespit edilerek, tutukland\u0131\u011f\u0131n\u0131 kaydetti.<\/p>\n","protected":false},"author":1,"featured_media":84182,"comment_status":"open","ping_status":"open","sticky":false,"template":"","format":"standard","meta":{"footnotes":""},"categories":[1],"tags":[],"class_list":["post-84181","post","type-post","status-publish","format-standard","has-post-thumbnail","hentry","category-gundem"],"yoast_head":"<!-- This site is optimized with the Yoast SEO plugin v27.5 - https:\/\/yoast.com\/product\/yoast-seo-wordpress\/ -->\n<title>G\u0130RNE\u2019DE 13 YILDIR KA\u00c7AK YA\u015eAYAN \u015eAHIS TUTUKLANDI -<\/title>\n<meta name=\"robots\" content=\"index, follow, max-snippet:-1, max-image-preview:large, max-video-preview:-1\" \/>\n<link rel=\"canonical\" href=\"https:\/\/kibrisdakik.com\/?p=84181\" \/>\n<meta property=\"og:locale\" content=\"tr_TR\" \/>\n<meta property=\"og:type\" content=\"article\" \/>\n<meta property=\"og:title\" content=\"G\u0130RNE\u2019DE 13 YILDIR KA\u00c7AK YA\u015eAYAN \u015eAHIS TUTUKLANDI -\" \/>\n<meta property=\"og:description\" content=\"KKTC\u2019de izinsiz ikamet etmek su\u00e7undan tutuklanan Pakistan uyruklu Muhammet&#013; Ahsen d\u00fcn Girne Kaza Mahkemesine \u00e7\u0131kar\u0131ld\u0131. Girne Adli \u015fubede g\u00f6revli polis mahkemede olgular\u0131&#013; aktard\u0131.&#013; Polis, zanl\u0131n\u0131n 7 Haziran 2025 tarikinde Girne\u2019de ger\u00e7ekle\u015ftirilen rutin kontroller esnas\u0131nda tespit&#013; edildi\u011fini s\u00f6yledi. Polis, yap\u0131lan muhaceret kontrol\u00fcnde zanl\u0131n\u0131n 20 Eyl\u00fcl 2012 tarihinden beri \u00fclkede&#013; ka\u00e7ak ya\u015fam s\u00fcrd\u00fc\u011f\u00fcn\u00fcn tespit edilerek, tutukland\u0131\u011f\u0131n\u0131 kaydetti.\" \/>\n<meta property=\"og:url\" content=\"https:\/\/kibrisdakik.com\/?p=84181\" \/>\n<meta property=\"article:published_time\" content=\"2025-06-09T06:18:00+00:00\" \/>\n<meta property=\"og:image\" content=\"https:\/\/kibrisdakik.com\/wp-content\/uploads\/2025\/06\/mhafoto-8581-740x420.png\" \/>\n\t<meta property=\"og:image:width\" content=\"860\" \/>\n\t<meta property=\"og:image:height\" content=\"505\" \/>\n\t<meta property=\"og:image:type\" content=\"image\/png\" \/>\n<meta name=\"author\" content=\"admin\" \/>\n<meta name=\"twitter:card\" content=\"summary_large_image\" \/>\n<meta name=\"twitter:label1\" content=\"Yazan:\" \/>\n\t<meta name=\"twitter:data1\" content=\"admin\" \/>\n\t<meta name=\"twitter:label2\" content=\"Tahmini okuma s\u00fcresi\" \/>\n\t<meta name=\"twitter:data2\" content=\"1 dakika\" \/>\n<script type=\"application\/ld+json\" class=\"yoast-schema-graph\">{\"@context\":\"https:\\\/\\\/schema.org\",\"@graph\":[{\"@type\":\"Article\",\"@id\":\"https:\\\/\\\/kibrisdakik.com\\\/?p=84181#article\",\"isPartOf\":{\"@id\":\"https:\\\/\\\/kibrisdakik.com\\\/?p=84181\"},\"author\":{\"name\":\"admin\",\"@id\":\"https:\\\/\\\/kibrisdakik.com\\\/#\\\/schema\\\/person\\\/9cd9d437bbb44f72b73ba127e06d8e79\"},\"headline\":\"G\u0130RNE\u2019DE 13 YILDIR KA\u00c7AK YA\u015eAYAN \u015eAHIS TUTUKLANDI\",\"datePublished\":\"2025-06-09T06:18:00+00:00\",\"mainEntityOfPage\":{\"@id\":\"https:\\\/\\\/kibrisdakik.com\\\/?p=84181\"},\"wordCount\":198,\"commentCount\":0,\"image\":{\"@id\":\"https:\\\/\\\/kibrisdakik.com\\\/?p=84181#primaryimage\"},\"thumbnailUrl\":\"https:\\\/\\\/kibrisdakik.com\\\/wp-content\\\/uploads\\\/2025\\\/06\\\/mhafoto-8581-740x420.png\",\"articleSection\":[\"G\u00fcndem\"],\"inLanguage\":\"tr\",\"potentialAction\":[{\"@type\":\"CommentAction\",\"name\":\"Comment\",\"target\":[\"https:\\\/\\\/kibrisdakik.com\\\/?p=84181#respond\"]}]},{\"@type\":\"WebPage\",\"@id\":\"https:\\\/\\\/kibrisdakik.com\\\/?p=84181\",\"url\":\"https:\\\/\\\/kibrisdakik.com\\\/?p=84181\",\"name\":\"G\u0130RNE\u2019DE 13 YILDIR KA\u00c7AK YA\u015eAYAN \u015eAHIS TUTUKLANDI -\",\"isPartOf\":{\"@id\":\"https:\\\/\\\/kibrisdakik.com\\\/#website\"},\"primaryImageOfPage\":{\"@id\":\"https:\\\/\\\/kibrisdakik.com\\\/?p=84181#primaryimage\"},\"image\":{\"@id\":\"https:\\\/\\\/kibrisdakik.com\\\/?p=84181#primaryimage\"},\"thumbnailUrl\":\"https:\\\/\\\/kibrisdakik.com\\\/wp-content\\\/uploads\\\/2025\\\/06\\\/mhafoto-8581-740x420.png\",\"datePublished\":\"2025-06-09T06:18:00+00:00\",\"author\":{\"@id\":\"https:\\\/\\\/kibrisdakik.com\\\/#\\\/schema\\\/person\\\/9cd9d437bbb44f72b73ba127e06d8e79\"},\"breadcrumb\":{\"@id\":\"https:\\\/\\\/kibrisdakik.com\\\/?p=84181#breadcrumb\"},\"inLanguage\":\"tr\",\"potentialAction\":[{\"@type\":\"ReadAction\",\"target\":[\"https:\\\/\\\/kibrisdakik.com\\\/?p=84181\"]}]},{\"@type\":\"ImageObject\",\"inLanguage\":\"tr\",\"@id\":\"https:\\\/\\\/kibrisdakik.com\\\/?p=84181#primaryimage\",\"url\":\"https:\\\/\\\/kibrisdakik.com\\\/wp-content\\\/uploads\\\/2025\\\/06\\\/mhafoto-8581-740x420.png\",\"contentUrl\":\"https:\\\/\\\/kibrisdakik.com\\\/wp-content\\\/uploads\\\/2025\\\/06\\\/mhafoto-8581-740x420.png\",\"width\":860,\"height\":505},{\"@type\":\"BreadcrumbList\",\"@id\":\"https:\\\/\\\/kibrisdakik.com\\\/?p=84181#breadcrumb\",\"itemListElement\":[{\"@type\":\"ListItem\",\"position\":1,\"name\":\"Home\",\"item\":\"https:\\\/\\\/kibrisdakik.com\\\/\"},{\"@type\":\"ListItem\",\"position\":2,\"name\":\"G\u0130RNE\u2019DE 13 YILDIR KA\u00c7AK YA\u015eAYAN \u015eAHIS TUTUKLANDI\"}]},{\"@type\":\"WebSite\",\"@id\":\"https:\\\/\\\/kibrisdakik.com\\\/#website\",\"url\":\"https:\\\/\\\/kibrisdakik.com\\\/\",\"name\":\"\",\"description\":\"Tam vaktinde haber\",\"potentialAction\":[{\"@type\":\"SearchAction\",\"target\":{\"@type\":\"EntryPoint\",\"urlTemplate\":\"https:\\\/\\\/kibrisdakik.com\\\/?s={search_term_string}\"},\"query-input\":{\"@type\":\"PropertyValueSpecification\",\"valueRequired\":true,\"valueName\":\"search_term_string\"}}],\"inLanguage\":\"tr\"},{\"@type\":\"Person\",\"@id\":\"https:\\\/\\\/kibrisdakik.com\\\/#\\\/schema\\\/person\\\/9cd9d437bbb44f72b73ba127e06d8e79\",\"name\":\"admin\",\"image\":{\"@type\":\"ImageObject\",\"inLanguage\":\"tr\",\"@id\":\"https:\\\/\\\/secure.gravatar.com\\\/avatar\\\/ccc17943b9d660506c869530f897617f7cb1c21a4bf30023f252596d83e1f007?s=96&d=mm&r=g\",\"url\":\"https:\\\/\\\/secure.gravatar.com\\\/avatar\\\/ccc17943b9d660506c869530f897617f7cb1c21a4bf30023f252596d83e1f007?s=96&d=mm&r=g\",\"contentUrl\":\"https:\\\/\\\/secure.gravatar.com\\\/avatar\\\/ccc17943b9d660506c869530f897617f7cb1c21a4bf30023f252596d83e1f007?s=96&d=mm&r=g\",\"caption\":\"admin\"},\"sameAs\":[\"https:\\\/\\\/kibrisdakik.com\"],\"url\":\"https:\\\/\\\/kibrisdakik.com\\\/?author=1\"}]}<\/script>\n<!-- \/ Yoast SEO plugin. -->","yoast_head_json":{"title":"G\u0130RNE\u2019DE 13 YILDIR KA\u00c7AK YA\u015eAYAN \u015eAHIS TUTUKLANDI -","robots":{"index":"index","follow":"follow","max-snippet":"max-snippet:-1","max-image-preview":"max-image-preview:large","max-video-preview":"max-video-preview:-1"},"canonical":"https:\/\/kibrisdakik.com\/?p=84181","og_locale":"tr_TR","og_type":"article","og_title":"G\u0130RNE\u2019DE 13 YILDIR KA\u00c7AK YA\u015eAYAN \u015eAHIS TUTUKLANDI -","og_description":"KKTC\u2019de izinsiz ikamet etmek su\u00e7undan tutuklanan Pakistan uyruklu Muhammet&#13; Ahsen d\u00fcn Girne Kaza Mahkemesine \u00e7\u0131kar\u0131ld\u0131. Girne Adli \u015fubede g\u00f6revli polis mahkemede olgular\u0131&#13; aktard\u0131.&#13; Polis, zanl\u0131n\u0131n 7 Haziran 2025 tarikinde Girne\u2019de ger\u00e7ekle\u015ftirilen rutin kontroller esnas\u0131nda tespit&#13; edildi\u011fini s\u00f6yledi. Polis, yap\u0131lan muhaceret kontrol\u00fcnde zanl\u0131n\u0131n 20 Eyl\u00fcl 2012 tarihinden beri \u00fclkede&#13; ka\u00e7ak ya\u015fam s\u00fcrd\u00fc\u011f\u00fcn\u00fcn tespit edilerek, tutukland\u0131\u011f\u0131n\u0131 kaydetti.","og_url":"https:\/\/kibrisdakik.com\/?p=84181","article_published_time":"2025-06-09T06:18:00+00:00","og_image":[{"width":860,"height":505,"url":"https:\/\/kibrisdakik.com\/wp-content\/uploads\/2025\/06\/mhafoto-8581-740x420.png","type":"image\/png"}],"author":"admin","twitter_card":"summary_large_image","twitter_misc":{"Yazan:":"admin","Tahmini okuma s\u00fcresi":"1 dakika"},"schema":{"@context":"https:\/\/schema.org","@graph":[{"@type":"Article","@id":"https:\/\/kibrisdakik.com\/?p=84181#article","isPartOf":{"@id":"https:\/\/kibrisdakik.com\/?p=84181"},"author":{"name":"admin","@id":"https:\/\/kibrisdakik.com\/#\/schema\/person\/9cd9d437bbb44f72b73ba127e06d8e79"},"headline":"G\u0130RNE\u2019DE 13 YILDIR KA\u00c7AK YA\u015eAYAN \u015eAHIS TUTUKLANDI","datePublished":"2025-06-09T06:18:00+00:00","mainEntityOfPage":{"@id":"https:\/\/kibrisdakik.com\/?p=84181"},"wordCount":198,"commentCount":0,"image":{"@id":"https:\/\/kibrisdakik.com\/?p=84181#primaryimage"},"thumbnailUrl":"https:\/\/kibrisdakik.com\/wp-content\/uploads\/2025\/06\/mhafoto-8581-740x420.png","articleSection":["G\u00fcndem"],"inLanguage":"tr","potentialAction":[{"@type":"CommentAction","name":"Comment","target":["https:\/\/kibrisdakik.com\/?p=84181#respond"]}]},{"@type":"WebPage","@id":"https:\/\/kibrisdakik.com\/?p=84181","url":"https:\/\/kibrisdakik.com\/?p=84181","name":"G\u0130RNE\u2019DE 13 YILDIR KA\u00c7AK YA\u015eAYAN \u015eAHIS TUTUKLANDI -","isPartOf":{"@id":"https:\/\/kibrisdakik.com\/#website"},"primaryImageOfPage":{"@id":"https:\/\/kibrisdakik.com\/?p=84181#primaryimage"},"image":{"@id":"https:\/\/kibrisdakik.com\/?p=84181#primaryimage"},"thumbnailUrl":"https:\/\/kibrisdakik.com\/wp-content\/uploads\/2025\/06\/mhafoto-8581-740x420.png","datePublished":"2025-06-09T06:18:00+00:00","author":{"@id":"https:\/\/kibrisdakik.com\/#\/schema\/person\/9cd9d437bbb44f72b73ba127e06d8e79"},"breadcrumb":{"@id":"https:\/\/kibrisdakik.com\/?p=84181#breadcrumb"},"inLanguage":"tr","potentialAction":[{"@type":"ReadAction","target":["https:\/\/kibrisdakik.com\/?p=84181"]}]},{"@type":"ImageObject","inLanguage":"tr","@id":"https:\/\/kibrisdakik.com\/?p=84181#primaryimage","url":"https:\/\/kibrisdakik.com\/wp-content\/uploads\/2025\/06\/mhafoto-8581-740x420.png","contentUrl":"https:\/\/kibrisdakik.com\/wp-content\/uploads\/2025\/06\/mhafoto-8581-740x420.png","width":860,"height":505},{"@type":"BreadcrumbList","@id":"https:\/\/kibrisdakik.com\/?p=84181#breadcrumb","itemListElement":[{"@type":"ListItem","position":1,"name":"Home","item":"https:\/\/kibrisdakik.com\/"},{"@type":"ListItem","position":2,"name":"G\u0130RNE\u2019DE 13 YILDIR KA\u00c7AK YA\u015eAYAN \u015eAHIS TUTUKLANDI"}]},{"@type":"WebSite","@id":"https:\/\/kibrisdakik.com\/#website","url":"https:\/\/kibrisdakik.com\/","name":"","description":"Tam vaktinde haber","potentialAction":[{"@type":"SearchAction","target":{"@type":"EntryPoint","urlTemplate":"https:\/\/kibrisdakik.com\/?s={search_term_string}"},"query-input":{"@type":"PropertyValueSpecification","valueRequired":true,"valueName":"search_term_string"}}],"inLanguage":"tr"},{"@type":"Person","@id":"https:\/\/kibrisdakik.com\/#\/schema\/person\/9cd9d437bbb44f72b73ba127e06d8e79","name":"admin","image":{"@type":"ImageObject","inLanguage":"tr","@id":"https:\/\/secure.gravatar.com\/avatar\/ccc17943b9d660506c869530f897617f7cb1c21a4bf30023f252596d83e1f007?s=96&d=mm&r=g","url":"https:\/\/secure.gravatar.com\/avatar\/ccc17943b9d660506c869530f897617f7cb1c21a4bf30023f252596d83e1f007?s=96&d=mm&r=g","contentUrl":"https:\/\/secure.gravatar.com\/avatar\/ccc17943b9d660506c869530f897617f7cb1c21a4bf30023f252596d83e1f007?s=96&d=mm&r=g","caption":"admin"},"sameAs":["https:\/\/kibrisdakik.com"],"url":"https:\/\/kibrisdakik.com\/?author=1"}]}},"_links":{"self":[{"href":"https:\/\/kibrisdakik.com\/index.php?rest_route=\/wp\/v2\/posts\/84181","targetHints":{"allow":["GET"]}}],"collection":[{"href":"https:\/\/kibrisdakik.com\/index.php?rest_route=\/wp\/v2\/posts"}],"about":[{"href":"https:\/\/kibrisdakik.com\/index.php?rest_route=\/wp\/v2\/types\/post"}],"author":[{"embeddable":true,"href":"https:\/\/kibrisdakik.com\/index.php?rest_route=\/wp\/v2\/users\/1"}],"replies":[{"embeddable":true,"href":"https:\/\/kibrisdakik.com\/index.php?rest_route=%2Fwp%2Fv2%2Fcomments&post=84181"}],"version-history":[{"count":0,"href":"https:\/\/kibrisdakik.com\/index.php?rest_route=\/wp\/v2\/posts\/84181\/revisions"}],"wp:featuredmedia":[{"embeddable":true,"href":"https:\/\/kibrisdakik.com\/index.php?rest_route=\/wp\/v2\/media\/84182"}],"wp:attachment":[{"href":"https:\/\/kibrisdakik.com\/index.php?rest_route=%2Fwp%2Fv2%2Fmedia&parent=84181"}],"wp:term":[{"taxonomy":"category","embeddable":true,"href":"https:\/\/kibrisdakik.com\/index.php?rest_route=%2Fwp%2Fv2%2Fcategories&post=84181"},{"taxonomy":"post_tag","embeddable":true,"href":"https:\/\/kibrisdakik.com\/index.php?rest_route=%2Fwp%2Fv2%2Ftags&post=84181"}],"curies":[{"name":"wp","href":"https:\/\/api.w.org\/{rel}","templated":true}]}}