{"id":84203,"date":"2025-06-10T11:17:49","date_gmt":"2025-06-10T08:17:49","guid":{"rendered":"https:\/\/kibrisdakik.com\/index.php\/2025\/06\/10\/ozcinar-strasburgdaydi\/"},"modified":"2025-06-10T11:17:49","modified_gmt":"2025-06-10T08:17:49","slug":"ozcinar-strasburgdaydi","status":"publish","type":"post","link":"https:\/\/kibrisdakik.com\/?p=84203","title":{"rendered":"\u00d6z\u00e7\u0131nar, Strasburg\u2019dayd\u0131"},"content":{"rendered":"<p> <br \/>\n<br \/><br \/>K\u0131br\u0131s T\u00fcrk Belediyeler Birli\u011fi ve G\u00fczelyurt Belediye Ba\u015fkan\u0131 Mahmut \u00d6z\u00e7\u0131nar, Avrupa Konseyi Yerel ve B\u00f6lgesel Y\u00f6netimler Kongresi\u2019nin \u0130dari Komite toplant\u0131s\u0131na kat\u0131ld\u0131.<\/p>\n<p>Belediyeler Birli\u011fi\u2019nden verilen bilgiye g\u00f6re, \u00d6z\u00e7\u0131nar\u2019\u0131n \u0130dari Komite temsilcisi olarak kat\u0131ld\u0131\u011f\u0131 toplant\u0131 Fransa\u2019n\u0131n Strasburg kentinde yap\u0131ld\u0131.<\/p>\n<p>\u0130sve\u00e7, \u0130dari Komite Ba\u015fkan\u0131 Jelena Drenjanin taraf\u0131ndan a\u00e7\u0131lan, \u00fcyelerin g\u00fcndem tasla\u011f\u0131n\u0131 kabul etti\u011fi toplant\u0131da, \u0130nsan Haklar\u0131 Stratejisi\u2019nin uygulanmas\u0131, \u00f6zellikle \u00e7evreyle insan haklar\u0131 konular\u0131 ele al\u0131nd\u0131.<\/p>\n<p>Toplant\u0131da, Avrupa yerel \u00f6zerklik \u015fart\u0131 ek protokol\u00fc, b\u00f6lgesel tarih \u00f6\u011frenimi, k\u0131y\u0131 erozyonuyla nas\u0131l ba\u015fa \u00e7\u0131k\u0131labilece\u011fi, yerel ve b\u00f6lgesel d\u00fczeyde demokrasi ve insan haklar\u0131 i\u00e7in kataliz\u00f6r olan k\u00fclt\u00fcrel miras ve bellek konular\u0131 da konu\u015fuldu.<\/p>\n<p>Yeni faaliyet konular\u0131n\u0131n da belirlendi\u011fi toplant\u0131da okul devams\u0131zl\u0131\u011f\u0131, biyolojik \u00e7e\u015fitlilik kayb\u0131 ve su\u00e7 \u00f6rg\u00fctleri taraf\u0131ndan uyu\u015fturucu tedarikindeki yeni e\u011filimler tart\u0131\u015fmaya a\u00e7\u0131ld\u0131.<\/p>\n<p>Toplant\u0131da ayr\u0131ca, Avrupa Konseyi ve AB taraf\u0131ndan ortak finanse edilen en eski giri\u015fim olan Avrupa K\u00fclt\u00fcrel Miras G\u00fcnleri (EHD) program\u0131yla ilgili gelecek planlar\u0131 ve yerel\/b\u00f6lgesel y\u00f6netimlerin programa katk\u0131 yollar\u0131 anlat\u0131ld\u0131.<br \/>\n<br \/><br \/>\n<br \/><a href=\"> K\u0131br\u0131s dakik<\/a><\/p>\n","protected":false},"excerpt":{"rendered":"<p>K\u0131br\u0131s T\u00fcrk Belediyeler Birli\u011fi ve G\u00fczelyurt Belediye Ba\u015fkan\u0131 Mahmut \u00d6z\u00e7\u0131nar, Avrupa Konseyi Yerel ve B\u00f6lgesel Y\u00f6netimler Kongresi\u2019nin \u0130dari Komite toplant\u0131s\u0131na kat\u0131ld\u0131. Belediyeler Birli\u011fi\u2019nden verilen bilgiye g\u00f6re, \u00d6z\u00e7\u0131nar\u2019\u0131n \u0130dari Komite temsilcisi olarak kat\u0131ld\u0131\u011f\u0131 toplant\u0131 Fransa\u2019n\u0131n Strasburg kentinde yap\u0131ld\u0131. \u0130sve\u00e7, \u0130dari Komite Ba\u015fkan\u0131 Jelena Drenjanin taraf\u0131ndan a\u00e7\u0131lan, \u00fcyelerin g\u00fcndem tasla\u011f\u0131n\u0131 kabul etti\u011fi toplant\u0131da, \u0130nsan Haklar\u0131 Stratejisi\u2019nin uygulanmas\u0131,<\/p>\n","protected":false},"author":1,"featured_media":84204,"comment_status":"open","ping_status":"open","sticky":false,"template":"","format":"standard","meta":{"footnotes":""},"categories":[81,101],"tags":[],"class_list":["post-84203","post","type-post","status-publish","format-standard","has-post-thumbnail","hentry","category-kibris","category-manset"],"yoast_head":"<!-- This site is optimized with the Yoast SEO plugin v27.5 - https:\/\/yoast.com\/product\/yoast-seo-wordpress\/ -->\n<title>\u00d6z\u00e7\u0131nar, Strasburg\u2019dayd\u0131 -<\/title>\n<meta name=\"robots\" content=\"index, follow, max-snippet:-1, max-image-preview:large, max-video-preview:-1\" \/>\n<link rel=\"canonical\" href=\"https:\/\/kibrisdakik.com\/?p=84203\" \/>\n<meta property=\"og:locale\" content=\"tr_TR\" \/>\n<meta property=\"og:type\" content=\"article\" \/>\n<meta property=\"og:title\" content=\"\u00d6z\u00e7\u0131nar, Strasburg\u2019dayd\u0131 -\" \/>\n<meta property=\"og:description\" content=\"K\u0131br\u0131s T\u00fcrk Belediyeler Birli\u011fi ve G\u00fczelyurt Belediye Ba\u015fkan\u0131 Mahmut \u00d6z\u00e7\u0131nar, Avrupa Konseyi Yerel ve B\u00f6lgesel Y\u00f6netimler Kongresi\u2019nin \u0130dari Komite toplant\u0131s\u0131na kat\u0131ld\u0131. Belediyeler Birli\u011fi\u2019nden verilen bilgiye g\u00f6re, \u00d6z\u00e7\u0131nar\u2019\u0131n \u0130dari Komite temsilcisi olarak kat\u0131ld\u0131\u011f\u0131 toplant\u0131 Fransa\u2019n\u0131n Strasburg kentinde yap\u0131ld\u0131. \u0130sve\u00e7, \u0130dari Komite Ba\u015fkan\u0131 Jelena Drenjanin taraf\u0131ndan a\u00e7\u0131lan, \u00fcyelerin g\u00fcndem tasla\u011f\u0131n\u0131 kabul etti\u011fi toplant\u0131da, \u0130nsan Haklar\u0131 Stratejisi\u2019nin uygulanmas\u0131,\" \/>\n<meta property=\"og:url\" content=\"https:\/\/kibrisdakik.com\/?p=84203\" \/>\n<meta property=\"article:published_time\" content=\"2025-06-10T08:17:49+00:00\" \/>\n<meta property=\"og:image\" content=\"https:\/\/kibrisdakik.com\/wp-content\/uploads\/2025\/06\/mahmut-ozcinar1-686x420.jpg\" \/>\n\t<meta property=\"og:image:width\" content=\"686\" \/>\n\t<meta property=\"og:image:height\" content=\"526\" \/>\n\t<meta property=\"og:image:type\" content=\"image\/jpeg\" \/>\n<meta name=\"author\" content=\"admin\" \/>\n<meta name=\"twitter:card\" content=\"summary_large_image\" \/>\n<meta name=\"twitter:label1\" content=\"Yazan:\" \/>\n\t<meta name=\"twitter:data1\" content=\"admin\" \/>\n\t<meta name=\"twitter:label2\" content=\"Tahmini okuma s\u00fcresi\" \/>\n\t<meta name=\"twitter:data2\" content=\"1 dakika\" \/>\n<script type=\"application\/ld+json\" class=\"yoast-schema-graph\">{\"@context\":\"https:\\\/\\\/schema.org\",\"@graph\":[{\"@type\":\"Article\",\"@id\":\"https:\\\/\\\/kibrisdakik.com\\\/?p=84203#article\",\"isPartOf\":{\"@id\":\"https:\\\/\\\/kibrisdakik.com\\\/?p=84203\"},\"author\":{\"name\":\"admin\",\"@id\":\"https:\\\/\\\/kibrisdakik.com\\\/#\\\/schema\\\/person\\\/9cd9d437bbb44f72b73ba127e06d8e79\"},\"headline\":\"\u00d6z\u00e7\u0131nar, Strasburg\u2019dayd\u0131\",\"datePublished\":\"2025-06-10T08:17:49+00:00\",\"mainEntityOfPage\":{\"@id\":\"https:\\\/\\\/kibrisdakik.com\\\/?p=84203\"},\"wordCount\":221,\"commentCount\":0,\"image\":{\"@id\":\"https:\\\/\\\/kibrisdakik.com\\\/?p=84203#primaryimage\"},\"thumbnailUrl\":\"https:\\\/\\\/kibrisdakik.com\\\/wp-content\\\/uploads\\\/2025\\\/06\\\/mahmut-ozcinar1-686x420.jpg\",\"articleSection\":[\"K\u0131br\u0131s\",\"Man\u015fet\"],\"inLanguage\":\"tr\",\"potentialAction\":[{\"@type\":\"CommentAction\",\"name\":\"Comment\",\"target\":[\"https:\\\/\\\/kibrisdakik.com\\\/?p=84203#respond\"]}]},{\"@type\":\"WebPage\",\"@id\":\"https:\\\/\\\/kibrisdakik.com\\\/?p=84203\",\"url\":\"https:\\\/\\\/kibrisdakik.com\\\/?p=84203\",\"name\":\"\u00d6z\u00e7\u0131nar, Strasburg\u2019dayd\u0131 -\",\"isPartOf\":{\"@id\":\"https:\\\/\\\/kibrisdakik.com\\\/#website\"},\"primaryImageOfPage\":{\"@id\":\"https:\\\/\\\/kibrisdakik.com\\\/?p=84203#primaryimage\"},\"image\":{\"@id\":\"https:\\\/\\\/kibrisdakik.com\\\/?p=84203#primaryimage\"},\"thumbnailUrl\":\"https:\\\/\\\/kibrisdakik.com\\\/wp-content\\\/uploads\\\/2025\\\/06\\\/mahmut-ozcinar1-686x420.jpg\",\"datePublished\":\"2025-06-10T08:17:49+00:00\",\"author\":{\"@id\":\"https:\\\/\\\/kibrisdakik.com\\\/#\\\/schema\\\/person\\\/9cd9d437bbb44f72b73ba127e06d8e79\"},\"breadcrumb\":{\"@id\":\"https:\\\/\\\/kibrisdakik.com\\\/?p=84203#breadcrumb\"},\"inLanguage\":\"tr\",\"potentialAction\":[{\"@type\":\"ReadAction\",\"target\":[\"https:\\\/\\\/kibrisdakik.com\\\/?p=84203\"]}]},{\"@type\":\"ImageObject\",\"inLanguage\":\"tr\",\"@id\":\"https:\\\/\\\/kibrisdakik.com\\\/?p=84203#primaryimage\",\"url\":\"https:\\\/\\\/kibrisdakik.com\\\/wp-content\\\/uploads\\\/2025\\\/06\\\/mahmut-ozcinar1-686x420.jpg\",\"contentUrl\":\"https:\\\/\\\/kibrisdakik.com\\\/wp-content\\\/uploads\\\/2025\\\/06\\\/mahmut-ozcinar1-686x420.jpg\",\"width\":686,\"height\":526},{\"@type\":\"BreadcrumbList\",\"@id\":\"https:\\\/\\\/kibrisdakik.com\\\/?p=84203#breadcrumb\",\"itemListElement\":[{\"@type\":\"ListItem\",\"position\":1,\"name\":\"Home\",\"item\":\"https:\\\/\\\/kibrisdakik.com\\\/\"},{\"@type\":\"ListItem\",\"position\":2,\"name\":\"\u00d6z\u00e7\u0131nar, Strasburg\u2019dayd\u0131\"}]},{\"@type\":\"WebSite\",\"@id\":\"https:\\\/\\\/kibrisdakik.com\\\/#website\",\"url\":\"https:\\\/\\\/kibrisdakik.com\\\/\",\"name\":\"\",\"description\":\"Tam vaktinde haber\",\"potentialAction\":[{\"@type\":\"SearchAction\",\"target\":{\"@type\":\"EntryPoint\",\"urlTemplate\":\"https:\\\/\\\/kibrisdakik.com\\\/?s={search_term_string}\"},\"query-input\":{\"@type\":\"PropertyValueSpecification\",\"valueRequired\":true,\"valueName\":\"search_term_string\"}}],\"inLanguage\":\"tr\"},{\"@type\":\"Person\",\"@id\":\"https:\\\/\\\/kibrisdakik.com\\\/#\\\/schema\\\/person\\\/9cd9d437bbb44f72b73ba127e06d8e79\",\"name\":\"admin\",\"image\":{\"@type\":\"ImageObject\",\"inLanguage\":\"tr\",\"@id\":\"https:\\\/\\\/secure.gravatar.com\\\/avatar\\\/ccc17943b9d660506c869530f897617f7cb1c21a4bf30023f252596d83e1f007?s=96&d=mm&r=g\",\"url\":\"https:\\\/\\\/secure.gravatar.com\\\/avatar\\\/ccc17943b9d660506c869530f897617f7cb1c21a4bf30023f252596d83e1f007?s=96&d=mm&r=g\",\"contentUrl\":\"https:\\\/\\\/secure.gravatar.com\\\/avatar\\\/ccc17943b9d660506c869530f897617f7cb1c21a4bf30023f252596d83e1f007?s=96&d=mm&r=g\",\"caption\":\"admin\"},\"sameAs\":[\"https:\\\/\\\/kibrisdakik.com\"],\"url\":\"https:\\\/\\\/kibrisdakik.com\\\/?author=1\"}]}<\/script>\n<!-- \/ Yoast SEO plugin. -->","yoast_head_json":{"title":"\u00d6z\u00e7\u0131nar, Strasburg\u2019dayd\u0131 -","robots":{"index":"index","follow":"follow","max-snippet":"max-snippet:-1","max-image-preview":"max-image-preview:large","max-video-preview":"max-video-preview:-1"},"canonical":"https:\/\/kibrisdakik.com\/?p=84203","og_locale":"tr_TR","og_type":"article","og_title":"\u00d6z\u00e7\u0131nar, Strasburg\u2019dayd\u0131 -","og_description":"K\u0131br\u0131s T\u00fcrk Belediyeler Birli\u011fi ve G\u00fczelyurt Belediye Ba\u015fkan\u0131 Mahmut \u00d6z\u00e7\u0131nar, Avrupa Konseyi Yerel ve B\u00f6lgesel Y\u00f6netimler Kongresi\u2019nin \u0130dari Komite toplant\u0131s\u0131na kat\u0131ld\u0131. Belediyeler Birli\u011fi\u2019nden verilen bilgiye g\u00f6re, \u00d6z\u00e7\u0131nar\u2019\u0131n \u0130dari Komite temsilcisi olarak kat\u0131ld\u0131\u011f\u0131 toplant\u0131 Fransa\u2019n\u0131n Strasburg kentinde yap\u0131ld\u0131. \u0130sve\u00e7, \u0130dari Komite Ba\u015fkan\u0131 Jelena Drenjanin taraf\u0131ndan a\u00e7\u0131lan, \u00fcyelerin g\u00fcndem tasla\u011f\u0131n\u0131 kabul etti\u011fi toplant\u0131da, \u0130nsan Haklar\u0131 Stratejisi\u2019nin uygulanmas\u0131,","og_url":"https:\/\/kibrisdakik.com\/?p=84203","article_published_time":"2025-06-10T08:17:49+00:00","og_image":[{"width":686,"height":526,"url":"https:\/\/kibrisdakik.com\/wp-content\/uploads\/2025\/06\/mahmut-ozcinar1-686x420.jpg","type":"image\/jpeg"}],"author":"admin","twitter_card":"summary_large_image","twitter_misc":{"Yazan:":"admin","Tahmini okuma s\u00fcresi":"1 dakika"},"schema":{"@context":"https:\/\/schema.org","@graph":[{"@type":"Article","@id":"https:\/\/kibrisdakik.com\/?p=84203#article","isPartOf":{"@id":"https:\/\/kibrisdakik.com\/?p=84203"},"author":{"name":"admin","@id":"https:\/\/kibrisdakik.com\/#\/schema\/person\/9cd9d437bbb44f72b73ba127e06d8e79"},"headline":"\u00d6z\u00e7\u0131nar, Strasburg\u2019dayd\u0131","datePublished":"2025-06-10T08:17:49+00:00","mainEntityOfPage":{"@id":"https:\/\/kibrisdakik.com\/?p=84203"},"wordCount":221,"commentCount":0,"image":{"@id":"https:\/\/kibrisdakik.com\/?p=84203#primaryimage"},"thumbnailUrl":"https:\/\/kibrisdakik.com\/wp-content\/uploads\/2025\/06\/mahmut-ozcinar1-686x420.jpg","articleSection":["K\u0131br\u0131s","Man\u015fet"],"inLanguage":"tr","potentialAction":[{"@type":"CommentAction","name":"Comment","target":["https:\/\/kibrisdakik.com\/?p=84203#respond"]}]},{"@type":"WebPage","@id":"https:\/\/kibrisdakik.com\/?p=84203","url":"https:\/\/kibrisdakik.com\/?p=84203","name":"\u00d6z\u00e7\u0131nar, Strasburg\u2019dayd\u0131 -","isPartOf":{"@id":"https:\/\/kibrisdakik.com\/#website"},"primaryImageOfPage":{"@id":"https:\/\/kibrisdakik.com\/?p=84203#primaryimage"},"image":{"@id":"https:\/\/kibrisdakik.com\/?p=84203#primaryimage"},"thumbnailUrl":"https:\/\/kibrisdakik.com\/wp-content\/uploads\/2025\/06\/mahmut-ozcinar1-686x420.jpg","datePublished":"2025-06-10T08:17:49+00:00","author":{"@id":"https:\/\/kibrisdakik.com\/#\/schema\/person\/9cd9d437bbb44f72b73ba127e06d8e79"},"breadcrumb":{"@id":"https:\/\/kibrisdakik.com\/?p=84203#breadcrumb"},"inLanguage":"tr","potentialAction":[{"@type":"ReadAction","target":["https:\/\/kibrisdakik.com\/?p=84203"]}]},{"@type":"ImageObject","inLanguage":"tr","@id":"https:\/\/kibrisdakik.com\/?p=84203#primaryimage","url":"https:\/\/kibrisdakik.com\/wp-content\/uploads\/2025\/06\/mahmut-ozcinar1-686x420.jpg","contentUrl":"https:\/\/kibrisdakik.com\/wp-content\/uploads\/2025\/06\/mahmut-ozcinar1-686x420.jpg","width":686,"height":526},{"@type":"BreadcrumbList","@id":"https:\/\/kibrisdakik.com\/?p=84203#breadcrumb","itemListElement":[{"@type":"ListItem","position":1,"name":"Home","item":"https:\/\/kibrisdakik.com\/"},{"@type":"ListItem","position":2,"name":"\u00d6z\u00e7\u0131nar, Strasburg\u2019dayd\u0131"}]},{"@type":"WebSite","@id":"https:\/\/kibrisdakik.com\/#website","url":"https:\/\/kibrisdakik.com\/","name":"","description":"Tam vaktinde haber","potentialAction":[{"@type":"SearchAction","target":{"@type":"EntryPoint","urlTemplate":"https:\/\/kibrisdakik.com\/?s={search_term_string}"},"query-input":{"@type":"PropertyValueSpecification","valueRequired":true,"valueName":"search_term_string"}}],"inLanguage":"tr"},{"@type":"Person","@id":"https:\/\/kibrisdakik.com\/#\/schema\/person\/9cd9d437bbb44f72b73ba127e06d8e79","name":"admin","image":{"@type":"ImageObject","inLanguage":"tr","@id":"https:\/\/secure.gravatar.com\/avatar\/ccc17943b9d660506c869530f897617f7cb1c21a4bf30023f252596d83e1f007?s=96&d=mm&r=g","url":"https:\/\/secure.gravatar.com\/avatar\/ccc17943b9d660506c869530f897617f7cb1c21a4bf30023f252596d83e1f007?s=96&d=mm&r=g","contentUrl":"https:\/\/secure.gravatar.com\/avatar\/ccc17943b9d660506c869530f897617f7cb1c21a4bf30023f252596d83e1f007?s=96&d=mm&r=g","caption":"admin"},"sameAs":["https:\/\/kibrisdakik.com"],"url":"https:\/\/kibrisdakik.com\/?author=1"}]}},"_links":{"self":[{"href":"https:\/\/kibrisdakik.com\/index.php?rest_route=\/wp\/v2\/posts\/84203","targetHints":{"allow":["GET"]}}],"collection":[{"href":"https:\/\/kibrisdakik.com\/index.php?rest_route=\/wp\/v2\/posts"}],"about":[{"href":"https:\/\/kibrisdakik.com\/index.php?rest_route=\/wp\/v2\/types\/post"}],"author":[{"embeddable":true,"href":"https:\/\/kibrisdakik.com\/index.php?rest_route=\/wp\/v2\/users\/1"}],"replies":[{"embeddable":true,"href":"https:\/\/kibrisdakik.com\/index.php?rest_route=%2Fwp%2Fv2%2Fcomments&post=84203"}],"version-history":[{"count":0,"href":"https:\/\/kibrisdakik.com\/index.php?rest_route=\/wp\/v2\/posts\/84203\/revisions"}],"wp:featuredmedia":[{"embeddable":true,"href":"https:\/\/kibrisdakik.com\/index.php?rest_route=\/wp\/v2\/media\/84204"}],"wp:attachment":[{"href":"https:\/\/kibrisdakik.com\/index.php?rest_route=%2Fwp%2Fv2%2Fmedia&parent=84203"}],"wp:term":[{"taxonomy":"category","embeddable":true,"href":"https:\/\/kibrisdakik.com\/index.php?rest_route=%2Fwp%2Fv2%2Fcategories&post=84203"},{"taxonomy":"post_tag","embeddable":true,"href":"https:\/\/kibrisdakik.com\/index.php?rest_route=%2Fwp%2Fv2%2Ftags&post=84203"}],"curies":[{"name":"wp","href":"https:\/\/api.w.org\/{rel}","templated":true}]}}