{"id":84270,"date":"2025-06-10T19:13:16","date_gmt":"2025-06-10T16:13:16","guid":{"rendered":"https:\/\/kibrisdakik.com\/index.php\/2025\/06\/10\/amcaoglu-yesil-enerjiye-dayali-bir-ada-modeli-yaratmayi-amacliyoruz\/"},"modified":"2025-06-10T19:13:16","modified_gmt":"2025-06-10T16:13:16","slug":"amcaoglu-yesil-enerjiye-dayali-bir-ada-modeli-yaratmayi-amacliyoruz","status":"publish","type":"post","link":"https:\/\/kibrisdakik.com\/?p=84270","title":{"rendered":"Amcao\u011flu: \u201cYe\u015fil enerjiye dayal\u0131 bir ada modeli yaratmay\u0131 ama\u00e7l\u0131yoruz&#8221;"},"content":{"rendered":"<p> <br \/>\n<\/p>\n<div data-text-id=\"77917\" property=\"articleBody\">\n<p><span lang=\"TR\">Ekonomi ve Enerji Bakan\u0131 Olgun Amcao\u011flu, 2030 y\u0131l\u0131nda kadar tamamen ye\u015fil enerjiye dayal\u0131 bir ada modeli yaratmay\u0131 ama\u00e7lad\u0131klar\u0131n\u0131 belirtti. <\/span><\/p>\n<p><span lang=\"TR\">Amcao\u011flu, \u201cAzerbaycan&#8217;\u0131n ye\u015fil enerji konusunda zengin bir deneyimi ve bilgi birikimi var. Elbette karde\u015f \u00fclkenin bu deneyimini payla\u015fmak ve birlikte ad\u0131mlar atmak isteriz\u201d dedi.<\/span><\/p>\n<p><span lang=\"TR\">Bakanl\u0131ktan yap\u0131lan a\u00e7\u0131klamaya g\u00f6re, II. T\u00fcrk Devletleri Ticaret ve Yat\u0131r\u0131m \u0130\u015f birli\u011fi Forumu ve Fuar\u0131\u2019na kat\u0131lmak \u00fczere Azerbaycan\u2019\u0131n Ba\u015fkenti Bak\u00fc\u2019ye giden Bakan Amcao\u011flu, Bayraqdar Media adl\u0131 yay\u0131n organ\u0131na \u00f6zel deme\u00e7 verdi.<\/span><\/p>\n<div class=\"post-flash\">\n        <!--\n\n<h3 class=\"post-flash__title\">G&ouml;zden ka&ccedil;&#305;rmay&#305;n<\/h3>\n\n--><\/p>\n<div class=\"row g-0 align-items-center\">\n<div class=\"col-5 col-sm-3\">\n                \n            <\/div>\n<div class=\"col-7 col-sm-9\">\n<div class=\"post-flash-heading p-2\">\n<p>DA\u00dc, 5 Haziran D\u00fcnya \u00c7evre G\u00fcn\u00fc sebebiyle panel d\u00fczenliyor<\/p>\n<p>\u0130\u00e7eri\u011fi G\u00f6r\u00fcnt\u00fcle <i class=\"fa fa-arrow-right ps-2\"\/><\/p>\n<\/p><\/div>\n<\/p><\/div>\n<\/p><\/div>\n<\/p><\/div>\n<p><span lang=\"TR\">KKTC ile Azerbaycan aras\u0131nda bir\u00e7ok alanda i\u015f birli\u011fi f\u0131rsatlar\u0131 oldu\u011funu belirten Amcao\u011flu, bu alanlardan birinin ye\u015fil enerji oldu\u011funu kaydetti. Amcao\u011flu, \u201cKKTC olarak \u015fu anda 594 megavatl\u0131k bir enerji taban\u0131m\u0131z var ve bunun 120 megavat\u0131 g\u00fcne\u015f enerjisinden sa\u011flan\u0131yor\u201d ifadelerini kulland\u0131.<\/span><\/p>\n<p><span lang=\"TR\">K\u0131br\u0131s\u2019ta y\u0131l\u0131n b\u00fcy\u00fck bir b\u00f6l\u00fcm\u00fcn\u00fcn g\u00fcne\u015fli oldu\u011funa ve 2 bin 400 saat g\u00fcne\u015f potansiyelinin bulundu\u011funa dikkat \u00e7eken Amcao\u011flu, bunun KKTC&#8217;ye b\u00fcy\u00fck bir avantaj sa\u011flad\u0131\u011f\u0131n\u0131 vurgulad\u0131.<\/span><\/p>\n<p><span lang=\"TR\">Amcao\u011flu, &#8220;T\u00fcrkiye halihaz\u0131rda toplam enerji \u00fcretiminin y\u00fczde 55&#8217;inden fazlas\u0131n\u0131 yenilenebilir enerjiden sa\u011fl\u0131yor. Bahsetti\u011fim gibi karde\u015f Azerbaycan&#8217;\u0131n bu alandaki ba\u015far\u0131lar\u0131n\u0131 da yak\u0131ndan takip ediyoruz. KKTC olarak 2030 y\u0131l\u0131na kadar tamamen \u2018ye\u015fil enerji\u2019ye dayal\u0131 bir ada modeli yaratmay\u0131 ama\u00e7l\u0131yoruz. T\u00fcrkiye ve Azerbaycan&#8217;\u0131n bu y\u00f6ndeki deneyimi ve deste\u011fi bizim i\u00e7in \u00f6nemli. Bu destekten g\u00fc\u00e7 alarak bu alanda ba\u015far\u0131ya ula\u015faca\u011f\u0131m\u0131za inan\u0131yoruz\u201d dedi.<\/span><\/p>\n<\/p><\/div>\n<p><br \/>\n<br \/><a href=\"> K\u0131br\u0131s dakik<\/a><\/p>\n","protected":false},"excerpt":{"rendered":"<p>Ekonomi ve Enerji Bakan\u0131 Olgun Amcao\u011flu, 2030 y\u0131l\u0131nda kadar tamamen ye\u015fil enerjiye dayal\u0131 bir ada modeli yaratmay\u0131 ama\u00e7lad\u0131klar\u0131n\u0131 belirtti. Amcao\u011flu, \u201cAzerbaycan&#8217;\u0131n ye\u015fil enerji konusunda zengin bir deneyimi ve bilgi birikimi var. Elbette karde\u015f \u00fclkenin bu deneyimini payla\u015fmak ve birlikte ad\u0131mlar atmak isteriz\u201d dedi. Bakanl\u0131ktan yap\u0131lan a\u00e7\u0131klamaya g\u00f6re, II. T\u00fcrk Devletleri Ticaret ve Yat\u0131r\u0131m \u0130\u015f birli\u011fi<\/p>\n","protected":false},"author":1,"featured_media":84271,"comment_status":"open","ping_status":"open","sticky":false,"template":"","format":"standard","meta":{"footnotes":""},"categories":[81,101],"tags":[],"class_list":["post-84270","post","type-post","status-publish","format-standard","has-post-thumbnail","hentry","category-kibris","category-manset"],"yoast_head":"<!-- This site is optimized with the Yoast SEO plugin v27.4 - https:\/\/yoast.com\/product\/yoast-seo-wordpress\/ -->\n<title>Amcao\u011flu: \u201cYe\u015fil enerjiye dayal\u0131 bir ada modeli yaratmay\u0131 ama\u00e7l\u0131yoruz&quot; -<\/title>\n<meta name=\"robots\" content=\"index, follow, max-snippet:-1, max-image-preview:large, max-video-preview:-1\" \/>\n<link rel=\"canonical\" href=\"https:\/\/kibrisdakik.com\/?p=84270\" \/>\n<meta property=\"og:locale\" content=\"tr_TR\" \/>\n<meta property=\"og:type\" content=\"article\" \/>\n<meta property=\"og:title\" content=\"Amcao\u011flu: \u201cYe\u015fil enerjiye dayal\u0131 bir ada modeli yaratmay\u0131 ama\u00e7l\u0131yoruz&quot; -\" \/>\n<meta property=\"og:description\" content=\"Ekonomi ve Enerji Bakan\u0131 Olgun Amcao\u011flu, 2030 y\u0131l\u0131nda kadar tamamen ye\u015fil enerjiye dayal\u0131 bir ada modeli yaratmay\u0131 ama\u00e7lad\u0131klar\u0131n\u0131 belirtti. Amcao\u011flu, \u201cAzerbaycan&#8217;\u0131n ye\u015fil enerji konusunda zengin bir deneyimi ve bilgi birikimi var. Elbette karde\u015f \u00fclkenin bu deneyimini payla\u015fmak ve birlikte ad\u0131mlar atmak isteriz\u201d dedi. Bakanl\u0131ktan yap\u0131lan a\u00e7\u0131klamaya g\u00f6re, II. T\u00fcrk Devletleri Ticaret ve Yat\u0131r\u0131m \u0130\u015f birli\u011fi\" \/>\n<meta property=\"og:url\" content=\"https:\/\/kibrisdakik.com\/?p=84270\" \/>\n<meta property=\"article:published_time\" content=\"2025-06-10T16:13:16+00:00\" \/>\n<meta property=\"og:image\" content=\"https:\/\/kibrisdakik.com\/wp-content\/uploads\/2025\/06\/amcaoglu-azerbaycan-medyasi-740x420.png\" \/>\n\t<meta property=\"og:image:width\" content=\"1104\" \/>\n\t<meta property=\"og:image:height\" content=\"911\" \/>\n\t<meta property=\"og:image:type\" content=\"image\/png\" \/>\n<meta name=\"author\" content=\"admin\" \/>\n<meta name=\"twitter:card\" content=\"summary_large_image\" \/>\n<meta name=\"twitter:label1\" content=\"Yazan:\" \/>\n\t<meta name=\"twitter:data1\" content=\"admin\" \/>\n\t<meta name=\"twitter:label2\" content=\"Tahmini okuma s\u00fcresi\" \/>\n\t<meta name=\"twitter:data2\" content=\"2 dakika\" \/>\n<script type=\"application\/ld+json\" class=\"yoast-schema-graph\">{\"@context\":\"https:\\\/\\\/schema.org\",\"@graph\":[{\"@type\":\"Article\",\"@id\":\"https:\\\/\\\/kibrisdakik.com\\\/?p=84270#article\",\"isPartOf\":{\"@id\":\"https:\\\/\\\/kibrisdakik.com\\\/?p=84270\"},\"author\":{\"name\":\"admin\",\"@id\":\"https:\\\/\\\/kibrisdakik.com\\\/#\\\/schema\\\/person\\\/9cd9d437bbb44f72b73ba127e06d8e79\"},\"headline\":\"Amcao\u011flu: \u201cYe\u015fil enerjiye dayal\u0131 bir ada modeli yaratmay\u0131 ama\u00e7l\u0131yoruz&#8221;\",\"datePublished\":\"2025-06-10T16:13:16+00:00\",\"mainEntityOfPage\":{\"@id\":\"https:\\\/\\\/kibrisdakik.com\\\/?p=84270\"},\"wordCount\":315,\"commentCount\":0,\"image\":{\"@id\":\"https:\\\/\\\/kibrisdakik.com\\\/?p=84270#primaryimage\"},\"thumbnailUrl\":\"https:\\\/\\\/kibrisdakik.com\\\/wp-content\\\/uploads\\\/2025\\\/06\\\/amcaoglu-azerbaycan-medyasi-740x420.png\",\"articleSection\":[\"K\u0131br\u0131s\",\"Man\u015fet\"],\"inLanguage\":\"tr\",\"potentialAction\":[{\"@type\":\"CommentAction\",\"name\":\"Comment\",\"target\":[\"https:\\\/\\\/kibrisdakik.com\\\/?p=84270#respond\"]}]},{\"@type\":\"WebPage\",\"@id\":\"https:\\\/\\\/kibrisdakik.com\\\/?p=84270\",\"url\":\"https:\\\/\\\/kibrisdakik.com\\\/?p=84270\",\"name\":\"Amcao\u011flu: \u201cYe\u015fil enerjiye dayal\u0131 bir ada modeli yaratmay\u0131 ama\u00e7l\u0131yoruz\\\" -\",\"isPartOf\":{\"@id\":\"https:\\\/\\\/kibrisdakik.com\\\/#website\"},\"primaryImageOfPage\":{\"@id\":\"https:\\\/\\\/kibrisdakik.com\\\/?p=84270#primaryimage\"},\"image\":{\"@id\":\"https:\\\/\\\/kibrisdakik.com\\\/?p=84270#primaryimage\"},\"thumbnailUrl\":\"https:\\\/\\\/kibrisdakik.com\\\/wp-content\\\/uploads\\\/2025\\\/06\\\/amcaoglu-azerbaycan-medyasi-740x420.png\",\"datePublished\":\"2025-06-10T16:13:16+00:00\",\"author\":{\"@id\":\"https:\\\/\\\/kibrisdakik.com\\\/#\\\/schema\\\/person\\\/9cd9d437bbb44f72b73ba127e06d8e79\"},\"breadcrumb\":{\"@id\":\"https:\\\/\\\/kibrisdakik.com\\\/?p=84270#breadcrumb\"},\"inLanguage\":\"tr\",\"potentialAction\":[{\"@type\":\"ReadAction\",\"target\":[\"https:\\\/\\\/kibrisdakik.com\\\/?p=84270\"]}]},{\"@type\":\"ImageObject\",\"inLanguage\":\"tr\",\"@id\":\"https:\\\/\\\/kibrisdakik.com\\\/?p=84270#primaryimage\",\"url\":\"https:\\\/\\\/kibrisdakik.com\\\/wp-content\\\/uploads\\\/2025\\\/06\\\/amcaoglu-azerbaycan-medyasi-740x420.png\",\"contentUrl\":\"https:\\\/\\\/kibrisdakik.com\\\/wp-content\\\/uploads\\\/2025\\\/06\\\/amcaoglu-azerbaycan-medyasi-740x420.png\",\"width\":1104,\"height\":911},{\"@type\":\"BreadcrumbList\",\"@id\":\"https:\\\/\\\/kibrisdakik.com\\\/?p=84270#breadcrumb\",\"itemListElement\":[{\"@type\":\"ListItem\",\"position\":1,\"name\":\"Home\",\"item\":\"https:\\\/\\\/kibrisdakik.com\\\/\"},{\"@type\":\"ListItem\",\"position\":2,\"name\":\"Amcao\u011flu: \u201cYe\u015fil enerjiye dayal\u0131 bir ada modeli yaratmay\u0131 ama\u00e7l\u0131yoruz&#8221;\"}]},{\"@type\":\"WebSite\",\"@id\":\"https:\\\/\\\/kibrisdakik.com\\\/#website\",\"url\":\"https:\\\/\\\/kibrisdakik.com\\\/\",\"name\":\"\",\"description\":\"Tam vaktinde haber\",\"potentialAction\":[{\"@type\":\"SearchAction\",\"target\":{\"@type\":\"EntryPoint\",\"urlTemplate\":\"https:\\\/\\\/kibrisdakik.com\\\/?s={search_term_string}\"},\"query-input\":{\"@type\":\"PropertyValueSpecification\",\"valueRequired\":true,\"valueName\":\"search_term_string\"}}],\"inLanguage\":\"tr\"},{\"@type\":\"Person\",\"@id\":\"https:\\\/\\\/kibrisdakik.com\\\/#\\\/schema\\\/person\\\/9cd9d437bbb44f72b73ba127e06d8e79\",\"name\":\"admin\",\"image\":{\"@type\":\"ImageObject\",\"inLanguage\":\"tr\",\"@id\":\"https:\\\/\\\/secure.gravatar.com\\\/avatar\\\/ccc17943b9d660506c869530f897617f7cb1c21a4bf30023f252596d83e1f007?s=96&d=mm&r=g\",\"url\":\"https:\\\/\\\/secure.gravatar.com\\\/avatar\\\/ccc17943b9d660506c869530f897617f7cb1c21a4bf30023f252596d83e1f007?s=96&d=mm&r=g\",\"contentUrl\":\"https:\\\/\\\/secure.gravatar.com\\\/avatar\\\/ccc17943b9d660506c869530f897617f7cb1c21a4bf30023f252596d83e1f007?s=96&d=mm&r=g\",\"caption\":\"admin\"},\"sameAs\":[\"https:\\\/\\\/kibrisdakik.com\"],\"url\":\"https:\\\/\\\/kibrisdakik.com\\\/?author=1\"}]}<\/script>\n<!-- \/ Yoast SEO plugin. -->","yoast_head_json":{"title":"Amcao\u011flu: \u201cYe\u015fil enerjiye dayal\u0131 bir ada modeli yaratmay\u0131 ama\u00e7l\u0131yoruz\" -","robots":{"index":"index","follow":"follow","max-snippet":"max-snippet:-1","max-image-preview":"max-image-preview:large","max-video-preview":"max-video-preview:-1"},"canonical":"https:\/\/kibrisdakik.com\/?p=84270","og_locale":"tr_TR","og_type":"article","og_title":"Amcao\u011flu: \u201cYe\u015fil enerjiye dayal\u0131 bir ada modeli yaratmay\u0131 ama\u00e7l\u0131yoruz\" -","og_description":"Ekonomi ve Enerji Bakan\u0131 Olgun Amcao\u011flu, 2030 y\u0131l\u0131nda kadar tamamen ye\u015fil enerjiye dayal\u0131 bir ada modeli yaratmay\u0131 ama\u00e7lad\u0131klar\u0131n\u0131 belirtti. Amcao\u011flu, \u201cAzerbaycan&#8217;\u0131n ye\u015fil enerji konusunda zengin bir deneyimi ve bilgi birikimi var. Elbette karde\u015f \u00fclkenin bu deneyimini payla\u015fmak ve birlikte ad\u0131mlar atmak isteriz\u201d dedi. Bakanl\u0131ktan yap\u0131lan a\u00e7\u0131klamaya g\u00f6re, II. T\u00fcrk Devletleri Ticaret ve Yat\u0131r\u0131m \u0130\u015f birli\u011fi","og_url":"https:\/\/kibrisdakik.com\/?p=84270","article_published_time":"2025-06-10T16:13:16+00:00","og_image":[{"width":1104,"height":911,"url":"https:\/\/kibrisdakik.com\/wp-content\/uploads\/2025\/06\/amcaoglu-azerbaycan-medyasi-740x420.png","type":"image\/png"}],"author":"admin","twitter_card":"summary_large_image","twitter_misc":{"Yazan:":"admin","Tahmini okuma s\u00fcresi":"2 dakika"},"schema":{"@context":"https:\/\/schema.org","@graph":[{"@type":"Article","@id":"https:\/\/kibrisdakik.com\/?p=84270#article","isPartOf":{"@id":"https:\/\/kibrisdakik.com\/?p=84270"},"author":{"name":"admin","@id":"https:\/\/kibrisdakik.com\/#\/schema\/person\/9cd9d437bbb44f72b73ba127e06d8e79"},"headline":"Amcao\u011flu: \u201cYe\u015fil enerjiye dayal\u0131 bir ada modeli yaratmay\u0131 ama\u00e7l\u0131yoruz&#8221;","datePublished":"2025-06-10T16:13:16+00:00","mainEntityOfPage":{"@id":"https:\/\/kibrisdakik.com\/?p=84270"},"wordCount":315,"commentCount":0,"image":{"@id":"https:\/\/kibrisdakik.com\/?p=84270#primaryimage"},"thumbnailUrl":"https:\/\/kibrisdakik.com\/wp-content\/uploads\/2025\/06\/amcaoglu-azerbaycan-medyasi-740x420.png","articleSection":["K\u0131br\u0131s","Man\u015fet"],"inLanguage":"tr","potentialAction":[{"@type":"CommentAction","name":"Comment","target":["https:\/\/kibrisdakik.com\/?p=84270#respond"]}]},{"@type":"WebPage","@id":"https:\/\/kibrisdakik.com\/?p=84270","url":"https:\/\/kibrisdakik.com\/?p=84270","name":"Amcao\u011flu: \u201cYe\u015fil enerjiye dayal\u0131 bir ada modeli yaratmay\u0131 ama\u00e7l\u0131yoruz\" -","isPartOf":{"@id":"https:\/\/kibrisdakik.com\/#website"},"primaryImageOfPage":{"@id":"https:\/\/kibrisdakik.com\/?p=84270#primaryimage"},"image":{"@id":"https:\/\/kibrisdakik.com\/?p=84270#primaryimage"},"thumbnailUrl":"https:\/\/kibrisdakik.com\/wp-content\/uploads\/2025\/06\/amcaoglu-azerbaycan-medyasi-740x420.png","datePublished":"2025-06-10T16:13:16+00:00","author":{"@id":"https:\/\/kibrisdakik.com\/#\/schema\/person\/9cd9d437bbb44f72b73ba127e06d8e79"},"breadcrumb":{"@id":"https:\/\/kibrisdakik.com\/?p=84270#breadcrumb"},"inLanguage":"tr","potentialAction":[{"@type":"ReadAction","target":["https:\/\/kibrisdakik.com\/?p=84270"]}]},{"@type":"ImageObject","inLanguage":"tr","@id":"https:\/\/kibrisdakik.com\/?p=84270#primaryimage","url":"https:\/\/kibrisdakik.com\/wp-content\/uploads\/2025\/06\/amcaoglu-azerbaycan-medyasi-740x420.png","contentUrl":"https:\/\/kibrisdakik.com\/wp-content\/uploads\/2025\/06\/amcaoglu-azerbaycan-medyasi-740x420.png","width":1104,"height":911},{"@type":"BreadcrumbList","@id":"https:\/\/kibrisdakik.com\/?p=84270#breadcrumb","itemListElement":[{"@type":"ListItem","position":1,"name":"Home","item":"https:\/\/kibrisdakik.com\/"},{"@type":"ListItem","position":2,"name":"Amcao\u011flu: \u201cYe\u015fil enerjiye dayal\u0131 bir ada modeli yaratmay\u0131 ama\u00e7l\u0131yoruz&#8221;"}]},{"@type":"WebSite","@id":"https:\/\/kibrisdakik.com\/#website","url":"https:\/\/kibrisdakik.com\/","name":"","description":"Tam vaktinde haber","potentialAction":[{"@type":"SearchAction","target":{"@type":"EntryPoint","urlTemplate":"https:\/\/kibrisdakik.com\/?s={search_term_string}"},"query-input":{"@type":"PropertyValueSpecification","valueRequired":true,"valueName":"search_term_string"}}],"inLanguage":"tr"},{"@type":"Person","@id":"https:\/\/kibrisdakik.com\/#\/schema\/person\/9cd9d437bbb44f72b73ba127e06d8e79","name":"admin","image":{"@type":"ImageObject","inLanguage":"tr","@id":"https:\/\/secure.gravatar.com\/avatar\/ccc17943b9d660506c869530f897617f7cb1c21a4bf30023f252596d83e1f007?s=96&d=mm&r=g","url":"https:\/\/secure.gravatar.com\/avatar\/ccc17943b9d660506c869530f897617f7cb1c21a4bf30023f252596d83e1f007?s=96&d=mm&r=g","contentUrl":"https:\/\/secure.gravatar.com\/avatar\/ccc17943b9d660506c869530f897617f7cb1c21a4bf30023f252596d83e1f007?s=96&d=mm&r=g","caption":"admin"},"sameAs":["https:\/\/kibrisdakik.com"],"url":"https:\/\/kibrisdakik.com\/?author=1"}]}},"_links":{"self":[{"href":"https:\/\/kibrisdakik.com\/index.php?rest_route=\/wp\/v2\/posts\/84270","targetHints":{"allow":["GET"]}}],"collection":[{"href":"https:\/\/kibrisdakik.com\/index.php?rest_route=\/wp\/v2\/posts"}],"about":[{"href":"https:\/\/kibrisdakik.com\/index.php?rest_route=\/wp\/v2\/types\/post"}],"author":[{"embeddable":true,"href":"https:\/\/kibrisdakik.com\/index.php?rest_route=\/wp\/v2\/users\/1"}],"replies":[{"embeddable":true,"href":"https:\/\/kibrisdakik.com\/index.php?rest_route=%2Fwp%2Fv2%2Fcomments&post=84270"}],"version-history":[{"count":0,"href":"https:\/\/kibrisdakik.com\/index.php?rest_route=\/wp\/v2\/posts\/84270\/revisions"}],"wp:featuredmedia":[{"embeddable":true,"href":"https:\/\/kibrisdakik.com\/index.php?rest_route=\/wp\/v2\/media\/84271"}],"wp:attachment":[{"href":"https:\/\/kibrisdakik.com\/index.php?rest_route=%2Fwp%2Fv2%2Fmedia&parent=84270"}],"wp:term":[{"taxonomy":"category","embeddable":true,"href":"https:\/\/kibrisdakik.com\/index.php?rest_route=%2Fwp%2Fv2%2Fcategories&post=84270"},{"taxonomy":"post_tag","embeddable":true,"href":"https:\/\/kibrisdakik.com\/index.php?rest_route=%2Fwp%2Fv2%2Ftags&post=84270"}],"curies":[{"name":"wp","href":"https:\/\/api.w.org\/{rel}","templated":true}]}}