{"id":84290,"date":"2025-06-10T12:13:00","date_gmt":"2025-06-10T09:13:00","guid":{"rendered":"https:\/\/kibrisdakik.com\/index.php\/2025\/06\/10\/kazaya-neden-oldugu-gerekcesiyle-darp-ettiler\/"},"modified":"2025-06-10T12:13:00","modified_gmt":"2025-06-10T09:13:00","slug":"kazaya-neden-oldugu-gerekcesiyle-darp-ettiler","status":"publish","type":"post","link":"https:\/\/kibrisdakik.com\/?p=84290","title":{"rendered":"KAZAYA NEDEN OLDU\u011eU GEREK\u00c7ES\u0130YLE DARP ETT\u0130LER"},"content":{"rendered":"<p><img decoding=\"async\" src=\"https:\/\/mhahabercom.teimg.com\/crop\/1280x720\/mhahaber-com\/uploads\/2025\/06\/mhafoto-8605.png\" \/><\/p>\n<div data-text-id=\"177126\" property=\"articleBody\">\n<p>Polis Bas\u0131n Subayl\u0131\u011f\u0131\u2019ndan al\u0131nan bilgiye g\u00f6re 09.06.2025 tarihinde, saat 15:30 s\u0131ralar\u0131nda, Ercan Havaliman\u0131 \u00c7emberi\u2019nde, \u0130.\u00dc. (E-40)\u2019n\u00fcn y\u00f6netimindeki araca ba\u015fka bir arac\u0131n \u00e7arpmas\u0131 sonucu meydana gelen trafik kazas\u0131 sonras\u0131, kaza yap\u0131p hayatlar\u0131n\u0131 tehlikeye att\u0131\u011f\u0131 gerek\u00e7esiyle konu ara\u00e7ta yolcu olarak bulunan E.G.(E-53), E.G.(E-36), H.K.(E-46), F.\u00d6.(E-49) ve V.G.(E-45) bir taraf olup, \u0130.\u00dc.\u2019n\u00fcn v\u00fccudunun muhtelif yerlerine vurup ciddi \u015fekilde darp ederek, sa\u011f elinin k\u0131r\u0131lmas\u0131na sebep olmu\u015flard\u0131r. Bahse konu \u015fah\u0131slar aleyhinde yasal i\u015flem ba\u015flat\u0131lm\u0131\u015f olup, soru\u015fturma devam etmektedir.<\/p>\n<\/p><\/div>\n","protected":false},"excerpt":{"rendered":"<p>Polis Bas\u0131n Subayl\u0131\u011f\u0131\u2019ndan al\u0131nan bilgiye g\u00f6re 09.06.2025 tarihinde, saat 15:30 s\u0131ralar\u0131nda, Ercan Havaliman\u0131 \u00c7emberi\u2019nde, \u0130.\u00dc. (E-40)\u2019n\u00fcn y\u00f6netimindeki araca ba\u015fka bir arac\u0131n \u00e7arpmas\u0131 sonucu meydana gelen trafik kazas\u0131 sonras\u0131, kaza yap\u0131p hayatlar\u0131n\u0131 tehlikeye att\u0131\u011f\u0131 gerek\u00e7esiyle konu ara\u00e7ta yolcu olarak bulunan E.G.(E-53), E.G.(E-36), H.K.(E-46), F.\u00d6.(E-49) ve V.G.(E-45) bir taraf olup, \u0130.\u00dc.\u2019n\u00fcn v\u00fccudunun muhtelif yerlerine vurup ciddi \u015fekilde<\/p>\n","protected":false},"author":1,"featured_media":84291,"comment_status":"open","ping_status":"open","sticky":false,"template":"","format":"standard","meta":{"footnotes":""},"categories":[1],"tags":[],"class_list":["post-84290","post","type-post","status-publish","format-standard","has-post-thumbnail","hentry","category-gundem"],"yoast_head":"<!-- This site is optimized with the Yoast SEO plugin v27.4 - https:\/\/yoast.com\/product\/yoast-seo-wordpress\/ -->\n<title>KAZAYA NEDEN OLDU\u011eU GEREK\u00c7ES\u0130YLE DARP ETT\u0130LER -<\/title>\n<meta name=\"robots\" content=\"index, follow, max-snippet:-1, max-image-preview:large, max-video-preview:-1\" \/>\n<link rel=\"canonical\" href=\"https:\/\/kibrisdakik.com\/?p=84290\" \/>\n<meta property=\"og:locale\" content=\"tr_TR\" \/>\n<meta property=\"og:type\" content=\"article\" \/>\n<meta property=\"og:title\" content=\"KAZAYA NEDEN OLDU\u011eU GEREK\u00c7ES\u0130YLE DARP ETT\u0130LER -\" \/>\n<meta property=\"og:description\" content=\"Polis Bas\u0131n Subayl\u0131\u011f\u0131\u2019ndan al\u0131nan bilgiye g\u00f6re 09.06.2025 tarihinde, saat 15:30 s\u0131ralar\u0131nda, Ercan Havaliman\u0131 \u00c7emberi\u2019nde, \u0130.\u00dc. (E-40)\u2019n\u00fcn y\u00f6netimindeki araca ba\u015fka bir arac\u0131n \u00e7arpmas\u0131 sonucu meydana gelen trafik kazas\u0131 sonras\u0131, kaza yap\u0131p hayatlar\u0131n\u0131 tehlikeye att\u0131\u011f\u0131 gerek\u00e7esiyle konu ara\u00e7ta yolcu olarak bulunan E.G.(E-53), E.G.(E-36), H.K.(E-46), F.\u00d6.(E-49) ve V.G.(E-45) bir taraf olup, \u0130.\u00dc.\u2019n\u00fcn v\u00fccudunun muhtelif yerlerine vurup ciddi \u015fekilde\" \/>\n<meta property=\"og:url\" content=\"https:\/\/kibrisdakik.com\/?p=84290\" \/>\n<meta property=\"article:published_time\" content=\"2025-06-10T09:13:00+00:00\" \/>\n<meta property=\"og:image\" content=\"https:\/\/kibrisdakik.com\/wp-content\/uploads\/2025\/06\/mhafoto-8605-740x420.png\" \/>\n\t<meta property=\"og:image:width\" content=\"860\" \/>\n\t<meta property=\"og:image:height\" content=\"505\" \/>\n\t<meta property=\"og:image:type\" content=\"image\/png\" \/>\n<meta name=\"author\" content=\"admin\" \/>\n<meta name=\"twitter:card\" content=\"summary_large_image\" \/>\n<meta name=\"twitter:label1\" content=\"Yazan:\" \/>\n\t<meta name=\"twitter:data1\" content=\"admin\" \/>\n\t<meta name=\"twitter:label2\" content=\"Tahmini okuma s\u00fcresi\" \/>\n\t<meta name=\"twitter:data2\" content=\"1 dakika\" \/>\n<script type=\"application\/ld+json\" class=\"yoast-schema-graph\">{\"@context\":\"https:\\\/\\\/schema.org\",\"@graph\":[{\"@type\":\"Article\",\"@id\":\"https:\\\/\\\/kibrisdakik.com\\\/?p=84290#article\",\"isPartOf\":{\"@id\":\"https:\\\/\\\/kibrisdakik.com\\\/?p=84290\"},\"author\":{\"name\":\"admin\",\"@id\":\"https:\\\/\\\/kibrisdakik.com\\\/#\\\/schema\\\/person\\\/9cd9d437bbb44f72b73ba127e06d8e79\"},\"headline\":\"KAZAYA NEDEN OLDU\u011eU GEREK\u00c7ES\u0130YLE DARP ETT\u0130LER\",\"datePublished\":\"2025-06-10T09:13:00+00:00\",\"mainEntityOfPage\":{\"@id\":\"https:\\\/\\\/kibrisdakik.com\\\/?p=84290\"},\"wordCount\":117,\"commentCount\":0,\"image\":{\"@id\":\"https:\\\/\\\/kibrisdakik.com\\\/?p=84290#primaryimage\"},\"thumbnailUrl\":\"https:\\\/\\\/kibrisdakik.com\\\/wp-content\\\/uploads\\\/2025\\\/06\\\/mhafoto-8605-740x420.png\",\"articleSection\":[\"G\u00fcndem\"],\"inLanguage\":\"tr\",\"potentialAction\":[{\"@type\":\"CommentAction\",\"name\":\"Comment\",\"target\":[\"https:\\\/\\\/kibrisdakik.com\\\/?p=84290#respond\"]}]},{\"@type\":\"WebPage\",\"@id\":\"https:\\\/\\\/kibrisdakik.com\\\/?p=84290\",\"url\":\"https:\\\/\\\/kibrisdakik.com\\\/?p=84290\",\"name\":\"KAZAYA NEDEN OLDU\u011eU GEREK\u00c7ES\u0130YLE DARP ETT\u0130LER -\",\"isPartOf\":{\"@id\":\"https:\\\/\\\/kibrisdakik.com\\\/#website\"},\"primaryImageOfPage\":{\"@id\":\"https:\\\/\\\/kibrisdakik.com\\\/?p=84290#primaryimage\"},\"image\":{\"@id\":\"https:\\\/\\\/kibrisdakik.com\\\/?p=84290#primaryimage\"},\"thumbnailUrl\":\"https:\\\/\\\/kibrisdakik.com\\\/wp-content\\\/uploads\\\/2025\\\/06\\\/mhafoto-8605-740x420.png\",\"datePublished\":\"2025-06-10T09:13:00+00:00\",\"author\":{\"@id\":\"https:\\\/\\\/kibrisdakik.com\\\/#\\\/schema\\\/person\\\/9cd9d437bbb44f72b73ba127e06d8e79\"},\"breadcrumb\":{\"@id\":\"https:\\\/\\\/kibrisdakik.com\\\/?p=84290#breadcrumb\"},\"inLanguage\":\"tr\",\"potentialAction\":[{\"@type\":\"ReadAction\",\"target\":[\"https:\\\/\\\/kibrisdakik.com\\\/?p=84290\"]}]},{\"@type\":\"ImageObject\",\"inLanguage\":\"tr\",\"@id\":\"https:\\\/\\\/kibrisdakik.com\\\/?p=84290#primaryimage\",\"url\":\"https:\\\/\\\/kibrisdakik.com\\\/wp-content\\\/uploads\\\/2025\\\/06\\\/mhafoto-8605-740x420.png\",\"contentUrl\":\"https:\\\/\\\/kibrisdakik.com\\\/wp-content\\\/uploads\\\/2025\\\/06\\\/mhafoto-8605-740x420.png\",\"width\":860,\"height\":505},{\"@type\":\"BreadcrumbList\",\"@id\":\"https:\\\/\\\/kibrisdakik.com\\\/?p=84290#breadcrumb\",\"itemListElement\":[{\"@type\":\"ListItem\",\"position\":1,\"name\":\"Home\",\"item\":\"https:\\\/\\\/kibrisdakik.com\\\/\"},{\"@type\":\"ListItem\",\"position\":2,\"name\":\"KAZAYA NEDEN OLDU\u011eU GEREK\u00c7ES\u0130YLE DARP ETT\u0130LER\"}]},{\"@type\":\"WebSite\",\"@id\":\"https:\\\/\\\/kibrisdakik.com\\\/#website\",\"url\":\"https:\\\/\\\/kibrisdakik.com\\\/\",\"name\":\"\",\"description\":\"Tam vaktinde haber\",\"potentialAction\":[{\"@type\":\"SearchAction\",\"target\":{\"@type\":\"EntryPoint\",\"urlTemplate\":\"https:\\\/\\\/kibrisdakik.com\\\/?s={search_term_string}\"},\"query-input\":{\"@type\":\"PropertyValueSpecification\",\"valueRequired\":true,\"valueName\":\"search_term_string\"}}],\"inLanguage\":\"tr\"},{\"@type\":\"Person\",\"@id\":\"https:\\\/\\\/kibrisdakik.com\\\/#\\\/schema\\\/person\\\/9cd9d437bbb44f72b73ba127e06d8e79\",\"name\":\"admin\",\"image\":{\"@type\":\"ImageObject\",\"inLanguage\":\"tr\",\"@id\":\"https:\\\/\\\/secure.gravatar.com\\\/avatar\\\/ccc17943b9d660506c869530f897617f7cb1c21a4bf30023f252596d83e1f007?s=96&d=mm&r=g\",\"url\":\"https:\\\/\\\/secure.gravatar.com\\\/avatar\\\/ccc17943b9d660506c869530f897617f7cb1c21a4bf30023f252596d83e1f007?s=96&d=mm&r=g\",\"contentUrl\":\"https:\\\/\\\/secure.gravatar.com\\\/avatar\\\/ccc17943b9d660506c869530f897617f7cb1c21a4bf30023f252596d83e1f007?s=96&d=mm&r=g\",\"caption\":\"admin\"},\"sameAs\":[\"https:\\\/\\\/kibrisdakik.com\"],\"url\":\"https:\\\/\\\/kibrisdakik.com\\\/?author=1\"}]}<\/script>\n<!-- \/ Yoast SEO plugin. -->","yoast_head_json":{"title":"KAZAYA NEDEN OLDU\u011eU GEREK\u00c7ES\u0130YLE DARP ETT\u0130LER -","robots":{"index":"index","follow":"follow","max-snippet":"max-snippet:-1","max-image-preview":"max-image-preview:large","max-video-preview":"max-video-preview:-1"},"canonical":"https:\/\/kibrisdakik.com\/?p=84290","og_locale":"tr_TR","og_type":"article","og_title":"KAZAYA NEDEN OLDU\u011eU GEREK\u00c7ES\u0130YLE DARP ETT\u0130LER -","og_description":"Polis Bas\u0131n Subayl\u0131\u011f\u0131\u2019ndan al\u0131nan bilgiye g\u00f6re 09.06.2025 tarihinde, saat 15:30 s\u0131ralar\u0131nda, Ercan Havaliman\u0131 \u00c7emberi\u2019nde, \u0130.\u00dc. (E-40)\u2019n\u00fcn y\u00f6netimindeki araca ba\u015fka bir arac\u0131n \u00e7arpmas\u0131 sonucu meydana gelen trafik kazas\u0131 sonras\u0131, kaza yap\u0131p hayatlar\u0131n\u0131 tehlikeye att\u0131\u011f\u0131 gerek\u00e7esiyle konu ara\u00e7ta yolcu olarak bulunan E.G.(E-53), E.G.(E-36), H.K.(E-46), F.\u00d6.(E-49) ve V.G.(E-45) bir taraf olup, \u0130.\u00dc.\u2019n\u00fcn v\u00fccudunun muhtelif yerlerine vurup ciddi \u015fekilde","og_url":"https:\/\/kibrisdakik.com\/?p=84290","article_published_time":"2025-06-10T09:13:00+00:00","og_image":[{"width":860,"height":505,"url":"https:\/\/kibrisdakik.com\/wp-content\/uploads\/2025\/06\/mhafoto-8605-740x420.png","type":"image\/png"}],"author":"admin","twitter_card":"summary_large_image","twitter_misc":{"Yazan:":"admin","Tahmini okuma s\u00fcresi":"1 dakika"},"schema":{"@context":"https:\/\/schema.org","@graph":[{"@type":"Article","@id":"https:\/\/kibrisdakik.com\/?p=84290#article","isPartOf":{"@id":"https:\/\/kibrisdakik.com\/?p=84290"},"author":{"name":"admin","@id":"https:\/\/kibrisdakik.com\/#\/schema\/person\/9cd9d437bbb44f72b73ba127e06d8e79"},"headline":"KAZAYA NEDEN OLDU\u011eU GEREK\u00c7ES\u0130YLE DARP ETT\u0130LER","datePublished":"2025-06-10T09:13:00+00:00","mainEntityOfPage":{"@id":"https:\/\/kibrisdakik.com\/?p=84290"},"wordCount":117,"commentCount":0,"image":{"@id":"https:\/\/kibrisdakik.com\/?p=84290#primaryimage"},"thumbnailUrl":"https:\/\/kibrisdakik.com\/wp-content\/uploads\/2025\/06\/mhafoto-8605-740x420.png","articleSection":["G\u00fcndem"],"inLanguage":"tr","potentialAction":[{"@type":"CommentAction","name":"Comment","target":["https:\/\/kibrisdakik.com\/?p=84290#respond"]}]},{"@type":"WebPage","@id":"https:\/\/kibrisdakik.com\/?p=84290","url":"https:\/\/kibrisdakik.com\/?p=84290","name":"KAZAYA NEDEN OLDU\u011eU GEREK\u00c7ES\u0130YLE DARP ETT\u0130LER -","isPartOf":{"@id":"https:\/\/kibrisdakik.com\/#website"},"primaryImageOfPage":{"@id":"https:\/\/kibrisdakik.com\/?p=84290#primaryimage"},"image":{"@id":"https:\/\/kibrisdakik.com\/?p=84290#primaryimage"},"thumbnailUrl":"https:\/\/kibrisdakik.com\/wp-content\/uploads\/2025\/06\/mhafoto-8605-740x420.png","datePublished":"2025-06-10T09:13:00+00:00","author":{"@id":"https:\/\/kibrisdakik.com\/#\/schema\/person\/9cd9d437bbb44f72b73ba127e06d8e79"},"breadcrumb":{"@id":"https:\/\/kibrisdakik.com\/?p=84290#breadcrumb"},"inLanguage":"tr","potentialAction":[{"@type":"ReadAction","target":["https:\/\/kibrisdakik.com\/?p=84290"]}]},{"@type":"ImageObject","inLanguage":"tr","@id":"https:\/\/kibrisdakik.com\/?p=84290#primaryimage","url":"https:\/\/kibrisdakik.com\/wp-content\/uploads\/2025\/06\/mhafoto-8605-740x420.png","contentUrl":"https:\/\/kibrisdakik.com\/wp-content\/uploads\/2025\/06\/mhafoto-8605-740x420.png","width":860,"height":505},{"@type":"BreadcrumbList","@id":"https:\/\/kibrisdakik.com\/?p=84290#breadcrumb","itemListElement":[{"@type":"ListItem","position":1,"name":"Home","item":"https:\/\/kibrisdakik.com\/"},{"@type":"ListItem","position":2,"name":"KAZAYA NEDEN OLDU\u011eU GEREK\u00c7ES\u0130YLE DARP ETT\u0130LER"}]},{"@type":"WebSite","@id":"https:\/\/kibrisdakik.com\/#website","url":"https:\/\/kibrisdakik.com\/","name":"","description":"Tam vaktinde haber","potentialAction":[{"@type":"SearchAction","target":{"@type":"EntryPoint","urlTemplate":"https:\/\/kibrisdakik.com\/?s={search_term_string}"},"query-input":{"@type":"PropertyValueSpecification","valueRequired":true,"valueName":"search_term_string"}}],"inLanguage":"tr"},{"@type":"Person","@id":"https:\/\/kibrisdakik.com\/#\/schema\/person\/9cd9d437bbb44f72b73ba127e06d8e79","name":"admin","image":{"@type":"ImageObject","inLanguage":"tr","@id":"https:\/\/secure.gravatar.com\/avatar\/ccc17943b9d660506c869530f897617f7cb1c21a4bf30023f252596d83e1f007?s=96&d=mm&r=g","url":"https:\/\/secure.gravatar.com\/avatar\/ccc17943b9d660506c869530f897617f7cb1c21a4bf30023f252596d83e1f007?s=96&d=mm&r=g","contentUrl":"https:\/\/secure.gravatar.com\/avatar\/ccc17943b9d660506c869530f897617f7cb1c21a4bf30023f252596d83e1f007?s=96&d=mm&r=g","caption":"admin"},"sameAs":["https:\/\/kibrisdakik.com"],"url":"https:\/\/kibrisdakik.com\/?author=1"}]}},"_links":{"self":[{"href":"https:\/\/kibrisdakik.com\/index.php?rest_route=\/wp\/v2\/posts\/84290","targetHints":{"allow":["GET"]}}],"collection":[{"href":"https:\/\/kibrisdakik.com\/index.php?rest_route=\/wp\/v2\/posts"}],"about":[{"href":"https:\/\/kibrisdakik.com\/index.php?rest_route=\/wp\/v2\/types\/post"}],"author":[{"embeddable":true,"href":"https:\/\/kibrisdakik.com\/index.php?rest_route=\/wp\/v2\/users\/1"}],"replies":[{"embeddable":true,"href":"https:\/\/kibrisdakik.com\/index.php?rest_route=%2Fwp%2Fv2%2Fcomments&post=84290"}],"version-history":[{"count":0,"href":"https:\/\/kibrisdakik.com\/index.php?rest_route=\/wp\/v2\/posts\/84290\/revisions"}],"wp:featuredmedia":[{"embeddable":true,"href":"https:\/\/kibrisdakik.com\/index.php?rest_route=\/wp\/v2\/media\/84291"}],"wp:attachment":[{"href":"https:\/\/kibrisdakik.com\/index.php?rest_route=%2Fwp%2Fv2%2Fmedia&parent=84290"}],"wp:term":[{"taxonomy":"category","embeddable":true,"href":"https:\/\/kibrisdakik.com\/index.php?rest_route=%2Fwp%2Fv2%2Fcategories&post=84290"},{"taxonomy":"post_tag","embeddable":true,"href":"https:\/\/kibrisdakik.com\/index.php?rest_route=%2Fwp%2Fv2%2Ftags&post=84290"}],"curies":[{"name":"wp","href":"https:\/\/api.w.org\/{rel}","templated":true}]}}