{"id":84313,"date":"2025-06-11T09:59:14","date_gmt":"2025-06-11T06:59:14","guid":{"rendered":"https:\/\/kibrisdakik.com\/index.php\/2025\/06\/11\/basbakan-ustelden-cagri-gayri-yasal-tutuklama-girisimlerine-son-verin\/"},"modified":"2025-06-11T09:59:14","modified_gmt":"2025-06-11T06:59:14","slug":"basbakan-ustelden-cagri-gayri-yasal-tutuklama-girisimlerine-son-verin","status":"publish","type":"post","link":"https:\/\/kibrisdakik.com\/?p=84313","title":{"rendered":"Ba\u015fbakan \u00dcstel\u2019den \u00e7a\u011fr\u0131: Gayri yasal tutuklama giri\u015fimlerine son verin"},"content":{"rendered":"<p> <br \/>\n<\/p>\n<div data-text-id=\"77933\" property=\"articleBody\">\n<p>Ba\u015fbakan \u00dcnal \u00dcstel, Avrupa \u0130nsan Haklar\u0131 Mahkemesi\u2019nin (A\u0130HM) 10 Haziran 2025 tarihinde a\u00e7\u0131klad\u0131\u011f\u0131 K.V. Mediterranean Tours Limited karar\u0131na ili\u015fkin yaz\u0131l\u0131 bir a\u00e7\u0131klama yapt\u0131.<\/p>\n<p>Ba\u015fbakan \u00dcstel, \u201cA\u0130HM bir kez daha Ta\u015f\u0131nmaz Mal Komisyonu\u2019nun K\u0131br\u0131sl\u0131 Rumlar\u0131n ba\u015fvurabilece\u011fi tek yasal i\u00e7 hukuk oldu\u011funu teyit etmi\u015ftir\u201d ifadelerini kulland\u0131.<\/p>\n<p>G\u00fcney K\u0131br\u0131s Rum Y\u00f6netimi\u2019nin tutuklama giri\u015fimlerinin yasal olmad\u0131\u011f\u0131 bu kararla bir kez daha ortaya konuldu\u011funu aktaran Ba\u015fbakan \u00dcstel, \u201cH\u00fck\u00fcmetimizin \u00f6zellikle son y\u0131llarda yapm\u0131\u015f oldu\u011fu \u00f6demeler A\u0130HM karar\u0131n\u0131n \u00e7\u0131kmas\u0131nda etkili olmu\u015ftur\u201d dedi.<\/p>\n<p>Ba\u015fbakan \u00dcstel, a\u00e7\u0131klamas\u0131nda \u015fu ifadeleri kulland\u0131:<\/p>\n<div class=\"post-flash\">\n        <!--\n\n<h3 class=\"post-flash__title\">G&ouml;zden ka&ccedil;&#305;rmay&#305;n<\/h3>\n\n--><\/p>\n<div class=\"row g-0 align-items-center\">\n<div class=\"col-5 col-sm-3\">\n                \n            <\/div>\n<div class=\"col-7 col-sm-9\">\n<div class=\"post-flash-heading p-2\">\n<p>Ahmet Kaptan\u2019dan Fla\u015f Ercan A\u00e7\u0131klamas\u0131!<\/p>\n<p>\u0130\u00e7eri\u011fi G\u00f6r\u00fcnt\u00fcle <i class=\"fa fa-arrow-right ps-2\"\/><\/p>\n<\/p><\/div>\n<\/p><\/div>\n<\/p><\/div>\n<\/p><\/div>\n<p>\u201cAvrupa \u0130nsan Haklar\u0131 Mahkemesi (A\u0130HM) 10.6.2025 tarihinde a\u00e7\u0131klad\u0131\u011f\u0131 K.V. Mediterranean Tours Limited karar\u0131 ile Ta\u015f\u0131nmaz Mal Komisyonu\u2019nun (TMK) K\u0131br\u0131sl\u0131 Rumlar\u0131n Kuzey K\u0131br\u0131s T\u00fcrk Cumhuriyeti\u2019nde (KKTC) terk etmi\u015f olduklar\u0131 ta\u015f\u0131nmaz mallara y\u00f6nelik iddialar\u0131 bak\u0131m\u0131ndan t\u00fcketilmesi gereken etkin bir i\u00e7 hukuk yolu oldu\u011funu bir kez daha teyit etmi\u015ftir.<\/p>\n<p>A\u0130HM, K\u0131br\u0131sl\u0131 Rumlar\u0131n KKTC\u2019de terk ettikleri ta\u015f\u0131nmaz mallara ili\u015fkin olarak mal\u0131n iadesinin tek \u00e7are olmad\u0131\u011f\u0131n\u0131, TMK\u2019n\u0131n verebilece\u011fi tazminat veya takas kararlar\u0131n\u0131n da iade kadar ge\u00e7erli bir telafi y\u00f6ntemi oldu\u011funun alt\u0131n\u0131 \u00e7izmi\u015ftir.<\/p>\n<p>\u00d6zellikle Kapal\u0131 Mara\u015f\u2019ta bulunan bir ta\u015f\u0131nmaz i\u00e7in dahi iade d\u0131\u015f\u0131nda tespit yap\u0131labiliyor ise, bu tespit m\u00fclkiyet rejimimiz i\u00e7in bir d\u00f6n\u00fcm noktas\u0131d\u0131r.<\/p>\n<p>TMK\u2019n\u0131n yarg\u0131 yetkisinin Kapal\u0131 Mara\u015f i\u00e7in de ge\u00e7erli oldu\u011funu bizler daha \u00f6nce de ifade etmi\u015ftik. Ayr\u0131ca Kapal\u0131 Mara\u015f\u2019taki Rum ba\u015fvurular\u0131na Vak\u0131flar \u0130daresi de taraf olmu\u015ftur. Bu davada ba\u015fvuran Rum \u015firket Vak\u0131flar \u0130daresi\u2019nin taraf olamayaca\u011f\u0131n\u0131 iddia etmi\u015ftir. Ancak mahkeme, TMK\u2019n\u0131n Kapal\u0131 Mara\u015f\u2019ta bulunan ba\u015fvuruya konu ta\u015f\u0131nmaz mal ile ilgili s\u00fcre\u00e7te, Vak\u0131flar \u0130daresi\u2019ni m\u00fcdahil taraf yapan karar\u0131n\u0131, adil yarg\u0131lama ilkesi ile \u00e7eli\u015fmeyece\u011fi tespitini yapm\u0131\u015ft\u0131r.<\/p>\n<p>A\u0130HM, bu karar\u0131yla, TMK\u2019n\u0131n yapt\u0131\u011f\u0131 \u00f6demelerin tatmin edici oldu\u011funu ve bu \u00f6demelerin istikrarl\u0131 bir \u015fekilde devam ettirilmesinde yarar g\u00f6rd\u00fc\u011f\u00fcn\u00fc de eklemi\u015ftir.<\/p>\n<p>TMK\u2019n\u0131n etkinli\u011fi b\u00fcy\u00fck \u00f6l\u00e7\u00fcde yap\u0131lan \u00f6demelere ba\u011fl\u0131d\u0131r. \u0130ktidar\u0131m\u0131z d\u00f6neminde bu konuda ciddi bir fon yarat\u0131lm\u0131\u015ft\u0131r. Biz bug\u00fcn TMK\u2019da bu \u00f6demeleri yapmasayd\u0131k bizim lehimize olacak bir karar belki de \u00e7\u0131kmayacakt\u0131. Bu zamana kadar Rum vatanda\u015flar\u0131na 350 milyon 850 bin sterlin \u00f6deme yap\u0131lm\u0131\u015ft\u0131r.<\/p>\n<p>Sadece 2024-2025 y\u0131l\u0131nda yarat\u0131lan fonla 106 milyon 374 bin sterlinlik \u00f6deme yap\u0131lm\u0131\u015f ve 230 dava sonu\u00e7land\u0131r\u0131lm\u0131\u015ft\u0131r. Di\u011fer bir ifadeyle son bir y\u0131l i\u00e7erisinde yap\u0131lan b\u00fct\u00fcn \u00f6demelerin neredeyse \u00fc\u00e7te birine tekab\u00fcl eden bir \u00f6deme ger\u00e7ekle\u015ftirilmi\u015ftir.<\/p>\n<p>Bu \u00f6deme art\u0131\u015f\u0131n\u0131n ve istikrar\u0131n Mahkeme taraf\u0131ndan de\u011fer bulmas\u0131 bizler a\u00e7\u0131s\u0131ndan olumlu bir geli\u015fmedir. G\u00fcney K\u0131br\u0131s Rum Y\u00f6netimi 67\/ 2005 say\u0131l\u0131 yasa ile kurulan Ta\u015f\u0131nmaz Mal Komisyonu (TMK)\u2019nun etkinli\u011fini ortadan kald\u0131rmak i\u00e7in elinden geleni yapmaya devam edecektir.<\/p>\n<p>Ancak biz uluslararas\u0131 hukukun i\u00e7erisinde kalmaya devam edece\u011fiz. A\u0130HM, bir kez daha etkin i\u00e7 hukuk yolu olarak TMK\u2019y\u0131 g\u00f6sterdi. Bu karar, A\u0130HM\u2019in G\u00fcney K\u0131br\u0131s\u2019a tutuklamalar konusunda verdi\u011fi bir mesajd\u0131r.<\/p>\n<p>K\u0131br\u0131sl\u0131 Rumlar\u0131n ba\u015fvuraca\u011f\u0131 tek yarg\u0131 yolu TMK\u2019d\u0131r. Bunun d\u0131\u015f\u0131ndaki alternatifi adadaki siyasi \u00e7\u00f6z\u00fcm\u00fc beklemektir. Rum Y\u00f6netimi\u2019nin tutuklamalar konusunda Cumhurba\u015fkan\u0131 Ersin Tatar\u2019a verdi\u011fi cevapta ifade etti\u011fi gibi; s\u00fcre\u00e7 madem yarg\u0131sald\u0131r ve siyaseten bu s\u00fcrece m\u00fcdahil olamayacaklard\u0131r, Rum taraf\u0131na, A\u0130HM kararlar\u0131na uyma y\u00fck\u00fcml\u00fcl\u00fc\u011f\u00fcn\u00fc bir kez daha hat\u0131rlat\u0131r, tek tarafl\u0131 ve gayri yasal tutuklama giri\u015fimlerine de son vermeye \u00e7a\u011f\u0131r\u0131yoruz.\u201d<\/p>\n<\/p><\/div>\n<p><br \/>\n<br \/><a href=\"> K\u0131br\u0131s dakik<\/a><\/p>\n","protected":false},"excerpt":{"rendered":"<p>Ba\u015fbakan \u00dcnal \u00dcstel, Avrupa \u0130nsan Haklar\u0131 Mahkemesi\u2019nin (A\u0130HM) 10 Haziran 2025 tarihinde a\u00e7\u0131klad\u0131\u011f\u0131 K.V. Mediterranean Tours Limited karar\u0131na ili\u015fkin yaz\u0131l\u0131 bir a\u00e7\u0131klama yapt\u0131. Ba\u015fbakan \u00dcstel, \u201cA\u0130HM bir kez daha Ta\u015f\u0131nmaz Mal Komisyonu\u2019nun K\u0131br\u0131sl\u0131 Rumlar\u0131n ba\u015fvurabilece\u011fi tek yasal i\u00e7 hukuk oldu\u011funu teyit etmi\u015ftir\u201d ifadelerini kulland\u0131. G\u00fcney K\u0131br\u0131s Rum Y\u00f6netimi\u2019nin tutuklama giri\u015fimlerinin yasal olmad\u0131\u011f\u0131 bu kararla bir<\/p>\n","protected":false},"author":1,"featured_media":84314,"comment_status":"open","ping_status":"open","sticky":false,"template":"","format":"standard","meta":{"footnotes":""},"categories":[81,101],"tags":[],"class_list":["post-84313","post","type-post","status-publish","format-standard","has-post-thumbnail","hentry","category-kibris","category-manset"],"yoast_head":"<!-- This site is optimized with the Yoast SEO plugin v27.4 - https:\/\/yoast.com\/product\/yoast-seo-wordpress\/ -->\n<title>Ba\u015fbakan \u00dcstel\u2019den \u00e7a\u011fr\u0131: Gayri yasal tutuklama giri\u015fimlerine son verin -<\/title>\n<meta name=\"robots\" content=\"index, follow, max-snippet:-1, max-image-preview:large, max-video-preview:-1\" \/>\n<link rel=\"canonical\" href=\"https:\/\/kibrisdakik.com\/?p=84313\" \/>\n<meta property=\"og:locale\" content=\"tr_TR\" \/>\n<meta property=\"og:type\" content=\"article\" \/>\n<meta property=\"og:title\" content=\"Ba\u015fbakan \u00dcstel\u2019den \u00e7a\u011fr\u0131: Gayri yasal tutuklama giri\u015fimlerine son verin -\" \/>\n<meta property=\"og:description\" content=\"Ba\u015fbakan \u00dcnal \u00dcstel, Avrupa \u0130nsan Haklar\u0131 Mahkemesi\u2019nin (A\u0130HM) 10 Haziran 2025 tarihinde a\u00e7\u0131klad\u0131\u011f\u0131 K.V. Mediterranean Tours Limited karar\u0131na ili\u015fkin yaz\u0131l\u0131 bir a\u00e7\u0131klama yapt\u0131. Ba\u015fbakan \u00dcstel, \u201cA\u0130HM bir kez daha Ta\u015f\u0131nmaz Mal Komisyonu\u2019nun K\u0131br\u0131sl\u0131 Rumlar\u0131n ba\u015fvurabilece\u011fi tek yasal i\u00e7 hukuk oldu\u011funu teyit etmi\u015ftir\u201d ifadelerini kulland\u0131. G\u00fcney K\u0131br\u0131s Rum Y\u00f6netimi\u2019nin tutuklama giri\u015fimlerinin yasal olmad\u0131\u011f\u0131 bu kararla bir\" \/>\n<meta property=\"og:url\" content=\"https:\/\/kibrisdakik.com\/?p=84313\" \/>\n<meta property=\"article:published_time\" content=\"2025-06-11T06:59:14+00:00\" \/>\n<meta property=\"og:image\" content=\"https:\/\/kibrisdakik.com\/wp-content\/uploads\/2025\/06\/477447656-952878123576461-1031922426407167788-n-1024x682-1-740x420.jpg\" \/>\n\t<meta property=\"og:image:width\" content=\"1024\" \/>\n\t<meta property=\"og:image:height\" content=\"682\" \/>\n\t<meta property=\"og:image:type\" content=\"image\/jpeg\" \/>\n<meta name=\"author\" content=\"admin\" \/>\n<meta name=\"twitter:card\" content=\"summary_large_image\" \/>\n<meta name=\"twitter:label1\" content=\"Yazan:\" \/>\n\t<meta name=\"twitter:data1\" content=\"admin\" \/>\n\t<meta name=\"twitter:label2\" content=\"Tahmini okuma s\u00fcresi\" \/>\n\t<meta name=\"twitter:data2\" content=\"4 dakika\" \/>\n<script type=\"application\/ld+json\" class=\"yoast-schema-graph\">{\"@context\":\"https:\\\/\\\/schema.org\",\"@graph\":[{\"@type\":\"Article\",\"@id\":\"https:\\\/\\\/kibrisdakik.com\\\/?p=84313#article\",\"isPartOf\":{\"@id\":\"https:\\\/\\\/kibrisdakik.com\\\/?p=84313\"},\"author\":{\"name\":\"admin\",\"@id\":\"https:\\\/\\\/kibrisdakik.com\\\/#\\\/schema\\\/person\\\/9cd9d437bbb44f72b73ba127e06d8e79\"},\"headline\":\"Ba\u015fbakan \u00dcstel\u2019den \u00e7a\u011fr\u0131: Gayri yasal tutuklama giri\u015fimlerine son verin\",\"datePublished\":\"2025-06-11T06:59:14+00:00\",\"mainEntityOfPage\":{\"@id\":\"https:\\\/\\\/kibrisdakik.com\\\/?p=84313\"},\"wordCount\":713,\"commentCount\":0,\"image\":{\"@id\":\"https:\\\/\\\/kibrisdakik.com\\\/?p=84313#primaryimage\"},\"thumbnailUrl\":\"https:\\\/\\\/kibrisdakik.com\\\/wp-content\\\/uploads\\\/2025\\\/06\\\/477447656-952878123576461-1031922426407167788-n-1024x682-1-740x420.jpg\",\"articleSection\":[\"K\u0131br\u0131s\",\"Man\u015fet\"],\"inLanguage\":\"tr\",\"potentialAction\":[{\"@type\":\"CommentAction\",\"name\":\"Comment\",\"target\":[\"https:\\\/\\\/kibrisdakik.com\\\/?p=84313#respond\"]}]},{\"@type\":\"WebPage\",\"@id\":\"https:\\\/\\\/kibrisdakik.com\\\/?p=84313\",\"url\":\"https:\\\/\\\/kibrisdakik.com\\\/?p=84313\",\"name\":\"Ba\u015fbakan \u00dcstel\u2019den \u00e7a\u011fr\u0131: Gayri yasal tutuklama giri\u015fimlerine son verin -\",\"isPartOf\":{\"@id\":\"https:\\\/\\\/kibrisdakik.com\\\/#website\"},\"primaryImageOfPage\":{\"@id\":\"https:\\\/\\\/kibrisdakik.com\\\/?p=84313#primaryimage\"},\"image\":{\"@id\":\"https:\\\/\\\/kibrisdakik.com\\\/?p=84313#primaryimage\"},\"thumbnailUrl\":\"https:\\\/\\\/kibrisdakik.com\\\/wp-content\\\/uploads\\\/2025\\\/06\\\/477447656-952878123576461-1031922426407167788-n-1024x682-1-740x420.jpg\",\"datePublished\":\"2025-06-11T06:59:14+00:00\",\"author\":{\"@id\":\"https:\\\/\\\/kibrisdakik.com\\\/#\\\/schema\\\/person\\\/9cd9d437bbb44f72b73ba127e06d8e79\"},\"breadcrumb\":{\"@id\":\"https:\\\/\\\/kibrisdakik.com\\\/?p=84313#breadcrumb\"},\"inLanguage\":\"tr\",\"potentialAction\":[{\"@type\":\"ReadAction\",\"target\":[\"https:\\\/\\\/kibrisdakik.com\\\/?p=84313\"]}]},{\"@type\":\"ImageObject\",\"inLanguage\":\"tr\",\"@id\":\"https:\\\/\\\/kibrisdakik.com\\\/?p=84313#primaryimage\",\"url\":\"https:\\\/\\\/kibrisdakik.com\\\/wp-content\\\/uploads\\\/2025\\\/06\\\/477447656-952878123576461-1031922426407167788-n-1024x682-1-740x420.jpg\",\"contentUrl\":\"https:\\\/\\\/kibrisdakik.com\\\/wp-content\\\/uploads\\\/2025\\\/06\\\/477447656-952878123576461-1031922426407167788-n-1024x682-1-740x420.jpg\",\"width\":1024,\"height\":682},{\"@type\":\"BreadcrumbList\",\"@id\":\"https:\\\/\\\/kibrisdakik.com\\\/?p=84313#breadcrumb\",\"itemListElement\":[{\"@type\":\"ListItem\",\"position\":1,\"name\":\"Home\",\"item\":\"https:\\\/\\\/kibrisdakik.com\\\/\"},{\"@type\":\"ListItem\",\"position\":2,\"name\":\"Ba\u015fbakan \u00dcstel\u2019den \u00e7a\u011fr\u0131: Gayri yasal tutuklama giri\u015fimlerine son verin\"}]},{\"@type\":\"WebSite\",\"@id\":\"https:\\\/\\\/kibrisdakik.com\\\/#website\",\"url\":\"https:\\\/\\\/kibrisdakik.com\\\/\",\"name\":\"\",\"description\":\"Tam vaktinde haber\",\"potentialAction\":[{\"@type\":\"SearchAction\",\"target\":{\"@type\":\"EntryPoint\",\"urlTemplate\":\"https:\\\/\\\/kibrisdakik.com\\\/?s={search_term_string}\"},\"query-input\":{\"@type\":\"PropertyValueSpecification\",\"valueRequired\":true,\"valueName\":\"search_term_string\"}}],\"inLanguage\":\"tr\"},{\"@type\":\"Person\",\"@id\":\"https:\\\/\\\/kibrisdakik.com\\\/#\\\/schema\\\/person\\\/9cd9d437bbb44f72b73ba127e06d8e79\",\"name\":\"admin\",\"image\":{\"@type\":\"ImageObject\",\"inLanguage\":\"tr\",\"@id\":\"https:\\\/\\\/secure.gravatar.com\\\/avatar\\\/ccc17943b9d660506c869530f897617f7cb1c21a4bf30023f252596d83e1f007?s=96&d=mm&r=g\",\"url\":\"https:\\\/\\\/secure.gravatar.com\\\/avatar\\\/ccc17943b9d660506c869530f897617f7cb1c21a4bf30023f252596d83e1f007?s=96&d=mm&r=g\",\"contentUrl\":\"https:\\\/\\\/secure.gravatar.com\\\/avatar\\\/ccc17943b9d660506c869530f897617f7cb1c21a4bf30023f252596d83e1f007?s=96&d=mm&r=g\",\"caption\":\"admin\"},\"sameAs\":[\"https:\\\/\\\/kibrisdakik.com\"],\"url\":\"https:\\\/\\\/kibrisdakik.com\\\/?author=1\"}]}<\/script>\n<!-- \/ Yoast SEO plugin. -->","yoast_head_json":{"title":"Ba\u015fbakan \u00dcstel\u2019den \u00e7a\u011fr\u0131: Gayri yasal tutuklama giri\u015fimlerine son verin -","robots":{"index":"index","follow":"follow","max-snippet":"max-snippet:-1","max-image-preview":"max-image-preview:large","max-video-preview":"max-video-preview:-1"},"canonical":"https:\/\/kibrisdakik.com\/?p=84313","og_locale":"tr_TR","og_type":"article","og_title":"Ba\u015fbakan \u00dcstel\u2019den \u00e7a\u011fr\u0131: Gayri yasal tutuklama giri\u015fimlerine son verin -","og_description":"Ba\u015fbakan \u00dcnal \u00dcstel, Avrupa \u0130nsan Haklar\u0131 Mahkemesi\u2019nin (A\u0130HM) 10 Haziran 2025 tarihinde a\u00e7\u0131klad\u0131\u011f\u0131 K.V. Mediterranean Tours Limited karar\u0131na ili\u015fkin yaz\u0131l\u0131 bir a\u00e7\u0131klama yapt\u0131. Ba\u015fbakan \u00dcstel, \u201cA\u0130HM bir kez daha Ta\u015f\u0131nmaz Mal Komisyonu\u2019nun K\u0131br\u0131sl\u0131 Rumlar\u0131n ba\u015fvurabilece\u011fi tek yasal i\u00e7 hukuk oldu\u011funu teyit etmi\u015ftir\u201d ifadelerini kulland\u0131. G\u00fcney K\u0131br\u0131s Rum Y\u00f6netimi\u2019nin tutuklama giri\u015fimlerinin yasal olmad\u0131\u011f\u0131 bu kararla bir","og_url":"https:\/\/kibrisdakik.com\/?p=84313","article_published_time":"2025-06-11T06:59:14+00:00","og_image":[{"width":1024,"height":682,"url":"https:\/\/kibrisdakik.com\/wp-content\/uploads\/2025\/06\/477447656-952878123576461-1031922426407167788-n-1024x682-1-740x420.jpg","type":"image\/jpeg"}],"author":"admin","twitter_card":"summary_large_image","twitter_misc":{"Yazan:":"admin","Tahmini okuma s\u00fcresi":"4 dakika"},"schema":{"@context":"https:\/\/schema.org","@graph":[{"@type":"Article","@id":"https:\/\/kibrisdakik.com\/?p=84313#article","isPartOf":{"@id":"https:\/\/kibrisdakik.com\/?p=84313"},"author":{"name":"admin","@id":"https:\/\/kibrisdakik.com\/#\/schema\/person\/9cd9d437bbb44f72b73ba127e06d8e79"},"headline":"Ba\u015fbakan \u00dcstel\u2019den \u00e7a\u011fr\u0131: Gayri yasal tutuklama giri\u015fimlerine son verin","datePublished":"2025-06-11T06:59:14+00:00","mainEntityOfPage":{"@id":"https:\/\/kibrisdakik.com\/?p=84313"},"wordCount":713,"commentCount":0,"image":{"@id":"https:\/\/kibrisdakik.com\/?p=84313#primaryimage"},"thumbnailUrl":"https:\/\/kibrisdakik.com\/wp-content\/uploads\/2025\/06\/477447656-952878123576461-1031922426407167788-n-1024x682-1-740x420.jpg","articleSection":["K\u0131br\u0131s","Man\u015fet"],"inLanguage":"tr","potentialAction":[{"@type":"CommentAction","name":"Comment","target":["https:\/\/kibrisdakik.com\/?p=84313#respond"]}]},{"@type":"WebPage","@id":"https:\/\/kibrisdakik.com\/?p=84313","url":"https:\/\/kibrisdakik.com\/?p=84313","name":"Ba\u015fbakan \u00dcstel\u2019den \u00e7a\u011fr\u0131: Gayri yasal tutuklama giri\u015fimlerine son verin -","isPartOf":{"@id":"https:\/\/kibrisdakik.com\/#website"},"primaryImageOfPage":{"@id":"https:\/\/kibrisdakik.com\/?p=84313#primaryimage"},"image":{"@id":"https:\/\/kibrisdakik.com\/?p=84313#primaryimage"},"thumbnailUrl":"https:\/\/kibrisdakik.com\/wp-content\/uploads\/2025\/06\/477447656-952878123576461-1031922426407167788-n-1024x682-1-740x420.jpg","datePublished":"2025-06-11T06:59:14+00:00","author":{"@id":"https:\/\/kibrisdakik.com\/#\/schema\/person\/9cd9d437bbb44f72b73ba127e06d8e79"},"breadcrumb":{"@id":"https:\/\/kibrisdakik.com\/?p=84313#breadcrumb"},"inLanguage":"tr","potentialAction":[{"@type":"ReadAction","target":["https:\/\/kibrisdakik.com\/?p=84313"]}]},{"@type":"ImageObject","inLanguage":"tr","@id":"https:\/\/kibrisdakik.com\/?p=84313#primaryimage","url":"https:\/\/kibrisdakik.com\/wp-content\/uploads\/2025\/06\/477447656-952878123576461-1031922426407167788-n-1024x682-1-740x420.jpg","contentUrl":"https:\/\/kibrisdakik.com\/wp-content\/uploads\/2025\/06\/477447656-952878123576461-1031922426407167788-n-1024x682-1-740x420.jpg","width":1024,"height":682},{"@type":"BreadcrumbList","@id":"https:\/\/kibrisdakik.com\/?p=84313#breadcrumb","itemListElement":[{"@type":"ListItem","position":1,"name":"Home","item":"https:\/\/kibrisdakik.com\/"},{"@type":"ListItem","position":2,"name":"Ba\u015fbakan \u00dcstel\u2019den \u00e7a\u011fr\u0131: Gayri yasal tutuklama giri\u015fimlerine son verin"}]},{"@type":"WebSite","@id":"https:\/\/kibrisdakik.com\/#website","url":"https:\/\/kibrisdakik.com\/","name":"","description":"Tam vaktinde haber","potentialAction":[{"@type":"SearchAction","target":{"@type":"EntryPoint","urlTemplate":"https:\/\/kibrisdakik.com\/?s={search_term_string}"},"query-input":{"@type":"PropertyValueSpecification","valueRequired":true,"valueName":"search_term_string"}}],"inLanguage":"tr"},{"@type":"Person","@id":"https:\/\/kibrisdakik.com\/#\/schema\/person\/9cd9d437bbb44f72b73ba127e06d8e79","name":"admin","image":{"@type":"ImageObject","inLanguage":"tr","@id":"https:\/\/secure.gravatar.com\/avatar\/ccc17943b9d660506c869530f897617f7cb1c21a4bf30023f252596d83e1f007?s=96&d=mm&r=g","url":"https:\/\/secure.gravatar.com\/avatar\/ccc17943b9d660506c869530f897617f7cb1c21a4bf30023f252596d83e1f007?s=96&d=mm&r=g","contentUrl":"https:\/\/secure.gravatar.com\/avatar\/ccc17943b9d660506c869530f897617f7cb1c21a4bf30023f252596d83e1f007?s=96&d=mm&r=g","caption":"admin"},"sameAs":["https:\/\/kibrisdakik.com"],"url":"https:\/\/kibrisdakik.com\/?author=1"}]}},"_links":{"self":[{"href":"https:\/\/kibrisdakik.com\/index.php?rest_route=\/wp\/v2\/posts\/84313","targetHints":{"allow":["GET"]}}],"collection":[{"href":"https:\/\/kibrisdakik.com\/index.php?rest_route=\/wp\/v2\/posts"}],"about":[{"href":"https:\/\/kibrisdakik.com\/index.php?rest_route=\/wp\/v2\/types\/post"}],"author":[{"embeddable":true,"href":"https:\/\/kibrisdakik.com\/index.php?rest_route=\/wp\/v2\/users\/1"}],"replies":[{"embeddable":true,"href":"https:\/\/kibrisdakik.com\/index.php?rest_route=%2Fwp%2Fv2%2Fcomments&post=84313"}],"version-history":[{"count":0,"href":"https:\/\/kibrisdakik.com\/index.php?rest_route=\/wp\/v2\/posts\/84313\/revisions"}],"wp:featuredmedia":[{"embeddable":true,"href":"https:\/\/kibrisdakik.com\/index.php?rest_route=\/wp\/v2\/media\/84314"}],"wp:attachment":[{"href":"https:\/\/kibrisdakik.com\/index.php?rest_route=%2Fwp%2Fv2%2Fmedia&parent=84313"}],"wp:term":[{"taxonomy":"category","embeddable":true,"href":"https:\/\/kibrisdakik.com\/index.php?rest_route=%2Fwp%2Fv2%2Fcategories&post=84313"},{"taxonomy":"post_tag","embeddable":true,"href":"https:\/\/kibrisdakik.com\/index.php?rest_route=%2Fwp%2Fv2%2Ftags&post=84313"}],"curies":[{"name":"wp","href":"https:\/\/api.w.org\/{rel}","templated":true}]}}