{"id":84323,"date":"2025-06-11T10:30:22","date_gmt":"2025-06-11T07:30:22","guid":{"rendered":"https:\/\/kibrisdakik.com\/index.php\/2025\/06\/11\/22-ogretmenin-2-polisi-darp-ettigi-iddiasi-ile-acilan-dava-1-ekime-ertelendi\/"},"modified":"2025-06-11T10:30:22","modified_gmt":"2025-06-11T07:30:22","slug":"22-ogretmenin-2-polisi-darp-ettigi-iddiasi-ile-acilan-dava-1-ekime-ertelendi","status":"publish","type":"post","link":"https:\/\/kibrisdakik.com\/?p=84323","title":{"rendered":"22 \u00f6\u011fretmenin 2 polisi darp etti\u011fi iddias\u0131 ile a\u00e7\u0131lan dava 1 Ekim\u2019e ertelendi"},"content":{"rendered":"<p> <br \/>\n<\/p>\n<div data-text-id=\"77940\" property=\"articleBody\">\n<p><span>K\u0131br\u0131s T\u00fcrk \u00d6\u011fretmenler Sendikas\u0131 (KT\u00d6S) ve K\u0131br\u0131s T\u00fcrk Orta E\u011fitim \u00d6\u011fretmenler Sendikas\u0131\u2019n\u0131n (KTOE\u00d6S) 2022 y\u0131l\u0131nda Milli E\u011fitim Bakanl\u0131\u011f\u0131 \u00f6n\u00fcnde ger\u00e7ekle\u015ftirdi\u011fi eylemlerde \u201c22 \u00f6\u011fretmenin polisi darp etti\u011fi\u201d iddias\u0131yla a\u00e7\u0131lan davan\u0131n 12. duru\u015fmas\u0131 bug\u00fcn yap\u0131ld\u0131. <\/span><span>Dava 1 Ekim tarihine ertelendi.<\/span><\/p>\n<p>Mahkeme \u00e7\u0131k\u0131\u015f\u0131nda a\u00e7\u0131klama yapan KT\u00d6S Genel Sekreteri Burak Mavi\u015f, mahkemeye gidip geldiklerini ancak Savc\u0131l\u0131\u011f\u0131n iddia ile ilgili videolar\u0131 ve kasetleri incelemedi\u011fini savundu. Yar\u0131n da mahkeme \u00f6n\u00fcnde olacaklar\u0131n\u0131 s\u00f6yleyen Mavi\u015f, yar\u0131n 08.45\u2019te Girne Kap\u0131s\u0131&#8217;ndaki Atat\u00fcrk b\u00fcst\u00fcne \u00e7elenk koymalar\u0131n\u0131n ard\u0131ndan Disiplin T\u00fcz\u00fc\u011f\u00fc\u2019n\u00fcn duru\u015fmas\u0131 i\u00e7in mahkemeye geleceklerini belirtti.<\/p>\n<p>KTOE\u00d6S Ba\u015fkan\u0131 Selma Eylem de \u201cAsl\u0131nda mesele d\u00fczene ba\u015fkald\u0131ran bunun i\u00e7in eylem yapan, hak arayan ki\u015filerin cezaland\u0131r\u0131lmas\u0131 veya g\u00f6z da\u011f\u0131 verilmesi meselesidir.\u201d dedi.<\/p>\n<div class=\"post-flash\">\n        <!--\n\n<h3 class=\"post-flash__title\">G&ouml;zden ka&ccedil;&#305;rmay&#305;n<\/h3>\n\n--><\/p>\n<div class=\"row g-0 align-items-center\">\n<div class=\"col-5 col-sm-3\">\n                \n            <\/div>\n<div class=\"col-7 col-sm-9\">\n<div class=\"post-flash-heading p-2\">\n<p>CTP Girne \u0130l\u00e7esi\u2019nden Akdeniz Spor Birli\u011fi\u2019ne ziyaret<\/p>\n<p>\u0130\u00e7eri\u011fi G\u00f6r\u00fcnt\u00fcle <i class=\"fa fa-arrow-right ps-2\"\/><\/p>\n<\/p><\/div>\n<\/p><\/div>\n<\/p><\/div>\n<\/p><\/div>\n<p>KTOE\u00d6S Genel Sekreteri Tahir G\u00f6k\u00e7ebel ise, temel haklar\u0131n ve anayasal d\u00fczenin ortadan kald\u0131rmaya \u00e7al\u0131\u015fan bir anlay\u0131\u015f oldu\u011funu ve anti demokratik uygulamalarla bu anlay\u0131\u015f\u0131n ileri g\u00f6t\u00fcr\u00fclmeye \u00e7al\u0131\u015f\u0131ld\u0131\u011f\u0131n\u0131 \u00f6ne s\u00fcrd\u00fc.<\/p>\n<\/p><\/div>\n<p><br \/>\n<br \/><a href=\"> K\u0131br\u0131s dakik<\/a><\/p>\n","protected":false},"excerpt":{"rendered":"<p>K\u0131br\u0131s T\u00fcrk \u00d6\u011fretmenler Sendikas\u0131 (KT\u00d6S) ve K\u0131br\u0131s T\u00fcrk Orta E\u011fitim \u00d6\u011fretmenler Sendikas\u0131\u2019n\u0131n (KTOE\u00d6S) 2022 y\u0131l\u0131nda Milli E\u011fitim Bakanl\u0131\u011f\u0131 \u00f6n\u00fcnde ger\u00e7ekle\u015ftirdi\u011fi eylemlerde \u201c22 \u00f6\u011fretmenin polisi darp etti\u011fi\u201d iddias\u0131yla a\u00e7\u0131lan davan\u0131n 12. duru\u015fmas\u0131 bug\u00fcn yap\u0131ld\u0131. Dava 1 Ekim tarihine ertelendi. Mahkeme \u00e7\u0131k\u0131\u015f\u0131nda a\u00e7\u0131klama yapan KT\u00d6S Genel Sekreteri Burak Mavi\u015f, mahkemeye gidip geldiklerini ancak Savc\u0131l\u0131\u011f\u0131n iddia ile ilgili<\/p>\n","protected":false},"author":1,"featured_media":84324,"comment_status":"open","ping_status":"open","sticky":false,"template":"","format":"standard","meta":{"footnotes":""},"categories":[81,101],"tags":[],"class_list":["post-84323","post","type-post","status-publish","format-standard","has-post-thumbnail","hentry","category-kibris","category-manset"],"yoast_head":"<!-- This site is optimized with the Yoast SEO plugin v27.5 - https:\/\/yoast.com\/product\/yoast-seo-wordpress\/ -->\n<title>22 \u00f6\u011fretmenin 2 polisi darp etti\u011fi iddias\u0131 ile a\u00e7\u0131lan dava 1 Ekim\u2019e ertelendi -<\/title>\n<meta name=\"robots\" content=\"index, follow, max-snippet:-1, max-image-preview:large, max-video-preview:-1\" \/>\n<link rel=\"canonical\" href=\"https:\/\/kibrisdakik.com\/?p=84323\" \/>\n<meta property=\"og:locale\" content=\"tr_TR\" \/>\n<meta property=\"og:type\" content=\"article\" \/>\n<meta property=\"og:title\" content=\"22 \u00f6\u011fretmenin 2 polisi darp etti\u011fi iddias\u0131 ile a\u00e7\u0131lan dava 1 Ekim\u2019e ertelendi -\" \/>\n<meta property=\"og:description\" content=\"K\u0131br\u0131s T\u00fcrk \u00d6\u011fretmenler Sendikas\u0131 (KT\u00d6S) ve K\u0131br\u0131s T\u00fcrk Orta E\u011fitim \u00d6\u011fretmenler Sendikas\u0131\u2019n\u0131n (KTOE\u00d6S) 2022 y\u0131l\u0131nda Milli E\u011fitim Bakanl\u0131\u011f\u0131 \u00f6n\u00fcnde ger\u00e7ekle\u015ftirdi\u011fi eylemlerde \u201c22 \u00f6\u011fretmenin polisi darp etti\u011fi\u201d iddias\u0131yla a\u00e7\u0131lan davan\u0131n 12. duru\u015fmas\u0131 bug\u00fcn yap\u0131ld\u0131. Dava 1 Ekim tarihine ertelendi. Mahkeme \u00e7\u0131k\u0131\u015f\u0131nda a\u00e7\u0131klama yapan KT\u00d6S Genel Sekreteri Burak Mavi\u015f, mahkemeye gidip geldiklerini ancak Savc\u0131l\u0131\u011f\u0131n iddia ile ilgili\" \/>\n<meta property=\"og:url\" content=\"https:\/\/kibrisdakik.com\/?p=84323\" \/>\n<meta property=\"article:published_time\" content=\"2025-06-11T07:30:22+00:00\" \/>\n<meta property=\"og:image\" content=\"https:\/\/kibrisdakik.com\/wp-content\/uploads\/2025\/06\/eylem-9-740x420.jpg\" \/>\n\t<meta property=\"og:image:width\" content=\"1600\" \/>\n\t<meta property=\"og:image:height\" content=\"1126\" \/>\n\t<meta property=\"og:image:type\" content=\"image\/jpeg\" \/>\n<meta name=\"author\" content=\"admin\" \/>\n<meta name=\"twitter:card\" content=\"summary_large_image\" \/>\n<meta name=\"twitter:label1\" content=\"Yazan:\" \/>\n\t<meta name=\"twitter:data1\" content=\"admin\" \/>\n\t<meta name=\"twitter:label2\" content=\"Tahmini okuma s\u00fcresi\" \/>\n\t<meta name=\"twitter:data2\" content=\"1 dakika\" \/>\n<script type=\"application\/ld+json\" class=\"yoast-schema-graph\">{\"@context\":\"https:\\\/\\\/schema.org\",\"@graph\":[{\"@type\":\"Article\",\"@id\":\"https:\\\/\\\/kibrisdakik.com\\\/?p=84323#article\",\"isPartOf\":{\"@id\":\"https:\\\/\\\/kibrisdakik.com\\\/?p=84323\"},\"author\":{\"name\":\"admin\",\"@id\":\"https:\\\/\\\/kibrisdakik.com\\\/#\\\/schema\\\/person\\\/9cd9d437bbb44f72b73ba127e06d8e79\"},\"headline\":\"22 \u00f6\u011fretmenin 2 polisi darp etti\u011fi iddias\u0131 ile a\u00e7\u0131lan dava 1 Ekim\u2019e ertelendi\",\"datePublished\":\"2025-06-11T07:30:22+00:00\",\"mainEntityOfPage\":{\"@id\":\"https:\\\/\\\/kibrisdakik.com\\\/?p=84323\"},\"wordCount\":237,\"commentCount\":0,\"image\":{\"@id\":\"https:\\\/\\\/kibrisdakik.com\\\/?p=84323#primaryimage\"},\"thumbnailUrl\":\"https:\\\/\\\/kibrisdakik.com\\\/wp-content\\\/uploads\\\/2025\\\/06\\\/eylem-9-740x420.jpg\",\"articleSection\":[\"K\u0131br\u0131s\",\"Man\u015fet\"],\"inLanguage\":\"tr\",\"potentialAction\":[{\"@type\":\"CommentAction\",\"name\":\"Comment\",\"target\":[\"https:\\\/\\\/kibrisdakik.com\\\/?p=84323#respond\"]}]},{\"@type\":\"WebPage\",\"@id\":\"https:\\\/\\\/kibrisdakik.com\\\/?p=84323\",\"url\":\"https:\\\/\\\/kibrisdakik.com\\\/?p=84323\",\"name\":\"22 \u00f6\u011fretmenin 2 polisi darp etti\u011fi iddias\u0131 ile a\u00e7\u0131lan dava 1 Ekim\u2019e ertelendi -\",\"isPartOf\":{\"@id\":\"https:\\\/\\\/kibrisdakik.com\\\/#website\"},\"primaryImageOfPage\":{\"@id\":\"https:\\\/\\\/kibrisdakik.com\\\/?p=84323#primaryimage\"},\"image\":{\"@id\":\"https:\\\/\\\/kibrisdakik.com\\\/?p=84323#primaryimage\"},\"thumbnailUrl\":\"https:\\\/\\\/kibrisdakik.com\\\/wp-content\\\/uploads\\\/2025\\\/06\\\/eylem-9-740x420.jpg\",\"datePublished\":\"2025-06-11T07:30:22+00:00\",\"author\":{\"@id\":\"https:\\\/\\\/kibrisdakik.com\\\/#\\\/schema\\\/person\\\/9cd9d437bbb44f72b73ba127e06d8e79\"},\"breadcrumb\":{\"@id\":\"https:\\\/\\\/kibrisdakik.com\\\/?p=84323#breadcrumb\"},\"inLanguage\":\"tr\",\"potentialAction\":[{\"@type\":\"ReadAction\",\"target\":[\"https:\\\/\\\/kibrisdakik.com\\\/?p=84323\"]}]},{\"@type\":\"ImageObject\",\"inLanguage\":\"tr\",\"@id\":\"https:\\\/\\\/kibrisdakik.com\\\/?p=84323#primaryimage\",\"url\":\"https:\\\/\\\/kibrisdakik.com\\\/wp-content\\\/uploads\\\/2025\\\/06\\\/eylem-9-740x420.jpg\",\"contentUrl\":\"https:\\\/\\\/kibrisdakik.com\\\/wp-content\\\/uploads\\\/2025\\\/06\\\/eylem-9-740x420.jpg\",\"width\":1600,\"height\":1126},{\"@type\":\"BreadcrumbList\",\"@id\":\"https:\\\/\\\/kibrisdakik.com\\\/?p=84323#breadcrumb\",\"itemListElement\":[{\"@type\":\"ListItem\",\"position\":1,\"name\":\"Home\",\"item\":\"https:\\\/\\\/kibrisdakik.com\\\/\"},{\"@type\":\"ListItem\",\"position\":2,\"name\":\"22 \u00f6\u011fretmenin 2 polisi darp etti\u011fi iddias\u0131 ile a\u00e7\u0131lan dava 1 Ekim\u2019e ertelendi\"}]},{\"@type\":\"WebSite\",\"@id\":\"https:\\\/\\\/kibrisdakik.com\\\/#website\",\"url\":\"https:\\\/\\\/kibrisdakik.com\\\/\",\"name\":\"\",\"description\":\"Tam vaktinde haber\",\"potentialAction\":[{\"@type\":\"SearchAction\",\"target\":{\"@type\":\"EntryPoint\",\"urlTemplate\":\"https:\\\/\\\/kibrisdakik.com\\\/?s={search_term_string}\"},\"query-input\":{\"@type\":\"PropertyValueSpecification\",\"valueRequired\":true,\"valueName\":\"search_term_string\"}}],\"inLanguage\":\"tr\"},{\"@type\":\"Person\",\"@id\":\"https:\\\/\\\/kibrisdakik.com\\\/#\\\/schema\\\/person\\\/9cd9d437bbb44f72b73ba127e06d8e79\",\"name\":\"admin\",\"image\":{\"@type\":\"ImageObject\",\"inLanguage\":\"tr\",\"@id\":\"https:\\\/\\\/secure.gravatar.com\\\/avatar\\\/ccc17943b9d660506c869530f897617f7cb1c21a4bf30023f252596d83e1f007?s=96&d=mm&r=g\",\"url\":\"https:\\\/\\\/secure.gravatar.com\\\/avatar\\\/ccc17943b9d660506c869530f897617f7cb1c21a4bf30023f252596d83e1f007?s=96&d=mm&r=g\",\"contentUrl\":\"https:\\\/\\\/secure.gravatar.com\\\/avatar\\\/ccc17943b9d660506c869530f897617f7cb1c21a4bf30023f252596d83e1f007?s=96&d=mm&r=g\",\"caption\":\"admin\"},\"sameAs\":[\"https:\\\/\\\/kibrisdakik.com\"],\"url\":\"https:\\\/\\\/kibrisdakik.com\\\/?author=1\"}]}<\/script>\n<!-- \/ Yoast SEO plugin. -->","yoast_head_json":{"title":"22 \u00f6\u011fretmenin 2 polisi darp etti\u011fi iddias\u0131 ile a\u00e7\u0131lan dava 1 Ekim\u2019e ertelendi -","robots":{"index":"index","follow":"follow","max-snippet":"max-snippet:-1","max-image-preview":"max-image-preview:large","max-video-preview":"max-video-preview:-1"},"canonical":"https:\/\/kibrisdakik.com\/?p=84323","og_locale":"tr_TR","og_type":"article","og_title":"22 \u00f6\u011fretmenin 2 polisi darp etti\u011fi iddias\u0131 ile a\u00e7\u0131lan dava 1 Ekim\u2019e ertelendi -","og_description":"K\u0131br\u0131s T\u00fcrk \u00d6\u011fretmenler Sendikas\u0131 (KT\u00d6S) ve K\u0131br\u0131s T\u00fcrk Orta E\u011fitim \u00d6\u011fretmenler Sendikas\u0131\u2019n\u0131n (KTOE\u00d6S) 2022 y\u0131l\u0131nda Milli E\u011fitim Bakanl\u0131\u011f\u0131 \u00f6n\u00fcnde ger\u00e7ekle\u015ftirdi\u011fi eylemlerde \u201c22 \u00f6\u011fretmenin polisi darp etti\u011fi\u201d iddias\u0131yla a\u00e7\u0131lan davan\u0131n 12. duru\u015fmas\u0131 bug\u00fcn yap\u0131ld\u0131. Dava 1 Ekim tarihine ertelendi. Mahkeme \u00e7\u0131k\u0131\u015f\u0131nda a\u00e7\u0131klama yapan KT\u00d6S Genel Sekreteri Burak Mavi\u015f, mahkemeye gidip geldiklerini ancak Savc\u0131l\u0131\u011f\u0131n iddia ile ilgili","og_url":"https:\/\/kibrisdakik.com\/?p=84323","article_published_time":"2025-06-11T07:30:22+00:00","og_image":[{"width":1600,"height":1126,"url":"https:\/\/kibrisdakik.com\/wp-content\/uploads\/2025\/06\/eylem-9-740x420.jpg","type":"image\/jpeg"}],"author":"admin","twitter_card":"summary_large_image","twitter_misc":{"Yazan:":"admin","Tahmini okuma s\u00fcresi":"1 dakika"},"schema":{"@context":"https:\/\/schema.org","@graph":[{"@type":"Article","@id":"https:\/\/kibrisdakik.com\/?p=84323#article","isPartOf":{"@id":"https:\/\/kibrisdakik.com\/?p=84323"},"author":{"name":"admin","@id":"https:\/\/kibrisdakik.com\/#\/schema\/person\/9cd9d437bbb44f72b73ba127e06d8e79"},"headline":"22 \u00f6\u011fretmenin 2 polisi darp etti\u011fi iddias\u0131 ile a\u00e7\u0131lan dava 1 Ekim\u2019e ertelendi","datePublished":"2025-06-11T07:30:22+00:00","mainEntityOfPage":{"@id":"https:\/\/kibrisdakik.com\/?p=84323"},"wordCount":237,"commentCount":0,"image":{"@id":"https:\/\/kibrisdakik.com\/?p=84323#primaryimage"},"thumbnailUrl":"https:\/\/kibrisdakik.com\/wp-content\/uploads\/2025\/06\/eylem-9-740x420.jpg","articleSection":["K\u0131br\u0131s","Man\u015fet"],"inLanguage":"tr","potentialAction":[{"@type":"CommentAction","name":"Comment","target":["https:\/\/kibrisdakik.com\/?p=84323#respond"]}]},{"@type":"WebPage","@id":"https:\/\/kibrisdakik.com\/?p=84323","url":"https:\/\/kibrisdakik.com\/?p=84323","name":"22 \u00f6\u011fretmenin 2 polisi darp etti\u011fi iddias\u0131 ile a\u00e7\u0131lan dava 1 Ekim\u2019e ertelendi -","isPartOf":{"@id":"https:\/\/kibrisdakik.com\/#website"},"primaryImageOfPage":{"@id":"https:\/\/kibrisdakik.com\/?p=84323#primaryimage"},"image":{"@id":"https:\/\/kibrisdakik.com\/?p=84323#primaryimage"},"thumbnailUrl":"https:\/\/kibrisdakik.com\/wp-content\/uploads\/2025\/06\/eylem-9-740x420.jpg","datePublished":"2025-06-11T07:30:22+00:00","author":{"@id":"https:\/\/kibrisdakik.com\/#\/schema\/person\/9cd9d437bbb44f72b73ba127e06d8e79"},"breadcrumb":{"@id":"https:\/\/kibrisdakik.com\/?p=84323#breadcrumb"},"inLanguage":"tr","potentialAction":[{"@type":"ReadAction","target":["https:\/\/kibrisdakik.com\/?p=84323"]}]},{"@type":"ImageObject","inLanguage":"tr","@id":"https:\/\/kibrisdakik.com\/?p=84323#primaryimage","url":"https:\/\/kibrisdakik.com\/wp-content\/uploads\/2025\/06\/eylem-9-740x420.jpg","contentUrl":"https:\/\/kibrisdakik.com\/wp-content\/uploads\/2025\/06\/eylem-9-740x420.jpg","width":1600,"height":1126},{"@type":"BreadcrumbList","@id":"https:\/\/kibrisdakik.com\/?p=84323#breadcrumb","itemListElement":[{"@type":"ListItem","position":1,"name":"Home","item":"https:\/\/kibrisdakik.com\/"},{"@type":"ListItem","position":2,"name":"22 \u00f6\u011fretmenin 2 polisi darp etti\u011fi iddias\u0131 ile a\u00e7\u0131lan dava 1 Ekim\u2019e ertelendi"}]},{"@type":"WebSite","@id":"https:\/\/kibrisdakik.com\/#website","url":"https:\/\/kibrisdakik.com\/","name":"","description":"Tam vaktinde haber","potentialAction":[{"@type":"SearchAction","target":{"@type":"EntryPoint","urlTemplate":"https:\/\/kibrisdakik.com\/?s={search_term_string}"},"query-input":{"@type":"PropertyValueSpecification","valueRequired":true,"valueName":"search_term_string"}}],"inLanguage":"tr"},{"@type":"Person","@id":"https:\/\/kibrisdakik.com\/#\/schema\/person\/9cd9d437bbb44f72b73ba127e06d8e79","name":"admin","image":{"@type":"ImageObject","inLanguage":"tr","@id":"https:\/\/secure.gravatar.com\/avatar\/ccc17943b9d660506c869530f897617f7cb1c21a4bf30023f252596d83e1f007?s=96&d=mm&r=g","url":"https:\/\/secure.gravatar.com\/avatar\/ccc17943b9d660506c869530f897617f7cb1c21a4bf30023f252596d83e1f007?s=96&d=mm&r=g","contentUrl":"https:\/\/secure.gravatar.com\/avatar\/ccc17943b9d660506c869530f897617f7cb1c21a4bf30023f252596d83e1f007?s=96&d=mm&r=g","caption":"admin"},"sameAs":["https:\/\/kibrisdakik.com"],"url":"https:\/\/kibrisdakik.com\/?author=1"}]}},"_links":{"self":[{"href":"https:\/\/kibrisdakik.com\/index.php?rest_route=\/wp\/v2\/posts\/84323","targetHints":{"allow":["GET"]}}],"collection":[{"href":"https:\/\/kibrisdakik.com\/index.php?rest_route=\/wp\/v2\/posts"}],"about":[{"href":"https:\/\/kibrisdakik.com\/index.php?rest_route=\/wp\/v2\/types\/post"}],"author":[{"embeddable":true,"href":"https:\/\/kibrisdakik.com\/index.php?rest_route=\/wp\/v2\/users\/1"}],"replies":[{"embeddable":true,"href":"https:\/\/kibrisdakik.com\/index.php?rest_route=%2Fwp%2Fv2%2Fcomments&post=84323"}],"version-history":[{"count":0,"href":"https:\/\/kibrisdakik.com\/index.php?rest_route=\/wp\/v2\/posts\/84323\/revisions"}],"wp:featuredmedia":[{"embeddable":true,"href":"https:\/\/kibrisdakik.com\/index.php?rest_route=\/wp\/v2\/media\/84324"}],"wp:attachment":[{"href":"https:\/\/kibrisdakik.com\/index.php?rest_route=%2Fwp%2Fv2%2Fmedia&parent=84323"}],"wp:term":[{"taxonomy":"category","embeddable":true,"href":"https:\/\/kibrisdakik.com\/index.php?rest_route=%2Fwp%2Fv2%2Fcategories&post=84323"},{"taxonomy":"post_tag","embeddable":true,"href":"https:\/\/kibrisdakik.com\/index.php?rest_route=%2Fwp%2Fv2%2Ftags&post=84323"}],"curies":[{"name":"wp","href":"https:\/\/api.w.org\/{rel}","templated":true}]}}