{"id":84372,"date":"2025-06-11T15:05:50","date_gmt":"2025-06-11T12:05:50","guid":{"rendered":"https:\/\/kibrisdakik.com\/index.php\/2025\/06\/11\/cumhurbaskani-tatar-aihmin-mulkiyet-davasi-kararini-taka-degerlendirdi\/"},"modified":"2025-06-11T15:05:50","modified_gmt":"2025-06-11T12:05:50","slug":"cumhurbaskani-tatar-aihmin-mulkiyet-davasi-kararini-taka-degerlendirdi","status":"publish","type":"post","link":"https:\/\/kibrisdakik.com\/?p=84372","title":{"rendered":"Cumhurba\u015fkan\u0131 Tatar, A\u0130HM\u2019in m\u00fclkiyet davas\u0131 karar\u0131n\u0131 TAK\u2019a de\u011ferlendirdi"},"content":{"rendered":"<p> <br \/>\n<\/p>\n<div data-text-id=\"77971\" property=\"articleBody\">\n<p>Cumhurba\u015fkan\u0131 Ersin Tatar, Avrupa \u0130nsan Haklar\u0131 Mahkemesi\u2019nin (A\u0130HM) \u201cK.V. Mediterranean Tours Limited\u201d karar\u0131nda, Ta\u015f\u0131nmaz Mal Komisyonu\u2019nun (TMK) etkin bir i\u00e7 hukuk yolu oldu\u011fu tescilledi\u011fini belirterek, \u201cTa\u015f\u0131nmaz Mal Komisyonu vard\u0131r, i\u015fler ve \u00e7\u00f6z\u00fcm \u00fcretir\u201d dedi.<\/p>\n<p>Cumhurba\u015fkan\u0131 Tatar, bu karar\u0131n, Rum lider Nikos Hristodulidis ve Rum y\u00f6netiminin, K\u0131br\u0131s T\u00fcrk halk\u0131na kar\u015f\u0131 bask\u0131c\u0131 siyasetin \u201cne kadar \u00e7\u00f6km\u00fc\u015f ve inand\u0131r\u0131c\u0131l\u0131\u011f\u0131n\u0131 yitirmi\u015f\u201d oldu\u011funu da g\u00f6sterdi\u011fini belirterek, \u201cBu sadece bir mahkeme karar\u0131 de\u011fil, ayn\u0131 zamanda bir uyar\u0131d\u0131r. \u2018K\u0131br\u0131s T\u00fcrk taraf\u0131n\u0131 yok sayarak, abluka alt\u0131na alarak bir \u00e7\u00f6z\u00fcm elde edemezsiniz\u2019 mesaj\u0131d\u0131r\u201d ifadelerini kulland\u0131.<\/p>\n<p>Cumhurba\u015fkan\u0131 Ersin Tatar, \u201cBen bu vesileyle halk\u0131m\u0131z\u0131n t\u00fcm kesimlerine, hangi g\u00f6r\u00fc\u015ften olursa olsun, bir kez daha birlik \u00e7a\u011fr\u0131s\u0131 yapmak istiyorum. TMK, K\u0131br\u0131s T\u00fcrk halk\u0131n\u0131n kendi hukuk sistemine duydu\u011fu g\u00fcvenin bir ifadesidir. Kendi ayaklar\u0131 \u00fczerinde duran bir K\u0131br\u0131s T\u00fcrk Halk\u0131, Rum liderli\u011fini en \u00e7ok korkutan \u015feydir\u201d dedi.<\/p>\n<p>Cumhurba\u015fkan\u0131 Ersin Tatar, A\u0130HM\u2019in m\u00fclkiyet davas\u0131 karar\u0131n\u0131 T\u00fcrk Ajans\u0131 K\u0131br\u0131s\u2019a (TAK) de\u011ferlendirdi.<\/p>\n<div class=\"post-flash\">\n        <!--\n\n<h3 class=\"post-flash__title\">G&ouml;zden ka&ccedil;&#305;rmay&#305;n<\/h3>\n\n--><\/p>\n<div class=\"row g-0 align-items-center\">\n<div class=\"col-5 col-sm-3\">\n                \n            <\/div>\n<div class=\"col-7 col-sm-9\">\n<div class=\"post-flash-heading p-2\">\n<p>Tekakp\u0131nar\u2019dan T\u00fcrk devletlerine \u00e7a\u011fr\u0131: &#8220;Ticaret ve i\u015f birli\u011fini art\u0131rmak i\u00e7in harekete ge\u00e7elim&#8221;<\/p>\n<p>\u0130\u00e7eri\u011fi G\u00f6r\u00fcnt\u00fcle <i class=\"fa fa-arrow-right ps-2\"\/><\/p>\n<\/p><\/div>\n<\/p><\/div>\n<\/p><\/div>\n<\/p><\/div>\n<p>Cumhurba\u015fkan\u0131 Tatar, Avrupa \u0130nsan Haklar\u0131 Mahkemesi\u2019nin 10 Haziran 2025 tarihli \u201cK.V. Mediterranean Tours Limited\u201d T\u00fcrkiye karar\u0131nda, Ta\u015f\u0131nmaz Mal Komisyonu\u2019nun etkin bir i\u00e7 hukuk yolu oldu\u011funun bir kez daha vurguland\u0131\u011f\u0131n\u0131 belirterek, \u015f\u00f6yle devam etti:<\/p>\n<p>-Bu karar hakl\u0131l\u0131\u011f\u0131m\u0131z\u0131 yeniden tescillemi\u015ftir<\/p>\n<p>\u201cBu karar, asl\u0131nda uzun s\u00fcredir s\u00fcrd\u00fcrd\u00fc\u011f\u00fcm\u00fcz hukuki ve siyasi m\u00fccadelenin hakl\u0131l\u0131\u011f\u0131n\u0131 yeniden tescillemi\u015ftir. TMK&#8217;n\u0131n varl\u0131\u011f\u0131, i\u015fleyi\u015fi ve yetki alan\u0131 ilk kez onaylanm\u0131yor, bu A\u0130HM kararlar\u0131nda istikrarl\u0131 bi\u00e7imde teyit edilen bir ger\u00e7ekliktir. Dolay\u0131s\u0131yla burada yeni olan bir durum de\u011fil, Rum taraf\u0131n\u0131n g\u00f6rmezden gelmeye \u00e7al\u0131\u015ft\u0131\u011f\u0131 etkin bir hukuki yap\u0131n\u0131n bir kez daha uluslararas\u0131 d\u00fczeyde kabul g\u00f6rmesidir. Ta\u015f\u0131nmaz Mal Komisyonu vard\u0131r, i\u015fler ve \u00e7\u00f6z\u00fcm \u00fcretir.\u201d<\/p>\n<p>Mahkemenin, m\u00fclkiyetin iadesinin tek yol olmad\u0131\u011f\u0131n\u0131, tazminat ve takas gibi y\u00f6ntemlerin de ge\u00e7erli telafi bi\u00e7imleri oldu\u011funu ifade etti\u011fini belirten Tatar, bunun \u00e7ok kritik bir nokta oldu\u011funu, Rum taraf\u0131n\u0131n y\u0131llard\u0131r \u201cmutlak iade\u201d anlay\u0131\u015f\u0131n\u0131 kutsal bir hak gibi sundu\u011funu, ancak bu karar\u0131n, bu s\u00f6ylemin art\u0131k bir ge\u00e7erlili\u011fi olmad\u0131\u011f\u0131n\u0131 bir kez daha a\u00e7\u0131k\u00e7a ilan etti\u011fini kaydetti.<\/p>\n<p>Tatar, \u201cA\u0130HM, TMK&#8217;n\u0131n sundu\u011fu tazminat, takas ve iade se\u00e7eneklerinin t\u00fcm\u00fcn\u00fcn insan haklar\u0131na uygun telafi bi\u00e7imleri oldu\u011funu s\u00f6yl\u00fcyor. Hukuk d\u0131\u015f\u0131, tek tarafl\u0131 beklentiler de\u011fil, \u00e7ok tarafl\u0131, adil ve makul yakla\u015f\u0131mlar esas al\u0131nmal\u0131d\u0131r. Bu da TMK&#8217;n\u0131n varl\u0131\u011f\u0131n\u0131 ve me\u015fruiyetini peki\u015ftirmi\u015ftir\u201d dedi.<\/p>\n<p>Kararda baz\u0131 gecikmelere de de\u011finildi\u011fi, A\u0130HM\u2019in, s\u00fcrecin adil yarg\u0131lama ilkesiyle genel hatlar\u0131yla uyumlu oldu\u011funu belirtti\u011fini ifade eden Tatar, \u201cbu ele\u015ftirileri nas\u0131l yorumluyorsunuz\u201d sorusu \u00fczerine \u015funlar\u0131 s\u00f6yledi:<\/p>\n<p>-Bu bizim i\u00e7in bir f\u0131rsatt\u0131r<\/p>\n<p>\u201cA\u0130HM\u2019nin bu noktada dengeli davrand\u0131\u011f\u0131n\u0131 s\u00f6yleyebilirim. Baz\u0131 gecikmelerin ba\u015fvurandan kaynakland\u0131\u011f\u0131n\u0131 not etmi\u015f, di\u011fer taraftan bizim de kurumlar\u0131m\u0131z\u0131 geli\u015ftirmemiz gerekti\u011fine i\u015faret etmi\u015ftir. Bu bizim i\u00e7in bir f\u0131rsatt\u0131r. TMK zaten dinamik bir yap\u0131d\u0131r ve s\u00fcre\u00e7leri daha \u015feffaf, h\u0131zl\u0131 ve etkin hale getirmek i\u00e7in elimizden geleni yapaca\u011f\u0131z. Buradaki \u00f6nemli vurgu, A\u0130HM\u2019in, TMK\u2019n\u0131n adil yarg\u0131lama ilkesiyle \u00e7eli\u015fmedi\u011fini, aksine, uluslararas\u0131 hukuka uygun \u00e7al\u0131\u015ft\u0131\u011f\u0131n\u0131 a\u00e7\u0131k\u00e7a ifade etmesidir.\u201d<\/p>\n<p>Tatar, A\u0130HM karar\u0131n\u0131n, Kapal\u0131 Mara\u015f\u2019taki ta\u015f\u0131nmazlara ili\u015fkin TMK\u2019n\u0131n Vak\u0131flar \u0130daresi\u2019ni m\u00fcdahil taraf olarak kabul etmesini de adil buldu\u011fu, ayr\u0131ca Y\u00fcksek \u0130dare Mahkemesi yarg\u0131\u00e7lar\u0131n\u0131n davalarda g\u00f6rev almas\u0131n\u0131n menfaat \u00e7at\u0131\u015fmas\u0131 yaratmad\u0131\u011f\u0131n\u0131 belirtmesini de \u015f\u00f6yle yorumlad\u0131:<\/p>\n<p>-&#8220;Bu karar\u0131n en \u00e7arp\u0131c\u0131 boyutlar\u0131ndan biri budur&#8221;<\/p>\n<p>\u201cBu karar\u0131n en \u00e7arp\u0131c\u0131 boyutlar\u0131ndan biri de budur. A\u0130HM, Vak\u0131flar \u0130daresi\u2019nin Kapal\u0131 Mara\u015f ba\u015fta olmak \u00fczere \u00e7e\u015fitli b\u00f6lgelerdeki tarihsel m\u00fclkiyet iddialar\u0131n\u0131 dikkate alarak TMK nezdindeki m\u00fcdahilli\u011fini me\u015fru, gerekli ve adil yarg\u0131lama ilkesiyle uyumlu bulmu\u015ftur. Bu, bizim y\u0131llard\u0131r ar\u015fiv belgeleriyle, tapu kay\u0131tlar\u0131yla ve hukuk temelli arg\u00fcmanlarla savundu\u011fumuz vak\u0131f mallar\u0131n\u0131n stat\u00fcs\u00fcn\u00fcn uluslararas\u0131 hukukta g\u00f6rmezden gelinemeyece\u011fini g\u00f6steren \u00f6nemli bir tespittir.<\/p>\n<p>Ayn\u0131 \u015fekilde, Rum taraf\u0131n\u0131n s\u0131k\u00e7a dile getirdi\u011fi bir ba\u015fka \u00e7arp\u0131tmay\u0131 da A\u0130HM a\u00e7\u0131k\u00e7a \u00e7\u00fcr\u00fctm\u00fc\u015ft\u00fcr: Y\u00fcksek \u0130dare Mahkemesi yarg\u0131\u00e7lar\u0131n\u0131n s\u00f6z konusu davalarda g\u00f6rev almalar\u0131n\u0131n, tarafs\u0131zl\u0131k ve menfaat \u00e7at\u0131\u015fmas\u0131 do\u011furmad\u0131\u011f\u0131n\u0131 karara ge\u00e7irmi\u015ftir. Bu, KKTC yarg\u0131s\u0131n\u0131n ba\u011f\u0131ms\u0131zl\u0131\u011f\u0131na ve kurumsal b\u00fct\u00fcnl\u00fc\u011f\u00fcne duyulan uluslararas\u0131 g\u00fcvenin ifadesidir.\u201d<\/p>\n<p>-&#8220;Rum y\u00f6netimine mesaj&#8221;<\/p>\n<p>\u201cRum liderli\u011finin bu karar\u0131 nas\u0131l kar\u015f\u0131layaca\u011f\u0131\u201d sorusuna da Tatar, \u015fu cevab\u0131 verdi:<\/p>\n<p>\u201cSay\u0131n Hristodulidis ve liderli\u011fini yapt\u0131\u011f\u0131 Rum y\u00f6netimi, uzun s\u00fcredir insan haklar\u0131 ve uluslararas\u0131 hukuk kavramlar\u0131n\u0131 ara\u00e7salla\u015ft\u0131rarak, K\u0131br\u0131s T\u00fcrk halk\u0131na kar\u015f\u0131 bask\u0131c\u0131 bir siyaset y\u00fcr\u00fct\u00fcyor. Bu karar, i\u015fte tam da bu siyasetin ne kadar \u00e7\u00f6km\u00fc\u015f ve inand\u0131r\u0131c\u0131l\u0131\u011f\u0131n\u0131 yitirmi\u015f oldu\u011funu g\u00f6steriyor. Bu sadece bir mahkeme karar\u0131 de\u011fil, ayn\u0131 zamanda bir uyar\u0131d\u0131r. \u2018K\u0131br\u0131s T\u00fcrk taraf\u0131n\u0131 yok sayarak, abluka alt\u0131na alarak bir \u00e7\u00f6z\u00fcm elde edemezsiniz\u2019 mesaj\u0131d\u0131r.<\/p>\n<p>Rum taraf\u0131n\u0131n \u0131srarla s\u00fcrd\u00fcrd\u00fc\u011f\u00fc abluka siyaseti, sadece do\u011frudan u\u00e7u\u015f, do\u011frudan ticaret ve do\u011frudan temas\u0131m\u0131z\u0131 engellemeyle s\u0131n\u0131rl\u0131 de\u011fildir. M\u00fclkiyet meselesi \u00fczerinden de halk\u0131m\u0131z\u0131 uluslararas\u0131 sistemin d\u0131\u015f\u0131na itmeye \u00e7al\u0131\u015f\u0131yorlar. Bu karar, i\u015fte bu \u00e7ok katmanl\u0131 abluka siyasetinin ne kadar hukuk d\u0131\u015f\u0131 oldu\u011funu ortaya koyuyor. Biz bunu her f\u0131rsatta, her zeminde dile getiriyoruz. BM Genel Sekreteri Say\u0131n Guterres de dahil, sesimizi ula\u015ft\u0131rabildi\u011fimiz t\u00fcm uluslararas\u0131 muhataplara, bu ger\u00e7ekli\u011fi anlat\u0131yoruz. \u00c7\u00fcnk\u00fc bu, sadece bir halk\u0131n m\u00fclkiyet hakk\u0131 de\u011fil, temel insan haklar\u0131n\u0131n tesisi, ayn\u0131 zamanda iradesi, varl\u0131\u011f\u0131 ve gelece\u011fi meselesidir.\u201d<\/p>\n<p>-Kamuoyuna \u00e7a\u011fr\u0131<\/p>\n<p>Cumhurba\u015fkan\u0131 Tatar, karar sonras\u0131 da \u015fu \u00e7a\u011fr\u0131y\u0131 yapt\u0131:<\/p>\n<p>\u201cBen bu vesileyle halk\u0131m\u0131z\u0131n t\u00fcm kesimlerine, hangi g\u00f6r\u00fc\u015ften olursa olsun, bir kez daha birlik \u00e7a\u011fr\u0131s\u0131 yapmak istiyorum. TMK, K\u0131br\u0131s T\u00fcrk halk\u0131n\u0131n kendi hukuk sistemine duydu\u011fu g\u00fcvenin bir ifadesidir. Bu karar, d\u0131\u015flay\u0131c\u0131, d\u00fc\u015fmanca ve bask\u0131c\u0131 siyasetlere kar\u015f\u0131 elimizdeki en g\u00fc\u00e7l\u00fc cevab\u0131n, kendi kurumlar\u0131m\u0131z oldu\u011funu g\u00f6stermi\u015ftir. O y\u00fczden bu yap\u0131lar\u0131m\u0131za sahip \u00e7\u0131kmak, onlar\u0131 g\u00fc\u00e7lendirmek ve i\u00e7eride dayan\u0131\u015fmay\u0131 art\u0131rmak zorunday\u0131z. Kendi ayaklar\u0131 \u00fczerinde duran bir K\u0131br\u0131s T\u00fcrk halk\u0131, Rum liderli\u011fini en \u00e7ok korkutan \u015feydir. Ekonomimizi, kurumlar\u0131m\u0131z\u0131 hedef al\u0131yorlar \u00e7\u00fcnk\u00fc kendi kendimize yetmemiz onlar\u0131n planlar\u0131na uymuyor. Ama biz y\u0131lmadan \u00e7al\u0131\u015faca\u011f\u0131z.<\/p>\n<p>Bizim \u00e7\u00f6z\u00fcm vizyonumuz \u00e7ok nettir: K\u0131br\u0131s\u2019ta iki ayr\u0131 halk, iki ayr\u0131 demokrasi, iki ayr\u0131 egemen devlet vard\u0131r. Bu, tarihi, co\u011frafi, siyasi ve hukuki bir ger\u00e7ekliktir. Dolay\u0131s\u0131yla \u00e7\u00f6z\u00fcm olacaksa bu, ancak egemen e\u015fitlik ve e\u015fit uluslararas\u0131 stat\u00fc temelinde m\u00fcmk\u00fcnd\u00fcr. K\u0131br\u0131s T\u00fcrk halk\u0131 art\u0131k federasyon masallar\u0131na inanm\u0131yor. On y\u0131llard\u0131r s\u00fcren federasyon m\u00fczakereleri bize hi\u00e7bir \u015fey kazand\u0131rmad\u0131, sadece Rum taraf\u0131n\u0131n haks\u0131z hukuksuz silah zoruyla elde etti\u011fi stat\u00fcy\u00fc bir konfor alan\u0131na d\u00f6n\u00fc\u015ft\u00fcrd\u00fc bizim stat\u00fcm\u00fcz\u00fc ise a\u015f\u0131nd\u0131rd\u0131. O nedenle art\u0131k ayaklar\u0131 yere basan, ger\u00e7ek\u00e7i ve halk\u0131m\u0131z\u0131n onurunu koruyan bir \u00e7\u00f6z\u00fcm modelinden yanay\u0131z.<\/p>\n<p>Bu vizyon, san\u0131ld\u0131\u011f\u0131ndan \u00e7ok daha fazla uluslararas\u0131 zeminde kar\u015f\u0131l\u0131k buluyor. Elbette k\u0131sa vadede tan\u0131nma gibi s\u00fcre\u00e7ler zaman alabilir ama \u00f6nemli olan, K\u0131br\u0131s T\u00fcrk halk\u0131n\u0131n iradesine dayanan ve kar\u015f\u0131 taraf\u0131n da ger\u00e7ekleri kabul etmesini zorunlu k\u0131lan bir \u00e7izgide y\u00fcr\u00fcmektir.\u201d<\/p>\n<\/p><\/div>\n<p><br \/>\n<br \/><a href=\"> K\u0131br\u0131s dakik<\/a><\/p>\n","protected":false},"excerpt":{"rendered":"<p>Cumhurba\u015fkan\u0131 Ersin Tatar, Avrupa \u0130nsan Haklar\u0131 Mahkemesi\u2019nin (A\u0130HM) \u201cK.V. Mediterranean Tours Limited\u201d karar\u0131nda, Ta\u015f\u0131nmaz Mal Komisyonu\u2019nun (TMK) etkin bir i\u00e7 hukuk yolu oldu\u011fu tescilledi\u011fini belirterek, \u201cTa\u015f\u0131nmaz Mal Komisyonu vard\u0131r, i\u015fler ve \u00e7\u00f6z\u00fcm \u00fcretir\u201d dedi. Cumhurba\u015fkan\u0131 Tatar, bu karar\u0131n, Rum lider Nikos Hristodulidis ve Rum y\u00f6netiminin, K\u0131br\u0131s T\u00fcrk halk\u0131na kar\u015f\u0131 bask\u0131c\u0131 siyasetin \u201cne kadar \u00e7\u00f6km\u00fc\u015f ve<\/p>\n","protected":false},"author":1,"featured_media":84373,"comment_status":"open","ping_status":"open","sticky":false,"template":"","format":"standard","meta":{"footnotes":""},"categories":[81,101],"tags":[],"class_list":["post-84372","post","type-post","status-publish","format-standard","has-post-thumbnail","hentry","category-kibris","category-manset"],"yoast_head":"<!-- This site is optimized with the Yoast SEO plugin v27.4 - https:\/\/yoast.com\/product\/yoast-seo-wordpress\/ -->\n<title>Cumhurba\u015fkan\u0131 Tatar, A\u0130HM\u2019in m\u00fclkiyet davas\u0131 karar\u0131n\u0131 TAK\u2019a de\u011ferlendirdi -<\/title>\n<meta name=\"robots\" content=\"index, follow, max-snippet:-1, max-image-preview:large, max-video-preview:-1\" \/>\n<link rel=\"canonical\" href=\"https:\/\/kibrisdakik.com\/?p=84372\" \/>\n<meta property=\"og:locale\" content=\"tr_TR\" \/>\n<meta property=\"og:type\" content=\"article\" \/>\n<meta property=\"og:title\" content=\"Cumhurba\u015fkan\u0131 Tatar, A\u0130HM\u2019in m\u00fclkiyet davas\u0131 karar\u0131n\u0131 TAK\u2019a de\u011ferlendirdi -\" \/>\n<meta property=\"og:description\" content=\"Cumhurba\u015fkan\u0131 Ersin Tatar, Avrupa \u0130nsan Haklar\u0131 Mahkemesi\u2019nin (A\u0130HM) \u201cK.V. Mediterranean Tours Limited\u201d karar\u0131nda, Ta\u015f\u0131nmaz Mal Komisyonu\u2019nun (TMK) etkin bir i\u00e7 hukuk yolu oldu\u011fu tescilledi\u011fini belirterek, \u201cTa\u015f\u0131nmaz Mal Komisyonu vard\u0131r, i\u015fler ve \u00e7\u00f6z\u00fcm \u00fcretir\u201d dedi. Cumhurba\u015fkan\u0131 Tatar, bu karar\u0131n, Rum lider Nikos Hristodulidis ve Rum y\u00f6netiminin, K\u0131br\u0131s T\u00fcrk halk\u0131na kar\u015f\u0131 bask\u0131c\u0131 siyasetin \u201cne kadar \u00e7\u00f6km\u00fc\u015f ve\" \/>\n<meta property=\"og:url\" content=\"https:\/\/kibrisdakik.com\/?p=84372\" \/>\n<meta property=\"article:published_time\" content=\"2025-06-11T12:05:50+00:00\" \/>\n<meta property=\"og:image\" content=\"https:\/\/kibrisdakik.com\/wp-content\/uploads\/2025\/06\/tatar-27-740x420.jpg\" \/>\n\t<meta property=\"og:image:width\" content=\"864\" \/>\n\t<meta property=\"og:image:height\" content=\"486\" \/>\n\t<meta property=\"og:image:type\" content=\"image\/jpeg\" \/>\n<meta name=\"author\" content=\"admin\" \/>\n<meta name=\"twitter:card\" content=\"summary_large_image\" \/>\n<meta name=\"twitter:label1\" content=\"Yazan:\" \/>\n\t<meta name=\"twitter:data1\" content=\"admin\" \/>\n\t<meta name=\"twitter:label2\" content=\"Tahmini okuma s\u00fcresi\" \/>\n\t<meta name=\"twitter:data2\" content=\"7 dakika\" \/>\n<script type=\"application\/ld+json\" class=\"yoast-schema-graph\">{\"@context\":\"https:\\\/\\\/schema.org\",\"@graph\":[{\"@type\":\"Article\",\"@id\":\"https:\\\/\\\/kibrisdakik.com\\\/?p=84372#article\",\"isPartOf\":{\"@id\":\"https:\\\/\\\/kibrisdakik.com\\\/?p=84372\"},\"author\":{\"name\":\"admin\",\"@id\":\"https:\\\/\\\/kibrisdakik.com\\\/#\\\/schema\\\/person\\\/9cd9d437bbb44f72b73ba127e06d8e79\"},\"headline\":\"Cumhurba\u015fkan\u0131 Tatar, A\u0130HM\u2019in m\u00fclkiyet davas\u0131 karar\u0131n\u0131 TAK\u2019a de\u011ferlendirdi\",\"datePublished\":\"2025-06-11T12:05:50+00:00\",\"mainEntityOfPage\":{\"@id\":\"https:\\\/\\\/kibrisdakik.com\\\/?p=84372\"},\"wordCount\":1485,\"commentCount\":0,\"image\":{\"@id\":\"https:\\\/\\\/kibrisdakik.com\\\/?p=84372#primaryimage\"},\"thumbnailUrl\":\"https:\\\/\\\/kibrisdakik.com\\\/wp-content\\\/uploads\\\/2025\\\/06\\\/tatar-27-740x420.jpg\",\"articleSection\":[\"K\u0131br\u0131s\",\"Man\u015fet\"],\"inLanguage\":\"tr\",\"potentialAction\":[{\"@type\":\"CommentAction\",\"name\":\"Comment\",\"target\":[\"https:\\\/\\\/kibrisdakik.com\\\/?p=84372#respond\"]}]},{\"@type\":\"WebPage\",\"@id\":\"https:\\\/\\\/kibrisdakik.com\\\/?p=84372\",\"url\":\"https:\\\/\\\/kibrisdakik.com\\\/?p=84372\",\"name\":\"Cumhurba\u015fkan\u0131 Tatar, A\u0130HM\u2019in m\u00fclkiyet davas\u0131 karar\u0131n\u0131 TAK\u2019a de\u011ferlendirdi -\",\"isPartOf\":{\"@id\":\"https:\\\/\\\/kibrisdakik.com\\\/#website\"},\"primaryImageOfPage\":{\"@id\":\"https:\\\/\\\/kibrisdakik.com\\\/?p=84372#primaryimage\"},\"image\":{\"@id\":\"https:\\\/\\\/kibrisdakik.com\\\/?p=84372#primaryimage\"},\"thumbnailUrl\":\"https:\\\/\\\/kibrisdakik.com\\\/wp-content\\\/uploads\\\/2025\\\/06\\\/tatar-27-740x420.jpg\",\"datePublished\":\"2025-06-11T12:05:50+00:00\",\"author\":{\"@id\":\"https:\\\/\\\/kibrisdakik.com\\\/#\\\/schema\\\/person\\\/9cd9d437bbb44f72b73ba127e06d8e79\"},\"breadcrumb\":{\"@id\":\"https:\\\/\\\/kibrisdakik.com\\\/?p=84372#breadcrumb\"},\"inLanguage\":\"tr\",\"potentialAction\":[{\"@type\":\"ReadAction\",\"target\":[\"https:\\\/\\\/kibrisdakik.com\\\/?p=84372\"]}]},{\"@type\":\"ImageObject\",\"inLanguage\":\"tr\",\"@id\":\"https:\\\/\\\/kibrisdakik.com\\\/?p=84372#primaryimage\",\"url\":\"https:\\\/\\\/kibrisdakik.com\\\/wp-content\\\/uploads\\\/2025\\\/06\\\/tatar-27-740x420.jpg\",\"contentUrl\":\"https:\\\/\\\/kibrisdakik.com\\\/wp-content\\\/uploads\\\/2025\\\/06\\\/tatar-27-740x420.jpg\",\"width\":864,\"height\":486},{\"@type\":\"BreadcrumbList\",\"@id\":\"https:\\\/\\\/kibrisdakik.com\\\/?p=84372#breadcrumb\",\"itemListElement\":[{\"@type\":\"ListItem\",\"position\":1,\"name\":\"Home\",\"item\":\"https:\\\/\\\/kibrisdakik.com\\\/\"},{\"@type\":\"ListItem\",\"position\":2,\"name\":\"Cumhurba\u015fkan\u0131 Tatar, A\u0130HM\u2019in m\u00fclkiyet davas\u0131 karar\u0131n\u0131 TAK\u2019a de\u011ferlendirdi\"}]},{\"@type\":\"WebSite\",\"@id\":\"https:\\\/\\\/kibrisdakik.com\\\/#website\",\"url\":\"https:\\\/\\\/kibrisdakik.com\\\/\",\"name\":\"\",\"description\":\"Tam vaktinde haber\",\"potentialAction\":[{\"@type\":\"SearchAction\",\"target\":{\"@type\":\"EntryPoint\",\"urlTemplate\":\"https:\\\/\\\/kibrisdakik.com\\\/?s={search_term_string}\"},\"query-input\":{\"@type\":\"PropertyValueSpecification\",\"valueRequired\":true,\"valueName\":\"search_term_string\"}}],\"inLanguage\":\"tr\"},{\"@type\":\"Person\",\"@id\":\"https:\\\/\\\/kibrisdakik.com\\\/#\\\/schema\\\/person\\\/9cd9d437bbb44f72b73ba127e06d8e79\",\"name\":\"admin\",\"image\":{\"@type\":\"ImageObject\",\"inLanguage\":\"tr\",\"@id\":\"https:\\\/\\\/secure.gravatar.com\\\/avatar\\\/ccc17943b9d660506c869530f897617f7cb1c21a4bf30023f252596d83e1f007?s=96&d=mm&r=g\",\"url\":\"https:\\\/\\\/secure.gravatar.com\\\/avatar\\\/ccc17943b9d660506c869530f897617f7cb1c21a4bf30023f252596d83e1f007?s=96&d=mm&r=g\",\"contentUrl\":\"https:\\\/\\\/secure.gravatar.com\\\/avatar\\\/ccc17943b9d660506c869530f897617f7cb1c21a4bf30023f252596d83e1f007?s=96&d=mm&r=g\",\"caption\":\"admin\"},\"sameAs\":[\"https:\\\/\\\/kibrisdakik.com\"],\"url\":\"https:\\\/\\\/kibrisdakik.com\\\/?author=1\"}]}<\/script>\n<!-- \/ Yoast SEO plugin. -->","yoast_head_json":{"title":"Cumhurba\u015fkan\u0131 Tatar, A\u0130HM\u2019in m\u00fclkiyet davas\u0131 karar\u0131n\u0131 TAK\u2019a de\u011ferlendirdi -","robots":{"index":"index","follow":"follow","max-snippet":"max-snippet:-1","max-image-preview":"max-image-preview:large","max-video-preview":"max-video-preview:-1"},"canonical":"https:\/\/kibrisdakik.com\/?p=84372","og_locale":"tr_TR","og_type":"article","og_title":"Cumhurba\u015fkan\u0131 Tatar, A\u0130HM\u2019in m\u00fclkiyet davas\u0131 karar\u0131n\u0131 TAK\u2019a de\u011ferlendirdi -","og_description":"Cumhurba\u015fkan\u0131 Ersin Tatar, Avrupa \u0130nsan Haklar\u0131 Mahkemesi\u2019nin (A\u0130HM) \u201cK.V. Mediterranean Tours Limited\u201d karar\u0131nda, Ta\u015f\u0131nmaz Mal Komisyonu\u2019nun (TMK) etkin bir i\u00e7 hukuk yolu oldu\u011fu tescilledi\u011fini belirterek, \u201cTa\u015f\u0131nmaz Mal Komisyonu vard\u0131r, i\u015fler ve \u00e7\u00f6z\u00fcm \u00fcretir\u201d dedi. Cumhurba\u015fkan\u0131 Tatar, bu karar\u0131n, Rum lider Nikos Hristodulidis ve Rum y\u00f6netiminin, K\u0131br\u0131s T\u00fcrk halk\u0131na kar\u015f\u0131 bask\u0131c\u0131 siyasetin \u201cne kadar \u00e7\u00f6km\u00fc\u015f ve","og_url":"https:\/\/kibrisdakik.com\/?p=84372","article_published_time":"2025-06-11T12:05:50+00:00","og_image":[{"width":864,"height":486,"url":"https:\/\/kibrisdakik.com\/wp-content\/uploads\/2025\/06\/tatar-27-740x420.jpg","type":"image\/jpeg"}],"author":"admin","twitter_card":"summary_large_image","twitter_misc":{"Yazan:":"admin","Tahmini okuma s\u00fcresi":"7 dakika"},"schema":{"@context":"https:\/\/schema.org","@graph":[{"@type":"Article","@id":"https:\/\/kibrisdakik.com\/?p=84372#article","isPartOf":{"@id":"https:\/\/kibrisdakik.com\/?p=84372"},"author":{"name":"admin","@id":"https:\/\/kibrisdakik.com\/#\/schema\/person\/9cd9d437bbb44f72b73ba127e06d8e79"},"headline":"Cumhurba\u015fkan\u0131 Tatar, A\u0130HM\u2019in m\u00fclkiyet davas\u0131 karar\u0131n\u0131 TAK\u2019a de\u011ferlendirdi","datePublished":"2025-06-11T12:05:50+00:00","mainEntityOfPage":{"@id":"https:\/\/kibrisdakik.com\/?p=84372"},"wordCount":1485,"commentCount":0,"image":{"@id":"https:\/\/kibrisdakik.com\/?p=84372#primaryimage"},"thumbnailUrl":"https:\/\/kibrisdakik.com\/wp-content\/uploads\/2025\/06\/tatar-27-740x420.jpg","articleSection":["K\u0131br\u0131s","Man\u015fet"],"inLanguage":"tr","potentialAction":[{"@type":"CommentAction","name":"Comment","target":["https:\/\/kibrisdakik.com\/?p=84372#respond"]}]},{"@type":"WebPage","@id":"https:\/\/kibrisdakik.com\/?p=84372","url":"https:\/\/kibrisdakik.com\/?p=84372","name":"Cumhurba\u015fkan\u0131 Tatar, A\u0130HM\u2019in m\u00fclkiyet davas\u0131 karar\u0131n\u0131 TAK\u2019a de\u011ferlendirdi -","isPartOf":{"@id":"https:\/\/kibrisdakik.com\/#website"},"primaryImageOfPage":{"@id":"https:\/\/kibrisdakik.com\/?p=84372#primaryimage"},"image":{"@id":"https:\/\/kibrisdakik.com\/?p=84372#primaryimage"},"thumbnailUrl":"https:\/\/kibrisdakik.com\/wp-content\/uploads\/2025\/06\/tatar-27-740x420.jpg","datePublished":"2025-06-11T12:05:50+00:00","author":{"@id":"https:\/\/kibrisdakik.com\/#\/schema\/person\/9cd9d437bbb44f72b73ba127e06d8e79"},"breadcrumb":{"@id":"https:\/\/kibrisdakik.com\/?p=84372#breadcrumb"},"inLanguage":"tr","potentialAction":[{"@type":"ReadAction","target":["https:\/\/kibrisdakik.com\/?p=84372"]}]},{"@type":"ImageObject","inLanguage":"tr","@id":"https:\/\/kibrisdakik.com\/?p=84372#primaryimage","url":"https:\/\/kibrisdakik.com\/wp-content\/uploads\/2025\/06\/tatar-27-740x420.jpg","contentUrl":"https:\/\/kibrisdakik.com\/wp-content\/uploads\/2025\/06\/tatar-27-740x420.jpg","width":864,"height":486},{"@type":"BreadcrumbList","@id":"https:\/\/kibrisdakik.com\/?p=84372#breadcrumb","itemListElement":[{"@type":"ListItem","position":1,"name":"Home","item":"https:\/\/kibrisdakik.com\/"},{"@type":"ListItem","position":2,"name":"Cumhurba\u015fkan\u0131 Tatar, A\u0130HM\u2019in m\u00fclkiyet davas\u0131 karar\u0131n\u0131 TAK\u2019a de\u011ferlendirdi"}]},{"@type":"WebSite","@id":"https:\/\/kibrisdakik.com\/#website","url":"https:\/\/kibrisdakik.com\/","name":"","description":"Tam vaktinde haber","potentialAction":[{"@type":"SearchAction","target":{"@type":"EntryPoint","urlTemplate":"https:\/\/kibrisdakik.com\/?s={search_term_string}"},"query-input":{"@type":"PropertyValueSpecification","valueRequired":true,"valueName":"search_term_string"}}],"inLanguage":"tr"},{"@type":"Person","@id":"https:\/\/kibrisdakik.com\/#\/schema\/person\/9cd9d437bbb44f72b73ba127e06d8e79","name":"admin","image":{"@type":"ImageObject","inLanguage":"tr","@id":"https:\/\/secure.gravatar.com\/avatar\/ccc17943b9d660506c869530f897617f7cb1c21a4bf30023f252596d83e1f007?s=96&d=mm&r=g","url":"https:\/\/secure.gravatar.com\/avatar\/ccc17943b9d660506c869530f897617f7cb1c21a4bf30023f252596d83e1f007?s=96&d=mm&r=g","contentUrl":"https:\/\/secure.gravatar.com\/avatar\/ccc17943b9d660506c869530f897617f7cb1c21a4bf30023f252596d83e1f007?s=96&d=mm&r=g","caption":"admin"},"sameAs":["https:\/\/kibrisdakik.com"],"url":"https:\/\/kibrisdakik.com\/?author=1"}]}},"_links":{"self":[{"href":"https:\/\/kibrisdakik.com\/index.php?rest_route=\/wp\/v2\/posts\/84372","targetHints":{"allow":["GET"]}}],"collection":[{"href":"https:\/\/kibrisdakik.com\/index.php?rest_route=\/wp\/v2\/posts"}],"about":[{"href":"https:\/\/kibrisdakik.com\/index.php?rest_route=\/wp\/v2\/types\/post"}],"author":[{"embeddable":true,"href":"https:\/\/kibrisdakik.com\/index.php?rest_route=\/wp\/v2\/users\/1"}],"replies":[{"embeddable":true,"href":"https:\/\/kibrisdakik.com\/index.php?rest_route=%2Fwp%2Fv2%2Fcomments&post=84372"}],"version-history":[{"count":0,"href":"https:\/\/kibrisdakik.com\/index.php?rest_route=\/wp\/v2\/posts\/84372\/revisions"}],"wp:featuredmedia":[{"embeddable":true,"href":"https:\/\/kibrisdakik.com\/index.php?rest_route=\/wp\/v2\/media\/84373"}],"wp:attachment":[{"href":"https:\/\/kibrisdakik.com\/index.php?rest_route=%2Fwp%2Fv2%2Fmedia&parent=84372"}],"wp:term":[{"taxonomy":"category","embeddable":true,"href":"https:\/\/kibrisdakik.com\/index.php?rest_route=%2Fwp%2Fv2%2Fcategories&post=84372"},{"taxonomy":"post_tag","embeddable":true,"href":"https:\/\/kibrisdakik.com\/index.php?rest_route=%2Fwp%2Fv2%2Ftags&post=84372"}],"curies":[{"name":"wp","href":"https:\/\/api.w.org\/{rel}","templated":true}]}}