{"id":84378,"date":"2025-06-11T15:30:40","date_gmt":"2025-06-11T12:30:40","guid":{"rendered":"https:\/\/kibrisdakik.com\/index.php\/2025\/06\/11\/genclik-federasyonu-heyeti-azerbaycandaki-etkinliklere-katilmak-amaciyla-bakuye-gitti\/"},"modified":"2025-06-11T15:30:40","modified_gmt":"2025-06-11T12:30:40","slug":"genclik-federasyonu-heyeti-azerbaycandaki-etkinliklere-katilmak-amaciyla-bakuye-gitti","status":"publish","type":"post","link":"https:\/\/kibrisdakik.com\/?p=84378","title":{"rendered":"Gen\u00e7lik Federasyonu heyeti Azerbaycan\u2019daki etkinliklere kat\u0131lmak amac\u0131yla Bak\u00fc\u2019ye gitti"},"content":{"rendered":"<p> <br \/>\n<\/p>\n<div data-text-id=\"77976\" property=\"articleBody\">\n<div class=\"post-flash\">\n        <!--\n\n<h3 class=\"post-flash__title\">G&ouml;zden ka&ccedil;&#305;rmay&#305;n<\/h3>\n\n--><\/p>\n<div class=\"row g-0 align-items-center\">\n<div class=\"col-5 col-sm-3\">\n                \n            <\/div>\n<div class=\"col-7 col-sm-9\">\n<div class=\"post-flash-heading p-2\">\n<p>Lapta\u2019da \u015farj aleti yang\u0131na neden oldu<\/p>\n<p>\u0130\u00e7eri\u011fi G\u00f6r\u00fcnt\u00fcle <i class=\"fa fa-arrow-right ps-2\"\/><\/p>\n<\/p><\/div>\n<\/p><\/div>\n<\/p><\/div>\n<\/p><\/div>\n<p><span>Gen\u00e7lik Federasyonu heyeti, Azerbaycan Gen\u00e7lik ve Spor Bakanl\u0131\u011f\u0131\u2019n\u0131n daveti \u00fczerine, T\u00fcrk Devletleri Te\u015fkilat\u0131 (TDT) Sekretaryas\u0131 arac\u0131l\u0131\u011f\u0131yla d\u00fczenlenen \u201cLenkaran \u2013 T\u00fcrk D\u00fcnyas\u0131 Gen\u00e7lik Ba\u015fkenti 2024\u201d kapan\u0131\u015f t\u00f6reni ve 3. Gen\u00e7lik G\u00f6n\u00fcll\u00fcl\u00fc\u011f\u00fc E\u011fitim Program\u0131 kapsam\u0131nda Azerbaycan\u2019\u0131n ba\u015fkenti Bak\u00fc\u2019ye gitti.<\/span><\/p>\n<p>Gen\u00e7lik Federasyonu&#8217;ndan yap\u0131lan a\u00e7\u0131klamada, <span>11-14 Haziran 2025 tarihleri aras\u0131nda d\u00fczenlenecek etkinliklerde Kuzey K\u0131br\u0131s\u2019\u0131 temsil edecek<\/span><span> <\/span><span>heyette, Gen\u00e7lik Federasyonu Genel Ba\u015fkan\u0131 ve Devlet Gen\u00e7lik \u00c7al\u0131\u015fmalar\u0131 \u00dcst Kurulu Ba\u015fkan Vekili Mustafa \u00d6zbilgehan ba\u015fkanl\u0131\u011f\u0131nda; Gen\u00e7lik Federasyonu Genel Ba\u015fkan Yard\u0131mc\u0131s\u0131 ve Devlet Gen\u00e7lik \u00c7al\u0131\u015fmalar\u0131 \u00dcst Kurulu \u00dcyesi Nesrin Y\u00fcceula\u015f, Gen\u00e7lik Federasyonu D\u0131\u015f \u0130li\u015fkiler Sekreteri Doruk G\u00fcnalp, \u0130skele Gen\u00e7lik Derne\u011fi Ba\u015fkan\u0131 Ali Devecio\u011flu, G\u00fczelyurt Gen\u00e7lik Derne\u011fi Ba\u015fkan\u0131 A\u00e7elya Bulancak ve Gen\u00e7lik Federasyonu Sa\u011fl\u0131k Komisyonu \u00dcyesi Didem G\u00f6k\u00e7ebel\u2019in yer ald\u0131\u011f\u0131 belirtildi.<\/span><\/p>\n<p>Heyet, bug\u00fcn Bak\u00fc&#8217;de Kuzey K\u0131br\u0131s T\u00fcrk Cumhuriyeti Azerbaycan Temsilcili\u011fi 3. Sekreteri G\u00f6rkem Reis ile ger\u00e7ekle\u015ftirdi\u011fi g\u00f6r\u00fc\u015fmenin ard\u0131ndan Lenkaran\u2019a ge\u00e7ti.<\/p>\n<p><span>Program kapsam\u0131nda, \u201cLenkaran \u2013 T\u00fcrk D\u00fcnyas\u0131 Gen\u00e7lik Ba\u015fkenti\u201d kapan\u0131\u015f t\u00f6reni, III. Gen\u00e7lik G\u00f6n\u00fcll\u00fcl\u00fc\u011f\u00fc E\u011fitim Program\u0131 ve T\u00fcrk Devletleri Te\u015fkilat\u0131 Sim\u00fclasyon Konferans\u0131\u2019n\u0131n d\u00fczenlenece\u011fi de ifade edildi.<\/span><\/p>\n<p>-Gen\u00e7lik Federasyonu Ba\u015fkan\u0131 \u00d6zbilgehan konu\u015fma yapacak<\/p>\n<p>A\u00e7\u0131klamada ayr\u0131ca Gen\u00e7lik Federasyonu Genel Ba\u015fkan\u0131 Mustafa \u00d6zbilgehan\u2019\u0131n be\u015f \u00fclkeden temsilcilerin s\u00f6z alaca\u011f\u0131 \u201cG\u00f6n\u00fcll\u00fcl\u00fckte Yeni D\u00f6nem: De\u011ferler ve E\u011filimler\u201d ba\u015fl\u0131kl\u0131 panelde konu\u015fmac\u0131 olarak yer alaca\u011f\u0131 da vurguland\u0131.<\/p>\n<p>Azerbaycan\u2019\u0131n ev sahipli\u011finde ger\u00e7ekle\u015fecek etkinlikte, TDT \u00fcyesi devletlerin gen\u00e7leri aras\u0131nda g\u00f6n\u00fcll\u00fcl\u00fc\u011f\u00fcn, liderli\u011fin ve dayan\u0131\u015fman\u0131n g\u00fc\u00e7lendirilmesi ama\u00e7lan\u0131yor.<\/p>\n<\/p><\/div>\n<p><br \/>\n<br \/><a href=\"> K\u0131br\u0131s dakik<\/a><\/p>\n","protected":false},"excerpt":{"rendered":"<p>Lapta\u2019da \u015farj aleti yang\u0131na neden oldu \u0130\u00e7eri\u011fi G\u00f6r\u00fcnt\u00fcle Gen\u00e7lik Federasyonu heyeti, Azerbaycan Gen\u00e7lik ve Spor Bakanl\u0131\u011f\u0131\u2019n\u0131n daveti \u00fczerine, T\u00fcrk Devletleri Te\u015fkilat\u0131 (TDT) Sekretaryas\u0131 arac\u0131l\u0131\u011f\u0131yla d\u00fczenlenen \u201cLenkaran \u2013 T\u00fcrk D\u00fcnyas\u0131 Gen\u00e7lik Ba\u015fkenti 2024\u201d kapan\u0131\u015f t\u00f6reni ve 3. Gen\u00e7lik G\u00f6n\u00fcll\u00fcl\u00fc\u011f\u00fc E\u011fitim Program\u0131 kapsam\u0131nda Azerbaycan\u2019\u0131n ba\u015fkenti Bak\u00fc\u2019ye gitti. Gen\u00e7lik Federasyonu&#8217;ndan yap\u0131lan a\u00e7\u0131klamada, 11-14 Haziran 2025 tarihleri aras\u0131nda d\u00fczenlenecek<\/p>\n","protected":false},"author":1,"featured_media":84379,"comment_status":"open","ping_status":"open","sticky":false,"template":"","format":"standard","meta":{"footnotes":""},"categories":[81,101],"tags":[],"class_list":["post-84378","post","type-post","status-publish","format-standard","has-post-thumbnail","hentry","category-kibris","category-manset"],"yoast_head":"<!-- This site is optimized with the Yoast SEO plugin v28.4 - https:\/\/yoast.com\/product\/yoast-seo-wordpress\/ -->\n<title>Gen\u00e7lik Federasyonu heyeti Azerbaycan\u2019daki etkinliklere kat\u0131lmak amac\u0131yla Bak\u00fc\u2019ye gitti -<\/title>\n<meta name=\"robots\" content=\"index, follow, max-snippet:-1, max-image-preview:large, max-video-preview:-1\" \/>\n<link rel=\"canonical\" href=\"https:\/\/kibrisdakik.com\/?p=84378\" \/>\n<meta property=\"og:locale\" content=\"tr_TR\" \/>\n<meta property=\"og:type\" content=\"article\" \/>\n<meta property=\"og:title\" content=\"Gen\u00e7lik Federasyonu heyeti Azerbaycan\u2019daki etkinliklere kat\u0131lmak amac\u0131yla Bak\u00fc\u2019ye gitti -\" \/>\n<meta property=\"og:description\" content=\"Lapta\u2019da \u015farj aleti yang\u0131na neden oldu \u0130\u00e7eri\u011fi G\u00f6r\u00fcnt\u00fcle Gen\u00e7lik Federasyonu heyeti, Azerbaycan Gen\u00e7lik ve Spor Bakanl\u0131\u011f\u0131\u2019n\u0131n daveti \u00fczerine, T\u00fcrk Devletleri Te\u015fkilat\u0131 (TDT) Sekretaryas\u0131 arac\u0131l\u0131\u011f\u0131yla d\u00fczenlenen \u201cLenkaran \u2013 T\u00fcrk D\u00fcnyas\u0131 Gen\u00e7lik Ba\u015fkenti 2024\u201d kapan\u0131\u015f t\u00f6reni ve 3. Gen\u00e7lik G\u00f6n\u00fcll\u00fcl\u00fc\u011f\u00fc E\u011fitim Program\u0131 kapsam\u0131nda Azerbaycan\u2019\u0131n ba\u015fkenti Bak\u00fc\u2019ye gitti. Gen\u00e7lik Federasyonu&#8217;ndan yap\u0131lan a\u00e7\u0131klamada, 11-14 Haziran 2025 tarihleri aras\u0131nda d\u00fczenlenecek\" \/>\n<meta property=\"og:url\" content=\"https:\/\/kibrisdakik.com\/?p=84378\" \/>\n<meta property=\"article:published_time\" content=\"2025-06-11T12:30:40+00:00\" \/>\n<meta property=\"og:image\" content=\"https:\/\/kibrisdakik.com\/wp-content\/uploads\/2025\/06\/genclik-federasyonu-1-740x420.jpg\" \/>\n\t<meta property=\"og:image:width\" content=\"2560\" \/>\n\t<meta property=\"og:image:height\" content=\"1707\" \/>\n\t<meta property=\"og:image:type\" content=\"image\/jpeg\" \/>\n<meta name=\"author\" content=\"admin\" \/>\n<meta name=\"twitter:card\" content=\"summary_large_image\" \/>\n<meta name=\"twitter:label1\" content=\"Yazan:\" \/>\n\t<meta name=\"twitter:data1\" content=\"admin\" \/>\n\t<meta name=\"twitter:label2\" content=\"Tahmini okuma s\u00fcresi\" \/>\n\t<meta name=\"twitter:data2\" content=\"2 dakika\" \/>\n<script type=\"application\/ld+json\" class=\"yoast-schema-graph\">{\"@context\":\"https:\\\/\\\/schema.org\",\"@graph\":[{\"@type\":\"Article\",\"@id\":\"https:\\\/\\\/kibrisdakik.com\\\/?p=84378#article\",\"isPartOf\":{\"@id\":\"https:\\\/\\\/kibrisdakik.com\\\/?p=84378\"},\"author\":{\"name\":\"admin\",\"@id\":\"https:\\\/\\\/kibrisdakik.com\\\/#\\\/schema\\\/person\\\/9cd9d437bbb44f72b73ba127e06d8e79\"},\"headline\":\"Gen\u00e7lik Federasyonu heyeti Azerbaycan\u2019daki etkinliklere kat\u0131lmak amac\u0131yla Bak\u00fc\u2019ye gitti\",\"datePublished\":\"2025-06-11T12:30:40+00:00\",\"mainEntityOfPage\":{\"@id\":\"https:\\\/\\\/kibrisdakik.com\\\/?p=84378\"},\"wordCount\":360,\"commentCount\":0,\"publisher\":{\"@id\":\"https:\\\/\\\/kibrisdakik.com\\\/#organization\"},\"image\":{\"@id\":\"https:\\\/\\\/kibrisdakik.com\\\/?p=84378#primaryimage\"},\"thumbnailUrl\":\"https:\\\/\\\/kibrisdakik.com\\\/wp-content\\\/uploads\\\/2025\\\/06\\\/genclik-federasyonu-1-740x420.jpg\",\"articleSection\":[\"K\u0131br\u0131s\",\"Man\u015fet\"],\"inLanguage\":\"tr\",\"potentialAction\":[{\"@type\":\"CommentAction\",\"name\":\"Comment\",\"target\":[\"https:\\\/\\\/kibrisdakik.com\\\/?p=84378#respond\"]}]},{\"@type\":\"WebPage\",\"@id\":\"https:\\\/\\\/kibrisdakik.com\\\/?p=84378\",\"url\":\"https:\\\/\\\/kibrisdakik.com\\\/?p=84378\",\"name\":\"Gen\u00e7lik Federasyonu heyeti Azerbaycan\u2019daki etkinliklere kat\u0131lmak amac\u0131yla Bak\u00fc\u2019ye gitti -\",\"isPartOf\":{\"@id\":\"https:\\\/\\\/kibrisdakik.com\\\/#website\"},\"primaryImageOfPage\":{\"@id\":\"https:\\\/\\\/kibrisdakik.com\\\/?p=84378#primaryimage\"},\"image\":{\"@id\":\"https:\\\/\\\/kibrisdakik.com\\\/?p=84378#primaryimage\"},\"thumbnailUrl\":\"https:\\\/\\\/kibrisdakik.com\\\/wp-content\\\/uploads\\\/2025\\\/06\\\/genclik-federasyonu-1-740x420.jpg\",\"datePublished\":\"2025-06-11T12:30:40+00:00\",\"breadcrumb\":{\"@id\":\"https:\\\/\\\/kibrisdakik.com\\\/?p=84378#breadcrumb\"},\"inLanguage\":\"tr\",\"potentialAction\":[{\"@type\":\"ReadAction\",\"target\":[\"https:\\\/\\\/kibrisdakik.com\\\/?p=84378\"]}]},{\"@type\":\"ImageObject\",\"inLanguage\":\"tr\",\"@id\":\"https:\\\/\\\/kibrisdakik.com\\\/?p=84378#primaryimage\",\"url\":\"https:\\\/\\\/kibrisdakik.com\\\/wp-content\\\/uploads\\\/2025\\\/06\\\/genclik-federasyonu-1-740x420.jpg\",\"contentUrl\":\"https:\\\/\\\/kibrisdakik.com\\\/wp-content\\\/uploads\\\/2025\\\/06\\\/genclik-federasyonu-1-740x420.jpg\",\"width\":2560,\"height\":1707},{\"@type\":\"BreadcrumbList\",\"@id\":\"https:\\\/\\\/kibrisdakik.com\\\/?p=84378#breadcrumb\",\"itemListElement\":[{\"@type\":\"ListItem\",\"position\":1,\"name\":\"Home\",\"item\":\"https:\\\/\\\/kibrisdakik.com\\\/\"},{\"@type\":\"ListItem\",\"position\":2,\"name\":\"Gen\u00e7lik Federasyonu heyeti Azerbaycan\u2019daki etkinliklere kat\u0131lmak amac\u0131yla Bak\u00fc\u2019ye gitti\"}]},{\"@type\":\"WebSite\",\"@id\":\"https:\\\/\\\/kibrisdakik.com\\\/#website\",\"url\":\"https:\\\/\\\/kibrisdakik.com\\\/\",\"name\":\"K\u0131br\u0131s Dakik\",\"description\":\"Tam vaktinde haber\",\"publisher\":{\"@id\":\"https:\\\/\\\/kibrisdakik.com\\\/#organization\"},\"potentialAction\":[{\"@type\":\"SearchAction\",\"target\":{\"@type\":\"EntryPoint\",\"urlTemplate\":\"https:\\\/\\\/kibrisdakik.com\\\/?s={search_term_string}\"},\"query-input\":{\"@type\":\"PropertyValueSpecification\",\"valueRequired\":true,\"valueName\":\"search_term_string\"}}],\"inLanguage\":\"tr\"},{\"@type\":\"Organization\",\"@id\":\"https:\\\/\\\/kibrisdakik.com\\\/#organization\",\"name\":\"K\u0131br\u0131s Dakik\",\"url\":\"https:\\\/\\\/kibrisdakik.com\\\/\",\"logo\":{\"@type\":\"ImageObject\",\"inLanguage\":\"tr\",\"@id\":\"https:\\\/\\\/kibrisdakik.com\\\/#\\\/schema\\\/logo\\\/image\\\/\",\"url\":\"https:\\\/\\\/kibrisdakik.com\\\/wp-content\\\/uploads\\\/2025\\\/10\\\/cropped-WhatsApp-Image-2025-10-02-at-12.58.31.jpeg\",\"contentUrl\":\"https:\\\/\\\/kibrisdakik.com\\\/wp-content\\\/uploads\\\/2025\\\/10\\\/cropped-WhatsApp-Image-2025-10-02-at-12.58.31.jpeg\",\"width\":1237,\"height\":190,\"caption\":\"K\u0131br\u0131s Dakik\"},\"image\":{\"@id\":\"https:\\\/\\\/kibrisdakik.com\\\/#\\\/schema\\\/logo\\\/image\\\/\"}},{\"@type\":\"Person\",\"@id\":\"https:\\\/\\\/kibrisdakik.com\\\/#\\\/schema\\\/person\\\/9cd9d437bbb44f72b73ba127e06d8e79\",\"name\":\"admin\",\"image\":{\"@type\":\"ImageObject\",\"inLanguage\":\"tr\",\"@id\":\"https:\\\/\\\/secure.gravatar.com\\\/avatar\\\/ccc17943b9d660506c869530f897617f7cb1c21a4bf30023f252596d83e1f007?s=96&d=mm&r=g\",\"url\":\"https:\\\/\\\/secure.gravatar.com\\\/avatar\\\/ccc17943b9d660506c869530f897617f7cb1c21a4bf30023f252596d83e1f007?s=96&d=mm&r=g\",\"contentUrl\":\"https:\\\/\\\/secure.gravatar.com\\\/avatar\\\/ccc17943b9d660506c869530f897617f7cb1c21a4bf30023f252596d83e1f007?s=96&d=mm&r=g\",\"caption\":\"admin\"},\"sameAs\":[\"https:\\\/\\\/kibrisdakik.com\"],\"url\":\"https:\\\/\\\/kibrisdakik.com\\\/?author=1\"}]}<\/script>\n<!-- \/ Yoast SEO plugin. -->","yoast_head_json":{"title":"Gen\u00e7lik Federasyonu heyeti Azerbaycan\u2019daki etkinliklere kat\u0131lmak amac\u0131yla Bak\u00fc\u2019ye gitti -","robots":{"index":"index","follow":"follow","max-snippet":"max-snippet:-1","max-image-preview":"max-image-preview:large","max-video-preview":"max-video-preview:-1"},"canonical":"https:\/\/kibrisdakik.com\/?p=84378","og_locale":"tr_TR","og_type":"article","og_title":"Gen\u00e7lik Federasyonu heyeti Azerbaycan\u2019daki etkinliklere kat\u0131lmak amac\u0131yla Bak\u00fc\u2019ye gitti -","og_description":"Lapta\u2019da \u015farj aleti yang\u0131na neden oldu \u0130\u00e7eri\u011fi G\u00f6r\u00fcnt\u00fcle Gen\u00e7lik Federasyonu heyeti, Azerbaycan Gen\u00e7lik ve Spor Bakanl\u0131\u011f\u0131\u2019n\u0131n daveti \u00fczerine, T\u00fcrk Devletleri Te\u015fkilat\u0131 (TDT) Sekretaryas\u0131 arac\u0131l\u0131\u011f\u0131yla d\u00fczenlenen \u201cLenkaran \u2013 T\u00fcrk D\u00fcnyas\u0131 Gen\u00e7lik Ba\u015fkenti 2024\u201d kapan\u0131\u015f t\u00f6reni ve 3. Gen\u00e7lik G\u00f6n\u00fcll\u00fcl\u00fc\u011f\u00fc E\u011fitim Program\u0131 kapsam\u0131nda Azerbaycan\u2019\u0131n ba\u015fkenti Bak\u00fc\u2019ye gitti. Gen\u00e7lik Federasyonu&#8217;ndan yap\u0131lan a\u00e7\u0131klamada, 11-14 Haziran 2025 tarihleri aras\u0131nda d\u00fczenlenecek","og_url":"https:\/\/kibrisdakik.com\/?p=84378","article_published_time":"2025-06-11T12:30:40+00:00","og_image":[{"width":2560,"height":1707,"url":"https:\/\/kibrisdakik.com\/wp-content\/uploads\/2025\/06\/genclik-federasyonu-1-740x420.jpg","type":"image\/jpeg"}],"author":"admin","twitter_card":"summary_large_image","twitter_misc":{"Yazan:":"admin","Tahmini okuma s\u00fcresi":"2 dakika"},"schema":{"@context":"https:\/\/schema.org","@graph":[{"@type":"Article","@id":"https:\/\/kibrisdakik.com\/?p=84378#article","isPartOf":{"@id":"https:\/\/kibrisdakik.com\/?p=84378"},"author":{"name":"admin","@id":"https:\/\/kibrisdakik.com\/#\/schema\/person\/9cd9d437bbb44f72b73ba127e06d8e79"},"headline":"Gen\u00e7lik Federasyonu heyeti Azerbaycan\u2019daki etkinliklere kat\u0131lmak amac\u0131yla Bak\u00fc\u2019ye gitti","datePublished":"2025-06-11T12:30:40+00:00","mainEntityOfPage":{"@id":"https:\/\/kibrisdakik.com\/?p=84378"},"wordCount":360,"commentCount":0,"publisher":{"@id":"https:\/\/kibrisdakik.com\/#organization"},"image":{"@id":"https:\/\/kibrisdakik.com\/?p=84378#primaryimage"},"thumbnailUrl":"https:\/\/kibrisdakik.com\/wp-content\/uploads\/2025\/06\/genclik-federasyonu-1-740x420.jpg","articleSection":["K\u0131br\u0131s","Man\u015fet"],"inLanguage":"tr","potentialAction":[{"@type":"CommentAction","name":"Comment","target":["https:\/\/kibrisdakik.com\/?p=84378#respond"]}]},{"@type":"WebPage","@id":"https:\/\/kibrisdakik.com\/?p=84378","url":"https:\/\/kibrisdakik.com\/?p=84378","name":"Gen\u00e7lik Federasyonu heyeti Azerbaycan\u2019daki etkinliklere kat\u0131lmak amac\u0131yla Bak\u00fc\u2019ye gitti -","isPartOf":{"@id":"https:\/\/kibrisdakik.com\/#website"},"primaryImageOfPage":{"@id":"https:\/\/kibrisdakik.com\/?p=84378#primaryimage"},"image":{"@id":"https:\/\/kibrisdakik.com\/?p=84378#primaryimage"},"thumbnailUrl":"https:\/\/kibrisdakik.com\/wp-content\/uploads\/2025\/06\/genclik-federasyonu-1-740x420.jpg","datePublished":"2025-06-11T12:30:40+00:00","breadcrumb":{"@id":"https:\/\/kibrisdakik.com\/?p=84378#breadcrumb"},"inLanguage":"tr","potentialAction":[{"@type":"ReadAction","target":["https:\/\/kibrisdakik.com\/?p=84378"]}]},{"@type":"ImageObject","inLanguage":"tr","@id":"https:\/\/kibrisdakik.com\/?p=84378#primaryimage","url":"https:\/\/kibrisdakik.com\/wp-content\/uploads\/2025\/06\/genclik-federasyonu-1-740x420.jpg","contentUrl":"https:\/\/kibrisdakik.com\/wp-content\/uploads\/2025\/06\/genclik-federasyonu-1-740x420.jpg","width":2560,"height":1707},{"@type":"BreadcrumbList","@id":"https:\/\/kibrisdakik.com\/?p=84378#breadcrumb","itemListElement":[{"@type":"ListItem","position":1,"name":"Home","item":"https:\/\/kibrisdakik.com\/"},{"@type":"ListItem","position":2,"name":"Gen\u00e7lik Federasyonu heyeti Azerbaycan\u2019daki etkinliklere kat\u0131lmak amac\u0131yla Bak\u00fc\u2019ye gitti"}]},{"@type":"WebSite","@id":"https:\/\/kibrisdakik.com\/#website","url":"https:\/\/kibrisdakik.com\/","name":"K\u0131br\u0131s Dakik","description":"Tam vaktinde haber","publisher":{"@id":"https:\/\/kibrisdakik.com\/#organization"},"potentialAction":[{"@type":"SearchAction","target":{"@type":"EntryPoint","urlTemplate":"https:\/\/kibrisdakik.com\/?s={search_term_string}"},"query-input":{"@type":"PropertyValueSpecification","valueRequired":true,"valueName":"search_term_string"}}],"inLanguage":"tr"},{"@type":"Organization","@id":"https:\/\/kibrisdakik.com\/#organization","name":"K\u0131br\u0131s Dakik","url":"https:\/\/kibrisdakik.com\/","logo":{"@type":"ImageObject","inLanguage":"tr","@id":"https:\/\/kibrisdakik.com\/#\/schema\/logo\/image\/","url":"https:\/\/kibrisdakik.com\/wp-content\/uploads\/2025\/10\/cropped-WhatsApp-Image-2025-10-02-at-12.58.31.jpeg","contentUrl":"https:\/\/kibrisdakik.com\/wp-content\/uploads\/2025\/10\/cropped-WhatsApp-Image-2025-10-02-at-12.58.31.jpeg","width":1237,"height":190,"caption":"K\u0131br\u0131s Dakik"},"image":{"@id":"https:\/\/kibrisdakik.com\/#\/schema\/logo\/image\/"}},{"@type":"Person","@id":"https:\/\/kibrisdakik.com\/#\/schema\/person\/9cd9d437bbb44f72b73ba127e06d8e79","name":"admin","image":{"@type":"ImageObject","inLanguage":"tr","@id":"https:\/\/secure.gravatar.com\/avatar\/ccc17943b9d660506c869530f897617f7cb1c21a4bf30023f252596d83e1f007?s=96&d=mm&r=g","url":"https:\/\/secure.gravatar.com\/avatar\/ccc17943b9d660506c869530f897617f7cb1c21a4bf30023f252596d83e1f007?s=96&d=mm&r=g","contentUrl":"https:\/\/secure.gravatar.com\/avatar\/ccc17943b9d660506c869530f897617f7cb1c21a4bf30023f252596d83e1f007?s=96&d=mm&r=g","caption":"admin"},"sameAs":["https:\/\/kibrisdakik.com"],"url":"https:\/\/kibrisdakik.com\/?author=1"}]}},"_links":{"self":[{"href":"https:\/\/kibrisdakik.com\/index.php?rest_route=\/wp\/v2\/posts\/84378","targetHints":{"allow":["GET"]}}],"collection":[{"href":"https:\/\/kibrisdakik.com\/index.php?rest_route=\/wp\/v2\/posts"}],"about":[{"href":"https:\/\/kibrisdakik.com\/index.php?rest_route=\/wp\/v2\/types\/post"}],"author":[{"embeddable":true,"href":"https:\/\/kibrisdakik.com\/index.php?rest_route=\/wp\/v2\/users\/1"}],"replies":[{"embeddable":true,"href":"https:\/\/kibrisdakik.com\/index.php?rest_route=%2Fwp%2Fv2%2Fcomments&post=84378"}],"version-history":[{"count":0,"href":"https:\/\/kibrisdakik.com\/index.php?rest_route=\/wp\/v2\/posts\/84378\/revisions"}],"wp:featuredmedia":[{"embeddable":true,"href":"https:\/\/kibrisdakik.com\/index.php?rest_route=\/wp\/v2\/media\/84379"}],"wp:attachment":[{"href":"https:\/\/kibrisdakik.com\/index.php?rest_route=%2Fwp%2Fv2%2Fmedia&parent=84378"}],"wp:term":[{"taxonomy":"category","embeddable":true,"href":"https:\/\/kibrisdakik.com\/index.php?rest_route=%2Fwp%2Fv2%2Fcategories&post=84378"},{"taxonomy":"post_tag","embeddable":true,"href":"https:\/\/kibrisdakik.com\/index.php?rest_route=%2Fwp%2Fv2%2Ftags&post=84378"}],"curies":[{"name":"wp","href":"https:\/\/api.w.org\/{rel}","templated":true}]}}