{"id":84419,"date":"2025-06-11T18:23:00","date_gmt":"2025-06-11T15:23:00","guid":{"rendered":"https:\/\/kibrisdakik.com\/index.php\/2025\/06\/11\/polis-kilitcioglunun-olumunde-cinayet-bulgusu-yok\/"},"modified":"2025-06-11T18:23:00","modified_gmt":"2025-06-11T15:23:00","slug":"polis-kilitcioglunun-olumunde-cinayet-bulgusu-yok","status":"publish","type":"post","link":"https:\/\/kibrisdakik.com\/?p=84419","title":{"rendered":"POL\u0130S: K\u0130L\u0130T\u00c7\u0130O\u011eLU\u2019NUN \u00d6L\u00dcM\u00dcNDE C\u0130NAYET BULGUSU YOK"},"content":{"rendered":"<p><img decoding=\"async\" src=\"https:\/\/mhahabercom.teimg.com\/crop\/1280x720\/mhahaber-com\/uploads\/2025\/06\/mhafoto-8651.png\" \/><br \/>30 May\u0131s 2025 tarihinde, Gazima\u011fusa Silver Beach Plaj\u0131&#8217;n\u0131n bir kilometre kuzeyindeki sahilde, kayal\u0131klar aras\u0131nda deniz i\u00e7erisinde \u00f6l\u00fc olarak bulunan Ahsen Nur Kilit\u00e7io\u011flu (26) ile ilgili Polis Genel M\u00fcd\u00fcrl\u00fc\u011f\u00fc taraf\u0131ndan kapsaml\u0131 bir a\u00e7\u0131klama yap\u0131ld\u0131.<\/p>\n<p>A\u00e7\u0131klamada, olayla ilgili baz\u0131 bas\u0131n yay\u0131n organlar\u0131nda ve sosyal medyada yer alan iddialar\u0131n ger\u00e7e\u011fi yans\u0131tmad\u0131\u011f\u0131n\u0131 belirtti. Polis a\u00e7\u0131klamas\u0131nda, olay\u0131n \u00f6\u011frenilmesinden itibaren soru\u015fturman\u0131n b\u00fcy\u00fck bir titizlikle s\u00fcrd\u00fcr\u00fcld\u00fc\u011f\u00fc belirtildi. 31 May\u0131s 2025 tarihinde Lefko\u015fa Dr. Burhan Nalbano\u011flu Devlet Hastanesi&#8217;nde Adli T\u0131p Uzman\u0131 taraf\u0131ndan yap\u0131lan otopsi sonucunda, Kilit\u00e7io\u011flu\u2019nun \u00f6l\u00fcm\u00fcn\u00fcn \u201cbeyin kanamas\u0131 ve suda bo\u011fulma\u201d nedeniyle ger\u00e7ekle\u015fti\u011fi bildirildi.<\/p>\n<p>Polis a\u00e7\u0131klamas\u0131n\u0131n tamam\u0131 \u015fu \u015fekilde:<\/p>\n<p>30.05.2025 tarihinde, Gazima\u011fusa Silver Beach Plaj\u0131n\u0131n bir kilometre kuzeyinde sahilde, deniz i\u00e7erisinde ve kayal\u0131klar aras\u0131nda Ahsen Nur K\u0130L\u0130TC\u0130O\u011eLU (K-26)\u2019nun \u00f6l\u00fc olarak bulunmas\u0131 ile ilgili olarak kamuoyuna yans\u0131yan baz\u0131 iddialar ger\u00e7e\u011fi yans\u0131tmamakta ve tahkikat\u0131n seyrine zarar vermektedir.<\/p>\n<p>Olay\u0131n polisin bilgisine geldi\u011fi andan itibaren tahkikat b\u00fcy\u00fck bir titizlikle s\u00fcrd\u00fcr\u00fclmekte olup, mesele ile ilgili hi\u00e7bir olgu g\u00f6zard\u0131 edilmeksizin incelenmektedir.<\/p>\n<p>Ahsen Nur K\u0130L\u0130TC\u0130O\u011eLU\u2019nun \u00f6l\u00fcm sebebinin tespiti i\u00e7in, 31.05.2025 tarihinde Lefko\u015fa Dr. Burhan Nalbano\u011flu Devlet Hastanesinde, ki\u015finin cesedi \u00fczerinde Adli T\u0131p Uzman\u0131 taraf\u0131ndan yap\u0131lan otopsisinde ve olay yerinin fiziki yap\u0131s\u0131 eldeki mevcut deliller ile birlikte de\u011ferlendirildi\u011finde;<\/p>\n<p> Ki\u015finin v\u00fccudunda kesici delici alet yaras\u0131, elle ve ba\u011fla bo\u011fma izi olmad\u0131\u011f\u0131,<\/p>\n<p> Ki\u015finin kontrol alt\u0131nda tutulmas\u0131n\u0131 g\u00f6sterecek ellerde, kollarda ve bacaklarda herhangi bir bulgunun tespit edilmedi\u011fi,<\/p>\n<p> Ki\u015finin al\u0131n, burun ve elmac\u0131k kemikleri ile \u00e7enesinde \u00f6l\u00fcm sonras\u0131 olu\u015fmu\u015f muhtemel ta\u015f ve kayalara \u00e7arpmayla olu\u015fabilecek s\u0131yr\u0131kl\u0131 plaklar (ekimoz olmayan) tespit edildi\u011fi,<\/p>\n<p> Diz kapaklar\u0131nda, d\u00fc\u015fmeye ve sert cisimlere ta\u015flara \u00e7arpmaya ba\u011fl\u0131 olu\u015fabilecek hem canl\u0131 iken, hem de \u00f6l\u00fcm sonras\u0131 olu\u015fmu\u015f s\u0131yr\u0131klar oldu\u011fu,<\/p>\n<p> Beyin y\u00fczeyinde az miktarda kanaman\u0131n g\u00f6r\u00fcld\u00fc\u011f\u00fc, akci\u011ferlerde ve soluk borusunda, az ve burun \u00e7evresinde yo\u011fun \u015fekilde canl\u0131 suda bo\u011fulmay\u0131 g\u00f6steren k\u00f6p\u00fckler oldu\u011fu,<\/p>\n<p> Cesedinin bulundu\u011fu deniz k\u0131y\u0131s\u0131nda ve i\u00e7erisinde de kaygan kaya plakalar\u0131n\u0131n oldu\u011fu tespit edilmi\u015ftir.<\/p>\n<p>Netice olarak otopsi sonucunda ki\u015finin \u00f6l\u00fcm\u00fcn\u00fcn \u201cbeyin kanamas\u0131 ve suda bo\u011fulma\u201d sonucu oldu\u011fu tespit edilmi\u015ftir.<\/p>\n<p>Soru\u015fturma kapsam\u0131nda olay mahalli alan\u0131nda uzman polisler taraf\u0131ndan incelendi\u011finde;<\/p>\n<p> M\u00fcteveffiyenin cans\u0131n bedeni deniz i\u00e7erisinde ve kayal\u0131klar aras\u0131nda y\u00fcz \u00fcst\u00fc olarak bulunmu\u015f,<\/p>\n<p> Cesedin bulundu\u011fu noktadan 147 metre uza\u011f\u0131nda sahilde, m\u00fcteveffiyeye ait bir adet kamp sandalyesi, bir adet yere serili \u00f6rt\u00fc ile k\u0131yafetleri tespit edilmi\u015f,<\/p>\n<p> M\u00fcteveffiyeye ait ara\u00e7 ise, e\u015fyalar\u0131n\u0131n bulundu\u011fu yerin yakla\u015f\u0131k bir km g\u00fcneyinde toprak park alan\u0131 i\u00e7erisinde kap\u0131lar\u0131 kilitli vaziyette park halinde bulunmu\u015f,<\/p>\n<p> \u0130ncelenen kamera kay\u0131tlar\u0131ndan m\u00fcteveffiyenin olay mahalline yaln\u0131z geldi\u011fi tespit edilmi\u015ftir.<\/p>\n<p>Olay mahalli d\u00f6rt farkl\u0131 tarih ve saatlerde polis taraf\u0131ndan elle ve dedekt\u00f6r yard\u0131m\u0131yla, dalg\u0131\u00e7lar taraf\u0131ndan ve dron yard\u0131m\u0131 ile de hem deniz hem de arazide aramalar yap\u0131lm\u0131\u015f ancak m\u00fcteveffiyeye ait cep telefonu, arac\u0131n kontak anahtar\u0131 ve elektronik sigaras\u0131n\u0131 bulmak m\u00fcmk\u00fcn olmam\u0131\u015ft\u0131r.<\/p>\n<p>Yap\u0131lan aramalarada, m\u00fcteveffiyenin e\u015fyalar\u0131n\u0131n ve cesedin bulundu\u011fu alanda olay yeri uzmanlar\u0131 taraf\u0131ndan yap\u0131lan incelemede, m\u00fcteveffiyenin \u00e7\u0131plak ayak izleri d\u0131\u015f\u0131nda, birlikte hareket eden \u015f\u00fcpheli ba\u015fka birine ait ayak izi olmad\u0131\u011f\u0131 tespit edilmi\u015ftir.<\/p>\n<p>Y\u00fcr\u00fct\u00fclen soru\u015fturma kapsam\u0131nda t\u00fcm bulgular ile baz\u0131 bas\u0131n yay\u0131n organlar\u0131 ve sosyal medyada ileri s\u00fcr\u00fclen iddialar ile ilgili olarak \u015fu ana kadar; olayla ilgili 410 sayfal\u0131k telefon g\u00f6r\u00fc\u015fmeleri incelenmi\u015f, olayda ad\u0131 edilen polis mensubu da dahil olmak \u00fczere 19 farkl\u0131 ki\u015fiden yaz\u0131l\u0131 ifade temin edilmi\u015f ve 50\u2019yi a\u015fk\u0131n ki\u015finin bilgisine ba\u015fvurulmu\u015f ayr\u0131ca 120 kameraya ait 1800 saatlik kamera kayd\u0131 temin edilerek konu kay\u0131tlar\u0131n yakla\u015f\u0131k 600 saatlik k\u0131sm\u0131 incelenmi\u015f ve halen incelenmeye devam edilmektedir.<\/p>\n<p>Meydana gelen bu \u00fcz\u00fcc\u00fc olay\u0131n ba\u015fta m\u00fcteveffiyenin ailesi olmak \u00fczere kamuoyunda derin ac\u0131 ve izler b\u0131rakt\u0131\u011f\u0131 a\u015fikard\u0131r.<\/p>\n<p>Baz\u0131 bas\u0131n yay\u0131n organlar\u0131nda, m\u00fcteveffiyenin deniz i\u00e7erisinde \u00f6l\u00fc olarak bulundu\u011funu g\u00f6steren foto\u011frafa veya ger\u00e7ek d\u0131\u015f\u0131 bilgilere dayanarak bilimsel ger\u00e7eklerden uzak, uzman olmayan ki\u015filer taraf\u0131ndan ki\u015finin cinayete kurban gitti\u011fi y\u00f6n\u00fcnde tespitler ve yorumlar yap\u0131ld\u0131\u011f\u0131 g\u00f6r\u00fclmektedir. \u015eu ana kadar yap\u0131lan incelemeler neticesinde olay\u0131n cinayet oldu\u011fu veya konu olay\u0131n herhangi bir ki\u015fi taraf\u0131ndan ger\u00e7ekle\u015ftirildi\u011fine dair bulgu ve \u015fahadet mevcut de\u011fildir.<\/p>\n<p>Bilinmelidir ki Polis Genel M\u00fcd\u00fcrl\u00fc\u011f\u00fc; her olayda oldu\u011fu gibi bu olayda da bilimsel ger\u00e7eklerden uzak, spek\u00fclatif ve ara\u015ft\u0131rmaya dayanmayan bulgu ve yorumlarla hareket etmek yerine, tamamen alan\u0131nda uzman ki\u015filer ile profesyonel polis mensuplar\u0131 taraf\u0131ndan ger\u00e7ek ve bilimsel veriler \u0131\u015f\u0131\u011f\u0131nda, tarafs\u0131zl\u0131k ilkesine ba\u011fl\u0131 kalarak yasalar \u00e7er\u00e7evesinde soru\u015fturmay\u0131 titizlikle y\u00fcr\u00fctmektedir.<\/p>\n<p>Sonu\u00e7 olarak; gerek otopsi raporu, gerekse konusunda uzman polis mensuplar\u0131 taraf\u0131ndan yap\u0131lan soru\u015fturma kapsam\u0131nda iddia edildi\u011fi gibi olay\u0131n cinayet oldu\u011funu do\u011frular \u015fekilde bir tespit m\u00fcmk\u00fcn olmamakta birlikte soru\u015fturma titizlikle halen devam etmektedir.<\/p>\n","protected":false},"excerpt":{"rendered":"<p>30 May\u0131s 2025 tarihinde, Gazima\u011fusa Silver Beach Plaj\u0131&#8217;n\u0131n bir kilometre kuzeyindeki sahilde, kayal\u0131klar aras\u0131nda deniz i\u00e7erisinde \u00f6l\u00fc olarak bulunan Ahsen Nur Kilit\u00e7io\u011flu (26) ile ilgili Polis Genel M\u00fcd\u00fcrl\u00fc\u011f\u00fc taraf\u0131ndan kapsaml\u0131 bir a\u00e7\u0131klama yap\u0131ld\u0131. A\u00e7\u0131klamada, olayla ilgili baz\u0131 bas\u0131n yay\u0131n organlar\u0131nda ve sosyal medyada yer alan iddialar\u0131n ger\u00e7e\u011fi yans\u0131tmad\u0131\u011f\u0131n\u0131 belirtti. Polis a\u00e7\u0131klamas\u0131nda, olay\u0131n \u00f6\u011frenilmesinden itibaren soru\u015fturman\u0131n<\/p>\n","protected":false},"author":1,"featured_media":84420,"comment_status":"open","ping_status":"open","sticky":false,"template":"","format":"standard","meta":{"footnotes":""},"categories":[1],"tags":[],"class_list":["post-84419","post","type-post","status-publish","format-standard","has-post-thumbnail","hentry","category-gundem"],"yoast_head":"<!-- This site is optimized with the Yoast SEO plugin v27.5 - https:\/\/yoast.com\/product\/yoast-seo-wordpress\/ -->\n<title>POL\u0130S: K\u0130L\u0130T\u00c7\u0130O\u011eLU\u2019NUN \u00d6L\u00dcM\u00dcNDE C\u0130NAYET BULGUSU YOK -<\/title>\n<meta name=\"robots\" content=\"index, follow, max-snippet:-1, max-image-preview:large, max-video-preview:-1\" \/>\n<link rel=\"canonical\" href=\"https:\/\/kibrisdakik.com\/?p=84419\" \/>\n<meta property=\"og:locale\" content=\"tr_TR\" \/>\n<meta property=\"og:type\" content=\"article\" \/>\n<meta property=\"og:title\" content=\"POL\u0130S: K\u0130L\u0130T\u00c7\u0130O\u011eLU\u2019NUN \u00d6L\u00dcM\u00dcNDE C\u0130NAYET BULGUSU YOK -\" \/>\n<meta property=\"og:description\" content=\"30 May\u0131s 2025 tarihinde, Gazima\u011fusa Silver Beach Plaj\u0131&#8217;n\u0131n bir kilometre kuzeyindeki sahilde, kayal\u0131klar aras\u0131nda deniz i\u00e7erisinde \u00f6l\u00fc olarak bulunan Ahsen Nur Kilit\u00e7io\u011flu (26) ile ilgili Polis Genel M\u00fcd\u00fcrl\u00fc\u011f\u00fc taraf\u0131ndan kapsaml\u0131 bir a\u00e7\u0131klama yap\u0131ld\u0131. A\u00e7\u0131klamada, olayla ilgili baz\u0131 bas\u0131n yay\u0131n organlar\u0131nda ve sosyal medyada yer alan iddialar\u0131n ger\u00e7e\u011fi yans\u0131tmad\u0131\u011f\u0131n\u0131 belirtti. Polis a\u00e7\u0131klamas\u0131nda, olay\u0131n \u00f6\u011frenilmesinden itibaren soru\u015fturman\u0131n\" \/>\n<meta property=\"og:url\" content=\"https:\/\/kibrisdakik.com\/?p=84419\" \/>\n<meta property=\"article:published_time\" content=\"2025-06-11T15:23:00+00:00\" \/>\n<meta property=\"og:image\" content=\"https:\/\/kibrisdakik.com\/wp-content\/uploads\/2025\/06\/mhafoto-8651-740x420.png\" \/>\n\t<meta property=\"og:image:width\" content=\"860\" \/>\n\t<meta property=\"og:image:height\" content=\"505\" \/>\n\t<meta property=\"og:image:type\" content=\"image\/png\" \/>\n<meta name=\"author\" content=\"admin\" \/>\n<meta name=\"twitter:card\" content=\"summary_large_image\" \/>\n<meta name=\"twitter:label1\" content=\"Yazan:\" \/>\n\t<meta name=\"twitter:data1\" content=\"admin\" \/>\n\t<meta name=\"twitter:label2\" content=\"Tahmini okuma s\u00fcresi\" \/>\n\t<meta name=\"twitter:data2\" content=\"5 dakika\" \/>\n<script type=\"application\/ld+json\" class=\"yoast-schema-graph\">{\"@context\":\"https:\\\/\\\/schema.org\",\"@graph\":[{\"@type\":\"Article\",\"@id\":\"https:\\\/\\\/kibrisdakik.com\\\/?p=84419#article\",\"isPartOf\":{\"@id\":\"https:\\\/\\\/kibrisdakik.com\\\/?p=84419\"},\"author\":{\"name\":\"admin\",\"@id\":\"https:\\\/\\\/kibrisdakik.com\\\/#\\\/schema\\\/person\\\/9cd9d437bbb44f72b73ba127e06d8e79\"},\"headline\":\"POL\u0130S: K\u0130L\u0130T\u00c7\u0130O\u011eLU\u2019NUN \u00d6L\u00dcM\u00dcNDE C\u0130NAYET BULGUSU YOK\",\"datePublished\":\"2025-06-11T15:23:00+00:00\",\"mainEntityOfPage\":{\"@id\":\"https:\\\/\\\/kibrisdakik.com\\\/?p=84419\"},\"wordCount\":972,\"commentCount\":0,\"image\":{\"@id\":\"https:\\\/\\\/kibrisdakik.com\\\/?p=84419#primaryimage\"},\"thumbnailUrl\":\"https:\\\/\\\/kibrisdakik.com\\\/wp-content\\\/uploads\\\/2025\\\/06\\\/mhafoto-8651-740x420.png\",\"articleSection\":[\"G\u00fcndem\"],\"inLanguage\":\"tr\",\"potentialAction\":[{\"@type\":\"CommentAction\",\"name\":\"Comment\",\"target\":[\"https:\\\/\\\/kibrisdakik.com\\\/?p=84419#respond\"]}]},{\"@type\":\"WebPage\",\"@id\":\"https:\\\/\\\/kibrisdakik.com\\\/?p=84419\",\"url\":\"https:\\\/\\\/kibrisdakik.com\\\/?p=84419\",\"name\":\"POL\u0130S: K\u0130L\u0130T\u00c7\u0130O\u011eLU\u2019NUN \u00d6L\u00dcM\u00dcNDE C\u0130NAYET BULGUSU YOK -\",\"isPartOf\":{\"@id\":\"https:\\\/\\\/kibrisdakik.com\\\/#website\"},\"primaryImageOfPage\":{\"@id\":\"https:\\\/\\\/kibrisdakik.com\\\/?p=84419#primaryimage\"},\"image\":{\"@id\":\"https:\\\/\\\/kibrisdakik.com\\\/?p=84419#primaryimage\"},\"thumbnailUrl\":\"https:\\\/\\\/kibrisdakik.com\\\/wp-content\\\/uploads\\\/2025\\\/06\\\/mhafoto-8651-740x420.png\",\"datePublished\":\"2025-06-11T15:23:00+00:00\",\"author\":{\"@id\":\"https:\\\/\\\/kibrisdakik.com\\\/#\\\/schema\\\/person\\\/9cd9d437bbb44f72b73ba127e06d8e79\"},\"breadcrumb\":{\"@id\":\"https:\\\/\\\/kibrisdakik.com\\\/?p=84419#breadcrumb\"},\"inLanguage\":\"tr\",\"potentialAction\":[{\"@type\":\"ReadAction\",\"target\":[\"https:\\\/\\\/kibrisdakik.com\\\/?p=84419\"]}]},{\"@type\":\"ImageObject\",\"inLanguage\":\"tr\",\"@id\":\"https:\\\/\\\/kibrisdakik.com\\\/?p=84419#primaryimage\",\"url\":\"https:\\\/\\\/kibrisdakik.com\\\/wp-content\\\/uploads\\\/2025\\\/06\\\/mhafoto-8651-740x420.png\",\"contentUrl\":\"https:\\\/\\\/kibrisdakik.com\\\/wp-content\\\/uploads\\\/2025\\\/06\\\/mhafoto-8651-740x420.png\",\"width\":860,\"height\":505},{\"@type\":\"BreadcrumbList\",\"@id\":\"https:\\\/\\\/kibrisdakik.com\\\/?p=84419#breadcrumb\",\"itemListElement\":[{\"@type\":\"ListItem\",\"position\":1,\"name\":\"Home\",\"item\":\"https:\\\/\\\/kibrisdakik.com\\\/\"},{\"@type\":\"ListItem\",\"position\":2,\"name\":\"POL\u0130S: K\u0130L\u0130T\u00c7\u0130O\u011eLU\u2019NUN \u00d6L\u00dcM\u00dcNDE C\u0130NAYET BULGUSU YOK\"}]},{\"@type\":\"WebSite\",\"@id\":\"https:\\\/\\\/kibrisdakik.com\\\/#website\",\"url\":\"https:\\\/\\\/kibrisdakik.com\\\/\",\"name\":\"\",\"description\":\"Tam vaktinde haber\",\"potentialAction\":[{\"@type\":\"SearchAction\",\"target\":{\"@type\":\"EntryPoint\",\"urlTemplate\":\"https:\\\/\\\/kibrisdakik.com\\\/?s={search_term_string}\"},\"query-input\":{\"@type\":\"PropertyValueSpecification\",\"valueRequired\":true,\"valueName\":\"search_term_string\"}}],\"inLanguage\":\"tr\"},{\"@type\":\"Person\",\"@id\":\"https:\\\/\\\/kibrisdakik.com\\\/#\\\/schema\\\/person\\\/9cd9d437bbb44f72b73ba127e06d8e79\",\"name\":\"admin\",\"image\":{\"@type\":\"ImageObject\",\"inLanguage\":\"tr\",\"@id\":\"https:\\\/\\\/secure.gravatar.com\\\/avatar\\\/ccc17943b9d660506c869530f897617f7cb1c21a4bf30023f252596d83e1f007?s=96&d=mm&r=g\",\"url\":\"https:\\\/\\\/secure.gravatar.com\\\/avatar\\\/ccc17943b9d660506c869530f897617f7cb1c21a4bf30023f252596d83e1f007?s=96&d=mm&r=g\",\"contentUrl\":\"https:\\\/\\\/secure.gravatar.com\\\/avatar\\\/ccc17943b9d660506c869530f897617f7cb1c21a4bf30023f252596d83e1f007?s=96&d=mm&r=g\",\"caption\":\"admin\"},\"sameAs\":[\"https:\\\/\\\/kibrisdakik.com\"],\"url\":\"https:\\\/\\\/kibrisdakik.com\\\/?author=1\"}]}<\/script>\n<!-- \/ Yoast SEO plugin. -->","yoast_head_json":{"title":"POL\u0130S: K\u0130L\u0130T\u00c7\u0130O\u011eLU\u2019NUN \u00d6L\u00dcM\u00dcNDE C\u0130NAYET BULGUSU YOK -","robots":{"index":"index","follow":"follow","max-snippet":"max-snippet:-1","max-image-preview":"max-image-preview:large","max-video-preview":"max-video-preview:-1"},"canonical":"https:\/\/kibrisdakik.com\/?p=84419","og_locale":"tr_TR","og_type":"article","og_title":"POL\u0130S: K\u0130L\u0130T\u00c7\u0130O\u011eLU\u2019NUN \u00d6L\u00dcM\u00dcNDE C\u0130NAYET BULGUSU YOK -","og_description":"30 May\u0131s 2025 tarihinde, Gazima\u011fusa Silver Beach Plaj\u0131&#8217;n\u0131n bir kilometre kuzeyindeki sahilde, kayal\u0131klar aras\u0131nda deniz i\u00e7erisinde \u00f6l\u00fc olarak bulunan Ahsen Nur Kilit\u00e7io\u011flu (26) ile ilgili Polis Genel M\u00fcd\u00fcrl\u00fc\u011f\u00fc taraf\u0131ndan kapsaml\u0131 bir a\u00e7\u0131klama yap\u0131ld\u0131. A\u00e7\u0131klamada, olayla ilgili baz\u0131 bas\u0131n yay\u0131n organlar\u0131nda ve sosyal medyada yer alan iddialar\u0131n ger\u00e7e\u011fi yans\u0131tmad\u0131\u011f\u0131n\u0131 belirtti. Polis a\u00e7\u0131klamas\u0131nda, olay\u0131n \u00f6\u011frenilmesinden itibaren soru\u015fturman\u0131n","og_url":"https:\/\/kibrisdakik.com\/?p=84419","article_published_time":"2025-06-11T15:23:00+00:00","og_image":[{"width":860,"height":505,"url":"https:\/\/kibrisdakik.com\/wp-content\/uploads\/2025\/06\/mhafoto-8651-740x420.png","type":"image\/png"}],"author":"admin","twitter_card":"summary_large_image","twitter_misc":{"Yazan:":"admin","Tahmini okuma s\u00fcresi":"5 dakika"},"schema":{"@context":"https:\/\/schema.org","@graph":[{"@type":"Article","@id":"https:\/\/kibrisdakik.com\/?p=84419#article","isPartOf":{"@id":"https:\/\/kibrisdakik.com\/?p=84419"},"author":{"name":"admin","@id":"https:\/\/kibrisdakik.com\/#\/schema\/person\/9cd9d437bbb44f72b73ba127e06d8e79"},"headline":"POL\u0130S: K\u0130L\u0130T\u00c7\u0130O\u011eLU\u2019NUN \u00d6L\u00dcM\u00dcNDE C\u0130NAYET BULGUSU YOK","datePublished":"2025-06-11T15:23:00+00:00","mainEntityOfPage":{"@id":"https:\/\/kibrisdakik.com\/?p=84419"},"wordCount":972,"commentCount":0,"image":{"@id":"https:\/\/kibrisdakik.com\/?p=84419#primaryimage"},"thumbnailUrl":"https:\/\/kibrisdakik.com\/wp-content\/uploads\/2025\/06\/mhafoto-8651-740x420.png","articleSection":["G\u00fcndem"],"inLanguage":"tr","potentialAction":[{"@type":"CommentAction","name":"Comment","target":["https:\/\/kibrisdakik.com\/?p=84419#respond"]}]},{"@type":"WebPage","@id":"https:\/\/kibrisdakik.com\/?p=84419","url":"https:\/\/kibrisdakik.com\/?p=84419","name":"POL\u0130S: K\u0130L\u0130T\u00c7\u0130O\u011eLU\u2019NUN \u00d6L\u00dcM\u00dcNDE C\u0130NAYET BULGUSU YOK -","isPartOf":{"@id":"https:\/\/kibrisdakik.com\/#website"},"primaryImageOfPage":{"@id":"https:\/\/kibrisdakik.com\/?p=84419#primaryimage"},"image":{"@id":"https:\/\/kibrisdakik.com\/?p=84419#primaryimage"},"thumbnailUrl":"https:\/\/kibrisdakik.com\/wp-content\/uploads\/2025\/06\/mhafoto-8651-740x420.png","datePublished":"2025-06-11T15:23:00+00:00","author":{"@id":"https:\/\/kibrisdakik.com\/#\/schema\/person\/9cd9d437bbb44f72b73ba127e06d8e79"},"breadcrumb":{"@id":"https:\/\/kibrisdakik.com\/?p=84419#breadcrumb"},"inLanguage":"tr","potentialAction":[{"@type":"ReadAction","target":["https:\/\/kibrisdakik.com\/?p=84419"]}]},{"@type":"ImageObject","inLanguage":"tr","@id":"https:\/\/kibrisdakik.com\/?p=84419#primaryimage","url":"https:\/\/kibrisdakik.com\/wp-content\/uploads\/2025\/06\/mhafoto-8651-740x420.png","contentUrl":"https:\/\/kibrisdakik.com\/wp-content\/uploads\/2025\/06\/mhafoto-8651-740x420.png","width":860,"height":505},{"@type":"BreadcrumbList","@id":"https:\/\/kibrisdakik.com\/?p=84419#breadcrumb","itemListElement":[{"@type":"ListItem","position":1,"name":"Home","item":"https:\/\/kibrisdakik.com\/"},{"@type":"ListItem","position":2,"name":"POL\u0130S: K\u0130L\u0130T\u00c7\u0130O\u011eLU\u2019NUN \u00d6L\u00dcM\u00dcNDE C\u0130NAYET BULGUSU YOK"}]},{"@type":"WebSite","@id":"https:\/\/kibrisdakik.com\/#website","url":"https:\/\/kibrisdakik.com\/","name":"","description":"Tam vaktinde haber","potentialAction":[{"@type":"SearchAction","target":{"@type":"EntryPoint","urlTemplate":"https:\/\/kibrisdakik.com\/?s={search_term_string}"},"query-input":{"@type":"PropertyValueSpecification","valueRequired":true,"valueName":"search_term_string"}}],"inLanguage":"tr"},{"@type":"Person","@id":"https:\/\/kibrisdakik.com\/#\/schema\/person\/9cd9d437bbb44f72b73ba127e06d8e79","name":"admin","image":{"@type":"ImageObject","inLanguage":"tr","@id":"https:\/\/secure.gravatar.com\/avatar\/ccc17943b9d660506c869530f897617f7cb1c21a4bf30023f252596d83e1f007?s=96&d=mm&r=g","url":"https:\/\/secure.gravatar.com\/avatar\/ccc17943b9d660506c869530f897617f7cb1c21a4bf30023f252596d83e1f007?s=96&d=mm&r=g","contentUrl":"https:\/\/secure.gravatar.com\/avatar\/ccc17943b9d660506c869530f897617f7cb1c21a4bf30023f252596d83e1f007?s=96&d=mm&r=g","caption":"admin"},"sameAs":["https:\/\/kibrisdakik.com"],"url":"https:\/\/kibrisdakik.com\/?author=1"}]}},"_links":{"self":[{"href":"https:\/\/kibrisdakik.com\/index.php?rest_route=\/wp\/v2\/posts\/84419","targetHints":{"allow":["GET"]}}],"collection":[{"href":"https:\/\/kibrisdakik.com\/index.php?rest_route=\/wp\/v2\/posts"}],"about":[{"href":"https:\/\/kibrisdakik.com\/index.php?rest_route=\/wp\/v2\/types\/post"}],"author":[{"embeddable":true,"href":"https:\/\/kibrisdakik.com\/index.php?rest_route=\/wp\/v2\/users\/1"}],"replies":[{"embeddable":true,"href":"https:\/\/kibrisdakik.com\/index.php?rest_route=%2Fwp%2Fv2%2Fcomments&post=84419"}],"version-history":[{"count":0,"href":"https:\/\/kibrisdakik.com\/index.php?rest_route=\/wp\/v2\/posts\/84419\/revisions"}],"wp:featuredmedia":[{"embeddable":true,"href":"https:\/\/kibrisdakik.com\/index.php?rest_route=\/wp\/v2\/media\/84420"}],"wp:attachment":[{"href":"https:\/\/kibrisdakik.com\/index.php?rest_route=%2Fwp%2Fv2%2Fmedia&parent=84419"}],"wp:term":[{"taxonomy":"category","embeddable":true,"href":"https:\/\/kibrisdakik.com\/index.php?rest_route=%2Fwp%2Fv2%2Fcategories&post=84419"},{"taxonomy":"post_tag","embeddable":true,"href":"https:\/\/kibrisdakik.com\/index.php?rest_route=%2Fwp%2Fv2%2Ftags&post=84419"}],"curies":[{"name":"wp","href":"https:\/\/api.w.org\/{rel}","templated":true}]}}