{"id":84482,"date":"2025-06-12T17:52:07","date_gmt":"2025-06-12T14:52:07","guid":{"rendered":"https:\/\/kibrisdakik.com\/index.php\/2025\/06\/12\/gardiyanoglu-azerbaycan-aile-kadin-ve-cocuk-isleri-devlet-komitesi-baskani-bahar-murdova-ile-gorustu\/"},"modified":"2025-06-12T17:52:07","modified_gmt":"2025-06-12T14:52:07","slug":"gardiyanoglu-azerbaycan-aile-kadin-ve-cocuk-isleri-devlet-komitesi-baskani-bahar-murdova-ile-gorustu","status":"publish","type":"post","link":"https:\/\/kibrisdakik.com\/?p=84482","title":{"rendered":"Gardiyano\u011flu, Azerbaycan Aile, Kad\u0131n ve \u00c7ocuk \u0130\u015fleri Devlet Komitesi Ba\u015fkan\u0131 Bahar Murdova ile g\u00f6r\u00fc\u015ft\u00fc"},"content":{"rendered":"<p> <br \/>\n<\/p>\n<div data-text-id=\"78067\" property=\"articleBody\">\n<div class=\"post-flash\">\n        <!--\n\n<h3 class=\"post-flash__title\">G&ouml;zden ka&ccedil;&#305;rmay&#305;n<\/h3>\n\n--><\/p>\n<div class=\"row g-0 align-items-center\">\n<div class=\"col-5 col-sm-3\">\n                \n            <\/div>\n<div class=\"col-7 col-sm-9\">\n<div class=\"post-flash-heading p-2\">\n<p>Yeni mezarl\u0131k arazisi LTB&#8217;nin elinden al\u0131nd\u0131<\/p>\n<p>\u0130\u00e7eri\u011fi G\u00f6r\u00fcnt\u00fcle <i class=\"fa fa-arrow-right ps-2\"\/><\/p>\n<\/p><\/div>\n<\/p><\/div>\n<\/p><\/div>\n<\/p><\/div>\n<p><span sans-serif=\"\">\u00c7al\u0131\u015fma ve Sosyal G\u00fcvenlik Bakan\u0131 Sad\u0131k Gardiyano\u011flu, Azerbaycan\u2019\u0131n ba\u015fkenti Bak\u00fc\u2019de d\u00fczenlenen T\u00fcrk Devletleri Te\u015fkilat\u0131 (TDT) Aile ve Sosyal Politikadan Sorumlu 2. Bakanlar Toplant\u0131s\u0131 kapsam\u0131nda Azerbaycan Aile, Kad\u0131n ve \u00c7ocuk \u0130\u015fleri Devlet Komitesi Ba\u015fkan\u0131 Bahar Murdova ile bir araya geldi.<\/span><\/p>\n<p><span calibri=\"\">Bakanl\u0131ktan verilen bilgiye g\u00f6re, g\u00f6r\u00fc\u015fmede; iki \u00fclke aras\u0131nda aile, kad\u0131n ve \u00e7ocuk politikalar\u0131 konular\u0131nda i\u015fbirli\u011finin geli\u015ftirilmesi, ortak projeler y\u00fcr\u00fct\u00fclmesi ve tecr\u00fcbe payla\u015f\u0131m\u0131 gibi konular ele al\u0131nd\u0131.<\/span><\/p>\n<\/p><\/div>\n<p><br \/>\n<br \/><a href=\"> K\u0131br\u0131s dakik<\/a><\/p>\n","protected":false},"excerpt":{"rendered":"<p>Yeni mezarl\u0131k arazisi LTB&#8217;nin elinden al\u0131nd\u0131 \u0130\u00e7eri\u011fi G\u00f6r\u00fcnt\u00fcle \u00c7al\u0131\u015fma ve Sosyal G\u00fcvenlik Bakan\u0131 Sad\u0131k Gardiyano\u011flu, Azerbaycan\u2019\u0131n ba\u015fkenti Bak\u00fc\u2019de d\u00fczenlenen T\u00fcrk Devletleri Te\u015fkilat\u0131 (TDT) Aile ve Sosyal Politikadan Sorumlu 2. Bakanlar Toplant\u0131s\u0131 kapsam\u0131nda Azerbaycan Aile, Kad\u0131n ve \u00c7ocuk \u0130\u015fleri Devlet Komitesi Ba\u015fkan\u0131 Bahar Murdova ile bir araya geldi. Bakanl\u0131ktan verilen bilgiye g\u00f6re, g\u00f6r\u00fc\u015fmede; iki \u00fclke aras\u0131nda<\/p>\n","protected":false},"author":1,"featured_media":84483,"comment_status":"open","ping_status":"open","sticky":false,"template":"","format":"standard","meta":{"footnotes":""},"categories":[81,101],"tags":[],"class_list":["post-84482","post","type-post","status-publish","format-standard","has-post-thumbnail","hentry","category-kibris","category-manset"],"yoast_head":"<!-- This site is optimized with the Yoast SEO plugin v27.5 - https:\/\/yoast.com\/product\/yoast-seo-wordpress\/ -->\n<title>Gardiyano\u011flu, Azerbaycan Aile, Kad\u0131n ve \u00c7ocuk \u0130\u015fleri Devlet Komitesi Ba\u015fkan\u0131 Bahar Murdova ile g\u00f6r\u00fc\u015ft\u00fc -<\/title>\n<meta name=\"robots\" content=\"index, follow, max-snippet:-1, max-image-preview:large, max-video-preview:-1\" \/>\n<link rel=\"canonical\" href=\"https:\/\/kibrisdakik.com\/?p=84482\" \/>\n<meta property=\"og:locale\" content=\"tr_TR\" \/>\n<meta property=\"og:type\" content=\"article\" \/>\n<meta property=\"og:title\" content=\"Gardiyano\u011flu, Azerbaycan Aile, Kad\u0131n ve \u00c7ocuk \u0130\u015fleri Devlet Komitesi Ba\u015fkan\u0131 Bahar Murdova ile g\u00f6r\u00fc\u015ft\u00fc -\" \/>\n<meta property=\"og:description\" content=\"Yeni mezarl\u0131k arazisi LTB&#8217;nin elinden al\u0131nd\u0131 \u0130\u00e7eri\u011fi G\u00f6r\u00fcnt\u00fcle \u00c7al\u0131\u015fma ve Sosyal G\u00fcvenlik Bakan\u0131 Sad\u0131k Gardiyano\u011flu, Azerbaycan\u2019\u0131n ba\u015fkenti Bak\u00fc\u2019de d\u00fczenlenen T\u00fcrk Devletleri Te\u015fkilat\u0131 (TDT) Aile ve Sosyal Politikadan Sorumlu 2. Bakanlar Toplant\u0131s\u0131 kapsam\u0131nda Azerbaycan Aile, Kad\u0131n ve \u00c7ocuk \u0130\u015fleri Devlet Komitesi Ba\u015fkan\u0131 Bahar Murdova ile bir araya geldi. Bakanl\u0131ktan verilen bilgiye g\u00f6re, g\u00f6r\u00fc\u015fmede; iki \u00fclke aras\u0131nda\" \/>\n<meta property=\"og:url\" content=\"https:\/\/kibrisdakik.com\/?p=84482\" \/>\n<meta property=\"article:published_time\" content=\"2025-06-12T14:52:07+00:00\" \/>\n<meta property=\"og:image\" content=\"https:\/\/kibrisdakik.com\/wp-content\/uploads\/2025\/06\/e-gardiyanoglu-azeri-bakan-2-740x420.jpg\" \/>\n\t<meta property=\"og:image:width\" content=\"1600\" \/>\n\t<meta property=\"og:image:height\" content=\"1067\" \/>\n\t<meta property=\"og:image:type\" content=\"image\/jpeg\" \/>\n<meta name=\"author\" content=\"admin\" \/>\n<meta name=\"twitter:card\" content=\"summary_large_image\" \/>\n<meta name=\"twitter:label1\" content=\"Yazan:\" \/>\n\t<meta name=\"twitter:data1\" content=\"admin\" \/>\n\t<meta name=\"twitter:label2\" content=\"Tahmini okuma s\u00fcresi\" \/>\n\t<meta name=\"twitter:data2\" content=\"1 dakika\" \/>\n<script type=\"application\/ld+json\" class=\"yoast-schema-graph\">{\"@context\":\"https:\\\/\\\/schema.org\",\"@graph\":[{\"@type\":\"Article\",\"@id\":\"https:\\\/\\\/kibrisdakik.com\\\/?p=84482#article\",\"isPartOf\":{\"@id\":\"https:\\\/\\\/kibrisdakik.com\\\/?p=84482\"},\"author\":{\"name\":\"admin\",\"@id\":\"https:\\\/\\\/kibrisdakik.com\\\/#\\\/schema\\\/person\\\/9cd9d437bbb44f72b73ba127e06d8e79\"},\"headline\":\"Gardiyano\u011flu, Azerbaycan Aile, Kad\u0131n ve \u00c7ocuk \u0130\u015fleri Devlet Komitesi Ba\u015fkan\u0131 Bahar Murdova ile g\u00f6r\u00fc\u015ft\u00fc\",\"datePublished\":\"2025-06-12T14:52:07+00:00\",\"mainEntityOfPage\":{\"@id\":\"https:\\\/\\\/kibrisdakik.com\\\/?p=84482\"},\"wordCount\":129,\"commentCount\":0,\"image\":{\"@id\":\"https:\\\/\\\/kibrisdakik.com\\\/?p=84482#primaryimage\"},\"thumbnailUrl\":\"https:\\\/\\\/kibrisdakik.com\\\/wp-content\\\/uploads\\\/2025\\\/06\\\/e-gardiyanoglu-azeri-bakan-2-740x420.jpg\",\"articleSection\":[\"K\u0131br\u0131s\",\"Man\u015fet\"],\"inLanguage\":\"tr\",\"potentialAction\":[{\"@type\":\"CommentAction\",\"name\":\"Comment\",\"target\":[\"https:\\\/\\\/kibrisdakik.com\\\/?p=84482#respond\"]}]},{\"@type\":\"WebPage\",\"@id\":\"https:\\\/\\\/kibrisdakik.com\\\/?p=84482\",\"url\":\"https:\\\/\\\/kibrisdakik.com\\\/?p=84482\",\"name\":\"Gardiyano\u011flu, Azerbaycan Aile, Kad\u0131n ve \u00c7ocuk \u0130\u015fleri Devlet Komitesi Ba\u015fkan\u0131 Bahar Murdova ile g\u00f6r\u00fc\u015ft\u00fc -\",\"isPartOf\":{\"@id\":\"https:\\\/\\\/kibrisdakik.com\\\/#website\"},\"primaryImageOfPage\":{\"@id\":\"https:\\\/\\\/kibrisdakik.com\\\/?p=84482#primaryimage\"},\"image\":{\"@id\":\"https:\\\/\\\/kibrisdakik.com\\\/?p=84482#primaryimage\"},\"thumbnailUrl\":\"https:\\\/\\\/kibrisdakik.com\\\/wp-content\\\/uploads\\\/2025\\\/06\\\/e-gardiyanoglu-azeri-bakan-2-740x420.jpg\",\"datePublished\":\"2025-06-12T14:52:07+00:00\",\"author\":{\"@id\":\"https:\\\/\\\/kibrisdakik.com\\\/#\\\/schema\\\/person\\\/9cd9d437bbb44f72b73ba127e06d8e79\"},\"breadcrumb\":{\"@id\":\"https:\\\/\\\/kibrisdakik.com\\\/?p=84482#breadcrumb\"},\"inLanguage\":\"tr\",\"potentialAction\":[{\"@type\":\"ReadAction\",\"target\":[\"https:\\\/\\\/kibrisdakik.com\\\/?p=84482\"]}]},{\"@type\":\"ImageObject\",\"inLanguage\":\"tr\",\"@id\":\"https:\\\/\\\/kibrisdakik.com\\\/?p=84482#primaryimage\",\"url\":\"https:\\\/\\\/kibrisdakik.com\\\/wp-content\\\/uploads\\\/2025\\\/06\\\/e-gardiyanoglu-azeri-bakan-2-740x420.jpg\",\"contentUrl\":\"https:\\\/\\\/kibrisdakik.com\\\/wp-content\\\/uploads\\\/2025\\\/06\\\/e-gardiyanoglu-azeri-bakan-2-740x420.jpg\",\"width\":1600,\"height\":1067},{\"@type\":\"BreadcrumbList\",\"@id\":\"https:\\\/\\\/kibrisdakik.com\\\/?p=84482#breadcrumb\",\"itemListElement\":[{\"@type\":\"ListItem\",\"position\":1,\"name\":\"Home\",\"item\":\"https:\\\/\\\/kibrisdakik.com\\\/\"},{\"@type\":\"ListItem\",\"position\":2,\"name\":\"Gardiyano\u011flu, Azerbaycan Aile, Kad\u0131n ve \u00c7ocuk \u0130\u015fleri Devlet Komitesi Ba\u015fkan\u0131 Bahar Murdova ile g\u00f6r\u00fc\u015ft\u00fc\"}]},{\"@type\":\"WebSite\",\"@id\":\"https:\\\/\\\/kibrisdakik.com\\\/#website\",\"url\":\"https:\\\/\\\/kibrisdakik.com\\\/\",\"name\":\"\",\"description\":\"Tam vaktinde haber\",\"potentialAction\":[{\"@type\":\"SearchAction\",\"target\":{\"@type\":\"EntryPoint\",\"urlTemplate\":\"https:\\\/\\\/kibrisdakik.com\\\/?s={search_term_string}\"},\"query-input\":{\"@type\":\"PropertyValueSpecification\",\"valueRequired\":true,\"valueName\":\"search_term_string\"}}],\"inLanguage\":\"tr\"},{\"@type\":\"Person\",\"@id\":\"https:\\\/\\\/kibrisdakik.com\\\/#\\\/schema\\\/person\\\/9cd9d437bbb44f72b73ba127e06d8e79\",\"name\":\"admin\",\"image\":{\"@type\":\"ImageObject\",\"inLanguage\":\"tr\",\"@id\":\"https:\\\/\\\/secure.gravatar.com\\\/avatar\\\/ccc17943b9d660506c869530f897617f7cb1c21a4bf30023f252596d83e1f007?s=96&d=mm&r=g\",\"url\":\"https:\\\/\\\/secure.gravatar.com\\\/avatar\\\/ccc17943b9d660506c869530f897617f7cb1c21a4bf30023f252596d83e1f007?s=96&d=mm&r=g\",\"contentUrl\":\"https:\\\/\\\/secure.gravatar.com\\\/avatar\\\/ccc17943b9d660506c869530f897617f7cb1c21a4bf30023f252596d83e1f007?s=96&d=mm&r=g\",\"caption\":\"admin\"},\"sameAs\":[\"https:\\\/\\\/kibrisdakik.com\"],\"url\":\"https:\\\/\\\/kibrisdakik.com\\\/?author=1\"}]}<\/script>\n<!-- \/ Yoast SEO plugin. -->","yoast_head_json":{"title":"Gardiyano\u011flu, Azerbaycan Aile, Kad\u0131n ve \u00c7ocuk \u0130\u015fleri Devlet Komitesi Ba\u015fkan\u0131 Bahar Murdova ile g\u00f6r\u00fc\u015ft\u00fc -","robots":{"index":"index","follow":"follow","max-snippet":"max-snippet:-1","max-image-preview":"max-image-preview:large","max-video-preview":"max-video-preview:-1"},"canonical":"https:\/\/kibrisdakik.com\/?p=84482","og_locale":"tr_TR","og_type":"article","og_title":"Gardiyano\u011flu, Azerbaycan Aile, Kad\u0131n ve \u00c7ocuk \u0130\u015fleri Devlet Komitesi Ba\u015fkan\u0131 Bahar Murdova ile g\u00f6r\u00fc\u015ft\u00fc -","og_description":"Yeni mezarl\u0131k arazisi LTB&#8217;nin elinden al\u0131nd\u0131 \u0130\u00e7eri\u011fi G\u00f6r\u00fcnt\u00fcle \u00c7al\u0131\u015fma ve Sosyal G\u00fcvenlik Bakan\u0131 Sad\u0131k Gardiyano\u011flu, Azerbaycan\u2019\u0131n ba\u015fkenti Bak\u00fc\u2019de d\u00fczenlenen T\u00fcrk Devletleri Te\u015fkilat\u0131 (TDT) Aile ve Sosyal Politikadan Sorumlu 2. Bakanlar Toplant\u0131s\u0131 kapsam\u0131nda Azerbaycan Aile, Kad\u0131n ve \u00c7ocuk \u0130\u015fleri Devlet Komitesi Ba\u015fkan\u0131 Bahar Murdova ile bir araya geldi. Bakanl\u0131ktan verilen bilgiye g\u00f6re, g\u00f6r\u00fc\u015fmede; iki \u00fclke aras\u0131nda","og_url":"https:\/\/kibrisdakik.com\/?p=84482","article_published_time":"2025-06-12T14:52:07+00:00","og_image":[{"width":1600,"height":1067,"url":"https:\/\/kibrisdakik.com\/wp-content\/uploads\/2025\/06\/e-gardiyanoglu-azeri-bakan-2-740x420.jpg","type":"image\/jpeg"}],"author":"admin","twitter_card":"summary_large_image","twitter_misc":{"Yazan:":"admin","Tahmini okuma s\u00fcresi":"1 dakika"},"schema":{"@context":"https:\/\/schema.org","@graph":[{"@type":"Article","@id":"https:\/\/kibrisdakik.com\/?p=84482#article","isPartOf":{"@id":"https:\/\/kibrisdakik.com\/?p=84482"},"author":{"name":"admin","@id":"https:\/\/kibrisdakik.com\/#\/schema\/person\/9cd9d437bbb44f72b73ba127e06d8e79"},"headline":"Gardiyano\u011flu, Azerbaycan Aile, Kad\u0131n ve \u00c7ocuk \u0130\u015fleri Devlet Komitesi Ba\u015fkan\u0131 Bahar Murdova ile g\u00f6r\u00fc\u015ft\u00fc","datePublished":"2025-06-12T14:52:07+00:00","mainEntityOfPage":{"@id":"https:\/\/kibrisdakik.com\/?p=84482"},"wordCount":129,"commentCount":0,"image":{"@id":"https:\/\/kibrisdakik.com\/?p=84482#primaryimage"},"thumbnailUrl":"https:\/\/kibrisdakik.com\/wp-content\/uploads\/2025\/06\/e-gardiyanoglu-azeri-bakan-2-740x420.jpg","articleSection":["K\u0131br\u0131s","Man\u015fet"],"inLanguage":"tr","potentialAction":[{"@type":"CommentAction","name":"Comment","target":["https:\/\/kibrisdakik.com\/?p=84482#respond"]}]},{"@type":"WebPage","@id":"https:\/\/kibrisdakik.com\/?p=84482","url":"https:\/\/kibrisdakik.com\/?p=84482","name":"Gardiyano\u011flu, Azerbaycan Aile, Kad\u0131n ve \u00c7ocuk \u0130\u015fleri Devlet Komitesi Ba\u015fkan\u0131 Bahar Murdova ile g\u00f6r\u00fc\u015ft\u00fc -","isPartOf":{"@id":"https:\/\/kibrisdakik.com\/#website"},"primaryImageOfPage":{"@id":"https:\/\/kibrisdakik.com\/?p=84482#primaryimage"},"image":{"@id":"https:\/\/kibrisdakik.com\/?p=84482#primaryimage"},"thumbnailUrl":"https:\/\/kibrisdakik.com\/wp-content\/uploads\/2025\/06\/e-gardiyanoglu-azeri-bakan-2-740x420.jpg","datePublished":"2025-06-12T14:52:07+00:00","author":{"@id":"https:\/\/kibrisdakik.com\/#\/schema\/person\/9cd9d437bbb44f72b73ba127e06d8e79"},"breadcrumb":{"@id":"https:\/\/kibrisdakik.com\/?p=84482#breadcrumb"},"inLanguage":"tr","potentialAction":[{"@type":"ReadAction","target":["https:\/\/kibrisdakik.com\/?p=84482"]}]},{"@type":"ImageObject","inLanguage":"tr","@id":"https:\/\/kibrisdakik.com\/?p=84482#primaryimage","url":"https:\/\/kibrisdakik.com\/wp-content\/uploads\/2025\/06\/e-gardiyanoglu-azeri-bakan-2-740x420.jpg","contentUrl":"https:\/\/kibrisdakik.com\/wp-content\/uploads\/2025\/06\/e-gardiyanoglu-azeri-bakan-2-740x420.jpg","width":1600,"height":1067},{"@type":"BreadcrumbList","@id":"https:\/\/kibrisdakik.com\/?p=84482#breadcrumb","itemListElement":[{"@type":"ListItem","position":1,"name":"Home","item":"https:\/\/kibrisdakik.com\/"},{"@type":"ListItem","position":2,"name":"Gardiyano\u011flu, Azerbaycan Aile, Kad\u0131n ve \u00c7ocuk \u0130\u015fleri Devlet Komitesi Ba\u015fkan\u0131 Bahar Murdova ile g\u00f6r\u00fc\u015ft\u00fc"}]},{"@type":"WebSite","@id":"https:\/\/kibrisdakik.com\/#website","url":"https:\/\/kibrisdakik.com\/","name":"","description":"Tam vaktinde haber","potentialAction":[{"@type":"SearchAction","target":{"@type":"EntryPoint","urlTemplate":"https:\/\/kibrisdakik.com\/?s={search_term_string}"},"query-input":{"@type":"PropertyValueSpecification","valueRequired":true,"valueName":"search_term_string"}}],"inLanguage":"tr"},{"@type":"Person","@id":"https:\/\/kibrisdakik.com\/#\/schema\/person\/9cd9d437bbb44f72b73ba127e06d8e79","name":"admin","image":{"@type":"ImageObject","inLanguage":"tr","@id":"https:\/\/secure.gravatar.com\/avatar\/ccc17943b9d660506c869530f897617f7cb1c21a4bf30023f252596d83e1f007?s=96&d=mm&r=g","url":"https:\/\/secure.gravatar.com\/avatar\/ccc17943b9d660506c869530f897617f7cb1c21a4bf30023f252596d83e1f007?s=96&d=mm&r=g","contentUrl":"https:\/\/secure.gravatar.com\/avatar\/ccc17943b9d660506c869530f897617f7cb1c21a4bf30023f252596d83e1f007?s=96&d=mm&r=g","caption":"admin"},"sameAs":["https:\/\/kibrisdakik.com"],"url":"https:\/\/kibrisdakik.com\/?author=1"}]}},"_links":{"self":[{"href":"https:\/\/kibrisdakik.com\/index.php?rest_route=\/wp\/v2\/posts\/84482","targetHints":{"allow":["GET"]}}],"collection":[{"href":"https:\/\/kibrisdakik.com\/index.php?rest_route=\/wp\/v2\/posts"}],"about":[{"href":"https:\/\/kibrisdakik.com\/index.php?rest_route=\/wp\/v2\/types\/post"}],"author":[{"embeddable":true,"href":"https:\/\/kibrisdakik.com\/index.php?rest_route=\/wp\/v2\/users\/1"}],"replies":[{"embeddable":true,"href":"https:\/\/kibrisdakik.com\/index.php?rest_route=%2Fwp%2Fv2%2Fcomments&post=84482"}],"version-history":[{"count":0,"href":"https:\/\/kibrisdakik.com\/index.php?rest_route=\/wp\/v2\/posts\/84482\/revisions"}],"wp:featuredmedia":[{"embeddable":true,"href":"https:\/\/kibrisdakik.com\/index.php?rest_route=\/wp\/v2\/media\/84483"}],"wp:attachment":[{"href":"https:\/\/kibrisdakik.com\/index.php?rest_route=%2Fwp%2Fv2%2Fmedia&parent=84482"}],"wp:term":[{"taxonomy":"category","embeddable":true,"href":"https:\/\/kibrisdakik.com\/index.php?rest_route=%2Fwp%2Fv2%2Fcategories&post=84482"},{"taxonomy":"post_tag","embeddable":true,"href":"https:\/\/kibrisdakik.com\/index.php?rest_route=%2Fwp%2Fv2%2Ftags&post=84482"}],"curies":[{"name":"wp","href":"https:\/\/api.w.org\/{rel}","templated":true}]}}