{"id":84490,"date":"2025-06-12T19:36:00","date_gmt":"2025-06-12T16:36:00","guid":{"rendered":"https:\/\/kibrisdakik.com\/index.php\/2025\/06\/12\/turkun-ebedi-davasi-kibris-konferansi-cumhurbaskanliginda-duzenlendi\/"},"modified":"2025-06-12T19:36:00","modified_gmt":"2025-06-12T16:36:00","slug":"turkun-ebedi-davasi-kibris-konferansi-cumhurbaskanliginda-duzenlendi","status":"publish","type":"post","link":"https:\/\/kibrisdakik.com\/?p=84490","title":{"rendered":"&quot;T\u00dcRK\u2019\u00dcN EBED\u0130 DAVASI KIBRIS KONFERANSI&quot; CUMHURBA\u015eKANLI\u011eI\u2019NDA D\u00dcZENLEND\u0130"},"content":{"rendered":"<p><img decoding=\"async\" src=\"https:\/\/mhahabercom.teimg.com\/crop\/1280x720\/mhahaber-com\/uploads\/2025\/06\/mhafoto-8687.png\" \/><br \/>Cumhurba\u015fkanl\u0131\u011f\u0131 himayesinde, Avrasya Stratejik Ara\u015ft\u0131rmalar Platformu ve Vakf\u0131 i\u015f birli\u011finde d\u00fczenlenen \u201cT\u00fcrk\u2019\u00fcn Ebedi Davas\u0131 K\u0131br\u0131s\u201d ba\u015fl\u0131kl\u0131 konferans bug\u00fcn Cumhurba\u015fkanl\u0131\u011f\u0131 Yerle\u015fkesi\u2019nde ger\u00e7ekle\u015ftirildi.<\/p>\n<p>Konferansta konu\u015fan Tarih\u00e7i-Yazar Prof. Dr. \u0130lber Ortayl\u0131, K\u0131br\u0131s\u2019ta 1960\u2019l\u0131 y\u0131llarda ya\u015fanan katliamlar\u0131n Avrupa kamuoyunda yeterince kar\u015f\u0131l\u0131k bulmad\u0131\u011f\u0131n\u0131 belirterek, \u201cBaz\u0131 tarihsel vakalar asla kabul edilmez, ancak g\u00fcc\u00fcn\u00fcz ve reaksiyonunuz varsa geri \u00e7ekilirler.\u201d dedi.<\/p>\n<p>Cumhurba\u015fkan\u0131 Ersin Tatar ise a\u00e7\u0131l\u0131\u015fta yapt\u0131\u011f\u0131 konu\u015fmada, ge\u00e7mi\u015fte ya\u015fananlar\u0131n iyi analiz edilmesi ve buna g\u00f6re bir vizyon geli\u015ftirilmesi gerekti\u011fini dile getirerek, \u201cHalklar karde\u015ftir gibi saf\u00e7a anlay\u0131\u015flar, bizi tehlikeli maceralara s\u00fcr\u00fckleyebilir.\u201d ifadelerini kulland\u0131.<\/p>\n<p>-Cumhurba\u015fkan\u0131 Tatar, Ortayl\u0131\u2019y\u0131 makam\u0131nda kabul etti<\/p>\n<p>Konferans \u00f6ncesinde, Ortayl\u0131, Cumhurba\u015fkan\u0131 Ersin Tatar taraf\u0131ndan makam\u0131nda kabul edildi. G\u00f6r\u00fc\u015fmede, T\u00fcrkiye Cumhuriyeti Lefko\u015fa B\u00fcy\u00fckel\u00e7isi Ali Murat Ba\u015f\u00e7eri de haz\u0131r bulundu.<\/p>\n<p>Kabul\u00fcn ard\u0131ndan ger\u00e7ekle\u015ftirilen konferansa, Cumhurba\u015fkan\u0131 Ersin Tatar, T\u00fcrkiye Cumhuriyeti Lefko\u015fa B\u00fcy\u00fckel\u00e7isi Ali Murat Ba\u015f\u00e7eri, Bay\u0131nd\u0131rl\u0131k ve Ula\u015ft\u0131rma Bakan\u0131 Erhan Ar\u0131kl\u0131, Milli E\u011fitim Bakan\u0131 Naz\u0131m \u00c7avu\u015fo\u011flu, Maliye Bakan\u0131 \u00d6zdemir Berova\u2019n\u0131n yan\u0131 s\u0131ra baz\u0131 milletvekilleri, kurum ve kurulu\u015f temsilcileri ile davetliler kat\u0131ld\u0131.<\/p>\n<p>-Tatar: \u201cNeler ya\u015fand\u0131\u011f\u0131n\u0131 bilmek, ortaya ona g\u00f6re vizyon koymak \u00f6nemlidir\u201d<\/p>\n<p>Cumhurba\u015fkan\u0131 Ersin Tatar, konferans\u0131n a\u00e7\u0131l\u0131\u015f\u0131nda yapt\u0131\u011f\u0131 konu\u015fmada, K\u0131br\u0131s meselesine tarihsel perspektifle bakman\u0131n \u00f6nemine i\u015faret etti.<\/p>\n<p>Tarihte farkl\u0131 ideolojik g\u00f6r\u00fc\u015flerin, dinsel ayr\u0131\u015fmalar\u0131n ve milli de\u011ferlerin nas\u0131l \u00e7at\u0131\u015fmalar veya i\u015f birlikleri do\u011furabilece\u011finin iyi okunmas\u0131 gerekti\u011fini vurgulayan Tatar, binlerce, y\u00fczlerce y\u0131l \u00f6nce benzer co\u011frafyalarda neler ya\u015fand\u0131\u011f\u0131n\u0131 bilmenin, ortaya ona g\u00f6re vizyon koyman\u0131n \u00f6nemli oldu\u011funu kaydetti.<\/p>\n<p>Do\u011fu Akdeniz\u2019de de\u011fi\u015fen jeostratejik ve jeopolitik dengelere de\u011finen Tatar, \u201cMavi Vatan\u201d ve \u201cG\u00f6k Vatan\u201d kavramlar\u0131n\u0131 an\u0131msatt\u0131.<\/p>\n<p>\u201c\u2018Halklar karde\u015ftir. Halklar mutlaka gelece\u011fi beraber in\u015fa edebileceklerdir gibi saf\u00e7a anlay\u0131\u015flar\u0131n bizleri \u00e7ok b\u00fcy\u00fck tehlikelere ve maceralara s\u00fcr\u00fckleyebilece\u011fine inan\u0131yorum.\u201d diyen Tatar, tarihsel s\u00fcrece b\u00fct\u00fcn boyutlar\u0131yla bak\u0131lmas\u0131 a\u00e7\u0131s\u0131ndan tarih\u00e7ilerin yol g\u00f6sterici olabilecek de\u011ferlendirmeler yapmas\u0131n\u0131n k\u0131ymetli oldu\u011funu ifade etti. Ortayl\u0131\u2019n\u0131n televizyon programlar\u0131nda s\u0131k s\u0131k g\u00f6r\u00fc\u015flerini payla\u015ft\u0131\u011f\u0131n\u0131 an\u0131msatan Tatar, \u201cKuzey K\u0131br\u0131s T\u00fcrk Cumhuriyeti\u2019nin yeni yerle\u015fkesinde kendisini dinlemek hepimiz i\u00e7in \u00f6nemli bir f\u0131rsat.\u201d dedi.<\/p>\n<p>-Ortayl\u0131: \u201cTahamm\u00fcl edilemez olaylar ya\u015fand\u0131. Avrupa devletleri bu hadiseleri g\u00f6rmezden geldi\u201d<\/p>\n<p>Prof. Dr. Ortayl\u0131 konu\u015fmas\u0131nda, K\u0131br\u0131s\u2019ta 1960\u2019l\u0131 y\u0131llarda ya\u015fanan olaylar\u0131n Avrupa kamuoyunda yeterince kar\u015f\u0131l\u0131k bulmad\u0131\u011f\u0131n\u0131 dile getirerek, \u201cO d\u00f6nemde tahamm\u00fcl edilemez olaylar ya\u015fand\u0131. Avrupa devletleri bu hadiseleri g\u00f6rmezden geldi.\u201d dedi.<\/p>\n<p>K\u0131br\u0131s\u2019taki \u00e7at\u0131\u015fmalar\u0131n ard\u0131ndan T\u00fcrkiye\u2019nin m\u00fcdahalede bulunmak zorunda kald\u0131\u011f\u0131n\u0131 s\u00f6yleyen Ortayl\u0131, \u201cHava yoluyla, bombard\u0131man yoluyla m\u00fcdahale ettik ki katliamlar son bulsun. Ancak Avrupa\u2019n\u0131n bak\u0131\u015f\u0131 de\u011fi\u015fmedi. K\u0131br\u0131s\u2019\u0131 sadece H\u0131ristiyanl\u0131kla ve Yunan k\u00fclt\u00fcr\u00fcyle \u00f6zde\u015fle\u015ftirdiler.\u201d ifadelerini kulland\u0131.<\/p>\n<p>K\u0131br\u0131s\u2019\u0131n tarih boyunca bir\u00e7ok farkl\u0131 halk ve k\u00fclt\u00fcre ev sahipli\u011fi yapt\u0131\u011f\u0131n\u0131 vurgulayan Ortayl\u0131, \u201cK\u0131br\u0131s \u00e7ok stratejik bir noktad\u0131r. Akdeniz\u2019deki en eski teknelerin bile u\u011frad\u0131\u011f\u0131 yer olmu\u015ftur.\u201d dedi.<\/p>\n<p>K\u0131br\u0131s\u2019taki m\u00fccadelenin h\u00e2l\u00e2 s\u00fcrd\u00fc\u011f\u00fcn\u00fc ifade eden Ortayl\u0131, uluslararas\u0131 alanda g\u00fc\u00e7l\u00fc bir devlet ve millet olunmad\u0131\u011f\u0131 takdirde ya\u015fananlar\u0131n kolayca unutulabildi\u011fini kaydederek, \u201cBaz\u0131 tarihsel vakalar asla kabul edilmez, ancak g\u00fcc\u00fcn\u00fcz ve reaksiyonunuz varsa geri \u00e7ekilirler. Bu nedenle bu mesele \u00fczerine oturmal\u0131, d\u00fc\u015f\u00fcnmeli ve tarihsel ger\u00e7ekli\u011fi g\u00f6z ard\u0131 etmemeliyiz.\u201d dedi.<\/p>\n<p>-Do\u011fanay: \u201cDo\u011fal gaz rezervi stratejik \u00f6neme sahip\u201d<\/p>\n<p>Avrasya Stratejik Ara\u015ft\u0131rmalar Platformu Ba\u015fkan\u0131 Murat Do\u011fanay, konferansta yapt\u0131\u011f\u0131 konu\u015fmada, &#8220;\u00e7ift devletli \u00e7\u00f6z\u00fcm modeli&#8221; ile Mavi Vatan doktrininin K\u0131br\u0131s merkezli jeopolitik ba\u011flamda birbirini tamamlad\u0131\u011f\u0131n\u0131 dile getirerek, bu iki kavram\u0131n yaln\u0131zca siyasi birer \u00f6neri de\u011fil, T\u00fcrkiye&#8217;nin b\u00f6lgesel istikrar\u0131, enerji politikas\u0131 ve tarihsel s\u00fcreklili\u011fi a\u00e7\u0131s\u0131ndan temel yap\u0131 ta\u015flar\u0131 oldu\u011funu s\u00f6yledi.<\/p>\n<p>K\u0131br\u0131s\u2019\u0131n sadece bir co\u011frafi alan de\u011fil, Do\u011fu Akdeniz&#8217;in merkezinde yer alan jeopolitik bir merkez oldu\u011funu belirten Do\u011fanay, enerji kaynaklar\u0131 \u00fczerindeki uluslararas\u0131 rekabetin T\u00fcrkiye\u2019nin deniz yetki alanlar\u0131n\u0131 koruma konusundaki kararl\u0131l\u0131\u011f\u0131n\u0131 \u00e7ok boyutlu ve stratejik bir zemine ta\u015f\u0131d\u0131\u011f\u0131n\u0131 ifade etti. Mavi Vatan\u2019\u0131n sadece bir harita de\u011fil, g\u00fcvenlik, egemenlik ve s\u00fcrd\u00fcr\u00fclebilir gelecek vizyonu oldu\u011funu kaydeden Do\u011fanay, bu vizyonun en hassas alanlar\u0131ndan birinin K\u0131br\u0131s oldu\u011funu s\u00f6yledi.<\/p>\n<p>Do\u011fanay, T\u00fcrkiye\u2019nin Do\u011fu Akdeniz\u2019deki deniz yetki alanlar\u0131nda bulunan yakla\u015f\u0131k 122 trilyon k\u00fcbik fit do\u011fal gaz rezervinin, hem T\u00fcrkiye\u2019nin enerji ba\u011f\u0131ms\u0131zl\u0131\u011f\u0131 hem de Avrupa\u2019n\u0131n arz g\u00fcvenli\u011fi a\u00e7\u0131s\u0131ndan stratejik bir de\u011fere sahip oldu\u011funu kaydetti. K\u0131br\u0131s&#8217;\u0131n g\u00fcneyinden \u00e7\u0131kar\u0131lan gaz\u0131n Avrupa&#8217;ya ta\u015f\u0131nmas\u0131nda maliyetin s\u0131v\u0131la\u015ft\u0131rma y\u00f6ntemiyle 11 dolar\u0131 buldu\u011funu, T\u00fcrkiye \u00fczerinden boru hatt\u0131yla ula\u015ft\u0131r\u0131ld\u0131\u011f\u0131nda ise bu maliyetin yakla\u015f\u0131k 6 dolara d\u00fc\u015ft\u00fc\u011f\u00fcn\u00fc vurgulayan Do\u011fanay, bunun teknik bir detay olman\u0131n \u00f6tesinde Avrupa i\u00e7in stratejik bir k\u0131r\u0131lma noktas\u0131 oldu\u011funu dile getirdi.<\/p>\n<p>Kuzey K\u0131br\u0131s T\u00fcrk Cumhuriyeti\u2019nin yaln\u0131zca diplomatik bir varl\u0131k de\u011fil, T\u00fcrkiye&#8217;nin enerji, g\u00fcvenlik ve d\u0131\u015f politika stratejilerinin ayr\u0131lmaz bir par\u00e7as\u0131 oldu\u011funu kaydeden Do\u011fanay, \u201cKKTC b\u00f6lgedeki vekalet sava\u015flar\u0131, enerji rekabeti ve askeri varl\u0131klar kar\u015f\u0131s\u0131nda, asimetrik tehditlere kar\u015f\u0131, \u00f6nemli bir denge unsurudur.\u201d dedi.<\/p>\n<p>Do\u011fanay, konferans\u0131n amac\u0131n\u0131n akademik bilgi birikimi ile sahadaki geli\u015fmeleri birle\u015ftirerek Ankara ve Lefko\u015fa\u2019daki karar mekanizmalar\u0131na stratejik bir vizyon sunmak oldu\u011funu s\u00f6yledi.<\/p>\n","protected":false},"excerpt":{"rendered":"<p>Cumhurba\u015fkanl\u0131\u011f\u0131 himayesinde, Avrasya Stratejik Ara\u015ft\u0131rmalar Platformu ve Vakf\u0131 i\u015f birli\u011finde d\u00fczenlenen \u201cT\u00fcrk\u2019\u00fcn Ebedi Davas\u0131 K\u0131br\u0131s\u201d ba\u015fl\u0131kl\u0131 konferans bug\u00fcn Cumhurba\u015fkanl\u0131\u011f\u0131 Yerle\u015fkesi\u2019nde ger\u00e7ekle\u015ftirildi. Konferansta konu\u015fan Tarih\u00e7i-Yazar Prof. Dr. \u0130lber Ortayl\u0131, K\u0131br\u0131s\u2019ta 1960\u2019l\u0131 y\u0131llarda ya\u015fanan katliamlar\u0131n Avrupa kamuoyunda yeterince kar\u015f\u0131l\u0131k bulmad\u0131\u011f\u0131n\u0131 belirterek, \u201cBaz\u0131 tarihsel vakalar asla kabul edilmez, ancak g\u00fcc\u00fcn\u00fcz ve reaksiyonunuz varsa geri \u00e7ekilirler.\u201d dedi. Cumhurba\u015fkan\u0131 Ersin<\/p>\n","protected":false},"author":1,"featured_media":84491,"comment_status":"open","ping_status":"open","sticky":false,"template":"","format":"standard","meta":{"footnotes":""},"categories":[1],"tags":[],"class_list":["post-84490","post","type-post","status-publish","format-standard","has-post-thumbnail","hentry","category-gundem"],"yoast_head":"<!-- This site is optimized with the Yoast SEO plugin v27.5 - https:\/\/yoast.com\/product\/yoast-seo-wordpress\/ -->\n<title>&quot;T\u00dcRK\u2019\u00dcN EBED\u0130 DAVASI KIBRIS KONFERANSI&quot; CUMHURBA\u015eKANLI\u011eI\u2019NDA D\u00dcZENLEND\u0130 -<\/title>\n<meta name=\"robots\" content=\"index, follow, max-snippet:-1, max-image-preview:large, max-video-preview:-1\" \/>\n<link rel=\"canonical\" href=\"https:\/\/kibrisdakik.com\/?p=84490\" \/>\n<meta property=\"og:locale\" content=\"tr_TR\" \/>\n<meta property=\"og:type\" content=\"article\" \/>\n<meta property=\"og:title\" content=\"&quot;T\u00dcRK\u2019\u00dcN EBED\u0130 DAVASI KIBRIS KONFERANSI&quot; CUMHURBA\u015eKANLI\u011eI\u2019NDA D\u00dcZENLEND\u0130 -\" \/>\n<meta property=\"og:description\" content=\"Cumhurba\u015fkanl\u0131\u011f\u0131 himayesinde, Avrasya Stratejik Ara\u015ft\u0131rmalar Platformu ve Vakf\u0131 i\u015f birli\u011finde d\u00fczenlenen \u201cT\u00fcrk\u2019\u00fcn Ebedi Davas\u0131 K\u0131br\u0131s\u201d ba\u015fl\u0131kl\u0131 konferans bug\u00fcn Cumhurba\u015fkanl\u0131\u011f\u0131 Yerle\u015fkesi\u2019nde ger\u00e7ekle\u015ftirildi. Konferansta konu\u015fan Tarih\u00e7i-Yazar Prof. Dr. \u0130lber Ortayl\u0131, K\u0131br\u0131s\u2019ta 1960\u2019l\u0131 y\u0131llarda ya\u015fanan katliamlar\u0131n Avrupa kamuoyunda yeterince kar\u015f\u0131l\u0131k bulmad\u0131\u011f\u0131n\u0131 belirterek, \u201cBaz\u0131 tarihsel vakalar asla kabul edilmez, ancak g\u00fcc\u00fcn\u00fcz ve reaksiyonunuz varsa geri \u00e7ekilirler.\u201d dedi. Cumhurba\u015fkan\u0131 Ersin\" \/>\n<meta property=\"og:url\" content=\"https:\/\/kibrisdakik.com\/?p=84490\" \/>\n<meta property=\"article:published_time\" content=\"2025-06-12T16:36:00+00:00\" \/>\n<meta property=\"og:image\" content=\"https:\/\/kibrisdakik.com\/wp-content\/uploads\/2025\/06\/mhafoto-8687-740x420.png\" \/>\n\t<meta property=\"og:image:width\" content=\"860\" \/>\n\t<meta property=\"og:image:height\" content=\"505\" \/>\n\t<meta property=\"og:image:type\" content=\"image\/png\" \/>\n<meta name=\"author\" content=\"admin\" \/>\n<meta name=\"twitter:card\" content=\"summary_large_image\" \/>\n<meta name=\"twitter:label1\" content=\"Yazan:\" \/>\n\t<meta name=\"twitter:data1\" content=\"admin\" \/>\n\t<meta name=\"twitter:label2\" content=\"Tahmini okuma s\u00fcresi\" \/>\n\t<meta name=\"twitter:data2\" content=\"5 dakika\" \/>\n<script type=\"application\/ld+json\" class=\"yoast-schema-graph\">{\"@context\":\"https:\\\/\\\/schema.org\",\"@graph\":[{\"@type\":\"Article\",\"@id\":\"https:\\\/\\\/kibrisdakik.com\\\/?p=84490#article\",\"isPartOf\":{\"@id\":\"https:\\\/\\\/kibrisdakik.com\\\/?p=84490\"},\"author\":{\"name\":\"admin\",\"@id\":\"https:\\\/\\\/kibrisdakik.com\\\/#\\\/schema\\\/person\\\/9cd9d437bbb44f72b73ba127e06d8e79\"},\"headline\":\"&quot;T\u00dcRK\u2019\u00dcN EBED\u0130 DAVASI KIBRIS KONFERANSI&quot; CUMHURBA\u015eKANLI\u011eI\u2019NDA D\u00dcZENLEND\u0130\",\"datePublished\":\"2025-06-12T16:36:00+00:00\",\"mainEntityOfPage\":{\"@id\":\"https:\\\/\\\/kibrisdakik.com\\\/?p=84490\"},\"wordCount\":1075,\"commentCount\":0,\"image\":{\"@id\":\"https:\\\/\\\/kibrisdakik.com\\\/?p=84490#primaryimage\"},\"thumbnailUrl\":\"https:\\\/\\\/kibrisdakik.com\\\/wp-content\\\/uploads\\\/2025\\\/06\\\/mhafoto-8687-740x420.png\",\"articleSection\":[\"G\u00fcndem\"],\"inLanguage\":\"tr\",\"potentialAction\":[{\"@type\":\"CommentAction\",\"name\":\"Comment\",\"target\":[\"https:\\\/\\\/kibrisdakik.com\\\/?p=84490#respond\"]}]},{\"@type\":\"WebPage\",\"@id\":\"https:\\\/\\\/kibrisdakik.com\\\/?p=84490\",\"url\":\"https:\\\/\\\/kibrisdakik.com\\\/?p=84490\",\"name\":\"&quot;T\u00dcRK\u2019\u00dcN EBED\u0130 DAVASI KIBRIS KONFERANSI&quot; CUMHURBA\u015eKANLI\u011eI\u2019NDA D\u00dcZENLEND\u0130 -\",\"isPartOf\":{\"@id\":\"https:\\\/\\\/kibrisdakik.com\\\/#website\"},\"primaryImageOfPage\":{\"@id\":\"https:\\\/\\\/kibrisdakik.com\\\/?p=84490#primaryimage\"},\"image\":{\"@id\":\"https:\\\/\\\/kibrisdakik.com\\\/?p=84490#primaryimage\"},\"thumbnailUrl\":\"https:\\\/\\\/kibrisdakik.com\\\/wp-content\\\/uploads\\\/2025\\\/06\\\/mhafoto-8687-740x420.png\",\"datePublished\":\"2025-06-12T16:36:00+00:00\",\"author\":{\"@id\":\"https:\\\/\\\/kibrisdakik.com\\\/#\\\/schema\\\/person\\\/9cd9d437bbb44f72b73ba127e06d8e79\"},\"breadcrumb\":{\"@id\":\"https:\\\/\\\/kibrisdakik.com\\\/?p=84490#breadcrumb\"},\"inLanguage\":\"tr\",\"potentialAction\":[{\"@type\":\"ReadAction\",\"target\":[\"https:\\\/\\\/kibrisdakik.com\\\/?p=84490\"]}]},{\"@type\":\"ImageObject\",\"inLanguage\":\"tr\",\"@id\":\"https:\\\/\\\/kibrisdakik.com\\\/?p=84490#primaryimage\",\"url\":\"https:\\\/\\\/kibrisdakik.com\\\/wp-content\\\/uploads\\\/2025\\\/06\\\/mhafoto-8687-740x420.png\",\"contentUrl\":\"https:\\\/\\\/kibrisdakik.com\\\/wp-content\\\/uploads\\\/2025\\\/06\\\/mhafoto-8687-740x420.png\",\"width\":860,\"height\":505},{\"@type\":\"BreadcrumbList\",\"@id\":\"https:\\\/\\\/kibrisdakik.com\\\/?p=84490#breadcrumb\",\"itemListElement\":[{\"@type\":\"ListItem\",\"position\":1,\"name\":\"Home\",\"item\":\"https:\\\/\\\/kibrisdakik.com\\\/\"},{\"@type\":\"ListItem\",\"position\":2,\"name\":\"&quot;T\u00dcRK\u2019\u00dcN EBED\u0130 DAVASI KIBRIS KONFERANSI&quot; CUMHURBA\u015eKANLI\u011eI\u2019NDA D\u00dcZENLEND\u0130\"}]},{\"@type\":\"WebSite\",\"@id\":\"https:\\\/\\\/kibrisdakik.com\\\/#website\",\"url\":\"https:\\\/\\\/kibrisdakik.com\\\/\",\"name\":\"\",\"description\":\"Tam vaktinde haber\",\"potentialAction\":[{\"@type\":\"SearchAction\",\"target\":{\"@type\":\"EntryPoint\",\"urlTemplate\":\"https:\\\/\\\/kibrisdakik.com\\\/?s={search_term_string}\"},\"query-input\":{\"@type\":\"PropertyValueSpecification\",\"valueRequired\":true,\"valueName\":\"search_term_string\"}}],\"inLanguage\":\"tr\"},{\"@type\":\"Person\",\"@id\":\"https:\\\/\\\/kibrisdakik.com\\\/#\\\/schema\\\/person\\\/9cd9d437bbb44f72b73ba127e06d8e79\",\"name\":\"admin\",\"image\":{\"@type\":\"ImageObject\",\"inLanguage\":\"tr\",\"@id\":\"https:\\\/\\\/secure.gravatar.com\\\/avatar\\\/ccc17943b9d660506c869530f897617f7cb1c21a4bf30023f252596d83e1f007?s=96&d=mm&r=g\",\"url\":\"https:\\\/\\\/secure.gravatar.com\\\/avatar\\\/ccc17943b9d660506c869530f897617f7cb1c21a4bf30023f252596d83e1f007?s=96&d=mm&r=g\",\"contentUrl\":\"https:\\\/\\\/secure.gravatar.com\\\/avatar\\\/ccc17943b9d660506c869530f897617f7cb1c21a4bf30023f252596d83e1f007?s=96&d=mm&r=g\",\"caption\":\"admin\"},\"sameAs\":[\"https:\\\/\\\/kibrisdakik.com\"],\"url\":\"https:\\\/\\\/kibrisdakik.com\\\/?author=1\"}]}<\/script>\n<!-- \/ Yoast SEO plugin. -->","yoast_head_json":{"title":"&quot;T\u00dcRK\u2019\u00dcN EBED\u0130 DAVASI KIBRIS KONFERANSI&quot; CUMHURBA\u015eKANLI\u011eI\u2019NDA D\u00dcZENLEND\u0130 -","robots":{"index":"index","follow":"follow","max-snippet":"max-snippet:-1","max-image-preview":"max-image-preview:large","max-video-preview":"max-video-preview:-1"},"canonical":"https:\/\/kibrisdakik.com\/?p=84490","og_locale":"tr_TR","og_type":"article","og_title":"&quot;T\u00dcRK\u2019\u00dcN EBED\u0130 DAVASI KIBRIS KONFERANSI&quot; CUMHURBA\u015eKANLI\u011eI\u2019NDA D\u00dcZENLEND\u0130 -","og_description":"Cumhurba\u015fkanl\u0131\u011f\u0131 himayesinde, Avrasya Stratejik Ara\u015ft\u0131rmalar Platformu ve Vakf\u0131 i\u015f birli\u011finde d\u00fczenlenen \u201cT\u00fcrk\u2019\u00fcn Ebedi Davas\u0131 K\u0131br\u0131s\u201d ba\u015fl\u0131kl\u0131 konferans bug\u00fcn Cumhurba\u015fkanl\u0131\u011f\u0131 Yerle\u015fkesi\u2019nde ger\u00e7ekle\u015ftirildi. Konferansta konu\u015fan Tarih\u00e7i-Yazar Prof. Dr. \u0130lber Ortayl\u0131, K\u0131br\u0131s\u2019ta 1960\u2019l\u0131 y\u0131llarda ya\u015fanan katliamlar\u0131n Avrupa kamuoyunda yeterince kar\u015f\u0131l\u0131k bulmad\u0131\u011f\u0131n\u0131 belirterek, \u201cBaz\u0131 tarihsel vakalar asla kabul edilmez, ancak g\u00fcc\u00fcn\u00fcz ve reaksiyonunuz varsa geri \u00e7ekilirler.\u201d dedi. Cumhurba\u015fkan\u0131 Ersin","og_url":"https:\/\/kibrisdakik.com\/?p=84490","article_published_time":"2025-06-12T16:36:00+00:00","og_image":[{"width":860,"height":505,"url":"https:\/\/kibrisdakik.com\/wp-content\/uploads\/2025\/06\/mhafoto-8687-740x420.png","type":"image\/png"}],"author":"admin","twitter_card":"summary_large_image","twitter_misc":{"Yazan:":"admin","Tahmini okuma s\u00fcresi":"5 dakika"},"schema":{"@context":"https:\/\/schema.org","@graph":[{"@type":"Article","@id":"https:\/\/kibrisdakik.com\/?p=84490#article","isPartOf":{"@id":"https:\/\/kibrisdakik.com\/?p=84490"},"author":{"name":"admin","@id":"https:\/\/kibrisdakik.com\/#\/schema\/person\/9cd9d437bbb44f72b73ba127e06d8e79"},"headline":"&quot;T\u00dcRK\u2019\u00dcN EBED\u0130 DAVASI KIBRIS KONFERANSI&quot; CUMHURBA\u015eKANLI\u011eI\u2019NDA D\u00dcZENLEND\u0130","datePublished":"2025-06-12T16:36:00+00:00","mainEntityOfPage":{"@id":"https:\/\/kibrisdakik.com\/?p=84490"},"wordCount":1075,"commentCount":0,"image":{"@id":"https:\/\/kibrisdakik.com\/?p=84490#primaryimage"},"thumbnailUrl":"https:\/\/kibrisdakik.com\/wp-content\/uploads\/2025\/06\/mhafoto-8687-740x420.png","articleSection":["G\u00fcndem"],"inLanguage":"tr","potentialAction":[{"@type":"CommentAction","name":"Comment","target":["https:\/\/kibrisdakik.com\/?p=84490#respond"]}]},{"@type":"WebPage","@id":"https:\/\/kibrisdakik.com\/?p=84490","url":"https:\/\/kibrisdakik.com\/?p=84490","name":"&quot;T\u00dcRK\u2019\u00dcN EBED\u0130 DAVASI KIBRIS KONFERANSI&quot; CUMHURBA\u015eKANLI\u011eI\u2019NDA D\u00dcZENLEND\u0130 -","isPartOf":{"@id":"https:\/\/kibrisdakik.com\/#website"},"primaryImageOfPage":{"@id":"https:\/\/kibrisdakik.com\/?p=84490#primaryimage"},"image":{"@id":"https:\/\/kibrisdakik.com\/?p=84490#primaryimage"},"thumbnailUrl":"https:\/\/kibrisdakik.com\/wp-content\/uploads\/2025\/06\/mhafoto-8687-740x420.png","datePublished":"2025-06-12T16:36:00+00:00","author":{"@id":"https:\/\/kibrisdakik.com\/#\/schema\/person\/9cd9d437bbb44f72b73ba127e06d8e79"},"breadcrumb":{"@id":"https:\/\/kibrisdakik.com\/?p=84490#breadcrumb"},"inLanguage":"tr","potentialAction":[{"@type":"ReadAction","target":["https:\/\/kibrisdakik.com\/?p=84490"]}]},{"@type":"ImageObject","inLanguage":"tr","@id":"https:\/\/kibrisdakik.com\/?p=84490#primaryimage","url":"https:\/\/kibrisdakik.com\/wp-content\/uploads\/2025\/06\/mhafoto-8687-740x420.png","contentUrl":"https:\/\/kibrisdakik.com\/wp-content\/uploads\/2025\/06\/mhafoto-8687-740x420.png","width":860,"height":505},{"@type":"BreadcrumbList","@id":"https:\/\/kibrisdakik.com\/?p=84490#breadcrumb","itemListElement":[{"@type":"ListItem","position":1,"name":"Home","item":"https:\/\/kibrisdakik.com\/"},{"@type":"ListItem","position":2,"name":"&quot;T\u00dcRK\u2019\u00dcN EBED\u0130 DAVASI KIBRIS KONFERANSI&quot; CUMHURBA\u015eKANLI\u011eI\u2019NDA D\u00dcZENLEND\u0130"}]},{"@type":"WebSite","@id":"https:\/\/kibrisdakik.com\/#website","url":"https:\/\/kibrisdakik.com\/","name":"","description":"Tam vaktinde haber","potentialAction":[{"@type":"SearchAction","target":{"@type":"EntryPoint","urlTemplate":"https:\/\/kibrisdakik.com\/?s={search_term_string}"},"query-input":{"@type":"PropertyValueSpecification","valueRequired":true,"valueName":"search_term_string"}}],"inLanguage":"tr"},{"@type":"Person","@id":"https:\/\/kibrisdakik.com\/#\/schema\/person\/9cd9d437bbb44f72b73ba127e06d8e79","name":"admin","image":{"@type":"ImageObject","inLanguage":"tr","@id":"https:\/\/secure.gravatar.com\/avatar\/ccc17943b9d660506c869530f897617f7cb1c21a4bf30023f252596d83e1f007?s=96&d=mm&r=g","url":"https:\/\/secure.gravatar.com\/avatar\/ccc17943b9d660506c869530f897617f7cb1c21a4bf30023f252596d83e1f007?s=96&d=mm&r=g","contentUrl":"https:\/\/secure.gravatar.com\/avatar\/ccc17943b9d660506c869530f897617f7cb1c21a4bf30023f252596d83e1f007?s=96&d=mm&r=g","caption":"admin"},"sameAs":["https:\/\/kibrisdakik.com"],"url":"https:\/\/kibrisdakik.com\/?author=1"}]}},"_links":{"self":[{"href":"https:\/\/kibrisdakik.com\/index.php?rest_route=\/wp\/v2\/posts\/84490","targetHints":{"allow":["GET"]}}],"collection":[{"href":"https:\/\/kibrisdakik.com\/index.php?rest_route=\/wp\/v2\/posts"}],"about":[{"href":"https:\/\/kibrisdakik.com\/index.php?rest_route=\/wp\/v2\/types\/post"}],"author":[{"embeddable":true,"href":"https:\/\/kibrisdakik.com\/index.php?rest_route=\/wp\/v2\/users\/1"}],"replies":[{"embeddable":true,"href":"https:\/\/kibrisdakik.com\/index.php?rest_route=%2Fwp%2Fv2%2Fcomments&post=84490"}],"version-history":[{"count":0,"href":"https:\/\/kibrisdakik.com\/index.php?rest_route=\/wp\/v2\/posts\/84490\/revisions"}],"wp:featuredmedia":[{"embeddable":true,"href":"https:\/\/kibrisdakik.com\/index.php?rest_route=\/wp\/v2\/media\/84491"}],"wp:attachment":[{"href":"https:\/\/kibrisdakik.com\/index.php?rest_route=%2Fwp%2Fv2%2Fmedia&parent=84490"}],"wp:term":[{"taxonomy":"category","embeddable":true,"href":"https:\/\/kibrisdakik.com\/index.php?rest_route=%2Fwp%2Fv2%2Fcategories&post=84490"},{"taxonomy":"post_tag","embeddable":true,"href":"https:\/\/kibrisdakik.com\/index.php?rest_route=%2Fwp%2Fv2%2Ftags&post=84490"}],"curies":[{"name":"wp","href":"https:\/\/api.w.org\/{rel}","templated":true}]}}