{"id":8451,"date":"2023-06-08T09:55:18","date_gmt":"2023-06-08T09:55:18","guid":{"rendered":"https:\/\/kibrisdakik.com\/index.php\/2023\/06\/08\/ba%e1%b9%a3bakan-ustel-tbmm-baskani-secilen-numan-kurtulmusu-tebrik-etti\/"},"modified":"2023-06-08T09:55:18","modified_gmt":"2023-06-08T09:55:18","slug":"ba%e1%b9%a3bakan-ustel-tbmm-baskani-secilen-numan-kurtulmusu-tebrik-etti","status":"publish","type":"post","link":"https:\/\/kibrisdakik.com\/?p=8451","title":{"rendered":"Ba\u1e63bakan \u00dcstel, TBMM Ba\u015fkan\u0131 se\u00e7ilen Numan Kurtulmu\u015f\u2019u tebrik etti"},"content":{"rendered":"<p><\/p>\n<div>\n<div class=\"mariselle-image-container center\">\n                <img width=\"1849\" height=\"1040\" class=\"lazy-image\" alt=\"\" decoding=\"async\" loading=\"lazy\" sizes=\"auto, (max-width: 1849px) 100vw, 1849px\" src=\"https:\/\/brtk.net\/wp-content\/uploads\/2023\/02\/02\/UNAL-USTEL-YAZI-YAZARKEN.png?ver=7daffe9769ea3f175a81c16e4b2e0f85\" srcset=\"https:\/\/brtk.net\/wp-content\/uploads\/2023\/02\/02\/UNAL-USTEL-YAZI-YAZARKEN.png?ver=7daffe9769ea3f175a81c16e4b2e0f85 1849w, https:\/\/brtk.net\/wp-content\/uploads\/2023\/02\/02\/UNAL-USTEL-YAZI-YAZARKEN-300x169.png?ver=79675dcd70c5da62e2bf20fdf408a523 300w, https:\/\/brtk.net\/wp-content\/uploads\/2023\/02\/02\/UNAL-USTEL-YAZI-YAZARKEN-1024x576.png?ver=79675dcd70c5da62e2bf20fdf408a523 1024w, https:\/\/brtk.net\/wp-content\/uploads\/2023\/02\/02\/UNAL-USTEL-YAZI-YAZARKEN-768x432.png?ver=2dcd1acdec6f671e84aea829839935c0 768w, https:\/\/brtk.net\/wp-content\/uploads\/2023\/02\/02\/UNAL-USTEL-YAZI-YAZARKEN-1536x864.png?ver=2b35f1ece421e827e8445f5d0f294e1a 1536w\"\/>                            <\/div>\n<p>Ba\u015fbakan \u00dcnal \u00dcstel, T\u00fcrkiye B\u00fcy\u00fck Millet Meclisi ba\u015fkanl\u0131\u011f\u0131na se\u00e7ilen Numan Kurtulmu\u015f\u2019u telefonla arayarak yeni g\u00f6revinden dolay\u0131 kutlad\u0131 ve ba\u015far\u0131lar diledi.<\/p>\n<p>\u00dcstel, Numan Kurtulmu\u015f\u2019la yapm\u0131\u015f oldu\u011fu g\u00f6r\u00fc\u015fmede \u201cGazilik payesiyle \u015fereflendirilmi\u015f T\u00fcrk milletinin iradesinin tecelli etti\u011fi T\u00fcrkiye B\u00fcy\u00fck Millet Meclisi Ba\u015fkanl\u0131\u011f\u0131 gibi onurlu bir g\u00f6reve se\u00e7ilmenizden dolay\u0131 sizleri kutluyorum.<\/p>\n<p>\u00dcstlenmi\u015f oldu\u011funuz t\u00fcm g\u00f6revlerde deneyimleriniz, azminiz ve kararl\u0131l\u0131\u011f\u0131n\u0131zla \u00f6nemli ba\u015far\u0131lara imza atm\u0131\u015f bir ki\u015fi olarak yeni se\u00e7ilmi\u015f oldu\u011funuz g\u00f6revde de b\u00fcy\u00fck ba\u015far\u0131lar g\u00f6sterece\u011finize halk\u0131m\u0131z\u0131n inanc\u0131 tamd\u0131r\u201d dedi.<\/p>\n<\/p><\/div>\n<p><script async\n                    defer\n                    crossorigin=\"anonymous\"\n                    src=\"https:\/\/connect.facebook.net\/tr_TR\/sdk.js#xfbml=1&#038;version=v3.3\"\n            ><\/script><\/p>\n","protected":false},"excerpt":{"rendered":"<p>Ba\u015fbakan \u00dcnal \u00dcstel, T\u00fcrkiye B\u00fcy\u00fck Millet Meclisi ba\u015fkanl\u0131\u011f\u0131na se\u00e7ilen Numan Kurtulmu\u015f\u2019u telefonla arayarak yeni g\u00f6revinden dolay\u0131 kutlad\u0131 ve ba\u015far\u0131lar diledi. \u00dcstel, Numan Kurtulmu\u015f\u2019la yapm\u0131\u015f oldu\u011fu g\u00f6r\u00fc\u015fmede \u201cGazilik payesiyle \u015fereflendirilmi\u015f T\u00fcrk milletinin iradesinin tecelli etti\u011fi T\u00fcrkiye B\u00fcy\u00fck Millet Meclisi Ba\u015fkanl\u0131\u011f\u0131 gibi onurlu bir g\u00f6reve se\u00e7ilmenizden dolay\u0131 sizleri kutluyorum. \u00dcstlenmi\u015f oldu\u011funuz t\u00fcm g\u00f6revlerde deneyimleriniz, azminiz ve kararl\u0131l\u0131\u011f\u0131n\u0131zla<\/p>\n","protected":false},"author":1,"featured_media":2463,"comment_status":"open","ping_status":"open","sticky":false,"template":"","format":"standard","meta":{"footnotes":""},"categories":[1],"tags":[],"class_list":["post-8451","post","type-post","status-publish","format-standard","has-post-thumbnail","hentry","category-gundem"],"yoast_head":"<!-- This site is optimized with the Yoast SEO plugin v28.4 - https:\/\/yoast.com\/product\/yoast-seo-wordpress\/ -->\n<title>Ba\u1e63bakan \u00dcstel, TBMM Ba\u015fkan\u0131 se\u00e7ilen Numan Kurtulmu\u015f\u2019u tebrik etti -<\/title>\n<meta name=\"robots\" content=\"index, follow, max-snippet:-1, max-image-preview:large, max-video-preview:-1\" \/>\n<link rel=\"canonical\" href=\"https:\/\/kibrisdakik.com\/?p=8451\" \/>\n<meta property=\"og:locale\" content=\"tr_TR\" \/>\n<meta property=\"og:type\" content=\"article\" \/>\n<meta property=\"og:title\" content=\"Ba\u1e63bakan \u00dcstel, TBMM Ba\u015fkan\u0131 se\u00e7ilen Numan Kurtulmu\u015f\u2019u tebrik etti -\" \/>\n<meta property=\"og:description\" content=\"Ba\u015fbakan \u00dcnal \u00dcstel, T\u00fcrkiye B\u00fcy\u00fck Millet Meclisi ba\u015fkanl\u0131\u011f\u0131na se\u00e7ilen Numan Kurtulmu\u015f\u2019u telefonla arayarak yeni g\u00f6revinden dolay\u0131 kutlad\u0131 ve ba\u015far\u0131lar diledi. \u00dcstel, Numan Kurtulmu\u015f\u2019la yapm\u0131\u015f oldu\u011fu g\u00f6r\u00fc\u015fmede \u201cGazilik payesiyle \u015fereflendirilmi\u015f T\u00fcrk milletinin iradesinin tecelli etti\u011fi T\u00fcrkiye B\u00fcy\u00fck Millet Meclisi Ba\u015fkanl\u0131\u011f\u0131 gibi onurlu bir g\u00f6reve se\u00e7ilmenizden dolay\u0131 sizleri kutluyorum. \u00dcstlenmi\u015f oldu\u011funuz t\u00fcm g\u00f6revlerde deneyimleriniz, azminiz ve kararl\u0131l\u0131\u011f\u0131n\u0131zla\" \/>\n<meta property=\"og:url\" content=\"https:\/\/kibrisdakik.com\/?p=8451\" \/>\n<meta property=\"article:published_time\" content=\"2023-06-08T09:55:18+00:00\" \/>\n<meta property=\"og:image\" content=\"https:\/\/kibrisdakik.com\/wp-content\/uploads\/2023\/03\/UNAL-USTEL-YAZI-YAZARKEN-1024x576.png\" \/>\n\t<meta property=\"og:image:width\" content=\"1024\" \/>\n\t<meta property=\"og:image:height\" content=\"576\" \/>\n\t<meta property=\"og:image:type\" content=\"image\/png\" \/>\n<meta name=\"author\" content=\"admin\" \/>\n<meta name=\"twitter:card\" content=\"summary_large_image\" \/>\n<meta name=\"twitter:label1\" content=\"Yazan:\" \/>\n\t<meta name=\"twitter:data1\" content=\"admin\" \/>\n\t<meta name=\"twitter:label2\" content=\"Tahmini okuma s\u00fcresi\" \/>\n\t<meta name=\"twitter:data2\" content=\"1 dakika\" \/>\n<script type=\"application\/ld+json\" class=\"yoast-schema-graph\">{\"@context\":\"https:\\\/\\\/schema.org\",\"@graph\":[{\"@type\":\"Article\",\"@id\":\"https:\\\/\\\/kibrisdakik.com\\\/?p=8451#article\",\"isPartOf\":{\"@id\":\"https:\\\/\\\/kibrisdakik.com\\\/?p=8451\"},\"author\":{\"name\":\"admin\",\"@id\":\"https:\\\/\\\/kibrisdakik.com\\\/#\\\/schema\\\/person\\\/9cd9d437bbb44f72b73ba127e06d8e79\"},\"headline\":\"Ba\u1e63bakan \u00dcstel, TBMM Ba\u015fkan\u0131 se\u00e7ilen Numan Kurtulmu\u015f\u2019u tebrik etti\",\"datePublished\":\"2023-06-08T09:55:18+00:00\",\"mainEntityOfPage\":{\"@id\":\"https:\\\/\\\/kibrisdakik.com\\\/?p=8451\"},\"wordCount\":132,\"commentCount\":0,\"publisher\":{\"@id\":\"https:\\\/\\\/kibrisdakik.com\\\/#organization\"},\"image\":{\"@id\":\"https:\\\/\\\/kibrisdakik.com\\\/?p=8451#primaryimage\"},\"thumbnailUrl\":\"https:\\\/\\\/kibrisdakik.com\\\/wp-content\\\/uploads\\\/2023\\\/03\\\/UNAL-USTEL-YAZI-YAZARKEN-740x420.png\",\"articleSection\":[\"G\u00fcndem\"],\"inLanguage\":\"tr\",\"potentialAction\":[{\"@type\":\"CommentAction\",\"name\":\"Comment\",\"target\":[\"https:\\\/\\\/kibrisdakik.com\\\/?p=8451#respond\"]}]},{\"@type\":\"WebPage\",\"@id\":\"https:\\\/\\\/kibrisdakik.com\\\/?p=8451\",\"url\":\"https:\\\/\\\/kibrisdakik.com\\\/?p=8451\",\"name\":\"Ba\u1e63bakan \u00dcstel, TBMM Ba\u015fkan\u0131 se\u00e7ilen Numan Kurtulmu\u015f\u2019u tebrik etti -\",\"isPartOf\":{\"@id\":\"https:\\\/\\\/kibrisdakik.com\\\/#website\"},\"primaryImageOfPage\":{\"@id\":\"https:\\\/\\\/kibrisdakik.com\\\/?p=8451#primaryimage\"},\"image\":{\"@id\":\"https:\\\/\\\/kibrisdakik.com\\\/?p=8451#primaryimage\"},\"thumbnailUrl\":\"https:\\\/\\\/kibrisdakik.com\\\/wp-content\\\/uploads\\\/2023\\\/03\\\/UNAL-USTEL-YAZI-YAZARKEN-740x420.png\",\"datePublished\":\"2023-06-08T09:55:18+00:00\",\"breadcrumb\":{\"@id\":\"https:\\\/\\\/kibrisdakik.com\\\/?p=8451#breadcrumb\"},\"inLanguage\":\"tr\",\"potentialAction\":[{\"@type\":\"ReadAction\",\"target\":[\"https:\\\/\\\/kibrisdakik.com\\\/?p=8451\"]}]},{\"@type\":\"ImageObject\",\"inLanguage\":\"tr\",\"@id\":\"https:\\\/\\\/kibrisdakik.com\\\/?p=8451#primaryimage\",\"url\":\"https:\\\/\\\/kibrisdakik.com\\\/wp-content\\\/uploads\\\/2023\\\/03\\\/UNAL-USTEL-YAZI-YAZARKEN-740x420.png\",\"contentUrl\":\"https:\\\/\\\/kibrisdakik.com\\\/wp-content\\\/uploads\\\/2023\\\/03\\\/UNAL-USTEL-YAZI-YAZARKEN-740x420.png\",\"width\":1849,\"height\":1040},{\"@type\":\"BreadcrumbList\",\"@id\":\"https:\\\/\\\/kibrisdakik.com\\\/?p=8451#breadcrumb\",\"itemListElement\":[{\"@type\":\"ListItem\",\"position\":1,\"name\":\"Home\",\"item\":\"https:\\\/\\\/kibrisdakik.com\\\/\"},{\"@type\":\"ListItem\",\"position\":2,\"name\":\"Ba\u1e63bakan \u00dcstel, TBMM Ba\u015fkan\u0131 se\u00e7ilen Numan Kurtulmu\u015f\u2019u tebrik etti\"}]},{\"@type\":\"WebSite\",\"@id\":\"https:\\\/\\\/kibrisdakik.com\\\/#website\",\"url\":\"https:\\\/\\\/kibrisdakik.com\\\/\",\"name\":\"K\u0131br\u0131s Dakik\",\"description\":\"Tam vaktinde haber\",\"publisher\":{\"@id\":\"https:\\\/\\\/kibrisdakik.com\\\/#organization\"},\"potentialAction\":[{\"@type\":\"SearchAction\",\"target\":{\"@type\":\"EntryPoint\",\"urlTemplate\":\"https:\\\/\\\/kibrisdakik.com\\\/?s={search_term_string}\"},\"query-input\":{\"@type\":\"PropertyValueSpecification\",\"valueRequired\":true,\"valueName\":\"search_term_string\"}}],\"inLanguage\":\"tr\"},{\"@type\":\"Organization\",\"@id\":\"https:\\\/\\\/kibrisdakik.com\\\/#organization\",\"name\":\"K\u0131br\u0131s Dakik\",\"url\":\"https:\\\/\\\/kibrisdakik.com\\\/\",\"logo\":{\"@type\":\"ImageObject\",\"inLanguage\":\"tr\",\"@id\":\"https:\\\/\\\/kibrisdakik.com\\\/#\\\/schema\\\/logo\\\/image\\\/\",\"url\":\"https:\\\/\\\/kibrisdakik.com\\\/wp-content\\\/uploads\\\/2025\\\/10\\\/cropped-WhatsApp-Image-2025-10-02-at-12.58.31.jpeg\",\"contentUrl\":\"https:\\\/\\\/kibrisdakik.com\\\/wp-content\\\/uploads\\\/2025\\\/10\\\/cropped-WhatsApp-Image-2025-10-02-at-12.58.31.jpeg\",\"width\":1237,\"height\":190,\"caption\":\"K\u0131br\u0131s Dakik\"},\"image\":{\"@id\":\"https:\\\/\\\/kibrisdakik.com\\\/#\\\/schema\\\/logo\\\/image\\\/\"}},{\"@type\":\"Person\",\"@id\":\"https:\\\/\\\/kibrisdakik.com\\\/#\\\/schema\\\/person\\\/9cd9d437bbb44f72b73ba127e06d8e79\",\"name\":\"admin\",\"image\":{\"@type\":\"ImageObject\",\"inLanguage\":\"tr\",\"@id\":\"https:\\\/\\\/secure.gravatar.com\\\/avatar\\\/ccc17943b9d660506c869530f897617f7cb1c21a4bf30023f252596d83e1f007?s=96&d=mm&r=g\",\"url\":\"https:\\\/\\\/secure.gravatar.com\\\/avatar\\\/ccc17943b9d660506c869530f897617f7cb1c21a4bf30023f252596d83e1f007?s=96&d=mm&r=g\",\"contentUrl\":\"https:\\\/\\\/secure.gravatar.com\\\/avatar\\\/ccc17943b9d660506c869530f897617f7cb1c21a4bf30023f252596d83e1f007?s=96&d=mm&r=g\",\"caption\":\"admin\"},\"sameAs\":[\"https:\\\/\\\/kibrisdakik.com\"],\"url\":\"https:\\\/\\\/kibrisdakik.com\\\/?author=1\"}]}<\/script>\n<!-- \/ Yoast SEO plugin. -->","yoast_head_json":{"title":"Ba\u1e63bakan \u00dcstel, TBMM Ba\u015fkan\u0131 se\u00e7ilen Numan Kurtulmu\u015f\u2019u tebrik etti -","robots":{"index":"index","follow":"follow","max-snippet":"max-snippet:-1","max-image-preview":"max-image-preview:large","max-video-preview":"max-video-preview:-1"},"canonical":"https:\/\/kibrisdakik.com\/?p=8451","og_locale":"tr_TR","og_type":"article","og_title":"Ba\u1e63bakan \u00dcstel, TBMM Ba\u015fkan\u0131 se\u00e7ilen Numan Kurtulmu\u015f\u2019u tebrik etti -","og_description":"Ba\u015fbakan \u00dcnal \u00dcstel, T\u00fcrkiye B\u00fcy\u00fck Millet Meclisi ba\u015fkanl\u0131\u011f\u0131na se\u00e7ilen Numan Kurtulmu\u015f\u2019u telefonla arayarak yeni g\u00f6revinden dolay\u0131 kutlad\u0131 ve ba\u015far\u0131lar diledi. \u00dcstel, Numan Kurtulmu\u015f\u2019la yapm\u0131\u015f oldu\u011fu g\u00f6r\u00fc\u015fmede \u201cGazilik payesiyle \u015fereflendirilmi\u015f T\u00fcrk milletinin iradesinin tecelli etti\u011fi T\u00fcrkiye B\u00fcy\u00fck Millet Meclisi Ba\u015fkanl\u0131\u011f\u0131 gibi onurlu bir g\u00f6reve se\u00e7ilmenizden dolay\u0131 sizleri kutluyorum. \u00dcstlenmi\u015f oldu\u011funuz t\u00fcm g\u00f6revlerde deneyimleriniz, azminiz ve kararl\u0131l\u0131\u011f\u0131n\u0131zla","og_url":"https:\/\/kibrisdakik.com\/?p=8451","article_published_time":"2023-06-08T09:55:18+00:00","og_image":[{"width":1024,"height":576,"url":"https:\/\/kibrisdakik.com\/wp-content\/uploads\/2023\/03\/UNAL-USTEL-YAZI-YAZARKEN-1024x576.png","type":"image\/png"}],"author":"admin","twitter_card":"summary_large_image","twitter_misc":{"Yazan:":"admin","Tahmini okuma s\u00fcresi":"1 dakika"},"schema":{"@context":"https:\/\/schema.org","@graph":[{"@type":"Article","@id":"https:\/\/kibrisdakik.com\/?p=8451#article","isPartOf":{"@id":"https:\/\/kibrisdakik.com\/?p=8451"},"author":{"name":"admin","@id":"https:\/\/kibrisdakik.com\/#\/schema\/person\/9cd9d437bbb44f72b73ba127e06d8e79"},"headline":"Ba\u1e63bakan \u00dcstel, TBMM Ba\u015fkan\u0131 se\u00e7ilen Numan Kurtulmu\u015f\u2019u tebrik etti","datePublished":"2023-06-08T09:55:18+00:00","mainEntityOfPage":{"@id":"https:\/\/kibrisdakik.com\/?p=8451"},"wordCount":132,"commentCount":0,"publisher":{"@id":"https:\/\/kibrisdakik.com\/#organization"},"image":{"@id":"https:\/\/kibrisdakik.com\/?p=8451#primaryimage"},"thumbnailUrl":"https:\/\/kibrisdakik.com\/wp-content\/uploads\/2023\/03\/UNAL-USTEL-YAZI-YAZARKEN-740x420.png","articleSection":["G\u00fcndem"],"inLanguage":"tr","potentialAction":[{"@type":"CommentAction","name":"Comment","target":["https:\/\/kibrisdakik.com\/?p=8451#respond"]}]},{"@type":"WebPage","@id":"https:\/\/kibrisdakik.com\/?p=8451","url":"https:\/\/kibrisdakik.com\/?p=8451","name":"Ba\u1e63bakan \u00dcstel, TBMM Ba\u015fkan\u0131 se\u00e7ilen Numan Kurtulmu\u015f\u2019u tebrik etti -","isPartOf":{"@id":"https:\/\/kibrisdakik.com\/#website"},"primaryImageOfPage":{"@id":"https:\/\/kibrisdakik.com\/?p=8451#primaryimage"},"image":{"@id":"https:\/\/kibrisdakik.com\/?p=8451#primaryimage"},"thumbnailUrl":"https:\/\/kibrisdakik.com\/wp-content\/uploads\/2023\/03\/UNAL-USTEL-YAZI-YAZARKEN-740x420.png","datePublished":"2023-06-08T09:55:18+00:00","breadcrumb":{"@id":"https:\/\/kibrisdakik.com\/?p=8451#breadcrumb"},"inLanguage":"tr","potentialAction":[{"@type":"ReadAction","target":["https:\/\/kibrisdakik.com\/?p=8451"]}]},{"@type":"ImageObject","inLanguage":"tr","@id":"https:\/\/kibrisdakik.com\/?p=8451#primaryimage","url":"https:\/\/kibrisdakik.com\/wp-content\/uploads\/2023\/03\/UNAL-USTEL-YAZI-YAZARKEN-740x420.png","contentUrl":"https:\/\/kibrisdakik.com\/wp-content\/uploads\/2023\/03\/UNAL-USTEL-YAZI-YAZARKEN-740x420.png","width":1849,"height":1040},{"@type":"BreadcrumbList","@id":"https:\/\/kibrisdakik.com\/?p=8451#breadcrumb","itemListElement":[{"@type":"ListItem","position":1,"name":"Home","item":"https:\/\/kibrisdakik.com\/"},{"@type":"ListItem","position":2,"name":"Ba\u1e63bakan \u00dcstel, TBMM Ba\u015fkan\u0131 se\u00e7ilen Numan Kurtulmu\u015f\u2019u tebrik etti"}]},{"@type":"WebSite","@id":"https:\/\/kibrisdakik.com\/#website","url":"https:\/\/kibrisdakik.com\/","name":"K\u0131br\u0131s Dakik","description":"Tam vaktinde haber","publisher":{"@id":"https:\/\/kibrisdakik.com\/#organization"},"potentialAction":[{"@type":"SearchAction","target":{"@type":"EntryPoint","urlTemplate":"https:\/\/kibrisdakik.com\/?s={search_term_string}"},"query-input":{"@type":"PropertyValueSpecification","valueRequired":true,"valueName":"search_term_string"}}],"inLanguage":"tr"},{"@type":"Organization","@id":"https:\/\/kibrisdakik.com\/#organization","name":"K\u0131br\u0131s Dakik","url":"https:\/\/kibrisdakik.com\/","logo":{"@type":"ImageObject","inLanguage":"tr","@id":"https:\/\/kibrisdakik.com\/#\/schema\/logo\/image\/","url":"https:\/\/kibrisdakik.com\/wp-content\/uploads\/2025\/10\/cropped-WhatsApp-Image-2025-10-02-at-12.58.31.jpeg","contentUrl":"https:\/\/kibrisdakik.com\/wp-content\/uploads\/2025\/10\/cropped-WhatsApp-Image-2025-10-02-at-12.58.31.jpeg","width":1237,"height":190,"caption":"K\u0131br\u0131s Dakik"},"image":{"@id":"https:\/\/kibrisdakik.com\/#\/schema\/logo\/image\/"}},{"@type":"Person","@id":"https:\/\/kibrisdakik.com\/#\/schema\/person\/9cd9d437bbb44f72b73ba127e06d8e79","name":"admin","image":{"@type":"ImageObject","inLanguage":"tr","@id":"https:\/\/secure.gravatar.com\/avatar\/ccc17943b9d660506c869530f897617f7cb1c21a4bf30023f252596d83e1f007?s=96&d=mm&r=g","url":"https:\/\/secure.gravatar.com\/avatar\/ccc17943b9d660506c869530f897617f7cb1c21a4bf30023f252596d83e1f007?s=96&d=mm&r=g","contentUrl":"https:\/\/secure.gravatar.com\/avatar\/ccc17943b9d660506c869530f897617f7cb1c21a4bf30023f252596d83e1f007?s=96&d=mm&r=g","caption":"admin"},"sameAs":["https:\/\/kibrisdakik.com"],"url":"https:\/\/kibrisdakik.com\/?author=1"}]}},"_links":{"self":[{"href":"https:\/\/kibrisdakik.com\/index.php?rest_route=\/wp\/v2\/posts\/8451","targetHints":{"allow":["GET"]}}],"collection":[{"href":"https:\/\/kibrisdakik.com\/index.php?rest_route=\/wp\/v2\/posts"}],"about":[{"href":"https:\/\/kibrisdakik.com\/index.php?rest_route=\/wp\/v2\/types\/post"}],"author":[{"embeddable":true,"href":"https:\/\/kibrisdakik.com\/index.php?rest_route=\/wp\/v2\/users\/1"}],"replies":[{"embeddable":true,"href":"https:\/\/kibrisdakik.com\/index.php?rest_route=%2Fwp%2Fv2%2Fcomments&post=8451"}],"version-history":[{"count":0,"href":"https:\/\/kibrisdakik.com\/index.php?rest_route=\/wp\/v2\/posts\/8451\/revisions"}],"wp:featuredmedia":[{"embeddable":true,"href":"https:\/\/kibrisdakik.com\/index.php?rest_route=\/wp\/v2\/media\/2463"}],"wp:attachment":[{"href":"https:\/\/kibrisdakik.com\/index.php?rest_route=%2Fwp%2Fv2%2Fmedia&parent=8451"}],"wp:term":[{"taxonomy":"category","embeddable":true,"href":"https:\/\/kibrisdakik.com\/index.php?rest_route=%2Fwp%2Fv2%2Fcategories&post=8451"},{"taxonomy":"post_tag","embeddable":true,"href":"https:\/\/kibrisdakik.com\/index.php?rest_route=%2Fwp%2Fv2%2Ftags&post=8451"}],"curies":[{"name":"wp","href":"https:\/\/api.w.org\/{rel}","templated":true}]}}