{"id":84516,"date":"2025-06-13T03:01:23","date_gmt":"2025-06-13T00:01:23","guid":{"rendered":"https:\/\/kibrisdakik.com\/index.php\/2025\/06\/13\/cumhurbaskani-tatar-turk-dunyasi-muhendisler-ve-mimarlar-birligi-heyetini-kabul-etti\/"},"modified":"2025-06-13T03:01:23","modified_gmt":"2025-06-13T00:01:23","slug":"cumhurbaskani-tatar-turk-dunyasi-muhendisler-ve-mimarlar-birligi-heyetini-kabul-etti","status":"publish","type":"post","link":"https:\/\/kibrisdakik.com\/?p=84516","title":{"rendered":"Cumhurba\u015fkan\u0131 Tatar, T\u00fcrk D\u00fcnyas\u0131 M\u00fchendisler ve Mimarlar Birli\u011fi heyetini kabul etti"},"content":{"rendered":"<p> <br \/>\n<\/p>\n<div data-text-id=\"78069\" property=\"articleBody\">\n<p><span new=\"\" roman=\"\" times=\"\">Cumhurba\u015fkan\u0131 Ersin Tatar, \u0130lyas Demirci ba\u015fkanl\u0131\u011f\u0131ndaki T\u00fcrk D\u00fcnyas\u0131 M\u00fchendisler ve Mimarlar Birli\u011fi heyetini kabul etti. <\/span><\/p>\n<p><span new=\"\" roman=\"\" times=\"\">Kabulde, T\u00fcrk D\u00fcnyas\u0131 M\u00fchendisler ve Mimarlar Birli\u011fi\u2019ne ba\u011fl\u0131 y\u00f6neticiler ve \u00fcyeleri yan\u0131 s\u0131ra Cumhurba\u015fkanl\u0131\u011f\u0131 Yerel Y\u00f6netimler Dan\u0131\u015fman\u0131 \u0130lker Edip de haz\u0131r bulundu. <\/span><\/p>\n<p><span new=\"\" roman=\"\" times=\"\">Ziyarette, \u201cMavi Vatan \u0130\u00e7in Bir G\u00fczelleme: K\u0131br\u0131s \u015eehrengizi\u201d adl\u0131 kitap Birlik Ba\u015fkan\u0131 \u0130lyas Demirci ile kitab\u0131n yazarlar\u0131ndan Hilal U\u011furlu taraf\u0131ndan Cumhurba\u015fkan\u0131 Tatar\u2019a takdim edildi.<\/span><\/p>\n<p><span new=\"\" roman=\"\" times=\"\">Kabulde, ayr\u0131ca Genel Ba\u015fkan \u0130lyas Demirci taraf\u0131ndan Cumhurba\u015fkan\u0131 Tatar\u2019a \u201cKKTC Kentsel Geli\u015fim ve Kentsel D\u00f6n\u00fc\u015f\u00fcm Strateji Raporu\u201d da sunuldu. <\/span><\/p>\n<p><span new=\"\" roman=\"\" times=\"\">-Tatar: \u201cKitab\u0131n tarihi bir eser\u201d <\/span><\/p>\n<p><span new=\"\" roman=\"\" times=\"\">Cumhurba\u015fkan\u0131 Ersin Tatar heyeti kabul\u00fcnde yapt\u0131\u011f\u0131 konu\u015fmada, K\u0131br\u0131s\u2019a ger\u00e7ekle\u015ftirilen ziyaretler ve yo\u011fun ara\u015ft\u0131rmalar sonucunda de\u011ferli bir eserin ortaya \u00e7\u0131kmas\u0131ndan duydu\u011fu memnuniyeti dile getirerek, \u00e7al\u0131\u015fmaya katk\u0131 koyanlara te\u015fekk\u00fcr etti. <\/span><\/p>\n<p><span new=\"\" roman=\"\" times=\"\">Eserin, Osmanl\u0131 D\u00f6nemi\u2019nden bug\u00fcne her t\u00fcrl\u00fc eseri kapsad\u0131\u011f\u0131n\u0131 belirten Tatar, \u201cBu a\u00e7\u0131dan kitab\u0131n tarihi bir eser oldu\u011funa inan\u0131yorum.\u201d dedi. <\/span><\/p>\n<p><span new=\"\" roman=\"\" times=\"\">Cumhurba\u015fkan\u0131 Tatar konu\u015fmas\u0131nda, \u201cS\u00f6z u\u00e7ar, yaz\u0131 kal\u0131r.\u201d diyerek, kitab\u0131n Akdeniz&#8217;in incisi olan adadaki t\u00fcm ya\u015fanm\u0131\u015fl\u0131klar\u0131 i\u00e7erdi\u011fini i\u015faret etti. <\/span><\/p>\n<p><span new=\"\" roman=\"\" times=\"\">K\u0131br\u0131s T\u00fcrk halk\u0131n\u0131n ge\u00e7mi\u015ften bug\u00fcne verdi\u011fi m\u00fccadeleler hakk\u0131nda bilgi veren Tatar, bu m\u00fccadeleler sonucunda Kuzey K\u0131br\u0131s T\u00fcrk Cumhuriyeti&#8217;nin bir T\u00fcrk devleti olarak var olmas\u0131n\u0131n \u00e7ok k\u0131ymetli oldu\u011funu ifade etti. <\/span><\/p>\n<p><span new=\"\" roman=\"\" times=\"\">&#8211; Demirci: \u201cTurkuaz Destan\u0131\u201d<\/span><\/p>\n<p><span new=\"\" roman=\"\" times=\"\">T\u00fcrk D\u00fcnyas\u0131 M\u00fchendisler ve Mimarlar Birli\u011fi Genel Ba\u015fkan\u0131 \u0130lyas Demirci ise Cumhurba\u015fkanl\u0131\u011f\u0131 Yerle\u015fkesi&#8217;nde bulunmaktan duydu\u011fu memnuniyeti dile getirerek, Yerle\u015fke&#8217;nin hay\u0131rl\u0131 olmas\u0131n\u0131 temenni etti. <\/span><\/p>\n<p><span new=\"\" roman=\"\" times=\"\">Demirci konu\u015fmas\u0131nda, Cumhurba\u015fkan\u0131 Tatar\u2019a K\u00e2mil U\u011furlu ve Hilal U\u011furlu taraf\u0131ndan kaleme al\u0131nan \u201cMavi Vatan \u0130\u00e7in Bir G\u00fczelleme: K\u0131br\u0131s \u015eehrengizi\u201d adl\u0131 kitap hakk\u0131nda da bilgi verdi. Demirci kitab\u0131n ayn\u0131 zamanda \u201cTurkuaz Destan\u0131\u201d olarak nitelendirildi\u011fini de s\u00f6yledi. <\/span><\/p>\n<div class=\"post-flash\">\n        <!--\n\n<h3 class=\"post-flash__title\">G&ouml;zden ka&ccedil;&#305;rmay&#305;n<\/h3>\n\n--><\/p>\n<div class=\"row g-0 align-items-center\">\n<div class=\"col-5 col-sm-3\">\n                \n            <\/div>\n<div class=\"col-7 col-sm-9\">\n<div class=\"post-flash-heading p-2\">\n<p>\u0130dari komite Tapu ve Kadastro Dairesi Yasa Tasar\u0131s\u0131&#8217;n\u0131 g\u00f6r\u00fc\u015ft\u00fc<\/p>\n<p>\u0130\u00e7eri\u011fi G\u00f6r\u00fcnt\u00fcle <i class=\"fa fa-arrow-right ps-2\"\/><\/p>\n<\/p><\/div>\n<\/p><\/div>\n<\/p><\/div>\n<\/p><\/div>\n<p><span new=\"\" roman=\"\" times=\"\">Demirci kabulde ayr\u0131ca Birli\u011fin \u015fehircilik, mimarl\u0131k ve kentsel d\u00f6n\u00fc\u015f\u00fcm komisyonlar\u0131n\u0131n m\u00fc\u015fterek kararlar\u0131yla Nadir Da\u011f&#8217;\u0131n ba\u015fkanl\u0131\u011f\u0131nda Kuzey K\u0131br\u0131s T\u00fcrk Cumhuriyeti&#8217;nin genel anlamda kentsel geli\u015fim ve kentsel d\u00f6n\u00fc\u015f\u00fcm strateji raporunun haz\u0131rland\u0131\u011f\u0131n\u0131 ifade ederek, s\u00f6z konusu raporu da Cumhurba\u015fkan\u0131 Tatar\u2019a takdim etti. <\/span><\/p>\n<\/p><\/div>\n<p><br \/>\n<br \/><a href=\"> K\u0131br\u0131s dakik<\/a><\/p>\n","protected":false},"excerpt":{"rendered":"<p>Cumhurba\u015fkan\u0131 Ersin Tatar, \u0130lyas Demirci ba\u015fkanl\u0131\u011f\u0131ndaki T\u00fcrk D\u00fcnyas\u0131 M\u00fchendisler ve Mimarlar Birli\u011fi heyetini kabul etti. Kabulde, T\u00fcrk D\u00fcnyas\u0131 M\u00fchendisler ve Mimarlar Birli\u011fi\u2019ne ba\u011fl\u0131 y\u00f6neticiler ve \u00fcyeleri yan\u0131 s\u0131ra Cumhurba\u015fkanl\u0131\u011f\u0131 Yerel Y\u00f6netimler Dan\u0131\u015fman\u0131 \u0130lker Edip de haz\u0131r bulundu. Ziyarette, \u201cMavi Vatan \u0130\u00e7in Bir G\u00fczelleme: K\u0131br\u0131s \u015eehrengizi\u201d adl\u0131 kitap Birlik Ba\u015fkan\u0131 \u0130lyas Demirci ile kitab\u0131n yazarlar\u0131ndan Hilal<\/p>\n","protected":false},"author":1,"featured_media":84517,"comment_status":"open","ping_status":"open","sticky":false,"template":"","format":"standard","meta":{"footnotes":""},"categories":[81,101],"tags":[],"class_list":["post-84516","post","type-post","status-publish","format-standard","has-post-thumbnail","hentry","category-kibris","category-manset"],"yoast_head":"<!-- This site is optimized with the Yoast SEO plugin v27.4 - https:\/\/yoast.com\/product\/yoast-seo-wordpress\/ -->\n<title>Cumhurba\u015fkan\u0131 Tatar, T\u00fcrk D\u00fcnyas\u0131 M\u00fchendisler ve Mimarlar Birli\u011fi heyetini kabul etti -<\/title>\n<meta name=\"robots\" content=\"index, follow, max-snippet:-1, max-image-preview:large, max-video-preview:-1\" \/>\n<link rel=\"canonical\" href=\"https:\/\/kibrisdakik.com\/?p=84516\" \/>\n<meta property=\"og:locale\" content=\"tr_TR\" \/>\n<meta property=\"og:type\" content=\"article\" \/>\n<meta property=\"og:title\" content=\"Cumhurba\u015fkan\u0131 Tatar, T\u00fcrk D\u00fcnyas\u0131 M\u00fchendisler ve Mimarlar Birli\u011fi heyetini kabul etti -\" \/>\n<meta property=\"og:description\" content=\"Cumhurba\u015fkan\u0131 Ersin Tatar, \u0130lyas Demirci ba\u015fkanl\u0131\u011f\u0131ndaki T\u00fcrk D\u00fcnyas\u0131 M\u00fchendisler ve Mimarlar Birli\u011fi heyetini kabul etti. Kabulde, T\u00fcrk D\u00fcnyas\u0131 M\u00fchendisler ve Mimarlar Birli\u011fi\u2019ne ba\u011fl\u0131 y\u00f6neticiler ve \u00fcyeleri yan\u0131 s\u0131ra Cumhurba\u015fkanl\u0131\u011f\u0131 Yerel Y\u00f6netimler Dan\u0131\u015fman\u0131 \u0130lker Edip de haz\u0131r bulundu. Ziyarette, \u201cMavi Vatan \u0130\u00e7in Bir G\u00fczelleme: K\u0131br\u0131s \u015eehrengizi\u201d adl\u0131 kitap Birlik Ba\u015fkan\u0131 \u0130lyas Demirci ile kitab\u0131n yazarlar\u0131ndan Hilal\" \/>\n<meta property=\"og:url\" content=\"https:\/\/kibrisdakik.com\/?p=84516\" \/>\n<meta property=\"article:published_time\" content=\"2025-06-13T00:01:23+00:00\" \/>\n<meta property=\"og:image\" content=\"https:\/\/kibrisdakik.com\/wp-content\/uploads\/2025\/06\/tatar-demirci-kabul-5-1-740x420.jpg\" \/>\n\t<meta property=\"og:image:width\" content=\"2560\" \/>\n\t<meta property=\"og:image:height\" content=\"1703\" \/>\n\t<meta property=\"og:image:type\" content=\"image\/jpeg\" \/>\n<meta name=\"author\" content=\"admin\" \/>\n<meta name=\"twitter:card\" content=\"summary_large_image\" \/>\n<meta name=\"twitter:label1\" content=\"Yazan:\" \/>\n\t<meta name=\"twitter:data1\" content=\"admin\" \/>\n\t<meta name=\"twitter:label2\" content=\"Tahmini okuma s\u00fcresi\" \/>\n\t<meta name=\"twitter:data2\" content=\"2 dakika\" \/>\n<script type=\"application\/ld+json\" class=\"yoast-schema-graph\">{\"@context\":\"https:\\\/\\\/schema.org\",\"@graph\":[{\"@type\":\"Article\",\"@id\":\"https:\\\/\\\/kibrisdakik.com\\\/?p=84516#article\",\"isPartOf\":{\"@id\":\"https:\\\/\\\/kibrisdakik.com\\\/?p=84516\"},\"author\":{\"name\":\"admin\",\"@id\":\"https:\\\/\\\/kibrisdakik.com\\\/#\\\/schema\\\/person\\\/9cd9d437bbb44f72b73ba127e06d8e79\"},\"headline\":\"Cumhurba\u015fkan\u0131 Tatar, T\u00fcrk D\u00fcnyas\u0131 M\u00fchendisler ve Mimarlar Birli\u011fi heyetini kabul etti\",\"datePublished\":\"2025-06-13T00:01:23+00:00\",\"mainEntityOfPage\":{\"@id\":\"https:\\\/\\\/kibrisdakik.com\\\/?p=84516\"},\"wordCount\":466,\"commentCount\":0,\"image\":{\"@id\":\"https:\\\/\\\/kibrisdakik.com\\\/?p=84516#primaryimage\"},\"thumbnailUrl\":\"https:\\\/\\\/kibrisdakik.com\\\/wp-content\\\/uploads\\\/2025\\\/06\\\/tatar-demirci-kabul-5-1-740x420.jpg\",\"articleSection\":[\"K\u0131br\u0131s\",\"Man\u015fet\"],\"inLanguage\":\"tr\",\"potentialAction\":[{\"@type\":\"CommentAction\",\"name\":\"Comment\",\"target\":[\"https:\\\/\\\/kibrisdakik.com\\\/?p=84516#respond\"]}]},{\"@type\":\"WebPage\",\"@id\":\"https:\\\/\\\/kibrisdakik.com\\\/?p=84516\",\"url\":\"https:\\\/\\\/kibrisdakik.com\\\/?p=84516\",\"name\":\"Cumhurba\u015fkan\u0131 Tatar, T\u00fcrk D\u00fcnyas\u0131 M\u00fchendisler ve Mimarlar Birli\u011fi heyetini kabul etti -\",\"isPartOf\":{\"@id\":\"https:\\\/\\\/kibrisdakik.com\\\/#website\"},\"primaryImageOfPage\":{\"@id\":\"https:\\\/\\\/kibrisdakik.com\\\/?p=84516#primaryimage\"},\"image\":{\"@id\":\"https:\\\/\\\/kibrisdakik.com\\\/?p=84516#primaryimage\"},\"thumbnailUrl\":\"https:\\\/\\\/kibrisdakik.com\\\/wp-content\\\/uploads\\\/2025\\\/06\\\/tatar-demirci-kabul-5-1-740x420.jpg\",\"datePublished\":\"2025-06-13T00:01:23+00:00\",\"author\":{\"@id\":\"https:\\\/\\\/kibrisdakik.com\\\/#\\\/schema\\\/person\\\/9cd9d437bbb44f72b73ba127e06d8e79\"},\"breadcrumb\":{\"@id\":\"https:\\\/\\\/kibrisdakik.com\\\/?p=84516#breadcrumb\"},\"inLanguage\":\"tr\",\"potentialAction\":[{\"@type\":\"ReadAction\",\"target\":[\"https:\\\/\\\/kibrisdakik.com\\\/?p=84516\"]}]},{\"@type\":\"ImageObject\",\"inLanguage\":\"tr\",\"@id\":\"https:\\\/\\\/kibrisdakik.com\\\/?p=84516#primaryimage\",\"url\":\"https:\\\/\\\/kibrisdakik.com\\\/wp-content\\\/uploads\\\/2025\\\/06\\\/tatar-demirci-kabul-5-1-740x420.jpg\",\"contentUrl\":\"https:\\\/\\\/kibrisdakik.com\\\/wp-content\\\/uploads\\\/2025\\\/06\\\/tatar-demirci-kabul-5-1-740x420.jpg\",\"width\":2560,\"height\":1703},{\"@type\":\"BreadcrumbList\",\"@id\":\"https:\\\/\\\/kibrisdakik.com\\\/?p=84516#breadcrumb\",\"itemListElement\":[{\"@type\":\"ListItem\",\"position\":1,\"name\":\"Home\",\"item\":\"https:\\\/\\\/kibrisdakik.com\\\/\"},{\"@type\":\"ListItem\",\"position\":2,\"name\":\"Cumhurba\u015fkan\u0131 Tatar, T\u00fcrk D\u00fcnyas\u0131 M\u00fchendisler ve Mimarlar Birli\u011fi heyetini kabul etti\"}]},{\"@type\":\"WebSite\",\"@id\":\"https:\\\/\\\/kibrisdakik.com\\\/#website\",\"url\":\"https:\\\/\\\/kibrisdakik.com\\\/\",\"name\":\"\",\"description\":\"Tam vaktinde haber\",\"potentialAction\":[{\"@type\":\"SearchAction\",\"target\":{\"@type\":\"EntryPoint\",\"urlTemplate\":\"https:\\\/\\\/kibrisdakik.com\\\/?s={search_term_string}\"},\"query-input\":{\"@type\":\"PropertyValueSpecification\",\"valueRequired\":true,\"valueName\":\"search_term_string\"}}],\"inLanguage\":\"tr\"},{\"@type\":\"Person\",\"@id\":\"https:\\\/\\\/kibrisdakik.com\\\/#\\\/schema\\\/person\\\/9cd9d437bbb44f72b73ba127e06d8e79\",\"name\":\"admin\",\"image\":{\"@type\":\"ImageObject\",\"inLanguage\":\"tr\",\"@id\":\"https:\\\/\\\/secure.gravatar.com\\\/avatar\\\/ccc17943b9d660506c869530f897617f7cb1c21a4bf30023f252596d83e1f007?s=96&d=mm&r=g\",\"url\":\"https:\\\/\\\/secure.gravatar.com\\\/avatar\\\/ccc17943b9d660506c869530f897617f7cb1c21a4bf30023f252596d83e1f007?s=96&d=mm&r=g\",\"contentUrl\":\"https:\\\/\\\/secure.gravatar.com\\\/avatar\\\/ccc17943b9d660506c869530f897617f7cb1c21a4bf30023f252596d83e1f007?s=96&d=mm&r=g\",\"caption\":\"admin\"},\"sameAs\":[\"https:\\\/\\\/kibrisdakik.com\"],\"url\":\"https:\\\/\\\/kibrisdakik.com\\\/?author=1\"}]}<\/script>\n<!-- \/ Yoast SEO plugin. -->","yoast_head_json":{"title":"Cumhurba\u015fkan\u0131 Tatar, T\u00fcrk D\u00fcnyas\u0131 M\u00fchendisler ve Mimarlar Birli\u011fi heyetini kabul etti -","robots":{"index":"index","follow":"follow","max-snippet":"max-snippet:-1","max-image-preview":"max-image-preview:large","max-video-preview":"max-video-preview:-1"},"canonical":"https:\/\/kibrisdakik.com\/?p=84516","og_locale":"tr_TR","og_type":"article","og_title":"Cumhurba\u015fkan\u0131 Tatar, T\u00fcrk D\u00fcnyas\u0131 M\u00fchendisler ve Mimarlar Birli\u011fi heyetini kabul etti -","og_description":"Cumhurba\u015fkan\u0131 Ersin Tatar, \u0130lyas Demirci ba\u015fkanl\u0131\u011f\u0131ndaki T\u00fcrk D\u00fcnyas\u0131 M\u00fchendisler ve Mimarlar Birli\u011fi heyetini kabul etti. Kabulde, T\u00fcrk D\u00fcnyas\u0131 M\u00fchendisler ve Mimarlar Birli\u011fi\u2019ne ba\u011fl\u0131 y\u00f6neticiler ve \u00fcyeleri yan\u0131 s\u0131ra Cumhurba\u015fkanl\u0131\u011f\u0131 Yerel Y\u00f6netimler Dan\u0131\u015fman\u0131 \u0130lker Edip de haz\u0131r bulundu. Ziyarette, \u201cMavi Vatan \u0130\u00e7in Bir G\u00fczelleme: K\u0131br\u0131s \u015eehrengizi\u201d adl\u0131 kitap Birlik Ba\u015fkan\u0131 \u0130lyas Demirci ile kitab\u0131n yazarlar\u0131ndan Hilal","og_url":"https:\/\/kibrisdakik.com\/?p=84516","article_published_time":"2025-06-13T00:01:23+00:00","og_image":[{"width":2560,"height":1703,"url":"https:\/\/kibrisdakik.com\/wp-content\/uploads\/2025\/06\/tatar-demirci-kabul-5-1-740x420.jpg","type":"image\/jpeg"}],"author":"admin","twitter_card":"summary_large_image","twitter_misc":{"Yazan:":"admin","Tahmini okuma s\u00fcresi":"2 dakika"},"schema":{"@context":"https:\/\/schema.org","@graph":[{"@type":"Article","@id":"https:\/\/kibrisdakik.com\/?p=84516#article","isPartOf":{"@id":"https:\/\/kibrisdakik.com\/?p=84516"},"author":{"name":"admin","@id":"https:\/\/kibrisdakik.com\/#\/schema\/person\/9cd9d437bbb44f72b73ba127e06d8e79"},"headline":"Cumhurba\u015fkan\u0131 Tatar, T\u00fcrk D\u00fcnyas\u0131 M\u00fchendisler ve Mimarlar Birli\u011fi heyetini kabul etti","datePublished":"2025-06-13T00:01:23+00:00","mainEntityOfPage":{"@id":"https:\/\/kibrisdakik.com\/?p=84516"},"wordCount":466,"commentCount":0,"image":{"@id":"https:\/\/kibrisdakik.com\/?p=84516#primaryimage"},"thumbnailUrl":"https:\/\/kibrisdakik.com\/wp-content\/uploads\/2025\/06\/tatar-demirci-kabul-5-1-740x420.jpg","articleSection":["K\u0131br\u0131s","Man\u015fet"],"inLanguage":"tr","potentialAction":[{"@type":"CommentAction","name":"Comment","target":["https:\/\/kibrisdakik.com\/?p=84516#respond"]}]},{"@type":"WebPage","@id":"https:\/\/kibrisdakik.com\/?p=84516","url":"https:\/\/kibrisdakik.com\/?p=84516","name":"Cumhurba\u015fkan\u0131 Tatar, T\u00fcrk D\u00fcnyas\u0131 M\u00fchendisler ve Mimarlar Birli\u011fi heyetini kabul etti -","isPartOf":{"@id":"https:\/\/kibrisdakik.com\/#website"},"primaryImageOfPage":{"@id":"https:\/\/kibrisdakik.com\/?p=84516#primaryimage"},"image":{"@id":"https:\/\/kibrisdakik.com\/?p=84516#primaryimage"},"thumbnailUrl":"https:\/\/kibrisdakik.com\/wp-content\/uploads\/2025\/06\/tatar-demirci-kabul-5-1-740x420.jpg","datePublished":"2025-06-13T00:01:23+00:00","author":{"@id":"https:\/\/kibrisdakik.com\/#\/schema\/person\/9cd9d437bbb44f72b73ba127e06d8e79"},"breadcrumb":{"@id":"https:\/\/kibrisdakik.com\/?p=84516#breadcrumb"},"inLanguage":"tr","potentialAction":[{"@type":"ReadAction","target":["https:\/\/kibrisdakik.com\/?p=84516"]}]},{"@type":"ImageObject","inLanguage":"tr","@id":"https:\/\/kibrisdakik.com\/?p=84516#primaryimage","url":"https:\/\/kibrisdakik.com\/wp-content\/uploads\/2025\/06\/tatar-demirci-kabul-5-1-740x420.jpg","contentUrl":"https:\/\/kibrisdakik.com\/wp-content\/uploads\/2025\/06\/tatar-demirci-kabul-5-1-740x420.jpg","width":2560,"height":1703},{"@type":"BreadcrumbList","@id":"https:\/\/kibrisdakik.com\/?p=84516#breadcrumb","itemListElement":[{"@type":"ListItem","position":1,"name":"Home","item":"https:\/\/kibrisdakik.com\/"},{"@type":"ListItem","position":2,"name":"Cumhurba\u015fkan\u0131 Tatar, T\u00fcrk D\u00fcnyas\u0131 M\u00fchendisler ve Mimarlar Birli\u011fi heyetini kabul etti"}]},{"@type":"WebSite","@id":"https:\/\/kibrisdakik.com\/#website","url":"https:\/\/kibrisdakik.com\/","name":"","description":"Tam vaktinde haber","potentialAction":[{"@type":"SearchAction","target":{"@type":"EntryPoint","urlTemplate":"https:\/\/kibrisdakik.com\/?s={search_term_string}"},"query-input":{"@type":"PropertyValueSpecification","valueRequired":true,"valueName":"search_term_string"}}],"inLanguage":"tr"},{"@type":"Person","@id":"https:\/\/kibrisdakik.com\/#\/schema\/person\/9cd9d437bbb44f72b73ba127e06d8e79","name":"admin","image":{"@type":"ImageObject","inLanguage":"tr","@id":"https:\/\/secure.gravatar.com\/avatar\/ccc17943b9d660506c869530f897617f7cb1c21a4bf30023f252596d83e1f007?s=96&d=mm&r=g","url":"https:\/\/secure.gravatar.com\/avatar\/ccc17943b9d660506c869530f897617f7cb1c21a4bf30023f252596d83e1f007?s=96&d=mm&r=g","contentUrl":"https:\/\/secure.gravatar.com\/avatar\/ccc17943b9d660506c869530f897617f7cb1c21a4bf30023f252596d83e1f007?s=96&d=mm&r=g","caption":"admin"},"sameAs":["https:\/\/kibrisdakik.com"],"url":"https:\/\/kibrisdakik.com\/?author=1"}]}},"_links":{"self":[{"href":"https:\/\/kibrisdakik.com\/index.php?rest_route=\/wp\/v2\/posts\/84516","targetHints":{"allow":["GET"]}}],"collection":[{"href":"https:\/\/kibrisdakik.com\/index.php?rest_route=\/wp\/v2\/posts"}],"about":[{"href":"https:\/\/kibrisdakik.com\/index.php?rest_route=\/wp\/v2\/types\/post"}],"author":[{"embeddable":true,"href":"https:\/\/kibrisdakik.com\/index.php?rest_route=\/wp\/v2\/users\/1"}],"replies":[{"embeddable":true,"href":"https:\/\/kibrisdakik.com\/index.php?rest_route=%2Fwp%2Fv2%2Fcomments&post=84516"}],"version-history":[{"count":0,"href":"https:\/\/kibrisdakik.com\/index.php?rest_route=\/wp\/v2\/posts\/84516\/revisions"}],"wp:featuredmedia":[{"embeddable":true,"href":"https:\/\/kibrisdakik.com\/index.php?rest_route=\/wp\/v2\/media\/84517"}],"wp:attachment":[{"href":"https:\/\/kibrisdakik.com\/index.php?rest_route=%2Fwp%2Fv2%2Fmedia&parent=84516"}],"wp:term":[{"taxonomy":"category","embeddable":true,"href":"https:\/\/kibrisdakik.com\/index.php?rest_route=%2Fwp%2Fv2%2Fcategories&post=84516"},{"taxonomy":"post_tag","embeddable":true,"href":"https:\/\/kibrisdakik.com\/index.php?rest_route=%2Fwp%2Fv2%2Ftags&post=84516"}],"curies":[{"name":"wp","href":"https:\/\/api.w.org\/{rel}","templated":true}]}}