{"id":84524,"date":"2025-06-13T05:03:30","date_gmt":"2025-06-13T02:03:30","guid":{"rendered":"https:\/\/kibrisdakik.com\/index.php\/2025\/06\/13\/basbakan-ustel-turk-dunyasi-ticaret-fuarinda\/"},"modified":"2025-06-13T05:03:30","modified_gmt":"2025-06-13T02:03:30","slug":"basbakan-ustel-turk-dunyasi-ticaret-fuarinda","status":"publish","type":"post","link":"https:\/\/kibrisdakik.com\/?p=84524","title":{"rendered":"Ba\u015fbakan \u00dcstel, T\u00fcrk D\u00fcnyas\u0131 Ticaret Fuar\u0131\u2019nda"},"content":{"rendered":"<p> <br \/>\n<\/p>\n<div data-text-id=\"78064\" property=\"articleBody\">\n<p>Ba\u015fbakan \u00dcnal \u00dcstel, Azerbaycan\u2019\u0131n ba\u015fkenti Bak\u00fc\u2019de d\u00fczenlenen 2. T\u00fcrk Devletleri Ticaret ve Yat\u0131r\u0131m \u0130\u015fbirli\u011fi Forumu ve Fuar\u0131\u2019n\u0131 ziyaret etti.<\/p>\n<p>Ba\u015fbakanl\u0131k\u2019tan yap\u0131lan a\u00e7\u0131klamaya g\u00f6re, T\u00fcrk Devletleri Te\u015fkilat\u0131 \u00e7at\u0131s\u0131 alt\u0131nda ger\u00e7ekle\u015ftirilen ve T\u00fcrk d\u00fcnyas\u0131n\u0131n ekonomik entegrasyonunu hedefleyen fuarda, KKTC\u2019nin \u00f6zel sekt\u00f6r temsilcileri de geni\u015f kat\u0131l\u0131mla yer ald\u0131.<\/p>\n<p>Ba\u015fbakan \u00dcstel, fuarda KKTC\u2019den kat\u0131lan firmalar\u0131n stantlar\u0131n\u0131 tek tek ziyaret ederek \u00e7al\u0131\u015fmalar\u0131 hakk\u0131nda bilgi ald\u0131, di\u011fer T\u00fcrk devletlerinden kat\u0131lan firmalar\u0131n stantlar\u0131n\u0131 da gezerek temaslarda bulundu.<\/p>\n<p>Ba\u015fbakan \u00dcstel\u2019e ziyareti s\u0131ras\u0131nda, Ba\u015fbakan Yard\u0131mc\u0131s\u0131 ve Turizm, K\u00fclt\u00fcr, Gen\u00e7lik ve \u00c7evre Bakan\u0131 Fikri Atao\u011flu e\u015flik etti. KKTC Bak\u00fc Temsilcisi B\u00fcy\u00fckel\u00e7i Ufuk Turganer de Ba\u015fbakan \u00dcstel\u2019in temaslar\u0131nda haz\u0131r bulundu.<\/p>\n<p>Heyette ayr\u0131ca, Ba\u015fbakanl\u0131k Ba\u015fdan\u0131\u015fman\u0131 ve BRTK Y\u00f6netim Kurulu Ba\u015fkan\u0131 \u00d6zdemir Tokel, Ba\u015fbakanl\u0131k \u00d6zel Kalem M\u00fcd\u00fcr\u00fc \u0130lgen Ba\u011fc\u0131er ile Bas\u0131n ve Halkla \u0130li\u015fkiler M\u00fcd\u00fcr\u00fc \u00dcmral Volkan da yer ald\u0131.<\/p>\n<p>-\u201cBir fuardan \u00f6te, ortak gelece\u011fe tan\u0131kl\u0131k ediyoruz\u201d<\/p>\n<p>Fuarda medya mensuplar\u0131na k\u0131sa bir a\u00e7\u0131klama yapan Ba\u015fbakan \u00dcnal \u00dcstel, etkinli\u011fin yaln\u0131zca bir ticaret fuar\u0131 olmad\u0131\u011f\u0131n\u0131, ayn\u0131 zamanda T\u00fcrk d\u00fcnyas\u0131n\u0131n ortak gelece\u011fini \u015fekillendiren bir platform niteli\u011fi ta\u015f\u0131d\u0131\u011f\u0131n\u0131 vurgulad\u0131. \u00dcstel, T\u00fcrk devletlerinin sadece tarihsel ve k\u00fclt\u00fcrel ba\u011flarla de\u011fil; ticaret, yat\u0131r\u0131m, sanayi ve teknoloji alanlar\u0131nda da kenetlenmi\u015f b\u00fcy\u00fck bir aile oldu\u011funu ifade etti.<\/p>\n<div class=\"post-flash\">\n        <!--\n\n<h3 class=\"post-flash__title\">G&ouml;zden ka&ccedil;&#305;rmay&#305;n<\/h3>\n\n--><\/p>\n<div class=\"row g-0 align-items-center\">\n<div class=\"col-5 col-sm-3\">\n                \n            <\/div>\n<div class=\"col-7 col-sm-9\">\n<div class=\"post-flash-heading p-2\">\n<p>Kurban Bayram\u0131\u2019n\u0131n \u00fc\u00e7\u00fcnc\u00fc g\u00fcn\u00fc\u2026<\/p>\n<p>\u0130\u00e7eri\u011fi G\u00f6r\u00fcnt\u00fcle <i class=\"fa fa-arrow-right ps-2\"\/><\/p>\n<\/p><\/div>\n<\/p><\/div>\n<\/p><\/div>\n<\/p><\/div>\n<p>Ba\u015fbakan \u00dcstel, \u201cBug\u00fcn burada bir fuardan \u00f6te T\u00fcrk devletlerinin ortak gelece\u011fine tan\u0131kl\u0131k ediyoruz. Birlikte \u00fcretmenin, birlikte b\u00fcy\u00fcmenin, birlikte y\u00fckselmenin platformu olan bu fuar bizlere bir kez daha g\u00f6steriyor ki; ekonomik kalk\u0131nma, karde\u015fli\u011fin en g\u00fc\u00e7l\u00fc yol arkada\u015f\u0131d\u0131r. T\u00fcrk d\u00fcnyas\u0131 ticarette, sanayide, teknolojide ve yat\u0131r\u0131mda kenetlenmi\u015f b\u00fcy\u00fck bir ailedir.\u201d dedi<\/p>\n<p>KKTC\u2019li firmalar\u0131n fuardaki yo\u011fun kat\u0131l\u0131m\u0131n\u0131, \u00f6zel sekt\u00f6r\u00fcn T\u00fcrk d\u00fcnyas\u0131yla entegrasyon vizyonuna verdi\u011fi g\u00fc\u00e7l\u00fc destek olarak niteleyen \u00dcstel, T\u00fcrk i\u015f d\u00fcnyas\u0131na \u201cGelin birlikte \u00fcretelim, birlikte ihra\u00e7 edelim, birlikte kalk\u0131nal\u0131m. T\u00fcrk devletlerinin potansiyeli birle\u015ftik\u00e7e hepimiz kazanaca\u011f\u0131z.\u201d \u00e7a\u011fr\u0131s\u0131nda bulundu.<\/p>\n<p>-\u201cKKTC, Do\u011fu Akdeniz\u2019in y\u00fckselen de\u011feri\u201d<\/p>\n<p>Konu\u015fmas\u0131nda T\u00fcrk Devletleri \u0130\u015f Forumu ve Fuar\u0131\u2019n\u0131n bir sonraki toplant\u0131s\u0131n\u0131n \u00d6zbekistan\u2019da, ard\u0131ndan KKTC\u2019de ger\u00e7ekle\u015ftirilecek olmas\u0131ndan dolay\u0131 duydu\u011fu memnuniyeti de dile getiren \u00dcstel, Kuzey K\u0131br\u0131s\u2019\u0131n yaln\u0131zca turizmde de\u011fil, ticaret ve yat\u0131r\u0131m alanlar\u0131nda da cazibe merkezi olaca\u011f\u0131n\u0131 vurgulad\u0131. \u00dcstel, \u201cEv sahipli\u011fi yapaca\u011f\u0131m\u0131z bu uluslararas\u0131 organizasyona \u015fimdiden t\u00fcm T\u00fcrk d\u00fcnyas\u0131n\u0131 davet ediyor, KKTC\u2019nin ticaret ve yat\u0131r\u0131mda da bir cazibe merkezi olaca\u011f\u0131n\u0131 gururla ifade ediyorum.\u201d ifadelerini kulland\u0131.<\/p>\n<p>Ba\u015fbakan \u00dcstel s\u00f6zlerini, \u201cYa\u015fas\u0131n T\u00fcrk d\u00fcnyas\u0131, ya\u015fas\u0131n birlikte kalk\u0131nma.\u201d diyerek tamamlad\u0131.<\/p>\n<\/p><\/div>\n<p><br \/>\n<br \/><a href=\"> K\u0131br\u0131s dakik<\/a><\/p>\n","protected":false},"excerpt":{"rendered":"<p>Ba\u015fbakan \u00dcnal \u00dcstel, Azerbaycan\u2019\u0131n ba\u015fkenti Bak\u00fc\u2019de d\u00fczenlenen 2. T\u00fcrk Devletleri Ticaret ve Yat\u0131r\u0131m \u0130\u015fbirli\u011fi Forumu ve Fuar\u0131\u2019n\u0131 ziyaret etti. Ba\u015fbakanl\u0131k\u2019tan yap\u0131lan a\u00e7\u0131klamaya g\u00f6re, T\u00fcrk Devletleri Te\u015fkilat\u0131 \u00e7at\u0131s\u0131 alt\u0131nda ger\u00e7ekle\u015ftirilen ve T\u00fcrk d\u00fcnyas\u0131n\u0131n ekonomik entegrasyonunu hedefleyen fuarda, KKTC\u2019nin \u00f6zel sekt\u00f6r temsilcileri de geni\u015f kat\u0131l\u0131mla yer ald\u0131. Ba\u015fbakan \u00dcstel, fuarda KKTC\u2019den kat\u0131lan firmalar\u0131n stantlar\u0131n\u0131 tek tek ziyaret<\/p>\n","protected":false},"author":1,"featured_media":84525,"comment_status":"open","ping_status":"open","sticky":false,"template":"","format":"standard","meta":{"footnotes":""},"categories":[81,101],"tags":[],"class_list":["post-84524","post","type-post","status-publish","format-standard","has-post-thumbnail","hentry","category-kibris","category-manset"],"yoast_head":"<!-- This site is optimized with the Yoast SEO plugin v27.5 - https:\/\/yoast.com\/product\/yoast-seo-wordpress\/ -->\n<title>Ba\u015fbakan \u00dcstel, T\u00fcrk D\u00fcnyas\u0131 Ticaret Fuar\u0131\u2019nda -<\/title>\n<meta name=\"robots\" content=\"index, follow, max-snippet:-1, max-image-preview:large, max-video-preview:-1\" \/>\n<link rel=\"canonical\" href=\"https:\/\/kibrisdakik.com\/?p=84524\" \/>\n<meta property=\"og:locale\" content=\"tr_TR\" \/>\n<meta property=\"og:type\" content=\"article\" \/>\n<meta property=\"og:title\" content=\"Ba\u015fbakan \u00dcstel, T\u00fcrk D\u00fcnyas\u0131 Ticaret Fuar\u0131\u2019nda -\" \/>\n<meta property=\"og:description\" content=\"Ba\u015fbakan \u00dcnal \u00dcstel, Azerbaycan\u2019\u0131n ba\u015fkenti Bak\u00fc\u2019de d\u00fczenlenen 2. T\u00fcrk Devletleri Ticaret ve Yat\u0131r\u0131m \u0130\u015fbirli\u011fi Forumu ve Fuar\u0131\u2019n\u0131 ziyaret etti. Ba\u015fbakanl\u0131k\u2019tan yap\u0131lan a\u00e7\u0131klamaya g\u00f6re, T\u00fcrk Devletleri Te\u015fkilat\u0131 \u00e7at\u0131s\u0131 alt\u0131nda ger\u00e7ekle\u015ftirilen ve T\u00fcrk d\u00fcnyas\u0131n\u0131n ekonomik entegrasyonunu hedefleyen fuarda, KKTC\u2019nin \u00f6zel sekt\u00f6r temsilcileri de geni\u015f kat\u0131l\u0131mla yer ald\u0131. Ba\u015fbakan \u00dcstel, fuarda KKTC\u2019den kat\u0131lan firmalar\u0131n stantlar\u0131n\u0131 tek tek ziyaret\" \/>\n<meta property=\"og:url\" content=\"https:\/\/kibrisdakik.com\/?p=84524\" \/>\n<meta property=\"article:published_time\" content=\"2025-06-13T02:03:30+00:00\" \/>\n<meta property=\"og:image\" content=\"https:\/\/kibrisdakik.com\/wp-content\/uploads\/2025\/06\/ustelfuar-740x420.jpg\" \/>\n\t<meta property=\"og:image:width\" content=\"1280\" \/>\n\t<meta property=\"og:image:height\" content=\"853\" \/>\n\t<meta property=\"og:image:type\" content=\"image\/jpeg\" \/>\n<meta name=\"author\" content=\"admin\" \/>\n<meta name=\"twitter:card\" content=\"summary_large_image\" \/>\n<meta name=\"twitter:label1\" content=\"Yazan:\" \/>\n\t<meta name=\"twitter:data1\" content=\"admin\" \/>\n\t<meta name=\"twitter:label2\" content=\"Tahmini okuma s\u00fcresi\" \/>\n\t<meta name=\"twitter:data2\" content=\"3 dakika\" \/>\n<script type=\"application\/ld+json\" class=\"yoast-schema-graph\">{\"@context\":\"https:\\\/\\\/schema.org\",\"@graph\":[{\"@type\":\"Article\",\"@id\":\"https:\\\/\\\/kibrisdakik.com\\\/?p=84524#article\",\"isPartOf\":{\"@id\":\"https:\\\/\\\/kibrisdakik.com\\\/?p=84524\"},\"author\":{\"name\":\"admin\",\"@id\":\"https:\\\/\\\/kibrisdakik.com\\\/#\\\/schema\\\/person\\\/9cd9d437bbb44f72b73ba127e06d8e79\"},\"headline\":\"Ba\u015fbakan \u00dcstel, T\u00fcrk D\u00fcnyas\u0131 Ticaret Fuar\u0131\u2019nda\",\"datePublished\":\"2025-06-13T02:03:30+00:00\",\"mainEntityOfPage\":{\"@id\":\"https:\\\/\\\/kibrisdakik.com\\\/?p=84524\"},\"wordCount\":575,\"commentCount\":0,\"image\":{\"@id\":\"https:\\\/\\\/kibrisdakik.com\\\/?p=84524#primaryimage\"},\"thumbnailUrl\":\"https:\\\/\\\/kibrisdakik.com\\\/wp-content\\\/uploads\\\/2025\\\/06\\\/ustelfuar-740x420.jpg\",\"articleSection\":[\"K\u0131br\u0131s\",\"Man\u015fet\"],\"inLanguage\":\"tr\",\"potentialAction\":[{\"@type\":\"CommentAction\",\"name\":\"Comment\",\"target\":[\"https:\\\/\\\/kibrisdakik.com\\\/?p=84524#respond\"]}]},{\"@type\":\"WebPage\",\"@id\":\"https:\\\/\\\/kibrisdakik.com\\\/?p=84524\",\"url\":\"https:\\\/\\\/kibrisdakik.com\\\/?p=84524\",\"name\":\"Ba\u015fbakan \u00dcstel, T\u00fcrk D\u00fcnyas\u0131 Ticaret Fuar\u0131\u2019nda -\",\"isPartOf\":{\"@id\":\"https:\\\/\\\/kibrisdakik.com\\\/#website\"},\"primaryImageOfPage\":{\"@id\":\"https:\\\/\\\/kibrisdakik.com\\\/?p=84524#primaryimage\"},\"image\":{\"@id\":\"https:\\\/\\\/kibrisdakik.com\\\/?p=84524#primaryimage\"},\"thumbnailUrl\":\"https:\\\/\\\/kibrisdakik.com\\\/wp-content\\\/uploads\\\/2025\\\/06\\\/ustelfuar-740x420.jpg\",\"datePublished\":\"2025-06-13T02:03:30+00:00\",\"author\":{\"@id\":\"https:\\\/\\\/kibrisdakik.com\\\/#\\\/schema\\\/person\\\/9cd9d437bbb44f72b73ba127e06d8e79\"},\"breadcrumb\":{\"@id\":\"https:\\\/\\\/kibrisdakik.com\\\/?p=84524#breadcrumb\"},\"inLanguage\":\"tr\",\"potentialAction\":[{\"@type\":\"ReadAction\",\"target\":[\"https:\\\/\\\/kibrisdakik.com\\\/?p=84524\"]}]},{\"@type\":\"ImageObject\",\"inLanguage\":\"tr\",\"@id\":\"https:\\\/\\\/kibrisdakik.com\\\/?p=84524#primaryimage\",\"url\":\"https:\\\/\\\/kibrisdakik.com\\\/wp-content\\\/uploads\\\/2025\\\/06\\\/ustelfuar-740x420.jpg\",\"contentUrl\":\"https:\\\/\\\/kibrisdakik.com\\\/wp-content\\\/uploads\\\/2025\\\/06\\\/ustelfuar-740x420.jpg\",\"width\":1280,\"height\":853},{\"@type\":\"BreadcrumbList\",\"@id\":\"https:\\\/\\\/kibrisdakik.com\\\/?p=84524#breadcrumb\",\"itemListElement\":[{\"@type\":\"ListItem\",\"position\":1,\"name\":\"Home\",\"item\":\"https:\\\/\\\/kibrisdakik.com\\\/\"},{\"@type\":\"ListItem\",\"position\":2,\"name\":\"Ba\u015fbakan \u00dcstel, T\u00fcrk D\u00fcnyas\u0131 Ticaret Fuar\u0131\u2019nda\"}]},{\"@type\":\"WebSite\",\"@id\":\"https:\\\/\\\/kibrisdakik.com\\\/#website\",\"url\":\"https:\\\/\\\/kibrisdakik.com\\\/\",\"name\":\"\",\"description\":\"Tam vaktinde haber\",\"potentialAction\":[{\"@type\":\"SearchAction\",\"target\":{\"@type\":\"EntryPoint\",\"urlTemplate\":\"https:\\\/\\\/kibrisdakik.com\\\/?s={search_term_string}\"},\"query-input\":{\"@type\":\"PropertyValueSpecification\",\"valueRequired\":true,\"valueName\":\"search_term_string\"}}],\"inLanguage\":\"tr\"},{\"@type\":\"Person\",\"@id\":\"https:\\\/\\\/kibrisdakik.com\\\/#\\\/schema\\\/person\\\/9cd9d437bbb44f72b73ba127e06d8e79\",\"name\":\"admin\",\"image\":{\"@type\":\"ImageObject\",\"inLanguage\":\"tr\",\"@id\":\"https:\\\/\\\/secure.gravatar.com\\\/avatar\\\/ccc17943b9d660506c869530f897617f7cb1c21a4bf30023f252596d83e1f007?s=96&d=mm&r=g\",\"url\":\"https:\\\/\\\/secure.gravatar.com\\\/avatar\\\/ccc17943b9d660506c869530f897617f7cb1c21a4bf30023f252596d83e1f007?s=96&d=mm&r=g\",\"contentUrl\":\"https:\\\/\\\/secure.gravatar.com\\\/avatar\\\/ccc17943b9d660506c869530f897617f7cb1c21a4bf30023f252596d83e1f007?s=96&d=mm&r=g\",\"caption\":\"admin\"},\"sameAs\":[\"https:\\\/\\\/kibrisdakik.com\"],\"url\":\"https:\\\/\\\/kibrisdakik.com\\\/?author=1\"}]}<\/script>\n<!-- \/ Yoast SEO plugin. -->","yoast_head_json":{"title":"Ba\u015fbakan \u00dcstel, T\u00fcrk D\u00fcnyas\u0131 Ticaret Fuar\u0131\u2019nda -","robots":{"index":"index","follow":"follow","max-snippet":"max-snippet:-1","max-image-preview":"max-image-preview:large","max-video-preview":"max-video-preview:-1"},"canonical":"https:\/\/kibrisdakik.com\/?p=84524","og_locale":"tr_TR","og_type":"article","og_title":"Ba\u015fbakan \u00dcstel, T\u00fcrk D\u00fcnyas\u0131 Ticaret Fuar\u0131\u2019nda -","og_description":"Ba\u015fbakan \u00dcnal \u00dcstel, Azerbaycan\u2019\u0131n ba\u015fkenti Bak\u00fc\u2019de d\u00fczenlenen 2. T\u00fcrk Devletleri Ticaret ve Yat\u0131r\u0131m \u0130\u015fbirli\u011fi Forumu ve Fuar\u0131\u2019n\u0131 ziyaret etti. Ba\u015fbakanl\u0131k\u2019tan yap\u0131lan a\u00e7\u0131klamaya g\u00f6re, T\u00fcrk Devletleri Te\u015fkilat\u0131 \u00e7at\u0131s\u0131 alt\u0131nda ger\u00e7ekle\u015ftirilen ve T\u00fcrk d\u00fcnyas\u0131n\u0131n ekonomik entegrasyonunu hedefleyen fuarda, KKTC\u2019nin \u00f6zel sekt\u00f6r temsilcileri de geni\u015f kat\u0131l\u0131mla yer ald\u0131. Ba\u015fbakan \u00dcstel, fuarda KKTC\u2019den kat\u0131lan firmalar\u0131n stantlar\u0131n\u0131 tek tek ziyaret","og_url":"https:\/\/kibrisdakik.com\/?p=84524","article_published_time":"2025-06-13T02:03:30+00:00","og_image":[{"width":1280,"height":853,"url":"https:\/\/kibrisdakik.com\/wp-content\/uploads\/2025\/06\/ustelfuar-740x420.jpg","type":"image\/jpeg"}],"author":"admin","twitter_card":"summary_large_image","twitter_misc":{"Yazan:":"admin","Tahmini okuma s\u00fcresi":"3 dakika"},"schema":{"@context":"https:\/\/schema.org","@graph":[{"@type":"Article","@id":"https:\/\/kibrisdakik.com\/?p=84524#article","isPartOf":{"@id":"https:\/\/kibrisdakik.com\/?p=84524"},"author":{"name":"admin","@id":"https:\/\/kibrisdakik.com\/#\/schema\/person\/9cd9d437bbb44f72b73ba127e06d8e79"},"headline":"Ba\u015fbakan \u00dcstel, T\u00fcrk D\u00fcnyas\u0131 Ticaret Fuar\u0131\u2019nda","datePublished":"2025-06-13T02:03:30+00:00","mainEntityOfPage":{"@id":"https:\/\/kibrisdakik.com\/?p=84524"},"wordCount":575,"commentCount":0,"image":{"@id":"https:\/\/kibrisdakik.com\/?p=84524#primaryimage"},"thumbnailUrl":"https:\/\/kibrisdakik.com\/wp-content\/uploads\/2025\/06\/ustelfuar-740x420.jpg","articleSection":["K\u0131br\u0131s","Man\u015fet"],"inLanguage":"tr","potentialAction":[{"@type":"CommentAction","name":"Comment","target":["https:\/\/kibrisdakik.com\/?p=84524#respond"]}]},{"@type":"WebPage","@id":"https:\/\/kibrisdakik.com\/?p=84524","url":"https:\/\/kibrisdakik.com\/?p=84524","name":"Ba\u015fbakan \u00dcstel, T\u00fcrk D\u00fcnyas\u0131 Ticaret Fuar\u0131\u2019nda -","isPartOf":{"@id":"https:\/\/kibrisdakik.com\/#website"},"primaryImageOfPage":{"@id":"https:\/\/kibrisdakik.com\/?p=84524#primaryimage"},"image":{"@id":"https:\/\/kibrisdakik.com\/?p=84524#primaryimage"},"thumbnailUrl":"https:\/\/kibrisdakik.com\/wp-content\/uploads\/2025\/06\/ustelfuar-740x420.jpg","datePublished":"2025-06-13T02:03:30+00:00","author":{"@id":"https:\/\/kibrisdakik.com\/#\/schema\/person\/9cd9d437bbb44f72b73ba127e06d8e79"},"breadcrumb":{"@id":"https:\/\/kibrisdakik.com\/?p=84524#breadcrumb"},"inLanguage":"tr","potentialAction":[{"@type":"ReadAction","target":["https:\/\/kibrisdakik.com\/?p=84524"]}]},{"@type":"ImageObject","inLanguage":"tr","@id":"https:\/\/kibrisdakik.com\/?p=84524#primaryimage","url":"https:\/\/kibrisdakik.com\/wp-content\/uploads\/2025\/06\/ustelfuar-740x420.jpg","contentUrl":"https:\/\/kibrisdakik.com\/wp-content\/uploads\/2025\/06\/ustelfuar-740x420.jpg","width":1280,"height":853},{"@type":"BreadcrumbList","@id":"https:\/\/kibrisdakik.com\/?p=84524#breadcrumb","itemListElement":[{"@type":"ListItem","position":1,"name":"Home","item":"https:\/\/kibrisdakik.com\/"},{"@type":"ListItem","position":2,"name":"Ba\u015fbakan \u00dcstel, T\u00fcrk D\u00fcnyas\u0131 Ticaret Fuar\u0131\u2019nda"}]},{"@type":"WebSite","@id":"https:\/\/kibrisdakik.com\/#website","url":"https:\/\/kibrisdakik.com\/","name":"","description":"Tam vaktinde haber","potentialAction":[{"@type":"SearchAction","target":{"@type":"EntryPoint","urlTemplate":"https:\/\/kibrisdakik.com\/?s={search_term_string}"},"query-input":{"@type":"PropertyValueSpecification","valueRequired":true,"valueName":"search_term_string"}}],"inLanguage":"tr"},{"@type":"Person","@id":"https:\/\/kibrisdakik.com\/#\/schema\/person\/9cd9d437bbb44f72b73ba127e06d8e79","name":"admin","image":{"@type":"ImageObject","inLanguage":"tr","@id":"https:\/\/secure.gravatar.com\/avatar\/ccc17943b9d660506c869530f897617f7cb1c21a4bf30023f252596d83e1f007?s=96&d=mm&r=g","url":"https:\/\/secure.gravatar.com\/avatar\/ccc17943b9d660506c869530f897617f7cb1c21a4bf30023f252596d83e1f007?s=96&d=mm&r=g","contentUrl":"https:\/\/secure.gravatar.com\/avatar\/ccc17943b9d660506c869530f897617f7cb1c21a4bf30023f252596d83e1f007?s=96&d=mm&r=g","caption":"admin"},"sameAs":["https:\/\/kibrisdakik.com"],"url":"https:\/\/kibrisdakik.com\/?author=1"}]}},"_links":{"self":[{"href":"https:\/\/kibrisdakik.com\/index.php?rest_route=\/wp\/v2\/posts\/84524","targetHints":{"allow":["GET"]}}],"collection":[{"href":"https:\/\/kibrisdakik.com\/index.php?rest_route=\/wp\/v2\/posts"}],"about":[{"href":"https:\/\/kibrisdakik.com\/index.php?rest_route=\/wp\/v2\/types\/post"}],"author":[{"embeddable":true,"href":"https:\/\/kibrisdakik.com\/index.php?rest_route=\/wp\/v2\/users\/1"}],"replies":[{"embeddable":true,"href":"https:\/\/kibrisdakik.com\/index.php?rest_route=%2Fwp%2Fv2%2Fcomments&post=84524"}],"version-history":[{"count":0,"href":"https:\/\/kibrisdakik.com\/index.php?rest_route=\/wp\/v2\/posts\/84524\/revisions"}],"wp:featuredmedia":[{"embeddable":true,"href":"https:\/\/kibrisdakik.com\/index.php?rest_route=\/wp\/v2\/media\/84525"}],"wp:attachment":[{"href":"https:\/\/kibrisdakik.com\/index.php?rest_route=%2Fwp%2Fv2%2Fmedia&parent=84524"}],"wp:term":[{"taxonomy":"category","embeddable":true,"href":"https:\/\/kibrisdakik.com\/index.php?rest_route=%2Fwp%2Fv2%2Fcategories&post=84524"},{"taxonomy":"post_tag","embeddable":true,"href":"https:\/\/kibrisdakik.com\/index.php?rest_route=%2Fwp%2Fv2%2Ftags&post=84524"}],"curies":[{"name":"wp","href":"https:\/\/api.w.org\/{rel}","templated":true}]}}