{"id":8453,"date":"2023-06-08T10:57:16","date_gmt":"2023-06-08T10:57:16","guid":{"rendered":"https:\/\/kibrisdakik.com\/index.php\/2023\/06\/08\/cumhurbaskanligi-bassavcilik-gorusunu-paylasti-cumhurbaskani-meclis-baskanindan-baska-bir-kisiye-vekalet-veremez\/"},"modified":"2023-06-08T10:57:16","modified_gmt":"2023-06-08T10:57:16","slug":"cumhurbaskanligi-bassavcilik-gorusunu-paylasti-cumhurbaskani-meclis-baskanindan-baska-bir-kisiye-vekalet-veremez","status":"publish","type":"post","link":"https:\/\/kibrisdakik.com\/?p=8453","title":{"rendered":"Cumhurba\u015fkanl\u0131\u011f\u0131, Ba\u015fsavc\u0131l\u0131k g\u00f6r\u00fc\u015f\u00fcn\u00fc payla\u015ft\u0131: \u201cCumhurba\u015fkan\u0131, Meclis Ba\u015fkan\u0131\u2019ndan ba\u015fka bir ki\u015fiye vek\u00e2let veremez\u201d"},"content":{"rendered":"<p><\/p>\n<div>\n<div class=\"mariselle-image-container center\">\n                <img width=\"805\" height=\"400\" class=\"lazy-image\" alt=\"\" decoding=\"async\" loading=\"lazy\" sizes=\"auto, (max-width: 805px) 100vw, 805px\" src=\"https:\/\/brtk.net\/wp-content\/uploads\/2023\/03\/14\/cb-bina2.jpg?ver=d8b1df28dd07a8846aeba3fedcf2aac6\" srcset=\"https:\/\/brtk.net\/wp-content\/uploads\/2023\/03\/14\/cb-bina2.jpg?ver=d8b1df28dd07a8846aeba3fedcf2aac6 805w, https:\/\/brtk.net\/wp-content\/uploads\/2023\/03\/14\/cb-bina2-300x149.jpg?ver=d8b1df28dd07a8846aeba3fedcf2aac6 300w, https:\/\/brtk.net\/wp-content\/uploads\/2023\/03\/14\/cb-bina2-768x382.jpg?ver=d8b1df28dd07a8846aeba3fedcf2aac6 768w\"\/>                            <\/div>\n<p>\u00a0<\/p>\n<p>Cumhurba\u015fkanl\u0131\u011f\u0131, \u201cCumhurba\u015fkanl\u0131\u011f\u0131 vek\u00e2leti\u201d konusunda Ba\u015fsavc\u0131l\u0131k taraf\u0131ndan verilen hukuki g\u00f6r\u00fc\u015f\u00fc payla\u015ft\u0131. Ba\u015fsavc\u0131l\u0131k g\u00f6r\u00fc\u015f\u00fcnde, \u201cAnayasa\u2019m\u0131z Cumhurba\u015fkan\u0131\u2019n\u0131n Meclis Ba\u015fkan\u0131 haricinde bir ki\u015fiye vek\u00e2let vermesini d\u00fczenlememi\u015ftir. Keza, Anayasa\u2019da vek\u00e2let verilen Meclis Ba\u015fkan\u0131\u2019n\u0131n da ba\u015fka bir ki\u015fiye bu vek\u00e2leti devretmesine imk\u00e2n veren bir d\u00fczenleme bulunmamaktad\u0131r\u201d ifadelerine yer verildi\u011fi bildirildi.<\/p>\n<p>Cumhurba\u015fkanl\u0131\u011f\u0131 Bas\u0131n B\u00fcrosu taraf\u0131ndan yap\u0131lan a\u00e7\u0131klama aynen \u015f\u00f6yle:<\/p>\n<p>\u201cCumhurba\u015fkanl\u0131\u011f\u0131 Bas\u0131n B\u00fcrosu, \u2018Devletin tepesi bo\u015f kald\u0131\u2019 ve \u2018Cumhurba\u015fkan\u0131, Meclis Ba\u015fkan Yard\u0131mc\u0131s\u0131\u2019na vek\u00e2let verebilirdi\u2019 \u015feklindeki ger\u00e7ek d\u0131\u015f\u0131 iddialar\u0131 bir kez daha yan\u0131tlarken, Ba\u015fsavc\u0131l\u0131k taraf\u0131ndan verilen hukuki g\u00f6r\u00fc\u015f\u00fc de a\u00e7\u0131klad\u0131.<\/p>\n<p>\u2018Cumhurba\u015fkan\u0131, Meclis Ba\u015fkan\u0131\u2019ndan ba\u015fka bir ki\u015fiye vek\u00e2let veremez\u2019<\/p>\n<p>T\u00fcrkiye Cumhuriyeti\u2019nin 13\u2019\u00fcnc\u00fc Cumhurba\u015fkan\u0131 olarak se\u00e7ilen Cumhurba\u015fkan\u0131 Recep Tayyip Erdo\u011fan\u2019\u0131n g\u00f6reve ba\u015flayacak olmas\u0131 nedeniyle 3 Haziran 2023 tarihinde Ankara\u2019da d\u00fczenlenen t\u00f6renlere davetli olarak kat\u0131lacak olan Cumhurba\u015fkan\u0131 <a href=\"https:\/\/brtk.net\/\" target=\"_blank\" rel=\"noopener\">Ersin <\/a><a href=\"https:\/\/brtk.net\/\">Tatar<\/a>, Ba\u015fsavc\u0131l\u0131k\u2019tan ald\u0131\u011f\u0131 hukuki g\u00f6r\u00fc\u015f do\u011frultusunda 2 Haziran 2023 tarihinde Cumhurba\u015fkanl\u0131\u011f\u0131 vek\u00e2letini Meclis Ba\u015fkan\u0131\u2019na vermi\u015ftir.<\/p>\n<p>Ba\u015fsavc\u0131l\u0131k taraf\u0131ndan verilen s\u00f6z konusu hukuki g\u00f6r\u00fc\u015fte de, Anayasa\u2019n\u0131n 105\u2019inci maddesine at\u0131fta bulunularak \u2018Anayasa\u2019m\u0131z Cumhurba\u015fkan\u0131\u2019na vekillik etme g\u00f6revini Meclis Ba\u015fkan\u0131\u2019na vermi\u015ftir. Anayasa, Cumhurba\u015fkan\u0131\u2019n\u0131n Meclis Ba\u015fkan\u0131 haricinde bir ki\u015fiye vek\u00e2let vermesini d\u00fczenlememi\u015ftir. Keza, Anayasa\u2019da vek\u00e2let verilen Meclis Ba\u015fkan\u0131\u2019n\u0131n da ba\u015fka bir ki\u015fiye bu vek\u00e2leti devretmesine imk\u00e2n veren bir d\u00fczenleme bulunmamaktad\u0131r\u2019 ifadeleri yer almaktad\u0131r.<\/p>\n<p>Anayasa\u2019n\u0131n belirledi\u011fi kurallara ve hukuki ilkelere her zaman ba\u011fl\u0131 olan ve bunlara g\u00f6re hareket eden Cumhurba\u015fkan\u0131 <a href=\"https:\/\/brtk.net\/\">Tatar<\/a>, g\u00f6revini b\u00fcy\u00fck bir sorumlulukla yerine getirirken; baz\u0131 \u00e7evrelerin ger\u00e7ekleri \u00e7arp\u0131tmas\u0131 ve ger\u00e7ek d\u0131\u015f\u0131 ithamlarda bulunmas\u0131 kabul edilemez. G\u00f6r\u00fclen l\u00fczum \u00fczerine ve halk\u0131m\u0131z\u0131 do\u011fru bilgilendirmek ad\u0131na, Ba\u015fsavc\u0131l\u0131k taraf\u0131ndan \u2018vek\u00e2let\u2019 konusunda verilen hukuki g\u00f6r\u00fc\u015f\u00fc de kamuoyu ile payla\u015f\u0131yoruz.<\/p>\n<p>Ba\u015fsavc\u0131l\u0131k taraf\u0131ndan \u2018vek\u00e2let\u2019 konusunda 2 Haziran 2023 tarihinde verilen hukuki g\u00f6r\u00fc\u015f ekte yer almaktad\u0131r.\u201d<\/p>\n<\/p><\/div>\n<p><script async\n                    defer\n                    crossorigin=\"anonymous\"\n                    src=\"https:\/\/connect.facebook.net\/tr_TR\/sdk.js#xfbml=1&#038;version=v3.3\"\n            ><\/script><\/p>\n","protected":false},"excerpt":{"rendered":"<p>\u00a0 Cumhurba\u015fkanl\u0131\u011f\u0131, \u201cCumhurba\u015fkanl\u0131\u011f\u0131 vek\u00e2leti\u201d konusunda Ba\u015fsavc\u0131l\u0131k taraf\u0131ndan verilen hukuki g\u00f6r\u00fc\u015f\u00fc payla\u015ft\u0131. Ba\u015fsavc\u0131l\u0131k g\u00f6r\u00fc\u015f\u00fcnde, \u201cAnayasa\u2019m\u0131z Cumhurba\u015fkan\u0131\u2019n\u0131n Meclis Ba\u015fkan\u0131 haricinde bir ki\u015fiye vek\u00e2let vermesini d\u00fczenlememi\u015ftir. Keza, Anayasa\u2019da vek\u00e2let verilen Meclis Ba\u015fkan\u0131\u2019n\u0131n da ba\u015fka bir ki\u015fiye bu vek\u00e2leti devretmesine imk\u00e2n veren bir d\u00fczenleme bulunmamaktad\u0131r\u201d ifadelerine yer verildi\u011fi bildirildi. Cumhurba\u015fkanl\u0131\u011f\u0131 Bas\u0131n B\u00fcrosu taraf\u0131ndan yap\u0131lan a\u00e7\u0131klama aynen \u015f\u00f6yle: \u201cCumhurba\u015fkanl\u0131\u011f\u0131 Bas\u0131n<\/p>\n","protected":false},"author":1,"featured_media":8454,"comment_status":"open","ping_status":"open","sticky":false,"template":"","format":"standard","meta":{"footnotes":""},"categories":[1],"tags":[],"class_list":["post-8453","post","type-post","status-publish","format-standard","has-post-thumbnail","hentry","category-gundem"],"yoast_head":"<!-- This site is optimized with the Yoast SEO plugin v27.5 - https:\/\/yoast.com\/product\/yoast-seo-wordpress\/ -->\n<title>Cumhurba\u015fkanl\u0131\u011f\u0131, Ba\u015fsavc\u0131l\u0131k g\u00f6r\u00fc\u015f\u00fcn\u00fc payla\u015ft\u0131: \u201cCumhurba\u015fkan\u0131, Meclis Ba\u015fkan\u0131\u2019ndan ba\u015fka bir ki\u015fiye vek\u00e2let veremez\u201d -<\/title>\n<meta name=\"robots\" content=\"index, follow, max-snippet:-1, max-image-preview:large, max-video-preview:-1\" \/>\n<link rel=\"canonical\" href=\"https:\/\/kibrisdakik.com\/?p=8453\" \/>\n<meta property=\"og:locale\" content=\"tr_TR\" \/>\n<meta property=\"og:type\" content=\"article\" \/>\n<meta property=\"og:title\" content=\"Cumhurba\u015fkanl\u0131\u011f\u0131, Ba\u015fsavc\u0131l\u0131k g\u00f6r\u00fc\u015f\u00fcn\u00fc payla\u015ft\u0131: \u201cCumhurba\u015fkan\u0131, Meclis Ba\u015fkan\u0131\u2019ndan ba\u015fka bir ki\u015fiye vek\u00e2let veremez\u201d -\" \/>\n<meta property=\"og:description\" content=\"\u00a0 Cumhurba\u015fkanl\u0131\u011f\u0131, \u201cCumhurba\u015fkanl\u0131\u011f\u0131 vek\u00e2leti\u201d konusunda Ba\u015fsavc\u0131l\u0131k taraf\u0131ndan verilen hukuki g\u00f6r\u00fc\u015f\u00fc payla\u015ft\u0131. Ba\u015fsavc\u0131l\u0131k g\u00f6r\u00fc\u015f\u00fcnde, \u201cAnayasa\u2019m\u0131z Cumhurba\u015fkan\u0131\u2019n\u0131n Meclis Ba\u015fkan\u0131 haricinde bir ki\u015fiye vek\u00e2let vermesini d\u00fczenlememi\u015ftir. Keza, Anayasa\u2019da vek\u00e2let verilen Meclis Ba\u015fkan\u0131\u2019n\u0131n da ba\u015fka bir ki\u015fiye bu vek\u00e2leti devretmesine imk\u00e2n veren bir d\u00fczenleme bulunmamaktad\u0131r\u201d ifadelerine yer verildi\u011fi bildirildi. Cumhurba\u015fkanl\u0131\u011f\u0131 Bas\u0131n B\u00fcrosu taraf\u0131ndan yap\u0131lan a\u00e7\u0131klama aynen \u015f\u00f6yle: \u201cCumhurba\u015fkanl\u0131\u011f\u0131 Bas\u0131n\" \/>\n<meta property=\"og:url\" content=\"https:\/\/kibrisdakik.com\/?p=8453\" \/>\n<meta property=\"article:published_time\" content=\"2023-06-08T10:57:16+00:00\" \/>\n<meta property=\"og:image\" content=\"https:\/\/kibrisdakik.com\/wp-content\/uploads\/2023\/06\/cumhurbaskanligi-savcilik-gorusu-740x420.jpg\" \/>\n\t<meta property=\"og:image:width\" content=\"1116\" \/>\n\t<meta property=\"og:image:height\" content=\"1599\" \/>\n\t<meta property=\"og:image:type\" content=\"image\/jpeg\" \/>\n<meta name=\"author\" content=\"admin\" \/>\n<meta name=\"twitter:card\" content=\"summary_large_image\" \/>\n<meta name=\"twitter:label1\" content=\"Yazan:\" \/>\n\t<meta name=\"twitter:data1\" content=\"admin\" \/>\n\t<meta name=\"twitter:label2\" content=\"Tahmini okuma s\u00fcresi\" \/>\n\t<meta name=\"twitter:data2\" content=\"2 dakika\" \/>\n<script type=\"application\/ld+json\" class=\"yoast-schema-graph\">{\"@context\":\"https:\\\/\\\/schema.org\",\"@graph\":[{\"@type\":\"Article\",\"@id\":\"https:\\\/\\\/kibrisdakik.com\\\/?p=8453#article\",\"isPartOf\":{\"@id\":\"https:\\\/\\\/kibrisdakik.com\\\/?p=8453\"},\"author\":{\"name\":\"admin\",\"@id\":\"https:\\\/\\\/kibrisdakik.com\\\/#\\\/schema\\\/person\\\/9cd9d437bbb44f72b73ba127e06d8e79\"},\"headline\":\"Cumhurba\u015fkanl\u0131\u011f\u0131, Ba\u015fsavc\u0131l\u0131k g\u00f6r\u00fc\u015f\u00fcn\u00fc payla\u015ft\u0131: \u201cCumhurba\u015fkan\u0131, Meclis Ba\u015fkan\u0131\u2019ndan ba\u015fka bir ki\u015fiye vek\u00e2let veremez\u201d\",\"datePublished\":\"2023-06-08T10:57:16+00:00\",\"mainEntityOfPage\":{\"@id\":\"https:\\\/\\\/kibrisdakik.com\\\/?p=8453\"},\"wordCount\":430,\"commentCount\":0,\"image\":{\"@id\":\"https:\\\/\\\/kibrisdakik.com\\\/?p=8453#primaryimage\"},\"thumbnailUrl\":\"https:\\\/\\\/kibrisdakik.com\\\/wp-content\\\/uploads\\\/2023\\\/06\\\/cumhurbaskanligi-savcilik-gorusu-740x420.jpg\",\"articleSection\":[\"G\u00fcndem\"],\"inLanguage\":\"tr\",\"potentialAction\":[{\"@type\":\"CommentAction\",\"name\":\"Comment\",\"target\":[\"https:\\\/\\\/kibrisdakik.com\\\/?p=8453#respond\"]}]},{\"@type\":\"WebPage\",\"@id\":\"https:\\\/\\\/kibrisdakik.com\\\/?p=8453\",\"url\":\"https:\\\/\\\/kibrisdakik.com\\\/?p=8453\",\"name\":\"Cumhurba\u015fkanl\u0131\u011f\u0131, Ba\u015fsavc\u0131l\u0131k g\u00f6r\u00fc\u015f\u00fcn\u00fc payla\u015ft\u0131: \u201cCumhurba\u015fkan\u0131, Meclis Ba\u015fkan\u0131\u2019ndan ba\u015fka bir ki\u015fiye vek\u00e2let veremez\u201d -\",\"isPartOf\":{\"@id\":\"https:\\\/\\\/kibrisdakik.com\\\/#website\"},\"primaryImageOfPage\":{\"@id\":\"https:\\\/\\\/kibrisdakik.com\\\/?p=8453#primaryimage\"},\"image\":{\"@id\":\"https:\\\/\\\/kibrisdakik.com\\\/?p=8453#primaryimage\"},\"thumbnailUrl\":\"https:\\\/\\\/kibrisdakik.com\\\/wp-content\\\/uploads\\\/2023\\\/06\\\/cumhurbaskanligi-savcilik-gorusu-740x420.jpg\",\"datePublished\":\"2023-06-08T10:57:16+00:00\",\"author\":{\"@id\":\"https:\\\/\\\/kibrisdakik.com\\\/#\\\/schema\\\/person\\\/9cd9d437bbb44f72b73ba127e06d8e79\"},\"breadcrumb\":{\"@id\":\"https:\\\/\\\/kibrisdakik.com\\\/?p=8453#breadcrumb\"},\"inLanguage\":\"tr\",\"potentialAction\":[{\"@type\":\"ReadAction\",\"target\":[\"https:\\\/\\\/kibrisdakik.com\\\/?p=8453\"]}]},{\"@type\":\"ImageObject\",\"inLanguage\":\"tr\",\"@id\":\"https:\\\/\\\/kibrisdakik.com\\\/?p=8453#primaryimage\",\"url\":\"https:\\\/\\\/kibrisdakik.com\\\/wp-content\\\/uploads\\\/2023\\\/06\\\/cumhurbaskanligi-savcilik-gorusu-740x420.jpg\",\"contentUrl\":\"https:\\\/\\\/kibrisdakik.com\\\/wp-content\\\/uploads\\\/2023\\\/06\\\/cumhurbaskanligi-savcilik-gorusu-740x420.jpg\",\"width\":1116,\"height\":1599},{\"@type\":\"BreadcrumbList\",\"@id\":\"https:\\\/\\\/kibrisdakik.com\\\/?p=8453#breadcrumb\",\"itemListElement\":[{\"@type\":\"ListItem\",\"position\":1,\"name\":\"Home\",\"item\":\"https:\\\/\\\/kibrisdakik.com\\\/\"},{\"@type\":\"ListItem\",\"position\":2,\"name\":\"Cumhurba\u015fkanl\u0131\u011f\u0131, Ba\u015fsavc\u0131l\u0131k g\u00f6r\u00fc\u015f\u00fcn\u00fc payla\u015ft\u0131: \u201cCumhurba\u015fkan\u0131, Meclis Ba\u015fkan\u0131\u2019ndan ba\u015fka bir ki\u015fiye vek\u00e2let veremez\u201d\"}]},{\"@type\":\"WebSite\",\"@id\":\"https:\\\/\\\/kibrisdakik.com\\\/#website\",\"url\":\"https:\\\/\\\/kibrisdakik.com\\\/\",\"name\":\"\",\"description\":\"Tam vaktinde haber\",\"potentialAction\":[{\"@type\":\"SearchAction\",\"target\":{\"@type\":\"EntryPoint\",\"urlTemplate\":\"https:\\\/\\\/kibrisdakik.com\\\/?s={search_term_string}\"},\"query-input\":{\"@type\":\"PropertyValueSpecification\",\"valueRequired\":true,\"valueName\":\"search_term_string\"}}],\"inLanguage\":\"tr\"},{\"@type\":\"Person\",\"@id\":\"https:\\\/\\\/kibrisdakik.com\\\/#\\\/schema\\\/person\\\/9cd9d437bbb44f72b73ba127e06d8e79\",\"name\":\"admin\",\"image\":{\"@type\":\"ImageObject\",\"inLanguage\":\"tr\",\"@id\":\"https:\\\/\\\/secure.gravatar.com\\\/avatar\\\/ccc17943b9d660506c869530f897617f7cb1c21a4bf30023f252596d83e1f007?s=96&d=mm&r=g\",\"url\":\"https:\\\/\\\/secure.gravatar.com\\\/avatar\\\/ccc17943b9d660506c869530f897617f7cb1c21a4bf30023f252596d83e1f007?s=96&d=mm&r=g\",\"contentUrl\":\"https:\\\/\\\/secure.gravatar.com\\\/avatar\\\/ccc17943b9d660506c869530f897617f7cb1c21a4bf30023f252596d83e1f007?s=96&d=mm&r=g\",\"caption\":\"admin\"},\"sameAs\":[\"https:\\\/\\\/kibrisdakik.com\"],\"url\":\"https:\\\/\\\/kibrisdakik.com\\\/?author=1\"}]}<\/script>\n<!-- \/ Yoast SEO plugin. -->","yoast_head_json":{"title":"Cumhurba\u015fkanl\u0131\u011f\u0131, Ba\u015fsavc\u0131l\u0131k g\u00f6r\u00fc\u015f\u00fcn\u00fc payla\u015ft\u0131: \u201cCumhurba\u015fkan\u0131, Meclis Ba\u015fkan\u0131\u2019ndan ba\u015fka bir ki\u015fiye vek\u00e2let veremez\u201d -","robots":{"index":"index","follow":"follow","max-snippet":"max-snippet:-1","max-image-preview":"max-image-preview:large","max-video-preview":"max-video-preview:-1"},"canonical":"https:\/\/kibrisdakik.com\/?p=8453","og_locale":"tr_TR","og_type":"article","og_title":"Cumhurba\u015fkanl\u0131\u011f\u0131, Ba\u015fsavc\u0131l\u0131k g\u00f6r\u00fc\u015f\u00fcn\u00fc payla\u015ft\u0131: \u201cCumhurba\u015fkan\u0131, Meclis Ba\u015fkan\u0131\u2019ndan ba\u015fka bir ki\u015fiye vek\u00e2let veremez\u201d -","og_description":"\u00a0 Cumhurba\u015fkanl\u0131\u011f\u0131, \u201cCumhurba\u015fkanl\u0131\u011f\u0131 vek\u00e2leti\u201d konusunda Ba\u015fsavc\u0131l\u0131k taraf\u0131ndan verilen hukuki g\u00f6r\u00fc\u015f\u00fc payla\u015ft\u0131. Ba\u015fsavc\u0131l\u0131k g\u00f6r\u00fc\u015f\u00fcnde, \u201cAnayasa\u2019m\u0131z Cumhurba\u015fkan\u0131\u2019n\u0131n Meclis Ba\u015fkan\u0131 haricinde bir ki\u015fiye vek\u00e2let vermesini d\u00fczenlememi\u015ftir. Keza, Anayasa\u2019da vek\u00e2let verilen Meclis Ba\u015fkan\u0131\u2019n\u0131n da ba\u015fka bir ki\u015fiye bu vek\u00e2leti devretmesine imk\u00e2n veren bir d\u00fczenleme bulunmamaktad\u0131r\u201d ifadelerine yer verildi\u011fi bildirildi. Cumhurba\u015fkanl\u0131\u011f\u0131 Bas\u0131n B\u00fcrosu taraf\u0131ndan yap\u0131lan a\u00e7\u0131klama aynen \u015f\u00f6yle: \u201cCumhurba\u015fkanl\u0131\u011f\u0131 Bas\u0131n","og_url":"https:\/\/kibrisdakik.com\/?p=8453","article_published_time":"2023-06-08T10:57:16+00:00","og_image":[{"width":1116,"height":1599,"url":"https:\/\/kibrisdakik.com\/wp-content\/uploads\/2023\/06\/cumhurbaskanligi-savcilik-gorusu-740x420.jpg","type":"image\/jpeg"}],"author":"admin","twitter_card":"summary_large_image","twitter_misc":{"Yazan:":"admin","Tahmini okuma s\u00fcresi":"2 dakika"},"schema":{"@context":"https:\/\/schema.org","@graph":[{"@type":"Article","@id":"https:\/\/kibrisdakik.com\/?p=8453#article","isPartOf":{"@id":"https:\/\/kibrisdakik.com\/?p=8453"},"author":{"name":"admin","@id":"https:\/\/kibrisdakik.com\/#\/schema\/person\/9cd9d437bbb44f72b73ba127e06d8e79"},"headline":"Cumhurba\u015fkanl\u0131\u011f\u0131, Ba\u015fsavc\u0131l\u0131k g\u00f6r\u00fc\u015f\u00fcn\u00fc payla\u015ft\u0131: \u201cCumhurba\u015fkan\u0131, Meclis Ba\u015fkan\u0131\u2019ndan ba\u015fka bir ki\u015fiye vek\u00e2let veremez\u201d","datePublished":"2023-06-08T10:57:16+00:00","mainEntityOfPage":{"@id":"https:\/\/kibrisdakik.com\/?p=8453"},"wordCount":430,"commentCount":0,"image":{"@id":"https:\/\/kibrisdakik.com\/?p=8453#primaryimage"},"thumbnailUrl":"https:\/\/kibrisdakik.com\/wp-content\/uploads\/2023\/06\/cumhurbaskanligi-savcilik-gorusu-740x420.jpg","articleSection":["G\u00fcndem"],"inLanguage":"tr","potentialAction":[{"@type":"CommentAction","name":"Comment","target":["https:\/\/kibrisdakik.com\/?p=8453#respond"]}]},{"@type":"WebPage","@id":"https:\/\/kibrisdakik.com\/?p=8453","url":"https:\/\/kibrisdakik.com\/?p=8453","name":"Cumhurba\u015fkanl\u0131\u011f\u0131, Ba\u015fsavc\u0131l\u0131k g\u00f6r\u00fc\u015f\u00fcn\u00fc payla\u015ft\u0131: \u201cCumhurba\u015fkan\u0131, Meclis Ba\u015fkan\u0131\u2019ndan ba\u015fka bir ki\u015fiye vek\u00e2let veremez\u201d -","isPartOf":{"@id":"https:\/\/kibrisdakik.com\/#website"},"primaryImageOfPage":{"@id":"https:\/\/kibrisdakik.com\/?p=8453#primaryimage"},"image":{"@id":"https:\/\/kibrisdakik.com\/?p=8453#primaryimage"},"thumbnailUrl":"https:\/\/kibrisdakik.com\/wp-content\/uploads\/2023\/06\/cumhurbaskanligi-savcilik-gorusu-740x420.jpg","datePublished":"2023-06-08T10:57:16+00:00","author":{"@id":"https:\/\/kibrisdakik.com\/#\/schema\/person\/9cd9d437bbb44f72b73ba127e06d8e79"},"breadcrumb":{"@id":"https:\/\/kibrisdakik.com\/?p=8453#breadcrumb"},"inLanguage":"tr","potentialAction":[{"@type":"ReadAction","target":["https:\/\/kibrisdakik.com\/?p=8453"]}]},{"@type":"ImageObject","inLanguage":"tr","@id":"https:\/\/kibrisdakik.com\/?p=8453#primaryimage","url":"https:\/\/kibrisdakik.com\/wp-content\/uploads\/2023\/06\/cumhurbaskanligi-savcilik-gorusu-740x420.jpg","contentUrl":"https:\/\/kibrisdakik.com\/wp-content\/uploads\/2023\/06\/cumhurbaskanligi-savcilik-gorusu-740x420.jpg","width":1116,"height":1599},{"@type":"BreadcrumbList","@id":"https:\/\/kibrisdakik.com\/?p=8453#breadcrumb","itemListElement":[{"@type":"ListItem","position":1,"name":"Home","item":"https:\/\/kibrisdakik.com\/"},{"@type":"ListItem","position":2,"name":"Cumhurba\u015fkanl\u0131\u011f\u0131, Ba\u015fsavc\u0131l\u0131k g\u00f6r\u00fc\u015f\u00fcn\u00fc payla\u015ft\u0131: \u201cCumhurba\u015fkan\u0131, Meclis Ba\u015fkan\u0131\u2019ndan ba\u015fka bir ki\u015fiye vek\u00e2let veremez\u201d"}]},{"@type":"WebSite","@id":"https:\/\/kibrisdakik.com\/#website","url":"https:\/\/kibrisdakik.com\/","name":"","description":"Tam vaktinde haber","potentialAction":[{"@type":"SearchAction","target":{"@type":"EntryPoint","urlTemplate":"https:\/\/kibrisdakik.com\/?s={search_term_string}"},"query-input":{"@type":"PropertyValueSpecification","valueRequired":true,"valueName":"search_term_string"}}],"inLanguage":"tr"},{"@type":"Person","@id":"https:\/\/kibrisdakik.com\/#\/schema\/person\/9cd9d437bbb44f72b73ba127e06d8e79","name":"admin","image":{"@type":"ImageObject","inLanguage":"tr","@id":"https:\/\/secure.gravatar.com\/avatar\/ccc17943b9d660506c869530f897617f7cb1c21a4bf30023f252596d83e1f007?s=96&d=mm&r=g","url":"https:\/\/secure.gravatar.com\/avatar\/ccc17943b9d660506c869530f897617f7cb1c21a4bf30023f252596d83e1f007?s=96&d=mm&r=g","contentUrl":"https:\/\/secure.gravatar.com\/avatar\/ccc17943b9d660506c869530f897617f7cb1c21a4bf30023f252596d83e1f007?s=96&d=mm&r=g","caption":"admin"},"sameAs":["https:\/\/kibrisdakik.com"],"url":"https:\/\/kibrisdakik.com\/?author=1"}]}},"_links":{"self":[{"href":"https:\/\/kibrisdakik.com\/index.php?rest_route=\/wp\/v2\/posts\/8453","targetHints":{"allow":["GET"]}}],"collection":[{"href":"https:\/\/kibrisdakik.com\/index.php?rest_route=\/wp\/v2\/posts"}],"about":[{"href":"https:\/\/kibrisdakik.com\/index.php?rest_route=\/wp\/v2\/types\/post"}],"author":[{"embeddable":true,"href":"https:\/\/kibrisdakik.com\/index.php?rest_route=\/wp\/v2\/users\/1"}],"replies":[{"embeddable":true,"href":"https:\/\/kibrisdakik.com\/index.php?rest_route=%2Fwp%2Fv2%2Fcomments&post=8453"}],"version-history":[{"count":0,"href":"https:\/\/kibrisdakik.com\/index.php?rest_route=\/wp\/v2\/posts\/8453\/revisions"}],"wp:featuredmedia":[{"embeddable":true,"href":"https:\/\/kibrisdakik.com\/index.php?rest_route=\/wp\/v2\/media\/8454"}],"wp:attachment":[{"href":"https:\/\/kibrisdakik.com\/index.php?rest_route=%2Fwp%2Fv2%2Fmedia&parent=8453"}],"wp:term":[{"taxonomy":"category","embeddable":true,"href":"https:\/\/kibrisdakik.com\/index.php?rest_route=%2Fwp%2Fv2%2Fcategories&post=8453"},{"taxonomy":"post_tag","embeddable":true,"href":"https:\/\/kibrisdakik.com\/index.php?rest_route=%2Fwp%2Fv2%2Ftags&post=8453"}],"curies":[{"name":"wp","href":"https:\/\/api.w.org\/{rel}","templated":true}]}}