{"id":84568,"date":"2025-06-13T17:16:14","date_gmt":"2025-06-13T14:16:14","guid":{"rendered":"https:\/\/kibrisdakik.com\/index.php\/2025\/06\/13\/tatarkktc-heyetinin-ulkeye-donmeleri-icin-gerekli-girisimler-suruyor\/"},"modified":"2025-06-13T17:16:14","modified_gmt":"2025-06-13T14:16:14","slug":"tatarkktc-heyetinin-ulkeye-donmeleri-icin-gerekli-girisimler-suruyor","status":"publish","type":"post","link":"https:\/\/kibrisdakik.com\/?p=84568","title":{"rendered":"Tatar:\u201cKKTC heyetinin \u00fclkeye d\u00f6nmeleri i\u00e7in gerekli giri\u015fimler s\u00fcr\u00fcyor\u201d"},"content":{"rendered":"<p> <br \/>\n<\/p>\n<div data-text-id=\"78130\" property=\"articleBody\">\n<p><span new=\"\" roman=\"\" times=\"\">Cumhurba\u015fkan\u0131 Ersin Tatar, \u0130srail\u2019in \u0130ran\u2019a sald\u0131r\u0131lar\u0131 nedeniyle T\u00fcrkiye\u2019nin Tahran B\u00fcy\u00fckel\u00e7ili\u011fi\u2019nde misafir edilen KKTC heyetinin \u00fclkeye ula\u015fmalar\u0131 i\u00e7in gerekli t\u00fcm giri\u015fimlerin s\u00fcrd\u00fc\u011f\u00fcn\u00fc belirterek, b\u00f6lgede bar\u0131\u015f\u0131n, istikrar\u0131n ve akl\u0131selimin egemen olmas\u0131 i\u00e7in tansiyonu d\u00fc\u015f\u00fcrecek her t\u00fcrl\u00fc diplomatik \u00e7aban\u0131n desteklenmesi gerekti\u011fini vurgulad\u0131.<\/span><\/p>\n<p><span new=\"\" roman=\"\" times=\"\">Tatar, konuyla ilgili a\u00e7\u0131klamas\u0131nda, Ekonomik \u0130\u015fbirli\u011fi Te\u015fkilat\u0131 taraf\u0131ndan \u0130ran\u2019\u0131n Hamadan kentinde d\u00fczenlenen Sa\u011fl\u0131k Turizmi Konferans\u0131 ve Fuar\u0131\u2019na kat\u0131lan Ulusal Birlik Partisi Milletvekili Ahmet Sava\u015fan, Dr. Remzi Gardiyano\u011flu ve Dr. Hakan Ata\u00e7\u2019\u0131n, sald\u0131r\u0131lar\u0131n ard\u0131ndan \u0130ran hava sahas\u0131n\u0131n sivil u\u00e7u\u015flara kapat\u0131lmas\u0131 nedeniyle planlanan d\u00f6n\u00fc\u015f\u00fcn m\u00fcmk\u00fcn olmad\u0131\u011f\u0131n\u0131 belirtti.<\/span><\/p>\n<p><span new=\"\" roman=\"\" times=\"\">-\u201c\u0130lk elden bilgi ald\u0131m\u201d<\/span><\/p>\n<p><span new=\"\" roman=\"\" times=\"\">Cumhurba\u015fkan\u0131 Tatar, \u201cBu sabah\u0131n erken saatlerinde, heyet Ba\u015fkan\u0131m\u0131z Ahmet Sava\u015fan\u2019la do\u011frudan g\u00f6r\u00fc\u015ferek temsilcilerimizin durumu hakk\u0131nda ilk elden bilgi ald\u0131m. Geli\u015fmeleri en ba\u015f\u0131ndan itibaren yak\u0131ndan takip etmekte, ilgili makamlarla do\u011frudan temas halinde bulunmaktay\u0131m\u201d dedi.<\/span><\/p>\n<div class=\"post-flash\">\n        <!--\n\n<h3 class=\"post-flash__title\">G&ouml;zden ka&ccedil;&#305;rmay&#305;n<\/h3>\n\n--><\/p>\n<div class=\"row g-0 align-items-center\">\n<div class=\"col-5 col-sm-3\">\n                \n            <\/div>\n<div class=\"col-7 col-sm-9\">\n<div class=\"post-flash-heading p-2\">\n<p>Ba\u015fbakan \u00dcstel: \u201cAzerbaycan ile ili\u015fkilerimizi daha ileri ta\u015f\u0131mak i\u00e7in \u00e7aba sarf ediyoruz\u201d<\/p>\n<p>\u0130\u00e7eri\u011fi G\u00f6r\u00fcnt\u00fcle <i class=\"fa fa-arrow-right ps-2\"\/><\/p>\n<\/p><\/div>\n<\/p><\/div>\n<\/p><\/div>\n<\/p><\/div>\n<p><span new=\"\" roman=\"\" times=\"\">Tatar, \u015f\u00f6yle devam etti:<\/span><\/p>\n<p><span new=\"\" roman=\"\" times=\"\">\u201cHeyetimiz, Anavatan T\u00fcrkiye\u2019nin Tahran B\u00fcy\u00fckel\u00e7ili\u011fi\u2019nde g\u00fcvenli bir ortamda misafir edilmektedir ve sa\u011fl\u0131k durumlar\u0131 gayet iyidir. En k\u0131sa s\u00fcrede ve en g\u00fcvenli \u015fekilde \u00fclkemize ula\u015fmalar\u0131 i\u00e7in gerekli t\u00fcm giri\u015fimler s\u00fcrd\u00fcr\u00fclmektedir. T\u00fcrkiye Cumhuriyeti makamlar\u0131yla tam bir e\u015fg\u00fcd\u00fcm i\u00e7erisinde hareket edilmekte, D\u0131\u015fi\u015fleri Bakanl\u0131\u011f\u0131m\u0131z da s\u00fcreci dikkatle izleyerek diplomatik temaslar\u0131n\u0131 s\u00fcrd\u00fcrmektedir\u201d<\/span><\/p>\n<p><span new=\"\" roman=\"\" times=\"\">-\u201cB\u00f6lge i\u00e7in uluslararas\u0131 toplumun sorumluluk \u00fcstlenmesi laz\u0131m\u201d<\/span><\/p>\n<p><span new=\"\" roman=\"\" times=\"\">Cumhurba\u015fkan\u0131 Ersin Tatar, b\u00f6lgesel geli\u015fmelere de de\u011finerek, tansiyonu tehlikeli bi\u00e7imde y\u00fckselten bu son geli\u015fmeler kar\u015f\u0131s\u0131nda duyars\u0131z kalman\u0131n m\u00fcmk\u00fcn olmad\u0131\u011f\u0131n\u0131 s\u00f6yledi.<\/span><\/p>\n<p><span new=\"\" roman=\"\" times=\"\">Tatar, \u201c\u0130srail\u2019in g\u00fc\u00e7 kullanarak att\u0131\u011f\u0131 bu son ad\u0131m, b\u00f6lgeyi daha geni\u015f \u00e7apl\u0131 bir kaos ve istikrars\u0131zl\u0131k sarmal\u0131na s\u00fcr\u00fckleme riski ta\u015f\u0131maktad\u0131r\u201d dedi.<\/span><\/p>\n<p><span new=\"\" roman=\"\" times=\"\">Bu noktada uluslararas\u0131 toplumun sorumluluk \u00fcstlenip, daha fazla gecikmeden harekete ge\u00e7mesinin hayati \u00f6neme sahip oldu\u011funu belirten Tatar, \u015f\u00f6yle devam etti:<\/span><\/p>\n<p><span new=\"\" roman=\"\" times=\"\">\u201cBar\u0131\u015f\u0131n, istikrar\u0131n ve akl\u0131selimin egemen oldu\u011fu bir b\u00f6lge i\u00e7in tansiyonu d\u00fc\u015f\u00fcrecek her t\u00fcrl\u00fc diplomatik \u00e7aban\u0131n desteklenmesi gerekti\u011fini bir kez daha vurgulamak isterim. Heyetimize ge\u00e7mi\u015f olsun dileklerimi iletiyor, en k\u0131sa s\u00fcrede ve sa\u011fl\u0131kl\u0131 bir \u015fekilde yurda d\u00f6nmelerini temenni ediyorum\u201d<\/span><\/p>\n<\/p><\/div>\n<p><br \/>\n<br \/><a href=\"> K\u0131br\u0131s dakik<\/a><\/p>\n","protected":false},"excerpt":{"rendered":"<p>Cumhurba\u015fkan\u0131 Ersin Tatar, \u0130srail\u2019in \u0130ran\u2019a sald\u0131r\u0131lar\u0131 nedeniyle T\u00fcrkiye\u2019nin Tahran B\u00fcy\u00fckel\u00e7ili\u011fi\u2019nde misafir edilen KKTC heyetinin \u00fclkeye ula\u015fmalar\u0131 i\u00e7in gerekli t\u00fcm giri\u015fimlerin s\u00fcrd\u00fc\u011f\u00fcn\u00fc belirterek, b\u00f6lgede bar\u0131\u015f\u0131n, istikrar\u0131n ve akl\u0131selimin egemen olmas\u0131 i\u00e7in tansiyonu d\u00fc\u015f\u00fcrecek her t\u00fcrl\u00fc diplomatik \u00e7aban\u0131n desteklenmesi gerekti\u011fini vurgulad\u0131. Tatar, konuyla ilgili a\u00e7\u0131klamas\u0131nda, Ekonomik \u0130\u015fbirli\u011fi Te\u015fkilat\u0131 taraf\u0131ndan \u0130ran\u2019\u0131n Hamadan kentinde d\u00fczenlenen Sa\u011fl\u0131k Turizmi Konferans\u0131 ve<\/p>\n","protected":false},"author":1,"featured_media":84569,"comment_status":"open","ping_status":"open","sticky":false,"template":"","format":"standard","meta":{"footnotes":""},"categories":[81,101],"tags":[],"class_list":["post-84568","post","type-post","status-publish","format-standard","has-post-thumbnail","hentry","category-kibris","category-manset"],"yoast_head":"<!-- This site is optimized with the Yoast SEO plugin v27.5 - https:\/\/yoast.com\/product\/yoast-seo-wordpress\/ -->\n<title>Tatar:\u201cKKTC heyetinin \u00fclkeye d\u00f6nmeleri i\u00e7in gerekli giri\u015fimler s\u00fcr\u00fcyor\u201d -<\/title>\n<meta name=\"robots\" content=\"index, follow, max-snippet:-1, max-image-preview:large, max-video-preview:-1\" \/>\n<link rel=\"canonical\" href=\"https:\/\/kibrisdakik.com\/?p=84568\" \/>\n<meta property=\"og:locale\" content=\"tr_TR\" \/>\n<meta property=\"og:type\" content=\"article\" \/>\n<meta property=\"og:title\" content=\"Tatar:\u201cKKTC heyetinin \u00fclkeye d\u00f6nmeleri i\u00e7in gerekli giri\u015fimler s\u00fcr\u00fcyor\u201d -\" \/>\n<meta property=\"og:description\" content=\"Cumhurba\u015fkan\u0131 Ersin Tatar, \u0130srail\u2019in \u0130ran\u2019a sald\u0131r\u0131lar\u0131 nedeniyle T\u00fcrkiye\u2019nin Tahran B\u00fcy\u00fckel\u00e7ili\u011fi\u2019nde misafir edilen KKTC heyetinin \u00fclkeye ula\u015fmalar\u0131 i\u00e7in gerekli t\u00fcm giri\u015fimlerin s\u00fcrd\u00fc\u011f\u00fcn\u00fc belirterek, b\u00f6lgede bar\u0131\u015f\u0131n, istikrar\u0131n ve akl\u0131selimin egemen olmas\u0131 i\u00e7in tansiyonu d\u00fc\u015f\u00fcrecek her t\u00fcrl\u00fc diplomatik \u00e7aban\u0131n desteklenmesi gerekti\u011fini vurgulad\u0131. Tatar, konuyla ilgili a\u00e7\u0131klamas\u0131nda, Ekonomik \u0130\u015fbirli\u011fi Te\u015fkilat\u0131 taraf\u0131ndan \u0130ran\u2019\u0131n Hamadan kentinde d\u00fczenlenen Sa\u011fl\u0131k Turizmi Konferans\u0131 ve\" \/>\n<meta property=\"og:url\" content=\"https:\/\/kibrisdakik.com\/?p=84568\" \/>\n<meta property=\"article:published_time\" content=\"2025-06-13T14:16:14+00:00\" \/>\n<meta property=\"og:image\" content=\"https:\/\/kibrisdakik.com\/wp-content\/uploads\/2025\/06\/tatar1-7-740x420.jpg\" \/>\n\t<meta property=\"og:image:width\" content=\"2560\" \/>\n\t<meta property=\"og:image:height\" content=\"1706\" \/>\n\t<meta property=\"og:image:type\" content=\"image\/jpeg\" \/>\n<meta name=\"author\" content=\"admin\" \/>\n<meta name=\"twitter:card\" content=\"summary_large_image\" \/>\n<meta name=\"twitter:label1\" content=\"Yazan:\" \/>\n\t<meta name=\"twitter:data1\" content=\"admin\" \/>\n\t<meta name=\"twitter:label2\" content=\"Tahmini okuma s\u00fcresi\" \/>\n\t<meta name=\"twitter:data2\" content=\"2 dakika\" \/>\n<script type=\"application\/ld+json\" class=\"yoast-schema-graph\">{\"@context\":\"https:\\\/\\\/schema.org\",\"@graph\":[{\"@type\":\"Article\",\"@id\":\"https:\\\/\\\/kibrisdakik.com\\\/?p=84568#article\",\"isPartOf\":{\"@id\":\"https:\\\/\\\/kibrisdakik.com\\\/?p=84568\"},\"author\":{\"name\":\"admin\",\"@id\":\"https:\\\/\\\/kibrisdakik.com\\\/#\\\/schema\\\/person\\\/9cd9d437bbb44f72b73ba127e06d8e79\"},\"headline\":\"Tatar:\u201cKKTC heyetinin \u00fclkeye d\u00f6nmeleri i\u00e7in gerekli giri\u015fimler s\u00fcr\u00fcyor\u201d\",\"datePublished\":\"2025-06-13T14:16:14+00:00\",\"mainEntityOfPage\":{\"@id\":\"https:\\\/\\\/kibrisdakik.com\\\/?p=84568\"},\"wordCount\":471,\"commentCount\":0,\"image\":{\"@id\":\"https:\\\/\\\/kibrisdakik.com\\\/?p=84568#primaryimage\"},\"thumbnailUrl\":\"https:\\\/\\\/kibrisdakik.com\\\/wp-content\\\/uploads\\\/2025\\\/06\\\/tatar1-7-740x420.jpg\",\"articleSection\":[\"K\u0131br\u0131s\",\"Man\u015fet\"],\"inLanguage\":\"tr\",\"potentialAction\":[{\"@type\":\"CommentAction\",\"name\":\"Comment\",\"target\":[\"https:\\\/\\\/kibrisdakik.com\\\/?p=84568#respond\"]}]},{\"@type\":\"WebPage\",\"@id\":\"https:\\\/\\\/kibrisdakik.com\\\/?p=84568\",\"url\":\"https:\\\/\\\/kibrisdakik.com\\\/?p=84568\",\"name\":\"Tatar:\u201cKKTC heyetinin \u00fclkeye d\u00f6nmeleri i\u00e7in gerekli giri\u015fimler s\u00fcr\u00fcyor\u201d -\",\"isPartOf\":{\"@id\":\"https:\\\/\\\/kibrisdakik.com\\\/#website\"},\"primaryImageOfPage\":{\"@id\":\"https:\\\/\\\/kibrisdakik.com\\\/?p=84568#primaryimage\"},\"image\":{\"@id\":\"https:\\\/\\\/kibrisdakik.com\\\/?p=84568#primaryimage\"},\"thumbnailUrl\":\"https:\\\/\\\/kibrisdakik.com\\\/wp-content\\\/uploads\\\/2025\\\/06\\\/tatar1-7-740x420.jpg\",\"datePublished\":\"2025-06-13T14:16:14+00:00\",\"author\":{\"@id\":\"https:\\\/\\\/kibrisdakik.com\\\/#\\\/schema\\\/person\\\/9cd9d437bbb44f72b73ba127e06d8e79\"},\"breadcrumb\":{\"@id\":\"https:\\\/\\\/kibrisdakik.com\\\/?p=84568#breadcrumb\"},\"inLanguage\":\"tr\",\"potentialAction\":[{\"@type\":\"ReadAction\",\"target\":[\"https:\\\/\\\/kibrisdakik.com\\\/?p=84568\"]}]},{\"@type\":\"ImageObject\",\"inLanguage\":\"tr\",\"@id\":\"https:\\\/\\\/kibrisdakik.com\\\/?p=84568#primaryimage\",\"url\":\"https:\\\/\\\/kibrisdakik.com\\\/wp-content\\\/uploads\\\/2025\\\/06\\\/tatar1-7-740x420.jpg\",\"contentUrl\":\"https:\\\/\\\/kibrisdakik.com\\\/wp-content\\\/uploads\\\/2025\\\/06\\\/tatar1-7-740x420.jpg\",\"width\":2560,\"height\":1706},{\"@type\":\"BreadcrumbList\",\"@id\":\"https:\\\/\\\/kibrisdakik.com\\\/?p=84568#breadcrumb\",\"itemListElement\":[{\"@type\":\"ListItem\",\"position\":1,\"name\":\"Home\",\"item\":\"https:\\\/\\\/kibrisdakik.com\\\/\"},{\"@type\":\"ListItem\",\"position\":2,\"name\":\"Tatar:\u201cKKTC heyetinin \u00fclkeye d\u00f6nmeleri i\u00e7in gerekli giri\u015fimler s\u00fcr\u00fcyor\u201d\"}]},{\"@type\":\"WebSite\",\"@id\":\"https:\\\/\\\/kibrisdakik.com\\\/#website\",\"url\":\"https:\\\/\\\/kibrisdakik.com\\\/\",\"name\":\"\",\"description\":\"Tam vaktinde haber\",\"potentialAction\":[{\"@type\":\"SearchAction\",\"target\":{\"@type\":\"EntryPoint\",\"urlTemplate\":\"https:\\\/\\\/kibrisdakik.com\\\/?s={search_term_string}\"},\"query-input\":{\"@type\":\"PropertyValueSpecification\",\"valueRequired\":true,\"valueName\":\"search_term_string\"}}],\"inLanguage\":\"tr\"},{\"@type\":\"Person\",\"@id\":\"https:\\\/\\\/kibrisdakik.com\\\/#\\\/schema\\\/person\\\/9cd9d437bbb44f72b73ba127e06d8e79\",\"name\":\"admin\",\"image\":{\"@type\":\"ImageObject\",\"inLanguage\":\"tr\",\"@id\":\"https:\\\/\\\/secure.gravatar.com\\\/avatar\\\/ccc17943b9d660506c869530f897617f7cb1c21a4bf30023f252596d83e1f007?s=96&d=mm&r=g\",\"url\":\"https:\\\/\\\/secure.gravatar.com\\\/avatar\\\/ccc17943b9d660506c869530f897617f7cb1c21a4bf30023f252596d83e1f007?s=96&d=mm&r=g\",\"contentUrl\":\"https:\\\/\\\/secure.gravatar.com\\\/avatar\\\/ccc17943b9d660506c869530f897617f7cb1c21a4bf30023f252596d83e1f007?s=96&d=mm&r=g\",\"caption\":\"admin\"},\"sameAs\":[\"https:\\\/\\\/kibrisdakik.com\"],\"url\":\"https:\\\/\\\/kibrisdakik.com\\\/?author=1\"}]}<\/script>\n<!-- \/ Yoast SEO plugin. -->","yoast_head_json":{"title":"Tatar:\u201cKKTC heyetinin \u00fclkeye d\u00f6nmeleri i\u00e7in gerekli giri\u015fimler s\u00fcr\u00fcyor\u201d -","robots":{"index":"index","follow":"follow","max-snippet":"max-snippet:-1","max-image-preview":"max-image-preview:large","max-video-preview":"max-video-preview:-1"},"canonical":"https:\/\/kibrisdakik.com\/?p=84568","og_locale":"tr_TR","og_type":"article","og_title":"Tatar:\u201cKKTC heyetinin \u00fclkeye d\u00f6nmeleri i\u00e7in gerekli giri\u015fimler s\u00fcr\u00fcyor\u201d -","og_description":"Cumhurba\u015fkan\u0131 Ersin Tatar, \u0130srail\u2019in \u0130ran\u2019a sald\u0131r\u0131lar\u0131 nedeniyle T\u00fcrkiye\u2019nin Tahran B\u00fcy\u00fckel\u00e7ili\u011fi\u2019nde misafir edilen KKTC heyetinin \u00fclkeye ula\u015fmalar\u0131 i\u00e7in gerekli t\u00fcm giri\u015fimlerin s\u00fcrd\u00fc\u011f\u00fcn\u00fc belirterek, b\u00f6lgede bar\u0131\u015f\u0131n, istikrar\u0131n ve akl\u0131selimin egemen olmas\u0131 i\u00e7in tansiyonu d\u00fc\u015f\u00fcrecek her t\u00fcrl\u00fc diplomatik \u00e7aban\u0131n desteklenmesi gerekti\u011fini vurgulad\u0131. Tatar, konuyla ilgili a\u00e7\u0131klamas\u0131nda, Ekonomik \u0130\u015fbirli\u011fi Te\u015fkilat\u0131 taraf\u0131ndan \u0130ran\u2019\u0131n Hamadan kentinde d\u00fczenlenen Sa\u011fl\u0131k Turizmi Konferans\u0131 ve","og_url":"https:\/\/kibrisdakik.com\/?p=84568","article_published_time":"2025-06-13T14:16:14+00:00","og_image":[{"width":2560,"height":1706,"url":"https:\/\/kibrisdakik.com\/wp-content\/uploads\/2025\/06\/tatar1-7-740x420.jpg","type":"image\/jpeg"}],"author":"admin","twitter_card":"summary_large_image","twitter_misc":{"Yazan:":"admin","Tahmini okuma s\u00fcresi":"2 dakika"},"schema":{"@context":"https:\/\/schema.org","@graph":[{"@type":"Article","@id":"https:\/\/kibrisdakik.com\/?p=84568#article","isPartOf":{"@id":"https:\/\/kibrisdakik.com\/?p=84568"},"author":{"name":"admin","@id":"https:\/\/kibrisdakik.com\/#\/schema\/person\/9cd9d437bbb44f72b73ba127e06d8e79"},"headline":"Tatar:\u201cKKTC heyetinin \u00fclkeye d\u00f6nmeleri i\u00e7in gerekli giri\u015fimler s\u00fcr\u00fcyor\u201d","datePublished":"2025-06-13T14:16:14+00:00","mainEntityOfPage":{"@id":"https:\/\/kibrisdakik.com\/?p=84568"},"wordCount":471,"commentCount":0,"image":{"@id":"https:\/\/kibrisdakik.com\/?p=84568#primaryimage"},"thumbnailUrl":"https:\/\/kibrisdakik.com\/wp-content\/uploads\/2025\/06\/tatar1-7-740x420.jpg","articleSection":["K\u0131br\u0131s","Man\u015fet"],"inLanguage":"tr","potentialAction":[{"@type":"CommentAction","name":"Comment","target":["https:\/\/kibrisdakik.com\/?p=84568#respond"]}]},{"@type":"WebPage","@id":"https:\/\/kibrisdakik.com\/?p=84568","url":"https:\/\/kibrisdakik.com\/?p=84568","name":"Tatar:\u201cKKTC heyetinin \u00fclkeye d\u00f6nmeleri i\u00e7in gerekli giri\u015fimler s\u00fcr\u00fcyor\u201d -","isPartOf":{"@id":"https:\/\/kibrisdakik.com\/#website"},"primaryImageOfPage":{"@id":"https:\/\/kibrisdakik.com\/?p=84568#primaryimage"},"image":{"@id":"https:\/\/kibrisdakik.com\/?p=84568#primaryimage"},"thumbnailUrl":"https:\/\/kibrisdakik.com\/wp-content\/uploads\/2025\/06\/tatar1-7-740x420.jpg","datePublished":"2025-06-13T14:16:14+00:00","author":{"@id":"https:\/\/kibrisdakik.com\/#\/schema\/person\/9cd9d437bbb44f72b73ba127e06d8e79"},"breadcrumb":{"@id":"https:\/\/kibrisdakik.com\/?p=84568#breadcrumb"},"inLanguage":"tr","potentialAction":[{"@type":"ReadAction","target":["https:\/\/kibrisdakik.com\/?p=84568"]}]},{"@type":"ImageObject","inLanguage":"tr","@id":"https:\/\/kibrisdakik.com\/?p=84568#primaryimage","url":"https:\/\/kibrisdakik.com\/wp-content\/uploads\/2025\/06\/tatar1-7-740x420.jpg","contentUrl":"https:\/\/kibrisdakik.com\/wp-content\/uploads\/2025\/06\/tatar1-7-740x420.jpg","width":2560,"height":1706},{"@type":"BreadcrumbList","@id":"https:\/\/kibrisdakik.com\/?p=84568#breadcrumb","itemListElement":[{"@type":"ListItem","position":1,"name":"Home","item":"https:\/\/kibrisdakik.com\/"},{"@type":"ListItem","position":2,"name":"Tatar:\u201cKKTC heyetinin \u00fclkeye d\u00f6nmeleri i\u00e7in gerekli giri\u015fimler s\u00fcr\u00fcyor\u201d"}]},{"@type":"WebSite","@id":"https:\/\/kibrisdakik.com\/#website","url":"https:\/\/kibrisdakik.com\/","name":"","description":"Tam vaktinde haber","potentialAction":[{"@type":"SearchAction","target":{"@type":"EntryPoint","urlTemplate":"https:\/\/kibrisdakik.com\/?s={search_term_string}"},"query-input":{"@type":"PropertyValueSpecification","valueRequired":true,"valueName":"search_term_string"}}],"inLanguage":"tr"},{"@type":"Person","@id":"https:\/\/kibrisdakik.com\/#\/schema\/person\/9cd9d437bbb44f72b73ba127e06d8e79","name":"admin","image":{"@type":"ImageObject","inLanguage":"tr","@id":"https:\/\/secure.gravatar.com\/avatar\/ccc17943b9d660506c869530f897617f7cb1c21a4bf30023f252596d83e1f007?s=96&d=mm&r=g","url":"https:\/\/secure.gravatar.com\/avatar\/ccc17943b9d660506c869530f897617f7cb1c21a4bf30023f252596d83e1f007?s=96&d=mm&r=g","contentUrl":"https:\/\/secure.gravatar.com\/avatar\/ccc17943b9d660506c869530f897617f7cb1c21a4bf30023f252596d83e1f007?s=96&d=mm&r=g","caption":"admin"},"sameAs":["https:\/\/kibrisdakik.com"],"url":"https:\/\/kibrisdakik.com\/?author=1"}]}},"_links":{"self":[{"href":"https:\/\/kibrisdakik.com\/index.php?rest_route=\/wp\/v2\/posts\/84568","targetHints":{"allow":["GET"]}}],"collection":[{"href":"https:\/\/kibrisdakik.com\/index.php?rest_route=\/wp\/v2\/posts"}],"about":[{"href":"https:\/\/kibrisdakik.com\/index.php?rest_route=\/wp\/v2\/types\/post"}],"author":[{"embeddable":true,"href":"https:\/\/kibrisdakik.com\/index.php?rest_route=\/wp\/v2\/users\/1"}],"replies":[{"embeddable":true,"href":"https:\/\/kibrisdakik.com\/index.php?rest_route=%2Fwp%2Fv2%2Fcomments&post=84568"}],"version-history":[{"count":0,"href":"https:\/\/kibrisdakik.com\/index.php?rest_route=\/wp\/v2\/posts\/84568\/revisions"}],"wp:featuredmedia":[{"embeddable":true,"href":"https:\/\/kibrisdakik.com\/index.php?rest_route=\/wp\/v2\/media\/84569"}],"wp:attachment":[{"href":"https:\/\/kibrisdakik.com\/index.php?rest_route=%2Fwp%2Fv2%2Fmedia&parent=84568"}],"wp:term":[{"taxonomy":"category","embeddable":true,"href":"https:\/\/kibrisdakik.com\/index.php?rest_route=%2Fwp%2Fv2%2Fcategories&post=84568"},{"taxonomy":"post_tag","embeddable":true,"href":"https:\/\/kibrisdakik.com\/index.php?rest_route=%2Fwp%2Fv2%2Ftags&post=84568"}],"curies":[{"name":"wp","href":"https:\/\/api.w.org\/{rel}","templated":true}]}}