{"id":84603,"date":"2025-06-13T16:14:00","date_gmt":"2025-06-13T13:14:00","guid":{"rendered":"https:\/\/kibrisdakik.com\/index.php\/2025\/06\/13\/cavusoglu-yon-der-ve-beraberindeki-okul-yoneticileri-kabul-etti-2\/"},"modified":"2025-06-13T16:14:00","modified_gmt":"2025-06-13T13:14:00","slug":"cavusoglu-yon-der-ve-beraberindeki-okul-yoneticileri-kabul-etti-2","status":"publish","type":"post","link":"https:\/\/kibrisdakik.com\/?p=84603","title":{"rendered":"\u00c7AVU\u015eO\u011eLU, Y\u00d6N-DER VE BERABER\u0130NDEK\u0130 OKUL Y\u00d6NET\u0130C\u0130LER\u0130 KABUL ETT\u0130"},"content":{"rendered":"<p><img decoding=\"async\" src=\"https:\/\/mhahabercom.teimg.com\/crop\/1280x720\/mhahaber-com\/uploads\/2025\/06\/mha-gorsel.png\" \/><\/p>\n<div data-text-id=\"177494\" property=\"articleBody\">\n<p>Milli E\u011fitim Bakan\u0131 Naz\u0131m \u00c7avu\u015fo\u011flu, K\u0131br\u0131s T\u00fcrk Y\u00f6neticiler Derne\u011fi (Y\u00f6n-Der) Ba\u015fkan\u0131 Ziya T\u00fczel ve dernek alt\u0131nda \u00e7al\u0131\u015fmalar\u0131n\u0131 birle\u015ftiren Genel Orta\u00f6\u011fretim Dairesi ve Mesleki Teknik \u00d6\u011fretim Dairesi\u2019ne ba\u011fl\u0131 okul y\u00f6neticilerini kabul etti.<\/p>\n<p>Bakanl\u0131ktan yap\u0131lan a\u00e7\u0131klamaya g\u00f6er, g\u00f6r\u00fc\u015fmede, \u00f6n\u00fcm\u00fczdeki d\u00f6nemde g\u00fcncellenmesi gereken mevzuat \u00e7al\u0131\u015fmalar ve okullarda uygulamada kar\u015f\u0131la\u015f\u0131lan zorluklar\u0131n \u00e7\u00f6z\u00fcm\u00fcne y\u00f6nelik \u00f6neriler ve i\u015fbirlikleri ele al\u0131nd\u0131.<\/p>\n<p>Derne\u011fin kurulu\u015fundan duydu\u011fu memnuniyeti dile getiren Bakan \u00c7avu\u015fo\u011flu, derne\u011fin \u00e7al\u0131\u015fmalar\u0131n\u0131 ve yap\u0131lacak i\u015f birliklerini \u00f6nemsediklerini belirtti. \u00c7avu\u015fo\u011flu, Bakanl\u0131k olarak e\u011fitimin geli\u015ftirilmesine katk\u0131 sa\u011flayacak her t\u00fcrl\u00fc yap\u0131c\u0131 giri\u015fime a\u00e7\u0131k olduklar\u0131n\u0131 ve birlikte \u00e7al\u0131\u015fmaya haz\u0131r olduklar\u0131n\u0131 vurgulad\u0131.<\/p>\n<\/p><\/div>\n","protected":false},"excerpt":{"rendered":"<p>Milli E\u011fitim Bakan\u0131 Naz\u0131m \u00c7avu\u015fo\u011flu, K\u0131br\u0131s T\u00fcrk Y\u00f6neticiler Derne\u011fi (Y\u00f6n-Der) Ba\u015fkan\u0131 Ziya T\u00fczel ve dernek alt\u0131nda \u00e7al\u0131\u015fmalar\u0131n\u0131 birle\u015ftiren Genel Orta\u00f6\u011fretim Dairesi ve Mesleki Teknik \u00d6\u011fretim Dairesi\u2019ne ba\u011fl\u0131 okul y\u00f6neticilerini kabul etti. Bakanl\u0131ktan yap\u0131lan a\u00e7\u0131klamaya g\u00f6er, g\u00f6r\u00fc\u015fmede, \u00f6n\u00fcm\u00fczdeki d\u00f6nemde g\u00fcncellenmesi gereken mevzuat \u00e7al\u0131\u015fmalar ve okullarda uygulamada kar\u015f\u0131la\u015f\u0131lan zorluklar\u0131n \u00e7\u00f6z\u00fcm\u00fcne y\u00f6nelik \u00f6neriler ve i\u015fbirlikleri ele al\u0131nd\u0131. Derne\u011fin<\/p>\n","protected":false},"author":1,"featured_media":84604,"comment_status":"open","ping_status":"open","sticky":false,"template":"","format":"standard","meta":{"footnotes":""},"categories":[1],"tags":[],"class_list":["post-84603","post","type-post","status-publish","format-standard","has-post-thumbnail","hentry","category-gundem"],"yoast_head":"<!-- This site is optimized with the Yoast SEO plugin v27.4 - https:\/\/yoast.com\/product\/yoast-seo-wordpress\/ -->\n<title>\u00c7AVU\u015eO\u011eLU, Y\u00d6N-DER VE BERABER\u0130NDEK\u0130 OKUL Y\u00d6NET\u0130C\u0130LER\u0130 KABUL ETT\u0130 -<\/title>\n<meta name=\"robots\" content=\"index, follow, max-snippet:-1, max-image-preview:large, max-video-preview:-1\" \/>\n<link rel=\"canonical\" href=\"https:\/\/kibrisdakik.com\/?p=84603\" \/>\n<meta property=\"og:locale\" content=\"tr_TR\" \/>\n<meta property=\"og:type\" content=\"article\" \/>\n<meta property=\"og:title\" content=\"\u00c7AVU\u015eO\u011eLU, Y\u00d6N-DER VE BERABER\u0130NDEK\u0130 OKUL Y\u00d6NET\u0130C\u0130LER\u0130 KABUL ETT\u0130 -\" \/>\n<meta property=\"og:description\" content=\"Milli E\u011fitim Bakan\u0131 Naz\u0131m \u00c7avu\u015fo\u011flu, K\u0131br\u0131s T\u00fcrk Y\u00f6neticiler Derne\u011fi (Y\u00f6n-Der) Ba\u015fkan\u0131 Ziya T\u00fczel ve dernek alt\u0131nda \u00e7al\u0131\u015fmalar\u0131n\u0131 birle\u015ftiren Genel Orta\u00f6\u011fretim Dairesi ve Mesleki Teknik \u00d6\u011fretim Dairesi\u2019ne ba\u011fl\u0131 okul y\u00f6neticilerini kabul etti. Bakanl\u0131ktan yap\u0131lan a\u00e7\u0131klamaya g\u00f6er, g\u00f6r\u00fc\u015fmede, \u00f6n\u00fcm\u00fczdeki d\u00f6nemde g\u00fcncellenmesi gereken mevzuat \u00e7al\u0131\u015fmalar ve okullarda uygulamada kar\u015f\u0131la\u015f\u0131lan zorluklar\u0131n \u00e7\u00f6z\u00fcm\u00fcne y\u00f6nelik \u00f6neriler ve i\u015fbirlikleri ele al\u0131nd\u0131. Derne\u011fin\" \/>\n<meta property=\"og:url\" content=\"https:\/\/kibrisdakik.com\/?p=84603\" \/>\n<meta property=\"article:published_time\" content=\"2025-06-13T13:14:00+00:00\" \/>\n<meta property=\"og:image\" content=\"https:\/\/kibrisdakik.com\/wp-content\/uploads\/2025\/06\/mha-gorsel-740x420.png\" \/>\n\t<meta property=\"og:image:width\" content=\"1280\" \/>\n\t<meta property=\"og:image:height\" content=\"720\" \/>\n\t<meta property=\"og:image:type\" content=\"image\/png\" \/>\n<meta name=\"author\" content=\"admin\" \/>\n<meta name=\"twitter:card\" content=\"summary_large_image\" \/>\n<meta name=\"twitter:label1\" content=\"Yazan:\" \/>\n\t<meta name=\"twitter:data1\" content=\"admin\" \/>\n\t<meta name=\"twitter:label2\" content=\"Tahmini okuma s\u00fcresi\" \/>\n\t<meta name=\"twitter:data2\" content=\"1 dakika\" \/>\n<script type=\"application\/ld+json\" class=\"yoast-schema-graph\">{\"@context\":\"https:\\\/\\\/schema.org\",\"@graph\":[{\"@type\":\"Article\",\"@id\":\"https:\\\/\\\/kibrisdakik.com\\\/?p=84603#article\",\"isPartOf\":{\"@id\":\"https:\\\/\\\/kibrisdakik.com\\\/?p=84603\"},\"author\":{\"name\":\"admin\",\"@id\":\"https:\\\/\\\/kibrisdakik.com\\\/#\\\/schema\\\/person\\\/9cd9d437bbb44f72b73ba127e06d8e79\"},\"headline\":\"\u00c7AVU\u015eO\u011eLU, Y\u00d6N-DER VE BERABER\u0130NDEK\u0130 OKUL Y\u00d6NET\u0130C\u0130LER\u0130 KABUL ETT\u0130\",\"datePublished\":\"2025-06-13T13:14:00+00:00\",\"mainEntityOfPage\":{\"@id\":\"https:\\\/\\\/kibrisdakik.com\\\/?p=84603\"},\"wordCount\":166,\"commentCount\":0,\"image\":{\"@id\":\"https:\\\/\\\/kibrisdakik.com\\\/?p=84603#primaryimage\"},\"thumbnailUrl\":\"https:\\\/\\\/kibrisdakik.com\\\/wp-content\\\/uploads\\\/2025\\\/06\\\/mha-gorsel-740x420.png\",\"articleSection\":[\"G\u00fcndem\"],\"inLanguage\":\"tr\",\"potentialAction\":[{\"@type\":\"CommentAction\",\"name\":\"Comment\",\"target\":[\"https:\\\/\\\/kibrisdakik.com\\\/?p=84603#respond\"]}]},{\"@type\":\"WebPage\",\"@id\":\"https:\\\/\\\/kibrisdakik.com\\\/?p=84603\",\"url\":\"https:\\\/\\\/kibrisdakik.com\\\/?p=84603\",\"name\":\"\u00c7AVU\u015eO\u011eLU, Y\u00d6N-DER VE BERABER\u0130NDEK\u0130 OKUL Y\u00d6NET\u0130C\u0130LER\u0130 KABUL ETT\u0130 -\",\"isPartOf\":{\"@id\":\"https:\\\/\\\/kibrisdakik.com\\\/#website\"},\"primaryImageOfPage\":{\"@id\":\"https:\\\/\\\/kibrisdakik.com\\\/?p=84603#primaryimage\"},\"image\":{\"@id\":\"https:\\\/\\\/kibrisdakik.com\\\/?p=84603#primaryimage\"},\"thumbnailUrl\":\"https:\\\/\\\/kibrisdakik.com\\\/wp-content\\\/uploads\\\/2025\\\/06\\\/mha-gorsel-740x420.png\",\"datePublished\":\"2025-06-13T13:14:00+00:00\",\"author\":{\"@id\":\"https:\\\/\\\/kibrisdakik.com\\\/#\\\/schema\\\/person\\\/9cd9d437bbb44f72b73ba127e06d8e79\"},\"breadcrumb\":{\"@id\":\"https:\\\/\\\/kibrisdakik.com\\\/?p=84603#breadcrumb\"},\"inLanguage\":\"tr\",\"potentialAction\":[{\"@type\":\"ReadAction\",\"target\":[\"https:\\\/\\\/kibrisdakik.com\\\/?p=84603\"]}]},{\"@type\":\"ImageObject\",\"inLanguage\":\"tr\",\"@id\":\"https:\\\/\\\/kibrisdakik.com\\\/?p=84603#primaryimage\",\"url\":\"https:\\\/\\\/kibrisdakik.com\\\/wp-content\\\/uploads\\\/2025\\\/06\\\/mha-gorsel-740x420.png\",\"contentUrl\":\"https:\\\/\\\/kibrisdakik.com\\\/wp-content\\\/uploads\\\/2025\\\/06\\\/mha-gorsel-740x420.png\",\"width\":1280,\"height\":720},{\"@type\":\"BreadcrumbList\",\"@id\":\"https:\\\/\\\/kibrisdakik.com\\\/?p=84603#breadcrumb\",\"itemListElement\":[{\"@type\":\"ListItem\",\"position\":1,\"name\":\"Home\",\"item\":\"https:\\\/\\\/kibrisdakik.com\\\/\"},{\"@type\":\"ListItem\",\"position\":2,\"name\":\"\u00c7AVU\u015eO\u011eLU, Y\u00d6N-DER VE BERABER\u0130NDEK\u0130 OKUL Y\u00d6NET\u0130C\u0130LER\u0130 KABUL ETT\u0130\"}]},{\"@type\":\"WebSite\",\"@id\":\"https:\\\/\\\/kibrisdakik.com\\\/#website\",\"url\":\"https:\\\/\\\/kibrisdakik.com\\\/\",\"name\":\"\",\"description\":\"Tam vaktinde haber\",\"potentialAction\":[{\"@type\":\"SearchAction\",\"target\":{\"@type\":\"EntryPoint\",\"urlTemplate\":\"https:\\\/\\\/kibrisdakik.com\\\/?s={search_term_string}\"},\"query-input\":{\"@type\":\"PropertyValueSpecification\",\"valueRequired\":true,\"valueName\":\"search_term_string\"}}],\"inLanguage\":\"tr\"},{\"@type\":\"Person\",\"@id\":\"https:\\\/\\\/kibrisdakik.com\\\/#\\\/schema\\\/person\\\/9cd9d437bbb44f72b73ba127e06d8e79\",\"name\":\"admin\",\"image\":{\"@type\":\"ImageObject\",\"inLanguage\":\"tr\",\"@id\":\"https:\\\/\\\/secure.gravatar.com\\\/avatar\\\/ccc17943b9d660506c869530f897617f7cb1c21a4bf30023f252596d83e1f007?s=96&d=mm&r=g\",\"url\":\"https:\\\/\\\/secure.gravatar.com\\\/avatar\\\/ccc17943b9d660506c869530f897617f7cb1c21a4bf30023f252596d83e1f007?s=96&d=mm&r=g\",\"contentUrl\":\"https:\\\/\\\/secure.gravatar.com\\\/avatar\\\/ccc17943b9d660506c869530f897617f7cb1c21a4bf30023f252596d83e1f007?s=96&d=mm&r=g\",\"caption\":\"admin\"},\"sameAs\":[\"https:\\\/\\\/kibrisdakik.com\"],\"url\":\"https:\\\/\\\/kibrisdakik.com\\\/?author=1\"}]}<\/script>\n<!-- \/ Yoast SEO plugin. -->","yoast_head_json":{"title":"\u00c7AVU\u015eO\u011eLU, Y\u00d6N-DER VE BERABER\u0130NDEK\u0130 OKUL Y\u00d6NET\u0130C\u0130LER\u0130 KABUL ETT\u0130 -","robots":{"index":"index","follow":"follow","max-snippet":"max-snippet:-1","max-image-preview":"max-image-preview:large","max-video-preview":"max-video-preview:-1"},"canonical":"https:\/\/kibrisdakik.com\/?p=84603","og_locale":"tr_TR","og_type":"article","og_title":"\u00c7AVU\u015eO\u011eLU, Y\u00d6N-DER VE BERABER\u0130NDEK\u0130 OKUL Y\u00d6NET\u0130C\u0130LER\u0130 KABUL ETT\u0130 -","og_description":"Milli E\u011fitim Bakan\u0131 Naz\u0131m \u00c7avu\u015fo\u011flu, K\u0131br\u0131s T\u00fcrk Y\u00f6neticiler Derne\u011fi (Y\u00f6n-Der) Ba\u015fkan\u0131 Ziya T\u00fczel ve dernek alt\u0131nda \u00e7al\u0131\u015fmalar\u0131n\u0131 birle\u015ftiren Genel Orta\u00f6\u011fretim Dairesi ve Mesleki Teknik \u00d6\u011fretim Dairesi\u2019ne ba\u011fl\u0131 okul y\u00f6neticilerini kabul etti. Bakanl\u0131ktan yap\u0131lan a\u00e7\u0131klamaya g\u00f6er, g\u00f6r\u00fc\u015fmede, \u00f6n\u00fcm\u00fczdeki d\u00f6nemde g\u00fcncellenmesi gereken mevzuat \u00e7al\u0131\u015fmalar ve okullarda uygulamada kar\u015f\u0131la\u015f\u0131lan zorluklar\u0131n \u00e7\u00f6z\u00fcm\u00fcne y\u00f6nelik \u00f6neriler ve i\u015fbirlikleri ele al\u0131nd\u0131. Derne\u011fin","og_url":"https:\/\/kibrisdakik.com\/?p=84603","article_published_time":"2025-06-13T13:14:00+00:00","og_image":[{"width":1280,"height":720,"url":"https:\/\/kibrisdakik.com\/wp-content\/uploads\/2025\/06\/mha-gorsel-740x420.png","type":"image\/png"}],"author":"admin","twitter_card":"summary_large_image","twitter_misc":{"Yazan:":"admin","Tahmini okuma s\u00fcresi":"1 dakika"},"schema":{"@context":"https:\/\/schema.org","@graph":[{"@type":"Article","@id":"https:\/\/kibrisdakik.com\/?p=84603#article","isPartOf":{"@id":"https:\/\/kibrisdakik.com\/?p=84603"},"author":{"name":"admin","@id":"https:\/\/kibrisdakik.com\/#\/schema\/person\/9cd9d437bbb44f72b73ba127e06d8e79"},"headline":"\u00c7AVU\u015eO\u011eLU, Y\u00d6N-DER VE BERABER\u0130NDEK\u0130 OKUL Y\u00d6NET\u0130C\u0130LER\u0130 KABUL ETT\u0130","datePublished":"2025-06-13T13:14:00+00:00","mainEntityOfPage":{"@id":"https:\/\/kibrisdakik.com\/?p=84603"},"wordCount":166,"commentCount":0,"image":{"@id":"https:\/\/kibrisdakik.com\/?p=84603#primaryimage"},"thumbnailUrl":"https:\/\/kibrisdakik.com\/wp-content\/uploads\/2025\/06\/mha-gorsel-740x420.png","articleSection":["G\u00fcndem"],"inLanguage":"tr","potentialAction":[{"@type":"CommentAction","name":"Comment","target":["https:\/\/kibrisdakik.com\/?p=84603#respond"]}]},{"@type":"WebPage","@id":"https:\/\/kibrisdakik.com\/?p=84603","url":"https:\/\/kibrisdakik.com\/?p=84603","name":"\u00c7AVU\u015eO\u011eLU, Y\u00d6N-DER VE BERABER\u0130NDEK\u0130 OKUL Y\u00d6NET\u0130C\u0130LER\u0130 KABUL ETT\u0130 -","isPartOf":{"@id":"https:\/\/kibrisdakik.com\/#website"},"primaryImageOfPage":{"@id":"https:\/\/kibrisdakik.com\/?p=84603#primaryimage"},"image":{"@id":"https:\/\/kibrisdakik.com\/?p=84603#primaryimage"},"thumbnailUrl":"https:\/\/kibrisdakik.com\/wp-content\/uploads\/2025\/06\/mha-gorsel-740x420.png","datePublished":"2025-06-13T13:14:00+00:00","author":{"@id":"https:\/\/kibrisdakik.com\/#\/schema\/person\/9cd9d437bbb44f72b73ba127e06d8e79"},"breadcrumb":{"@id":"https:\/\/kibrisdakik.com\/?p=84603#breadcrumb"},"inLanguage":"tr","potentialAction":[{"@type":"ReadAction","target":["https:\/\/kibrisdakik.com\/?p=84603"]}]},{"@type":"ImageObject","inLanguage":"tr","@id":"https:\/\/kibrisdakik.com\/?p=84603#primaryimage","url":"https:\/\/kibrisdakik.com\/wp-content\/uploads\/2025\/06\/mha-gorsel-740x420.png","contentUrl":"https:\/\/kibrisdakik.com\/wp-content\/uploads\/2025\/06\/mha-gorsel-740x420.png","width":1280,"height":720},{"@type":"BreadcrumbList","@id":"https:\/\/kibrisdakik.com\/?p=84603#breadcrumb","itemListElement":[{"@type":"ListItem","position":1,"name":"Home","item":"https:\/\/kibrisdakik.com\/"},{"@type":"ListItem","position":2,"name":"\u00c7AVU\u015eO\u011eLU, Y\u00d6N-DER VE BERABER\u0130NDEK\u0130 OKUL Y\u00d6NET\u0130C\u0130LER\u0130 KABUL ETT\u0130"}]},{"@type":"WebSite","@id":"https:\/\/kibrisdakik.com\/#website","url":"https:\/\/kibrisdakik.com\/","name":"","description":"Tam vaktinde haber","potentialAction":[{"@type":"SearchAction","target":{"@type":"EntryPoint","urlTemplate":"https:\/\/kibrisdakik.com\/?s={search_term_string}"},"query-input":{"@type":"PropertyValueSpecification","valueRequired":true,"valueName":"search_term_string"}}],"inLanguage":"tr"},{"@type":"Person","@id":"https:\/\/kibrisdakik.com\/#\/schema\/person\/9cd9d437bbb44f72b73ba127e06d8e79","name":"admin","image":{"@type":"ImageObject","inLanguage":"tr","@id":"https:\/\/secure.gravatar.com\/avatar\/ccc17943b9d660506c869530f897617f7cb1c21a4bf30023f252596d83e1f007?s=96&d=mm&r=g","url":"https:\/\/secure.gravatar.com\/avatar\/ccc17943b9d660506c869530f897617f7cb1c21a4bf30023f252596d83e1f007?s=96&d=mm&r=g","contentUrl":"https:\/\/secure.gravatar.com\/avatar\/ccc17943b9d660506c869530f897617f7cb1c21a4bf30023f252596d83e1f007?s=96&d=mm&r=g","caption":"admin"},"sameAs":["https:\/\/kibrisdakik.com"],"url":"https:\/\/kibrisdakik.com\/?author=1"}]}},"_links":{"self":[{"href":"https:\/\/kibrisdakik.com\/index.php?rest_route=\/wp\/v2\/posts\/84603","targetHints":{"allow":["GET"]}}],"collection":[{"href":"https:\/\/kibrisdakik.com\/index.php?rest_route=\/wp\/v2\/posts"}],"about":[{"href":"https:\/\/kibrisdakik.com\/index.php?rest_route=\/wp\/v2\/types\/post"}],"author":[{"embeddable":true,"href":"https:\/\/kibrisdakik.com\/index.php?rest_route=\/wp\/v2\/users\/1"}],"replies":[{"embeddable":true,"href":"https:\/\/kibrisdakik.com\/index.php?rest_route=%2Fwp%2Fv2%2Fcomments&post=84603"}],"version-history":[{"count":0,"href":"https:\/\/kibrisdakik.com\/index.php?rest_route=\/wp\/v2\/posts\/84603\/revisions"}],"wp:featuredmedia":[{"embeddable":true,"href":"https:\/\/kibrisdakik.com\/index.php?rest_route=\/wp\/v2\/media\/84604"}],"wp:attachment":[{"href":"https:\/\/kibrisdakik.com\/index.php?rest_route=%2Fwp%2Fv2%2Fmedia&parent=84603"}],"wp:term":[{"taxonomy":"category","embeddable":true,"href":"https:\/\/kibrisdakik.com\/index.php?rest_route=%2Fwp%2Fv2%2Fcategories&post=84603"},{"taxonomy":"post_tag","embeddable":true,"href":"https:\/\/kibrisdakik.com\/index.php?rest_route=%2Fwp%2Fv2%2Ftags&post=84603"}],"curies":[{"name":"wp","href":"https:\/\/api.w.org\/{rel}","templated":true}]}}