{"id":8469,"date":"2023-06-08T16:02:39","date_gmt":"2023-06-08T16:02:39","guid":{"rendered":"https:\/\/kibrisdakik.com\/index.php\/2023\/06\/08\/telsim-freezone-9-liselerarasi-muzik-yarismasi-sona-erdi-buyuk-odul-olan-en-iyi-orkestra-odulu-levent-kolejinin-oldu\/"},"modified":"2023-06-08T16:02:39","modified_gmt":"2023-06-08T16:02:39","slug":"telsim-freezone-9-liselerarasi-muzik-yarismasi-sona-erdi-buyuk-odul-olan-en-iyi-orkestra-odulu-levent-kolejinin-oldu","status":"publish","type":"post","link":"https:\/\/kibrisdakik.com\/?p=8469","title":{"rendered":"Telsim Freezone 9. Liseleraras\u0131 M\u00fczik Yar\u0131\u015fmas\u0131 sona erdi: B\u00fcy\u00fck \u00f6d\u00fcl olan \u201cEn \u0130yi Orkestra \u00d6d\u00fcl\u00fc\u201d Levent Koleji\u2019nin oldu"},"content":{"rendered":"<p><\/p>\n<div>\n<div class=\"mariselle-image-container center\">\n                <img width=\"2560\" height=\"1708\" class=\"lazy-image\" alt=\"\" decoding=\"async\" loading=\"lazy\" sizes=\"auto, (max-width: 2560px) 100vw, 2560px\" src=\"https:\/\/brtk.net\/wp-content\/uploads\/2023\/06\/08\/final-1-scaled.jpg?ver=fad670f3f6cf56d0f1b8abd342a88a98\" srcset=\"https:\/\/brtk.net\/wp-content\/uploads\/2023\/06\/08\/final-1-scaled.jpg?ver=fad670f3f6cf56d0f1b8abd342a88a98 2560w, https:\/\/brtk.net\/wp-content\/uploads\/2023\/06\/08\/final-1-300x200.jpg?ver=c9781ac6196adc073604f7dfdc7a266c 300w, https:\/\/brtk.net\/wp-content\/uploads\/2023\/06\/08\/final-1-1024x683.jpg?ver=25d5bca7f43e9937693bba7d98a0b6d0 1024w, https:\/\/brtk.net\/wp-content\/uploads\/2023\/06\/08\/final-1-768x512.jpg?ver=62eb0fac9706a5328c16301ba41a35aa 768w, https:\/\/brtk.net\/wp-content\/uploads\/2023\/06\/08\/final-1-1536x1025.jpg?ver=1d6bb2548ad6f517b3d0458c97498d01 1536w, https:\/\/brtk.net\/wp-content\/uploads\/2023\/06\/08\/final-1-2048x1366.jpg?ver=36b21f1efd3427ebd638952cfafb80ed 2048w\"\/>                            <\/div>\n<p>Milli E\u011fitim Bakanl\u0131\u011f\u0131 ile Telsim i\u015f birli\u011finde d\u00fczenlenen Telsim Freezone 9\u2019uncu Liseleraras\u0131 M\u00fczik Yar\u0131\u015fmas\u0131 bug\u00fcn yap\u0131lan finalle sona erdi.<\/p>\n<p>Bakanl\u0131ktan yap\u0131lan a\u00e7\u0131klamaya g\u00f6re Freezone yar\u0131\u015fmas\u0131nda, Cumhurba\u015fkan\u0131 <a href=\"https:\/\/brtk.net\/\" target=\"_blank\" rel=\"noopener\">Ersin Tatar<\/a>, Milli E\u011fitim Bakan\u0131 Naz\u0131m \u00c7avu\u015fo\u011flu ve Telsim Genel M\u00fcd\u00fcr\u00fc Sefer T\u00fcz de \u00f6\u011frencilerin heyecan\u0131na ortak oldu.<\/p>\n<p>Sunuculu\u011funu Ya\u015far K\u00f6ro\u011flu\u2019nun yapt\u0131\u011f\u0131 9. Liseleraras\u0131 M\u00fczik Yar\u0131\u015fmas\u0131\u2019nda, \u0130nan\u00e7 Ey\u00fcbo\u011flu, Kamil Atik, Mehmet \u00d6z\u00e7elik, Niyal \u00d6zt\u00fcrk ve Yusuf \u00c7erkez j\u00fcri koltu\u011funda yer ald\u0131.<\/p>\n<p>Lefko\u015fa Atat\u00fcrk Kapal\u0131 Spor Salonu\u2019nda yer alan yar\u0131\u015fmaya, 15 liseden toplam 17 grup kat\u0131ld\u0131.<\/p>\n<p><a href=\"https:\/\/brtk.net\/\">BRT<\/a>2\u2019den canl\u0131 yay\u0131nlanan yar\u0131\u015fmada j\u00fcri de\u011ferlendirmesi s\u0131ras\u0131nda Gazima\u011fusa T\u00fcrk Maarif Koleji m\u00fczik \u00f6\u011fretmeni Erkan Da\u011fl\u0131 ve \u0130pek \u0130kinci \u2018\u2018\u015eampiyon Melekler\u2019\u2019 an\u0131s\u0131na \u00f6zel bestelenen \u2018\u2018Sessiz Bir \u015eark\u0131\u2019\u2019 isimli par\u00e7ay\u0131 seslendirdiler ve Polifonik Korolar Derne\u011fi Ada I\u015f\u0131\u011f\u0131 Gen\u00e7lik Vokal Toplulu\u011fu sahne ald\u0131.<\/p>\n<p><strong>Yar\u0131\u015fman\u0131n sonu\u00e7lar\u0131n\u0131 Telsim Genel M\u00fcd\u00fcr Yard\u0131mc\u0131s\u0131 Fevzi Tanp\u0131nar a\u00e7\u0131klad\u0131. Telsim Freezone 9. Liseleraras\u0131 M\u00fczik Yar\u0131\u015fmas\u0131\u2019n\u0131n sonu\u00e7lar\u0131 \u015f\u00f6yle:<\/strong><\/p>\n<p>Seyircinin Belirledi\u011fi En Super Cool Okul \u00d6d\u00fcl\u00fc<\/p>\n<p>Okul: T\u00fcrk Maarif Koleji<\/p>\n<p>\u00c7ekili\u015fe kat\u0131lan seyirci \u00f6zel \u00f6d\u00fcl\u00fc<\/p>\n<p>Ye\u015fim Aytan<\/p>\n<p>Kamran Aziz \u00d6zel \u00d6d\u00fcl\u00fc<\/p>\n<p>\u0130sim: Eliz Hastun\u00e7               Okul: B\u00fclent Ecevit Anadolu Lisesi       <\/p>\n<p>En \u0130yi K\u0131z Solist<\/p>\n<p>1.K\u0131z Solist          \u0130sim: Marsel K\u0131ro\u011flu             Okul:  T\u00fcrk Maarif Koleji<\/p>\n<p>2. K\u0131z Solist         \u0130sim: Simay Vechi                 Okul: Levent Koleji Grup 1<\/p>\n<p>3. K\u0131z Solist         \u0130sim: Ezel Ne\u015fe                     Okul: G\u00fczelyurt Kurtulu\u015f Lisesi Grup 2<\/p>\n<p>En \u0130yi Erkek Solist<\/p>\n<p>1. Erkek Solist          \u0130sim: Dervi\u015f Kemal Kavaz     Okul: G\u00fczelyurt T\u00fcrk Maarif Koleji<\/p>\n<p>2. Erkek Solist          \u0130sim: Ertul Aky\u00fcce                 Okul: 20 Temmuz Fen Lisesi<\/p>\n<p>3. Erkek Solist          \u0130sim: Burhan Akta\u015f                Okul: Girne Amerikan Koleji<\/p>\n<p>En \u0130yi Bass Gitar Performans\u0131     <\/p>\n<p>\u0130sim: Daren Pakkaner             Okul: T\u00fcrk Maarif Koleji<\/p>\n<p>En \u0130yi Gitar Performans\u0131<\/p>\n<p>\u0130sim: Deniz \u00d6zkibar                Okul: Lefko\u015fa T\u00fcrk Lisesi<\/p>\n<p>En \u0130yi Yayl\u0131 ve Nefesli Enstr\u00fcman Kategorisi Performans\u0131<\/p>\n<p>\u0130sim: Arta Jafari                    Okul: Nam\u0131k Kemal Lisesi<\/p>\n<p>En \u0130yi Vurmal\u0131 Enstr\u00fcman Kategorisi Performans\u0131<\/p>\n<p>\u0130sim: Ahmet \u015eah                   Okul: Lefko\u015fa T\u00fcrk Lisesi<\/p>\n<p>En \u0130yi Tu\u015flu Enstr\u00fcman Kategorisi Performans\u0131<\/p>\n<p>\u0130sim: Alg\u0131 Sultano\u011flu           Okul: Levent Koleji Grup 1<\/p>\n<p>En \u0130yi Sahne Performans\u0131<\/p>\n<p>Okul: T\u00fcrk Maarif Koleji<\/p>\n<p>En \u0130yi \u0130cra Performans\u0131<\/p>\n<p>Okul: Levent Koleji Grup 2<\/p>\n<p>En \u0130yi Orkestra<\/p>\n<p>1.Orkestra: Levent Koleji Grup 1<\/p>\n<p>2. Orkestra: Girne Amerikan Koleji<\/p>\n<p>3. Orkestra: B\u00fclent Ecevit Anadolu Lisesi<\/p>\n<\/p><\/div>\n<p><script async\n                    defer\n                    crossorigin=\"anonymous\"\n                    src=\"https:\/\/connect.facebook.net\/tr_TR\/sdk.js#xfbml=1&#038;version=v3.3\"\n            ><\/script><\/p>\n","protected":false},"excerpt":{"rendered":"<p>Milli E\u011fitim Bakanl\u0131\u011f\u0131 ile Telsim i\u015f birli\u011finde d\u00fczenlenen Telsim Freezone 9\u2019uncu Liseleraras\u0131 M\u00fczik Yar\u0131\u015fmas\u0131 bug\u00fcn yap\u0131lan finalle sona erdi. Bakanl\u0131ktan yap\u0131lan a\u00e7\u0131klamaya g\u00f6re Freezone yar\u0131\u015fmas\u0131nda, Cumhurba\u015fkan\u0131 Ersin Tatar, Milli E\u011fitim Bakan\u0131 Naz\u0131m \u00c7avu\u015fo\u011flu ve Telsim Genel M\u00fcd\u00fcr\u00fc Sefer T\u00fcz de \u00f6\u011frencilerin heyecan\u0131na ortak oldu. Sunuculu\u011funu Ya\u015far K\u00f6ro\u011flu\u2019nun yapt\u0131\u011f\u0131 9. Liseleraras\u0131 M\u00fczik Yar\u0131\u015fmas\u0131\u2019nda, \u0130nan\u00e7 Ey\u00fcbo\u011flu, Kamil<\/p>\n","protected":false},"author":1,"featured_media":8470,"comment_status":"open","ping_status":"open","sticky":false,"template":"","format":"standard","meta":{"footnotes":""},"categories":[1],"tags":[],"class_list":["post-8469","post","type-post","status-publish","format-standard","has-post-thumbnail","hentry","category-gundem"],"yoast_head":"<!-- This site is optimized with the Yoast SEO plugin v27.5 - https:\/\/yoast.com\/product\/yoast-seo-wordpress\/ -->\n<title>Telsim Freezone 9. Liseleraras\u0131 M\u00fczik Yar\u0131\u015fmas\u0131 sona erdi: B\u00fcy\u00fck \u00f6d\u00fcl olan \u201cEn \u0130yi Orkestra \u00d6d\u00fcl\u00fc\u201d Levent Koleji\u2019nin oldu -<\/title>\n<meta name=\"robots\" content=\"index, follow, max-snippet:-1, max-image-preview:large, max-video-preview:-1\" \/>\n<link rel=\"canonical\" href=\"https:\/\/kibrisdakik.com\/?p=8469\" \/>\n<meta property=\"og:locale\" content=\"tr_TR\" \/>\n<meta property=\"og:type\" content=\"article\" \/>\n<meta property=\"og:title\" content=\"Telsim Freezone 9. Liseleraras\u0131 M\u00fczik Yar\u0131\u015fmas\u0131 sona erdi: B\u00fcy\u00fck \u00f6d\u00fcl olan \u201cEn \u0130yi Orkestra \u00d6d\u00fcl\u00fc\u201d Levent Koleji\u2019nin oldu -\" \/>\n<meta property=\"og:description\" content=\"Milli E\u011fitim Bakanl\u0131\u011f\u0131 ile Telsim i\u015f birli\u011finde d\u00fczenlenen Telsim Freezone 9\u2019uncu Liseleraras\u0131 M\u00fczik Yar\u0131\u015fmas\u0131 bug\u00fcn yap\u0131lan finalle sona erdi. Bakanl\u0131ktan yap\u0131lan a\u00e7\u0131klamaya g\u00f6re Freezone yar\u0131\u015fmas\u0131nda, Cumhurba\u015fkan\u0131 Ersin Tatar, Milli E\u011fitim Bakan\u0131 Naz\u0131m \u00c7avu\u015fo\u011flu ve Telsim Genel M\u00fcd\u00fcr\u00fc Sefer T\u00fcz de \u00f6\u011frencilerin heyecan\u0131na ortak oldu. Sunuculu\u011funu Ya\u015far K\u00f6ro\u011flu\u2019nun yapt\u0131\u011f\u0131 9. Liseleraras\u0131 M\u00fczik Yar\u0131\u015fmas\u0131\u2019nda, \u0130nan\u00e7 Ey\u00fcbo\u011flu, Kamil\" \/>\n<meta property=\"og:url\" content=\"https:\/\/kibrisdakik.com\/?p=8469\" \/>\n<meta property=\"article:published_time\" content=\"2023-06-08T16:02:39+00:00\" \/>\n<meta property=\"og:image\" content=\"https:\/\/kibrisdakik.com\/wp-content\/uploads\/2023\/06\/final-1-scaled-740x420.jpg\" \/>\n\t<meta property=\"og:image:width\" content=\"2560\" \/>\n\t<meta property=\"og:image:height\" content=\"1708\" \/>\n\t<meta property=\"og:image:type\" content=\"image\/jpeg\" \/>\n<meta name=\"author\" content=\"admin\" \/>\n<meta name=\"twitter:card\" content=\"summary_large_image\" \/>\n<meta name=\"twitter:label1\" content=\"Yazan:\" \/>\n\t<meta name=\"twitter:data1\" content=\"admin\" \/>\n\t<meta name=\"twitter:label2\" content=\"Tahmini okuma s\u00fcresi\" \/>\n\t<meta name=\"twitter:data2\" content=\"2 dakika\" \/>\n<script type=\"application\/ld+json\" class=\"yoast-schema-graph\">{\"@context\":\"https:\\\/\\\/schema.org\",\"@graph\":[{\"@type\":\"Article\",\"@id\":\"https:\\\/\\\/kibrisdakik.com\\\/?p=8469#article\",\"isPartOf\":{\"@id\":\"https:\\\/\\\/kibrisdakik.com\\\/?p=8469\"},\"author\":{\"name\":\"admin\",\"@id\":\"https:\\\/\\\/kibrisdakik.com\\\/#\\\/schema\\\/person\\\/9cd9d437bbb44f72b73ba127e06d8e79\"},\"headline\":\"Telsim Freezone 9. Liseleraras\u0131 M\u00fczik Yar\u0131\u015fmas\u0131 sona erdi: B\u00fcy\u00fck \u00f6d\u00fcl olan \u201cEn \u0130yi Orkestra \u00d6d\u00fcl\u00fc\u201d Levent Koleji\u2019nin oldu\",\"datePublished\":\"2023-06-08T16:02:39+00:00\",\"mainEntityOfPage\":{\"@id\":\"https:\\\/\\\/kibrisdakik.com\\\/?p=8469\"},\"wordCount\":456,\"commentCount\":0,\"image\":{\"@id\":\"https:\\\/\\\/kibrisdakik.com\\\/?p=8469#primaryimage\"},\"thumbnailUrl\":\"https:\\\/\\\/kibrisdakik.com\\\/wp-content\\\/uploads\\\/2023\\\/06\\\/final-1-scaled-740x420.jpg\",\"articleSection\":[\"G\u00fcndem\"],\"inLanguage\":\"tr\",\"potentialAction\":[{\"@type\":\"CommentAction\",\"name\":\"Comment\",\"target\":[\"https:\\\/\\\/kibrisdakik.com\\\/?p=8469#respond\"]}]},{\"@type\":\"WebPage\",\"@id\":\"https:\\\/\\\/kibrisdakik.com\\\/?p=8469\",\"url\":\"https:\\\/\\\/kibrisdakik.com\\\/?p=8469\",\"name\":\"Telsim Freezone 9. Liseleraras\u0131 M\u00fczik Yar\u0131\u015fmas\u0131 sona erdi: B\u00fcy\u00fck \u00f6d\u00fcl olan \u201cEn \u0130yi Orkestra \u00d6d\u00fcl\u00fc\u201d Levent Koleji\u2019nin oldu -\",\"isPartOf\":{\"@id\":\"https:\\\/\\\/kibrisdakik.com\\\/#website\"},\"primaryImageOfPage\":{\"@id\":\"https:\\\/\\\/kibrisdakik.com\\\/?p=8469#primaryimage\"},\"image\":{\"@id\":\"https:\\\/\\\/kibrisdakik.com\\\/?p=8469#primaryimage\"},\"thumbnailUrl\":\"https:\\\/\\\/kibrisdakik.com\\\/wp-content\\\/uploads\\\/2023\\\/06\\\/final-1-scaled-740x420.jpg\",\"datePublished\":\"2023-06-08T16:02:39+00:00\",\"author\":{\"@id\":\"https:\\\/\\\/kibrisdakik.com\\\/#\\\/schema\\\/person\\\/9cd9d437bbb44f72b73ba127e06d8e79\"},\"breadcrumb\":{\"@id\":\"https:\\\/\\\/kibrisdakik.com\\\/?p=8469#breadcrumb\"},\"inLanguage\":\"tr\",\"potentialAction\":[{\"@type\":\"ReadAction\",\"target\":[\"https:\\\/\\\/kibrisdakik.com\\\/?p=8469\"]}]},{\"@type\":\"ImageObject\",\"inLanguage\":\"tr\",\"@id\":\"https:\\\/\\\/kibrisdakik.com\\\/?p=8469#primaryimage\",\"url\":\"https:\\\/\\\/kibrisdakik.com\\\/wp-content\\\/uploads\\\/2023\\\/06\\\/final-1-scaled-740x420.jpg\",\"contentUrl\":\"https:\\\/\\\/kibrisdakik.com\\\/wp-content\\\/uploads\\\/2023\\\/06\\\/final-1-scaled-740x420.jpg\",\"width\":2560,\"height\":1708},{\"@type\":\"BreadcrumbList\",\"@id\":\"https:\\\/\\\/kibrisdakik.com\\\/?p=8469#breadcrumb\",\"itemListElement\":[{\"@type\":\"ListItem\",\"position\":1,\"name\":\"Home\",\"item\":\"https:\\\/\\\/kibrisdakik.com\\\/\"},{\"@type\":\"ListItem\",\"position\":2,\"name\":\"Telsim Freezone 9. Liseleraras\u0131 M\u00fczik Yar\u0131\u015fmas\u0131 sona erdi: B\u00fcy\u00fck \u00f6d\u00fcl olan \u201cEn \u0130yi Orkestra \u00d6d\u00fcl\u00fc\u201d Levent Koleji\u2019nin oldu\"}]},{\"@type\":\"WebSite\",\"@id\":\"https:\\\/\\\/kibrisdakik.com\\\/#website\",\"url\":\"https:\\\/\\\/kibrisdakik.com\\\/\",\"name\":\"\",\"description\":\"Tam vaktinde haber\",\"potentialAction\":[{\"@type\":\"SearchAction\",\"target\":{\"@type\":\"EntryPoint\",\"urlTemplate\":\"https:\\\/\\\/kibrisdakik.com\\\/?s={search_term_string}\"},\"query-input\":{\"@type\":\"PropertyValueSpecification\",\"valueRequired\":true,\"valueName\":\"search_term_string\"}}],\"inLanguage\":\"tr\"},{\"@type\":\"Person\",\"@id\":\"https:\\\/\\\/kibrisdakik.com\\\/#\\\/schema\\\/person\\\/9cd9d437bbb44f72b73ba127e06d8e79\",\"name\":\"admin\",\"image\":{\"@type\":\"ImageObject\",\"inLanguage\":\"tr\",\"@id\":\"https:\\\/\\\/secure.gravatar.com\\\/avatar\\\/ccc17943b9d660506c869530f897617f7cb1c21a4bf30023f252596d83e1f007?s=96&d=mm&r=g\",\"url\":\"https:\\\/\\\/secure.gravatar.com\\\/avatar\\\/ccc17943b9d660506c869530f897617f7cb1c21a4bf30023f252596d83e1f007?s=96&d=mm&r=g\",\"contentUrl\":\"https:\\\/\\\/secure.gravatar.com\\\/avatar\\\/ccc17943b9d660506c869530f897617f7cb1c21a4bf30023f252596d83e1f007?s=96&d=mm&r=g\",\"caption\":\"admin\"},\"sameAs\":[\"https:\\\/\\\/kibrisdakik.com\"],\"url\":\"https:\\\/\\\/kibrisdakik.com\\\/?author=1\"}]}<\/script>\n<!-- \/ Yoast SEO plugin. -->","yoast_head_json":{"title":"Telsim Freezone 9. Liseleraras\u0131 M\u00fczik Yar\u0131\u015fmas\u0131 sona erdi: B\u00fcy\u00fck \u00f6d\u00fcl olan \u201cEn \u0130yi Orkestra \u00d6d\u00fcl\u00fc\u201d Levent Koleji\u2019nin oldu -","robots":{"index":"index","follow":"follow","max-snippet":"max-snippet:-1","max-image-preview":"max-image-preview:large","max-video-preview":"max-video-preview:-1"},"canonical":"https:\/\/kibrisdakik.com\/?p=8469","og_locale":"tr_TR","og_type":"article","og_title":"Telsim Freezone 9. Liseleraras\u0131 M\u00fczik Yar\u0131\u015fmas\u0131 sona erdi: B\u00fcy\u00fck \u00f6d\u00fcl olan \u201cEn \u0130yi Orkestra \u00d6d\u00fcl\u00fc\u201d Levent Koleji\u2019nin oldu -","og_description":"Milli E\u011fitim Bakanl\u0131\u011f\u0131 ile Telsim i\u015f birli\u011finde d\u00fczenlenen Telsim Freezone 9\u2019uncu Liseleraras\u0131 M\u00fczik Yar\u0131\u015fmas\u0131 bug\u00fcn yap\u0131lan finalle sona erdi. Bakanl\u0131ktan yap\u0131lan a\u00e7\u0131klamaya g\u00f6re Freezone yar\u0131\u015fmas\u0131nda, Cumhurba\u015fkan\u0131 Ersin Tatar, Milli E\u011fitim Bakan\u0131 Naz\u0131m \u00c7avu\u015fo\u011flu ve Telsim Genel M\u00fcd\u00fcr\u00fc Sefer T\u00fcz de \u00f6\u011frencilerin heyecan\u0131na ortak oldu. Sunuculu\u011funu Ya\u015far K\u00f6ro\u011flu\u2019nun yapt\u0131\u011f\u0131 9. Liseleraras\u0131 M\u00fczik Yar\u0131\u015fmas\u0131\u2019nda, \u0130nan\u00e7 Ey\u00fcbo\u011flu, Kamil","og_url":"https:\/\/kibrisdakik.com\/?p=8469","article_published_time":"2023-06-08T16:02:39+00:00","og_image":[{"width":2560,"height":1708,"url":"https:\/\/kibrisdakik.com\/wp-content\/uploads\/2023\/06\/final-1-scaled-740x420.jpg","type":"image\/jpeg"}],"author":"admin","twitter_card":"summary_large_image","twitter_misc":{"Yazan:":"admin","Tahmini okuma s\u00fcresi":"2 dakika"},"schema":{"@context":"https:\/\/schema.org","@graph":[{"@type":"Article","@id":"https:\/\/kibrisdakik.com\/?p=8469#article","isPartOf":{"@id":"https:\/\/kibrisdakik.com\/?p=8469"},"author":{"name":"admin","@id":"https:\/\/kibrisdakik.com\/#\/schema\/person\/9cd9d437bbb44f72b73ba127e06d8e79"},"headline":"Telsim Freezone 9. Liseleraras\u0131 M\u00fczik Yar\u0131\u015fmas\u0131 sona erdi: B\u00fcy\u00fck \u00f6d\u00fcl olan \u201cEn \u0130yi Orkestra \u00d6d\u00fcl\u00fc\u201d Levent Koleji\u2019nin oldu","datePublished":"2023-06-08T16:02:39+00:00","mainEntityOfPage":{"@id":"https:\/\/kibrisdakik.com\/?p=8469"},"wordCount":456,"commentCount":0,"image":{"@id":"https:\/\/kibrisdakik.com\/?p=8469#primaryimage"},"thumbnailUrl":"https:\/\/kibrisdakik.com\/wp-content\/uploads\/2023\/06\/final-1-scaled-740x420.jpg","articleSection":["G\u00fcndem"],"inLanguage":"tr","potentialAction":[{"@type":"CommentAction","name":"Comment","target":["https:\/\/kibrisdakik.com\/?p=8469#respond"]}]},{"@type":"WebPage","@id":"https:\/\/kibrisdakik.com\/?p=8469","url":"https:\/\/kibrisdakik.com\/?p=8469","name":"Telsim Freezone 9. Liseleraras\u0131 M\u00fczik Yar\u0131\u015fmas\u0131 sona erdi: B\u00fcy\u00fck \u00f6d\u00fcl olan \u201cEn \u0130yi Orkestra \u00d6d\u00fcl\u00fc\u201d Levent Koleji\u2019nin oldu -","isPartOf":{"@id":"https:\/\/kibrisdakik.com\/#website"},"primaryImageOfPage":{"@id":"https:\/\/kibrisdakik.com\/?p=8469#primaryimage"},"image":{"@id":"https:\/\/kibrisdakik.com\/?p=8469#primaryimage"},"thumbnailUrl":"https:\/\/kibrisdakik.com\/wp-content\/uploads\/2023\/06\/final-1-scaled-740x420.jpg","datePublished":"2023-06-08T16:02:39+00:00","author":{"@id":"https:\/\/kibrisdakik.com\/#\/schema\/person\/9cd9d437bbb44f72b73ba127e06d8e79"},"breadcrumb":{"@id":"https:\/\/kibrisdakik.com\/?p=8469#breadcrumb"},"inLanguage":"tr","potentialAction":[{"@type":"ReadAction","target":["https:\/\/kibrisdakik.com\/?p=8469"]}]},{"@type":"ImageObject","inLanguage":"tr","@id":"https:\/\/kibrisdakik.com\/?p=8469#primaryimage","url":"https:\/\/kibrisdakik.com\/wp-content\/uploads\/2023\/06\/final-1-scaled-740x420.jpg","contentUrl":"https:\/\/kibrisdakik.com\/wp-content\/uploads\/2023\/06\/final-1-scaled-740x420.jpg","width":2560,"height":1708},{"@type":"BreadcrumbList","@id":"https:\/\/kibrisdakik.com\/?p=8469#breadcrumb","itemListElement":[{"@type":"ListItem","position":1,"name":"Home","item":"https:\/\/kibrisdakik.com\/"},{"@type":"ListItem","position":2,"name":"Telsim Freezone 9. Liseleraras\u0131 M\u00fczik Yar\u0131\u015fmas\u0131 sona erdi: B\u00fcy\u00fck \u00f6d\u00fcl olan \u201cEn \u0130yi Orkestra \u00d6d\u00fcl\u00fc\u201d Levent Koleji\u2019nin oldu"}]},{"@type":"WebSite","@id":"https:\/\/kibrisdakik.com\/#website","url":"https:\/\/kibrisdakik.com\/","name":"","description":"Tam vaktinde haber","potentialAction":[{"@type":"SearchAction","target":{"@type":"EntryPoint","urlTemplate":"https:\/\/kibrisdakik.com\/?s={search_term_string}"},"query-input":{"@type":"PropertyValueSpecification","valueRequired":true,"valueName":"search_term_string"}}],"inLanguage":"tr"},{"@type":"Person","@id":"https:\/\/kibrisdakik.com\/#\/schema\/person\/9cd9d437bbb44f72b73ba127e06d8e79","name":"admin","image":{"@type":"ImageObject","inLanguage":"tr","@id":"https:\/\/secure.gravatar.com\/avatar\/ccc17943b9d660506c869530f897617f7cb1c21a4bf30023f252596d83e1f007?s=96&d=mm&r=g","url":"https:\/\/secure.gravatar.com\/avatar\/ccc17943b9d660506c869530f897617f7cb1c21a4bf30023f252596d83e1f007?s=96&d=mm&r=g","contentUrl":"https:\/\/secure.gravatar.com\/avatar\/ccc17943b9d660506c869530f897617f7cb1c21a4bf30023f252596d83e1f007?s=96&d=mm&r=g","caption":"admin"},"sameAs":["https:\/\/kibrisdakik.com"],"url":"https:\/\/kibrisdakik.com\/?author=1"}]}},"_links":{"self":[{"href":"https:\/\/kibrisdakik.com\/index.php?rest_route=\/wp\/v2\/posts\/8469","targetHints":{"allow":["GET"]}}],"collection":[{"href":"https:\/\/kibrisdakik.com\/index.php?rest_route=\/wp\/v2\/posts"}],"about":[{"href":"https:\/\/kibrisdakik.com\/index.php?rest_route=\/wp\/v2\/types\/post"}],"author":[{"embeddable":true,"href":"https:\/\/kibrisdakik.com\/index.php?rest_route=\/wp\/v2\/users\/1"}],"replies":[{"embeddable":true,"href":"https:\/\/kibrisdakik.com\/index.php?rest_route=%2Fwp%2Fv2%2Fcomments&post=8469"}],"version-history":[{"count":0,"href":"https:\/\/kibrisdakik.com\/index.php?rest_route=\/wp\/v2\/posts\/8469\/revisions"}],"wp:featuredmedia":[{"embeddable":true,"href":"https:\/\/kibrisdakik.com\/index.php?rest_route=\/wp\/v2\/media\/8470"}],"wp:attachment":[{"href":"https:\/\/kibrisdakik.com\/index.php?rest_route=%2Fwp%2Fv2%2Fmedia&parent=8469"}],"wp:term":[{"taxonomy":"category","embeddable":true,"href":"https:\/\/kibrisdakik.com\/index.php?rest_route=%2Fwp%2Fv2%2Fcategories&post=8469"},{"taxonomy":"post_tag","embeddable":true,"href":"https:\/\/kibrisdakik.com\/index.php?rest_route=%2Fwp%2Fv2%2Ftags&post=8469"}],"curies":[{"name":"wp","href":"https:\/\/api.w.org\/{rel}","templated":true}]}}