{"id":84801,"date":"2025-06-17T07:45:11","date_gmt":"2025-06-17T04:45:11","guid":{"rendered":"https:\/\/kibrisdakik.com\/index.php\/2025\/06\/17\/lefkosa-kaymaklida-uc-saatlik-elektrik-kesintisi-gerceklesecek\/"},"modified":"2025-06-17T07:45:11","modified_gmt":"2025-06-17T04:45:11","slug":"lefkosa-kaymaklida-uc-saatlik-elektrik-kesintisi-gerceklesecek","status":"publish","type":"post","link":"https:\/\/kibrisdakik.com\/?p=84801","title":{"rendered":"Lefko\u015fa Kaymakl\u0131\u2019da \u00fc\u00e7 saatlik elektrik kesintisi ger\u00e7ekle\u015fecek"},"content":{"rendered":"<p> <br \/>\n<\/p>\n<div data-text-id=\"78249\" property=\"articleBody\">\n<div class=\"post-flash\">\n        <!--\n\n<h3 class=\"post-flash__title\">G&ouml;zden ka&ccedil;&#305;rmay&#305;n<\/h3>\n\n--><\/p>\n<div class=\"row g-0 align-items-center\">\n<div class=\"col-5 col-sm-3\">\n                \n            <\/div>\n<div class=\"col-7 col-sm-9\">\n<div class=\"post-flash-heading p-2\">\n<p>Hava s\u0131cakl\u0131\u011f\u0131 mevsim normallerinin 2 ile 4 derece \u00fczerinde<\/p>\n<p>\u0130\u00e7eri\u011fi G\u00f6r\u00fcnt\u00fcle <i class=\"fa fa-arrow-right ps-2\"\/><\/p>\n<\/p><\/div>\n<\/p><\/div>\n<\/p><\/div>\n<\/p><\/div>\n<p>K\u0131br\u0131s T\u00fcrk Elektrik Kurumu\u2019ndan verilen bilgiye g\u00f6re, Lefko\u015fa\u2019da Kaymakl\u0131\u2019n\u0131n baz\u0131 b\u00f6lgelerinde bug\u00fcn \u00fc\u00e7 saatlik elektrik kesintisi olacak.<\/p>\n<p>Orta gerilim elektrik \u015febekesinde yap\u0131lacak proje \u00e7al\u0131\u015fmas\u0131 nedeniyle, 09.00 ile yakla\u015f\u0131k 12.00 saatleri aras\u0131nda; Polis Genel M\u00fcd\u00fcrl\u00fc\u011f\u00fc, Kaymakl\u0131 Dima, Okullar Yolu, K\u0131z\u0131lba\u015f b\u00f6lgesi ve \u00e7evresine elektrik verilemeyecek.<\/p>\n<\/p><\/div>\n<p><br \/>\n<br \/><a href=\"> K\u0131br\u0131s dakik<\/a><\/p>\n","protected":false},"excerpt":{"rendered":"<p>Hava s\u0131cakl\u0131\u011f\u0131 mevsim normallerinin 2 ile 4 derece \u00fczerinde \u0130\u00e7eri\u011fi G\u00f6r\u00fcnt\u00fcle K\u0131br\u0131s T\u00fcrk Elektrik Kurumu\u2019ndan verilen bilgiye g\u00f6re, Lefko\u015fa\u2019da Kaymakl\u0131\u2019n\u0131n baz\u0131 b\u00f6lgelerinde bug\u00fcn \u00fc\u00e7 saatlik elektrik kesintisi olacak. Orta gerilim elektrik \u015febekesinde yap\u0131lacak proje \u00e7al\u0131\u015fmas\u0131 nedeniyle, 09.00 ile yakla\u015f\u0131k 12.00 saatleri aras\u0131nda; Polis Genel M\u00fcd\u00fcrl\u00fc\u011f\u00fc, Kaymakl\u0131 Dima, Okullar Yolu, K\u0131z\u0131lba\u015f b\u00f6lgesi ve \u00e7evresine elektrik verilemeyecek.<\/p>\n","protected":false},"author":1,"featured_media":84297,"comment_status":"open","ping_status":"open","sticky":false,"template":"","format":"standard","meta":{"footnotes":""},"categories":[81,101],"tags":[],"class_list":["post-84801","post","type-post","status-publish","format-standard","has-post-thumbnail","hentry","category-kibris","category-manset"],"yoast_head":"<!-- This site is optimized with the Yoast SEO plugin v27.5 - https:\/\/yoast.com\/product\/yoast-seo-wordpress\/ -->\n<title>Lefko\u015fa Kaymakl\u0131\u2019da \u00fc\u00e7 saatlik elektrik kesintisi ger\u00e7ekle\u015fecek -<\/title>\n<meta name=\"robots\" content=\"index, follow, max-snippet:-1, max-image-preview:large, max-video-preview:-1\" \/>\n<link rel=\"canonical\" href=\"https:\/\/kibrisdakik.com\/?p=84801\" \/>\n<meta property=\"og:locale\" content=\"tr_TR\" \/>\n<meta property=\"og:type\" content=\"article\" \/>\n<meta property=\"og:title\" content=\"Lefko\u015fa Kaymakl\u0131\u2019da \u00fc\u00e7 saatlik elektrik kesintisi ger\u00e7ekle\u015fecek -\" \/>\n<meta property=\"og:description\" content=\"Hava s\u0131cakl\u0131\u011f\u0131 mevsim normallerinin 2 ile 4 derece \u00fczerinde \u0130\u00e7eri\u011fi G\u00f6r\u00fcnt\u00fcle K\u0131br\u0131s T\u00fcrk Elektrik Kurumu\u2019ndan verilen bilgiye g\u00f6re, Lefko\u015fa\u2019da Kaymakl\u0131\u2019n\u0131n baz\u0131 b\u00f6lgelerinde bug\u00fcn \u00fc\u00e7 saatlik elektrik kesintisi olacak. Orta gerilim elektrik \u015febekesinde yap\u0131lacak proje \u00e7al\u0131\u015fmas\u0131 nedeniyle, 09.00 ile yakla\u015f\u0131k 12.00 saatleri aras\u0131nda; Polis Genel M\u00fcd\u00fcrl\u00fc\u011f\u00fc, Kaymakl\u0131 Dima, Okullar Yolu, K\u0131z\u0131lba\u015f b\u00f6lgesi ve \u00e7evresine elektrik verilemeyecek.\" \/>\n<meta property=\"og:url\" content=\"https:\/\/kibrisdakik.com\/?p=84801\" \/>\n<meta property=\"article:published_time\" content=\"2025-06-17T04:45:11+00:00\" \/>\n<meta property=\"og:image\" content=\"https:\/\/kibrisdakik.com\/wp-content\/uploads\/2025\/06\/elektrik-kesintisi86.jpg\" \/>\n\t<meta property=\"og:image:width\" content=\"600\" \/>\n\t<meta property=\"og:image:height\" content=\"366\" \/>\n\t<meta property=\"og:image:type\" content=\"image\/jpeg\" \/>\n<meta name=\"author\" content=\"admin\" \/>\n<meta name=\"twitter:card\" content=\"summary_large_image\" \/>\n<meta name=\"twitter:label1\" content=\"Yazan:\" \/>\n\t<meta name=\"twitter:data1\" content=\"admin\" \/>\n<script type=\"application\/ld+json\" class=\"yoast-schema-graph\">{\"@context\":\"https:\\\/\\\/schema.org\",\"@graph\":[{\"@type\":\"Article\",\"@id\":\"https:\\\/\\\/kibrisdakik.com\\\/?p=84801#article\",\"isPartOf\":{\"@id\":\"https:\\\/\\\/kibrisdakik.com\\\/?p=84801\"},\"author\":{\"name\":\"admin\",\"@id\":\"https:\\\/\\\/kibrisdakik.com\\\/#\\\/schema\\\/person\\\/9cd9d437bbb44f72b73ba127e06d8e79\"},\"headline\":\"Lefko\u015fa Kaymakl\u0131\u2019da \u00fc\u00e7 saatlik elektrik kesintisi ger\u00e7ekle\u015fecek\",\"datePublished\":\"2025-06-17T04:45:11+00:00\",\"mainEntityOfPage\":{\"@id\":\"https:\\\/\\\/kibrisdakik.com\\\/?p=84801\"},\"wordCount\":87,\"commentCount\":0,\"image\":{\"@id\":\"https:\\\/\\\/kibrisdakik.com\\\/?p=84801#primaryimage\"},\"thumbnailUrl\":\"https:\\\/\\\/kibrisdakik.com\\\/wp-content\\\/uploads\\\/2025\\\/06\\\/elektrik-kesintisi86.jpg\",\"articleSection\":[\"K\u0131br\u0131s\",\"Man\u015fet\"],\"inLanguage\":\"tr\",\"potentialAction\":[{\"@type\":\"CommentAction\",\"name\":\"Comment\",\"target\":[\"https:\\\/\\\/kibrisdakik.com\\\/?p=84801#respond\"]}]},{\"@type\":\"WebPage\",\"@id\":\"https:\\\/\\\/kibrisdakik.com\\\/?p=84801\",\"url\":\"https:\\\/\\\/kibrisdakik.com\\\/?p=84801\",\"name\":\"Lefko\u015fa Kaymakl\u0131\u2019da \u00fc\u00e7 saatlik elektrik kesintisi ger\u00e7ekle\u015fecek -\",\"isPartOf\":{\"@id\":\"https:\\\/\\\/kibrisdakik.com\\\/#website\"},\"primaryImageOfPage\":{\"@id\":\"https:\\\/\\\/kibrisdakik.com\\\/?p=84801#primaryimage\"},\"image\":{\"@id\":\"https:\\\/\\\/kibrisdakik.com\\\/?p=84801#primaryimage\"},\"thumbnailUrl\":\"https:\\\/\\\/kibrisdakik.com\\\/wp-content\\\/uploads\\\/2025\\\/06\\\/elektrik-kesintisi86.jpg\",\"datePublished\":\"2025-06-17T04:45:11+00:00\",\"author\":{\"@id\":\"https:\\\/\\\/kibrisdakik.com\\\/#\\\/schema\\\/person\\\/9cd9d437bbb44f72b73ba127e06d8e79\"},\"breadcrumb\":{\"@id\":\"https:\\\/\\\/kibrisdakik.com\\\/?p=84801#breadcrumb\"},\"inLanguage\":\"tr\",\"potentialAction\":[{\"@type\":\"ReadAction\",\"target\":[\"https:\\\/\\\/kibrisdakik.com\\\/?p=84801\"]}]},{\"@type\":\"ImageObject\",\"inLanguage\":\"tr\",\"@id\":\"https:\\\/\\\/kibrisdakik.com\\\/?p=84801#primaryimage\",\"url\":\"https:\\\/\\\/kibrisdakik.com\\\/wp-content\\\/uploads\\\/2025\\\/06\\\/elektrik-kesintisi86.jpg\",\"contentUrl\":\"https:\\\/\\\/kibrisdakik.com\\\/wp-content\\\/uploads\\\/2025\\\/06\\\/elektrik-kesintisi86.jpg\",\"width\":600,\"height\":366},{\"@type\":\"BreadcrumbList\",\"@id\":\"https:\\\/\\\/kibrisdakik.com\\\/?p=84801#breadcrumb\",\"itemListElement\":[{\"@type\":\"ListItem\",\"position\":1,\"name\":\"Home\",\"item\":\"https:\\\/\\\/kibrisdakik.com\\\/\"},{\"@type\":\"ListItem\",\"position\":2,\"name\":\"Lefko\u015fa Kaymakl\u0131\u2019da \u00fc\u00e7 saatlik elektrik kesintisi ger\u00e7ekle\u015fecek\"}]},{\"@type\":\"WebSite\",\"@id\":\"https:\\\/\\\/kibrisdakik.com\\\/#website\",\"url\":\"https:\\\/\\\/kibrisdakik.com\\\/\",\"name\":\"\",\"description\":\"Tam vaktinde haber\",\"potentialAction\":[{\"@type\":\"SearchAction\",\"target\":{\"@type\":\"EntryPoint\",\"urlTemplate\":\"https:\\\/\\\/kibrisdakik.com\\\/?s={search_term_string}\"},\"query-input\":{\"@type\":\"PropertyValueSpecification\",\"valueRequired\":true,\"valueName\":\"search_term_string\"}}],\"inLanguage\":\"tr\"},{\"@type\":\"Person\",\"@id\":\"https:\\\/\\\/kibrisdakik.com\\\/#\\\/schema\\\/person\\\/9cd9d437bbb44f72b73ba127e06d8e79\",\"name\":\"admin\",\"image\":{\"@type\":\"ImageObject\",\"inLanguage\":\"tr\",\"@id\":\"https:\\\/\\\/secure.gravatar.com\\\/avatar\\\/ccc17943b9d660506c869530f897617f7cb1c21a4bf30023f252596d83e1f007?s=96&d=mm&r=g\",\"url\":\"https:\\\/\\\/secure.gravatar.com\\\/avatar\\\/ccc17943b9d660506c869530f897617f7cb1c21a4bf30023f252596d83e1f007?s=96&d=mm&r=g\",\"contentUrl\":\"https:\\\/\\\/secure.gravatar.com\\\/avatar\\\/ccc17943b9d660506c869530f897617f7cb1c21a4bf30023f252596d83e1f007?s=96&d=mm&r=g\",\"caption\":\"admin\"},\"sameAs\":[\"https:\\\/\\\/kibrisdakik.com\"],\"url\":\"https:\\\/\\\/kibrisdakik.com\\\/?author=1\"}]}<\/script>\n<!-- \/ Yoast SEO plugin. -->","yoast_head_json":{"title":"Lefko\u015fa Kaymakl\u0131\u2019da \u00fc\u00e7 saatlik elektrik kesintisi ger\u00e7ekle\u015fecek -","robots":{"index":"index","follow":"follow","max-snippet":"max-snippet:-1","max-image-preview":"max-image-preview:large","max-video-preview":"max-video-preview:-1"},"canonical":"https:\/\/kibrisdakik.com\/?p=84801","og_locale":"tr_TR","og_type":"article","og_title":"Lefko\u015fa Kaymakl\u0131\u2019da \u00fc\u00e7 saatlik elektrik kesintisi ger\u00e7ekle\u015fecek -","og_description":"Hava s\u0131cakl\u0131\u011f\u0131 mevsim normallerinin 2 ile 4 derece \u00fczerinde \u0130\u00e7eri\u011fi G\u00f6r\u00fcnt\u00fcle K\u0131br\u0131s T\u00fcrk Elektrik Kurumu\u2019ndan verilen bilgiye g\u00f6re, Lefko\u015fa\u2019da Kaymakl\u0131\u2019n\u0131n baz\u0131 b\u00f6lgelerinde bug\u00fcn \u00fc\u00e7 saatlik elektrik kesintisi olacak. Orta gerilim elektrik \u015febekesinde yap\u0131lacak proje \u00e7al\u0131\u015fmas\u0131 nedeniyle, 09.00 ile yakla\u015f\u0131k 12.00 saatleri aras\u0131nda; Polis Genel M\u00fcd\u00fcrl\u00fc\u011f\u00fc, Kaymakl\u0131 Dima, Okullar Yolu, K\u0131z\u0131lba\u015f b\u00f6lgesi ve \u00e7evresine elektrik verilemeyecek.","og_url":"https:\/\/kibrisdakik.com\/?p=84801","article_published_time":"2025-06-17T04:45:11+00:00","og_image":[{"width":600,"height":366,"url":"https:\/\/kibrisdakik.com\/wp-content\/uploads\/2025\/06\/elektrik-kesintisi86.jpg","type":"image\/jpeg"}],"author":"admin","twitter_card":"summary_large_image","twitter_misc":{"Yazan:":"admin"},"schema":{"@context":"https:\/\/schema.org","@graph":[{"@type":"Article","@id":"https:\/\/kibrisdakik.com\/?p=84801#article","isPartOf":{"@id":"https:\/\/kibrisdakik.com\/?p=84801"},"author":{"name":"admin","@id":"https:\/\/kibrisdakik.com\/#\/schema\/person\/9cd9d437bbb44f72b73ba127e06d8e79"},"headline":"Lefko\u015fa Kaymakl\u0131\u2019da \u00fc\u00e7 saatlik elektrik kesintisi ger\u00e7ekle\u015fecek","datePublished":"2025-06-17T04:45:11+00:00","mainEntityOfPage":{"@id":"https:\/\/kibrisdakik.com\/?p=84801"},"wordCount":87,"commentCount":0,"image":{"@id":"https:\/\/kibrisdakik.com\/?p=84801#primaryimage"},"thumbnailUrl":"https:\/\/kibrisdakik.com\/wp-content\/uploads\/2025\/06\/elektrik-kesintisi86.jpg","articleSection":["K\u0131br\u0131s","Man\u015fet"],"inLanguage":"tr","potentialAction":[{"@type":"CommentAction","name":"Comment","target":["https:\/\/kibrisdakik.com\/?p=84801#respond"]}]},{"@type":"WebPage","@id":"https:\/\/kibrisdakik.com\/?p=84801","url":"https:\/\/kibrisdakik.com\/?p=84801","name":"Lefko\u015fa Kaymakl\u0131\u2019da \u00fc\u00e7 saatlik elektrik kesintisi ger\u00e7ekle\u015fecek -","isPartOf":{"@id":"https:\/\/kibrisdakik.com\/#website"},"primaryImageOfPage":{"@id":"https:\/\/kibrisdakik.com\/?p=84801#primaryimage"},"image":{"@id":"https:\/\/kibrisdakik.com\/?p=84801#primaryimage"},"thumbnailUrl":"https:\/\/kibrisdakik.com\/wp-content\/uploads\/2025\/06\/elektrik-kesintisi86.jpg","datePublished":"2025-06-17T04:45:11+00:00","author":{"@id":"https:\/\/kibrisdakik.com\/#\/schema\/person\/9cd9d437bbb44f72b73ba127e06d8e79"},"breadcrumb":{"@id":"https:\/\/kibrisdakik.com\/?p=84801#breadcrumb"},"inLanguage":"tr","potentialAction":[{"@type":"ReadAction","target":["https:\/\/kibrisdakik.com\/?p=84801"]}]},{"@type":"ImageObject","inLanguage":"tr","@id":"https:\/\/kibrisdakik.com\/?p=84801#primaryimage","url":"https:\/\/kibrisdakik.com\/wp-content\/uploads\/2025\/06\/elektrik-kesintisi86.jpg","contentUrl":"https:\/\/kibrisdakik.com\/wp-content\/uploads\/2025\/06\/elektrik-kesintisi86.jpg","width":600,"height":366},{"@type":"BreadcrumbList","@id":"https:\/\/kibrisdakik.com\/?p=84801#breadcrumb","itemListElement":[{"@type":"ListItem","position":1,"name":"Home","item":"https:\/\/kibrisdakik.com\/"},{"@type":"ListItem","position":2,"name":"Lefko\u015fa Kaymakl\u0131\u2019da \u00fc\u00e7 saatlik elektrik kesintisi ger\u00e7ekle\u015fecek"}]},{"@type":"WebSite","@id":"https:\/\/kibrisdakik.com\/#website","url":"https:\/\/kibrisdakik.com\/","name":"","description":"Tam vaktinde haber","potentialAction":[{"@type":"SearchAction","target":{"@type":"EntryPoint","urlTemplate":"https:\/\/kibrisdakik.com\/?s={search_term_string}"},"query-input":{"@type":"PropertyValueSpecification","valueRequired":true,"valueName":"search_term_string"}}],"inLanguage":"tr"},{"@type":"Person","@id":"https:\/\/kibrisdakik.com\/#\/schema\/person\/9cd9d437bbb44f72b73ba127e06d8e79","name":"admin","image":{"@type":"ImageObject","inLanguage":"tr","@id":"https:\/\/secure.gravatar.com\/avatar\/ccc17943b9d660506c869530f897617f7cb1c21a4bf30023f252596d83e1f007?s=96&d=mm&r=g","url":"https:\/\/secure.gravatar.com\/avatar\/ccc17943b9d660506c869530f897617f7cb1c21a4bf30023f252596d83e1f007?s=96&d=mm&r=g","contentUrl":"https:\/\/secure.gravatar.com\/avatar\/ccc17943b9d660506c869530f897617f7cb1c21a4bf30023f252596d83e1f007?s=96&d=mm&r=g","caption":"admin"},"sameAs":["https:\/\/kibrisdakik.com"],"url":"https:\/\/kibrisdakik.com\/?author=1"}]}},"_links":{"self":[{"href":"https:\/\/kibrisdakik.com\/index.php?rest_route=\/wp\/v2\/posts\/84801","targetHints":{"allow":["GET"]}}],"collection":[{"href":"https:\/\/kibrisdakik.com\/index.php?rest_route=\/wp\/v2\/posts"}],"about":[{"href":"https:\/\/kibrisdakik.com\/index.php?rest_route=\/wp\/v2\/types\/post"}],"author":[{"embeddable":true,"href":"https:\/\/kibrisdakik.com\/index.php?rest_route=\/wp\/v2\/users\/1"}],"replies":[{"embeddable":true,"href":"https:\/\/kibrisdakik.com\/index.php?rest_route=%2Fwp%2Fv2%2Fcomments&post=84801"}],"version-history":[{"count":0,"href":"https:\/\/kibrisdakik.com\/index.php?rest_route=\/wp\/v2\/posts\/84801\/revisions"}],"wp:featuredmedia":[{"embeddable":true,"href":"https:\/\/kibrisdakik.com\/index.php?rest_route=\/wp\/v2\/media\/84297"}],"wp:attachment":[{"href":"https:\/\/kibrisdakik.com\/index.php?rest_route=%2Fwp%2Fv2%2Fmedia&parent=84801"}],"wp:term":[{"taxonomy":"category","embeddable":true,"href":"https:\/\/kibrisdakik.com\/index.php?rest_route=%2Fwp%2Fv2%2Fcategories&post=84801"},{"taxonomy":"post_tag","embeddable":true,"href":"https:\/\/kibrisdakik.com\/index.php?rest_route=%2Fwp%2Fv2%2Ftags&post=84801"}],"curies":[{"name":"wp","href":"https:\/\/api.w.org\/{rel}","templated":true}]}}