{"id":84814,"date":"2025-06-17T11:35:00","date_gmt":"2025-06-17T08:35:00","guid":{"rendered":"https:\/\/kibrisdakik.com\/index.php\/2025\/06\/17\/ozturkler-guzelyurt-bir-daha-pazarlik-masasina-gelmeyecek\/"},"modified":"2025-06-17T11:35:00","modified_gmt":"2025-06-17T08:35:00","slug":"ozturkler-guzelyurt-bir-daha-pazarlik-masasina-gelmeyecek","status":"publish","type":"post","link":"https:\/\/kibrisdakik.com\/?p=84814","title":{"rendered":"\u00d6ZT\u00dcRKLER: \u201cG\u00dcZELYURT B\u0130R DAHA PAZARLIK MASASINA GELMEYECEK\u201d"},"content":{"rendered":"<p><img decoding=\"async\" src=\"https:\/\/mhahabercom.teimg.com\/crop\/1280x720\/mhahaber-com\/uploads\/2025\/06\/mha-gorsel-55.png\" \/><\/p>\n<div data-text-id=\"177706\" property=\"articleBody\">\n<p>G\u00fczelyurt Belediyesi taraf\u0131ndan bu y\u0131l 47\u2019ncisi d\u00fczenlenen G\u00fczelyurt Portakal Festivali, d\u00fcn ak\u015fam Amfi Tiyatro\u2019da ger\u00e7ekle\u015fen g\u00f6rkemli bir a\u00e7\u0131l\u0131\u015f t\u00f6reniyle ba\u015flad\u0131. Festivalin a\u00e7\u0131l\u0131\u015f\u0131 \u00f6ncesinde Kurtulu\u015f \u0130lkokulu ile Festival Park\u0131 aras\u0131nda d\u00fczenlenen kortej y\u00fcr\u00fcy\u00fc\u015f\u00fc, kentin sokaklar\u0131n\u0131 renklendirdi.<\/p>\n<p>T\u00f6rende konu\u015fan Cumhuriyet Meclisi Ba\u015fkan\u0131 Ziya \u00d6zt\u00fcrkler, festivalin 47 y\u0131ll\u0131k ge\u00e7mi\u015fine dikkat \u00e7ekerek, bu s\u00fcrede b\u00f6lgeye yeterince hizmet g\u00f6t\u00fcr\u00fclmedi\u011fini s\u00f6yledi. \u201cBen de festivalle ya\u015f\u0131t\u0131m. Bu zaman zarf\u0131nda G\u00fczelyurt\u2019a y\u00f6nelik b\u00f6yle yo\u011fun bir hizmet d\u00f6nemine pek rastlamad\u0131m\u201d dedi.<\/p>\n<p>\u00d6zt\u00fcrkler, b\u00f6lgede uzun y\u0131llard\u0131r eksikli\u011fi hissedilen sa\u011fl\u0131k altyap\u0131s\u0131na de\u011finerek, G\u00fczelyurt Hastanesi\u2019nin 15 Kas\u0131m\u2019dan \u00f6nce hizmete a\u00e7\u0131laca\u011f\u0131n\u0131 m\u00fcjdeledi. \u201cK\u00fc\u00e7\u00fckl\u00fc\u011f\u00fcm\u00fczden beri hastanemiz yoktu, hastalar\u0131m\u0131z\u0131 yollarda kaybettik\u201d ifadelerini kullanan \u00d6zt\u00fcrkler, art\u0131k sa\u011fl\u0131kta yeni bir d\u00f6neme girildi\u011fini belirtti.<\/p>\n<p>Tar\u0131m alan\u0131nda ya\u015fanan sorunlara ve so\u011fuk hava deposu eksikli\u011fine de de\u011finen \u00d6zt\u00fcrkler, s\u00fcrd\u00fcr\u00fclen altyap\u0131 projeleriyle birlikte bu s\u0131k\u0131nt\u0131lar\u0131n b\u00fcy\u00fck \u00f6l\u00e7\u00fcde giderildi\u011fini ifade etti. B\u00f6lgedeki her mahalleye dokunduklar\u0131n\u0131 belirterek, hizmetlerin kararl\u0131l\u0131kla devam edece\u011fini s\u00f6yledi.<\/p>\n<p>Egemenlik ve uluslararas\u0131 stat\u00fc konular\u0131nda da net bir duru\u015f sergileyen \u00d6zt\u00fcrkler, \u201cEgemen e\u015fitlik ilkesine dayal\u0131 \u00e7\u00f6z\u00fcm vizyonunu destekliyoruz. G\u00fczelyurt bir daha pazarl\u0131k masas\u0131na gelmeyecek\u201d diyerek s\u00f6zlerine son verdi.<\/p>\n<p>Festival boyunca KKTC ve T\u00fcrkiye bayraklar\u0131 birlikte dalgalan\u0131rken, a\u00e7\u0131l\u0131\u015f\u0131n ard\u0131ndan m\u00fczik, sanat ve sporla dolu etkinliklerle festival co\u015fkusu devam etti. G\u00fczelyurt halk\u0131, geleneksel festivallerinin bu y\u0131l da ayn\u0131 heyecanla kutlanmas\u0131ndan memnuniyet duydu.<\/p>\n<\/p><\/div>\n","protected":false},"excerpt":{"rendered":"<p>G\u00fczelyurt Belediyesi taraf\u0131ndan bu y\u0131l 47\u2019ncisi d\u00fczenlenen G\u00fczelyurt Portakal Festivali, d\u00fcn ak\u015fam Amfi Tiyatro\u2019da ger\u00e7ekle\u015fen g\u00f6rkemli bir a\u00e7\u0131l\u0131\u015f t\u00f6reniyle ba\u015flad\u0131. Festivalin a\u00e7\u0131l\u0131\u015f\u0131 \u00f6ncesinde Kurtulu\u015f \u0130lkokulu ile Festival Park\u0131 aras\u0131nda d\u00fczenlenen kortej y\u00fcr\u00fcy\u00fc\u015f\u00fc, kentin sokaklar\u0131n\u0131 renklendirdi. T\u00f6rende konu\u015fan Cumhuriyet Meclisi Ba\u015fkan\u0131 Ziya \u00d6zt\u00fcrkler, festivalin 47 y\u0131ll\u0131k ge\u00e7mi\u015fine dikkat \u00e7ekerek, bu s\u00fcrede b\u00f6lgeye yeterince hizmet g\u00f6t\u00fcr\u00fclmedi\u011fini s\u00f6yledi.<\/p>\n","protected":false},"author":1,"featured_media":84815,"comment_status":"open","ping_status":"open","sticky":false,"template":"","format":"standard","meta":{"footnotes":""},"categories":[1],"tags":[],"class_list":["post-84814","post","type-post","status-publish","format-standard","has-post-thumbnail","hentry","category-gundem"],"yoast_head":"<!-- This site is optimized with the Yoast SEO plugin v27.5 - https:\/\/yoast.com\/product\/yoast-seo-wordpress\/ -->\n<title>\u00d6ZT\u00dcRKLER: \u201cG\u00dcZELYURT B\u0130R DAHA PAZARLIK MASASINA GELMEYECEK\u201d -<\/title>\n<meta name=\"robots\" content=\"index, follow, max-snippet:-1, max-image-preview:large, max-video-preview:-1\" \/>\n<link rel=\"canonical\" href=\"https:\/\/kibrisdakik.com\/?p=84814\" \/>\n<meta property=\"og:locale\" content=\"tr_TR\" \/>\n<meta property=\"og:type\" content=\"article\" \/>\n<meta property=\"og:title\" content=\"\u00d6ZT\u00dcRKLER: \u201cG\u00dcZELYURT B\u0130R DAHA PAZARLIK MASASINA GELMEYECEK\u201d -\" \/>\n<meta property=\"og:description\" content=\"G\u00fczelyurt Belediyesi taraf\u0131ndan bu y\u0131l 47\u2019ncisi d\u00fczenlenen G\u00fczelyurt Portakal Festivali, d\u00fcn ak\u015fam Amfi Tiyatro\u2019da ger\u00e7ekle\u015fen g\u00f6rkemli bir a\u00e7\u0131l\u0131\u015f t\u00f6reniyle ba\u015flad\u0131. Festivalin a\u00e7\u0131l\u0131\u015f\u0131 \u00f6ncesinde Kurtulu\u015f \u0130lkokulu ile Festival Park\u0131 aras\u0131nda d\u00fczenlenen kortej y\u00fcr\u00fcy\u00fc\u015f\u00fc, kentin sokaklar\u0131n\u0131 renklendirdi. T\u00f6rende konu\u015fan Cumhuriyet Meclisi Ba\u015fkan\u0131 Ziya \u00d6zt\u00fcrkler, festivalin 47 y\u0131ll\u0131k ge\u00e7mi\u015fine dikkat \u00e7ekerek, bu s\u00fcrede b\u00f6lgeye yeterince hizmet g\u00f6t\u00fcr\u00fclmedi\u011fini s\u00f6yledi.\" \/>\n<meta property=\"og:url\" content=\"https:\/\/kibrisdakik.com\/?p=84814\" \/>\n<meta property=\"article:published_time\" content=\"2025-06-17T08:35:00+00:00\" \/>\n<meta property=\"og:image\" content=\"https:\/\/kibrisdakik.com\/wp-content\/uploads\/2025\/06\/mha-gorsel-55-740x420.png\" \/>\n\t<meta property=\"og:image:width\" content=\"1280\" \/>\n\t<meta property=\"og:image:height\" content=\"720\" \/>\n\t<meta property=\"og:image:type\" content=\"image\/png\" \/>\n<meta name=\"author\" content=\"admin\" \/>\n<meta name=\"twitter:card\" content=\"summary_large_image\" \/>\n<meta name=\"twitter:label1\" content=\"Yazan:\" \/>\n\t<meta name=\"twitter:data1\" content=\"admin\" \/>\n\t<meta name=\"twitter:label2\" content=\"Tahmini okuma s\u00fcresi\" \/>\n\t<meta name=\"twitter:data2\" content=\"2 dakika\" \/>\n<script type=\"application\/ld+json\" class=\"yoast-schema-graph\">{\"@context\":\"https:\\\/\\\/schema.org\",\"@graph\":[{\"@type\":\"Article\",\"@id\":\"https:\\\/\\\/kibrisdakik.com\\\/?p=84814#article\",\"isPartOf\":{\"@id\":\"https:\\\/\\\/kibrisdakik.com\\\/?p=84814\"},\"author\":{\"name\":\"admin\",\"@id\":\"https:\\\/\\\/kibrisdakik.com\\\/#\\\/schema\\\/person\\\/9cd9d437bbb44f72b73ba127e06d8e79\"},\"headline\":\"\u00d6ZT\u00dcRKLER: \u201cG\u00dcZELYURT B\u0130R DAHA PAZARLIK MASASINA GELMEYECEK\u201d\",\"datePublished\":\"2025-06-17T08:35:00+00:00\",\"mainEntityOfPage\":{\"@id\":\"https:\\\/\\\/kibrisdakik.com\\\/?p=84814\"},\"wordCount\":322,\"commentCount\":0,\"image\":{\"@id\":\"https:\\\/\\\/kibrisdakik.com\\\/?p=84814#primaryimage\"},\"thumbnailUrl\":\"https:\\\/\\\/kibrisdakik.com\\\/wp-content\\\/uploads\\\/2025\\\/06\\\/mha-gorsel-55-740x420.png\",\"articleSection\":[\"G\u00fcndem\"],\"inLanguage\":\"tr\",\"potentialAction\":[{\"@type\":\"CommentAction\",\"name\":\"Comment\",\"target\":[\"https:\\\/\\\/kibrisdakik.com\\\/?p=84814#respond\"]}]},{\"@type\":\"WebPage\",\"@id\":\"https:\\\/\\\/kibrisdakik.com\\\/?p=84814\",\"url\":\"https:\\\/\\\/kibrisdakik.com\\\/?p=84814\",\"name\":\"\u00d6ZT\u00dcRKLER: \u201cG\u00dcZELYURT B\u0130R DAHA PAZARLIK MASASINA GELMEYECEK\u201d -\",\"isPartOf\":{\"@id\":\"https:\\\/\\\/kibrisdakik.com\\\/#website\"},\"primaryImageOfPage\":{\"@id\":\"https:\\\/\\\/kibrisdakik.com\\\/?p=84814#primaryimage\"},\"image\":{\"@id\":\"https:\\\/\\\/kibrisdakik.com\\\/?p=84814#primaryimage\"},\"thumbnailUrl\":\"https:\\\/\\\/kibrisdakik.com\\\/wp-content\\\/uploads\\\/2025\\\/06\\\/mha-gorsel-55-740x420.png\",\"datePublished\":\"2025-06-17T08:35:00+00:00\",\"author\":{\"@id\":\"https:\\\/\\\/kibrisdakik.com\\\/#\\\/schema\\\/person\\\/9cd9d437bbb44f72b73ba127e06d8e79\"},\"breadcrumb\":{\"@id\":\"https:\\\/\\\/kibrisdakik.com\\\/?p=84814#breadcrumb\"},\"inLanguage\":\"tr\",\"potentialAction\":[{\"@type\":\"ReadAction\",\"target\":[\"https:\\\/\\\/kibrisdakik.com\\\/?p=84814\"]}]},{\"@type\":\"ImageObject\",\"inLanguage\":\"tr\",\"@id\":\"https:\\\/\\\/kibrisdakik.com\\\/?p=84814#primaryimage\",\"url\":\"https:\\\/\\\/kibrisdakik.com\\\/wp-content\\\/uploads\\\/2025\\\/06\\\/mha-gorsel-55-740x420.png\",\"contentUrl\":\"https:\\\/\\\/kibrisdakik.com\\\/wp-content\\\/uploads\\\/2025\\\/06\\\/mha-gorsel-55-740x420.png\",\"width\":1280,\"height\":720},{\"@type\":\"BreadcrumbList\",\"@id\":\"https:\\\/\\\/kibrisdakik.com\\\/?p=84814#breadcrumb\",\"itemListElement\":[{\"@type\":\"ListItem\",\"position\":1,\"name\":\"Home\",\"item\":\"https:\\\/\\\/kibrisdakik.com\\\/\"},{\"@type\":\"ListItem\",\"position\":2,\"name\":\"\u00d6ZT\u00dcRKLER: \u201cG\u00dcZELYURT B\u0130R DAHA PAZARLIK MASASINA GELMEYECEK\u201d\"}]},{\"@type\":\"WebSite\",\"@id\":\"https:\\\/\\\/kibrisdakik.com\\\/#website\",\"url\":\"https:\\\/\\\/kibrisdakik.com\\\/\",\"name\":\"\",\"description\":\"Tam vaktinde haber\",\"potentialAction\":[{\"@type\":\"SearchAction\",\"target\":{\"@type\":\"EntryPoint\",\"urlTemplate\":\"https:\\\/\\\/kibrisdakik.com\\\/?s={search_term_string}\"},\"query-input\":{\"@type\":\"PropertyValueSpecification\",\"valueRequired\":true,\"valueName\":\"search_term_string\"}}],\"inLanguage\":\"tr\"},{\"@type\":\"Person\",\"@id\":\"https:\\\/\\\/kibrisdakik.com\\\/#\\\/schema\\\/person\\\/9cd9d437bbb44f72b73ba127e06d8e79\",\"name\":\"admin\",\"image\":{\"@type\":\"ImageObject\",\"inLanguage\":\"tr\",\"@id\":\"https:\\\/\\\/secure.gravatar.com\\\/avatar\\\/ccc17943b9d660506c869530f897617f7cb1c21a4bf30023f252596d83e1f007?s=96&d=mm&r=g\",\"url\":\"https:\\\/\\\/secure.gravatar.com\\\/avatar\\\/ccc17943b9d660506c869530f897617f7cb1c21a4bf30023f252596d83e1f007?s=96&d=mm&r=g\",\"contentUrl\":\"https:\\\/\\\/secure.gravatar.com\\\/avatar\\\/ccc17943b9d660506c869530f897617f7cb1c21a4bf30023f252596d83e1f007?s=96&d=mm&r=g\",\"caption\":\"admin\"},\"sameAs\":[\"https:\\\/\\\/kibrisdakik.com\"],\"url\":\"https:\\\/\\\/kibrisdakik.com\\\/?author=1\"}]}<\/script>\n<!-- \/ Yoast SEO plugin. -->","yoast_head_json":{"title":"\u00d6ZT\u00dcRKLER: \u201cG\u00dcZELYURT B\u0130R DAHA PAZARLIK MASASINA GELMEYECEK\u201d -","robots":{"index":"index","follow":"follow","max-snippet":"max-snippet:-1","max-image-preview":"max-image-preview:large","max-video-preview":"max-video-preview:-1"},"canonical":"https:\/\/kibrisdakik.com\/?p=84814","og_locale":"tr_TR","og_type":"article","og_title":"\u00d6ZT\u00dcRKLER: \u201cG\u00dcZELYURT B\u0130R DAHA PAZARLIK MASASINA GELMEYECEK\u201d -","og_description":"G\u00fczelyurt Belediyesi taraf\u0131ndan bu y\u0131l 47\u2019ncisi d\u00fczenlenen G\u00fczelyurt Portakal Festivali, d\u00fcn ak\u015fam Amfi Tiyatro\u2019da ger\u00e7ekle\u015fen g\u00f6rkemli bir a\u00e7\u0131l\u0131\u015f t\u00f6reniyle ba\u015flad\u0131. Festivalin a\u00e7\u0131l\u0131\u015f\u0131 \u00f6ncesinde Kurtulu\u015f \u0130lkokulu ile Festival Park\u0131 aras\u0131nda d\u00fczenlenen kortej y\u00fcr\u00fcy\u00fc\u015f\u00fc, kentin sokaklar\u0131n\u0131 renklendirdi. T\u00f6rende konu\u015fan Cumhuriyet Meclisi Ba\u015fkan\u0131 Ziya \u00d6zt\u00fcrkler, festivalin 47 y\u0131ll\u0131k ge\u00e7mi\u015fine dikkat \u00e7ekerek, bu s\u00fcrede b\u00f6lgeye yeterince hizmet g\u00f6t\u00fcr\u00fclmedi\u011fini s\u00f6yledi.","og_url":"https:\/\/kibrisdakik.com\/?p=84814","article_published_time":"2025-06-17T08:35:00+00:00","og_image":[{"width":1280,"height":720,"url":"https:\/\/kibrisdakik.com\/wp-content\/uploads\/2025\/06\/mha-gorsel-55-740x420.png","type":"image\/png"}],"author":"admin","twitter_card":"summary_large_image","twitter_misc":{"Yazan:":"admin","Tahmini okuma s\u00fcresi":"2 dakika"},"schema":{"@context":"https:\/\/schema.org","@graph":[{"@type":"Article","@id":"https:\/\/kibrisdakik.com\/?p=84814#article","isPartOf":{"@id":"https:\/\/kibrisdakik.com\/?p=84814"},"author":{"name":"admin","@id":"https:\/\/kibrisdakik.com\/#\/schema\/person\/9cd9d437bbb44f72b73ba127e06d8e79"},"headline":"\u00d6ZT\u00dcRKLER: \u201cG\u00dcZELYURT B\u0130R DAHA PAZARLIK MASASINA GELMEYECEK\u201d","datePublished":"2025-06-17T08:35:00+00:00","mainEntityOfPage":{"@id":"https:\/\/kibrisdakik.com\/?p=84814"},"wordCount":322,"commentCount":0,"image":{"@id":"https:\/\/kibrisdakik.com\/?p=84814#primaryimage"},"thumbnailUrl":"https:\/\/kibrisdakik.com\/wp-content\/uploads\/2025\/06\/mha-gorsel-55-740x420.png","articleSection":["G\u00fcndem"],"inLanguage":"tr","potentialAction":[{"@type":"CommentAction","name":"Comment","target":["https:\/\/kibrisdakik.com\/?p=84814#respond"]}]},{"@type":"WebPage","@id":"https:\/\/kibrisdakik.com\/?p=84814","url":"https:\/\/kibrisdakik.com\/?p=84814","name":"\u00d6ZT\u00dcRKLER: \u201cG\u00dcZELYURT B\u0130R DAHA PAZARLIK MASASINA GELMEYECEK\u201d -","isPartOf":{"@id":"https:\/\/kibrisdakik.com\/#website"},"primaryImageOfPage":{"@id":"https:\/\/kibrisdakik.com\/?p=84814#primaryimage"},"image":{"@id":"https:\/\/kibrisdakik.com\/?p=84814#primaryimage"},"thumbnailUrl":"https:\/\/kibrisdakik.com\/wp-content\/uploads\/2025\/06\/mha-gorsel-55-740x420.png","datePublished":"2025-06-17T08:35:00+00:00","author":{"@id":"https:\/\/kibrisdakik.com\/#\/schema\/person\/9cd9d437bbb44f72b73ba127e06d8e79"},"breadcrumb":{"@id":"https:\/\/kibrisdakik.com\/?p=84814#breadcrumb"},"inLanguage":"tr","potentialAction":[{"@type":"ReadAction","target":["https:\/\/kibrisdakik.com\/?p=84814"]}]},{"@type":"ImageObject","inLanguage":"tr","@id":"https:\/\/kibrisdakik.com\/?p=84814#primaryimage","url":"https:\/\/kibrisdakik.com\/wp-content\/uploads\/2025\/06\/mha-gorsel-55-740x420.png","contentUrl":"https:\/\/kibrisdakik.com\/wp-content\/uploads\/2025\/06\/mha-gorsel-55-740x420.png","width":1280,"height":720},{"@type":"BreadcrumbList","@id":"https:\/\/kibrisdakik.com\/?p=84814#breadcrumb","itemListElement":[{"@type":"ListItem","position":1,"name":"Home","item":"https:\/\/kibrisdakik.com\/"},{"@type":"ListItem","position":2,"name":"\u00d6ZT\u00dcRKLER: \u201cG\u00dcZELYURT B\u0130R DAHA PAZARLIK MASASINA GELMEYECEK\u201d"}]},{"@type":"WebSite","@id":"https:\/\/kibrisdakik.com\/#website","url":"https:\/\/kibrisdakik.com\/","name":"","description":"Tam vaktinde haber","potentialAction":[{"@type":"SearchAction","target":{"@type":"EntryPoint","urlTemplate":"https:\/\/kibrisdakik.com\/?s={search_term_string}"},"query-input":{"@type":"PropertyValueSpecification","valueRequired":true,"valueName":"search_term_string"}}],"inLanguage":"tr"},{"@type":"Person","@id":"https:\/\/kibrisdakik.com\/#\/schema\/person\/9cd9d437bbb44f72b73ba127e06d8e79","name":"admin","image":{"@type":"ImageObject","inLanguage":"tr","@id":"https:\/\/secure.gravatar.com\/avatar\/ccc17943b9d660506c869530f897617f7cb1c21a4bf30023f252596d83e1f007?s=96&d=mm&r=g","url":"https:\/\/secure.gravatar.com\/avatar\/ccc17943b9d660506c869530f897617f7cb1c21a4bf30023f252596d83e1f007?s=96&d=mm&r=g","contentUrl":"https:\/\/secure.gravatar.com\/avatar\/ccc17943b9d660506c869530f897617f7cb1c21a4bf30023f252596d83e1f007?s=96&d=mm&r=g","caption":"admin"},"sameAs":["https:\/\/kibrisdakik.com"],"url":"https:\/\/kibrisdakik.com\/?author=1"}]}},"_links":{"self":[{"href":"https:\/\/kibrisdakik.com\/index.php?rest_route=\/wp\/v2\/posts\/84814","targetHints":{"allow":["GET"]}}],"collection":[{"href":"https:\/\/kibrisdakik.com\/index.php?rest_route=\/wp\/v2\/posts"}],"about":[{"href":"https:\/\/kibrisdakik.com\/index.php?rest_route=\/wp\/v2\/types\/post"}],"author":[{"embeddable":true,"href":"https:\/\/kibrisdakik.com\/index.php?rest_route=\/wp\/v2\/users\/1"}],"replies":[{"embeddable":true,"href":"https:\/\/kibrisdakik.com\/index.php?rest_route=%2Fwp%2Fv2%2Fcomments&post=84814"}],"version-history":[{"count":0,"href":"https:\/\/kibrisdakik.com\/index.php?rest_route=\/wp\/v2\/posts\/84814\/revisions"}],"wp:featuredmedia":[{"embeddable":true,"href":"https:\/\/kibrisdakik.com\/index.php?rest_route=\/wp\/v2\/media\/84815"}],"wp:attachment":[{"href":"https:\/\/kibrisdakik.com\/index.php?rest_route=%2Fwp%2Fv2%2Fmedia&parent=84814"}],"wp:term":[{"taxonomy":"category","embeddable":true,"href":"https:\/\/kibrisdakik.com\/index.php?rest_route=%2Fwp%2Fv2%2Fcategories&post=84814"},{"taxonomy":"post_tag","embeddable":true,"href":"https:\/\/kibrisdakik.com\/index.php?rest_route=%2Fwp%2Fv2%2Ftags&post=84814"}],"curies":[{"name":"wp","href":"https:\/\/api.w.org\/{rel}","templated":true}]}}