{"id":84840,"date":"2025-06-17T18:57:14","date_gmt":"2025-06-17T15:57:14","guid":{"rendered":"https:\/\/kibrisdakik.com\/index.php\/2025\/06\/17\/meclis-genel-kurul-toplantisi-tamamlandi-5\/"},"modified":"2025-06-17T18:57:14","modified_gmt":"2025-06-17T15:57:14","slug":"meclis-genel-kurul-toplantisi-tamamlandi-5","status":"publish","type":"post","link":"https:\/\/kibrisdakik.com\/?p=84840","title":{"rendered":"Meclis Genel Kurul toplant\u0131s\u0131 tamamland\u0131"},"content":{"rendered":"<p> <br \/>\n<\/p>\n<div data-text-id=\"78305\" property=\"articleBody\">\n<p><span>Cumhuriyet Meclisi Genel Kurulu&#8217;nda milletvekillerinin g\u00fcncel konu\u015fma istemlerine yer verildi. <\/span><span>Genel kurul toplant\u0131s\u0131 konu\u015fmalar\u0131n ard\u0131ndan 18.00 s\u0131ralar\u0131nda tamamland\u0131. <\/span><\/p>\n<p><span>Genel Kurul&#8217;un bir sonraki birle\u015fim 23 Haziran Pazartesi saat 10.00\u2019da yap\u0131lacak.<\/span><\/p>\n<p><span lang=\"TR\">-\u015eahali<\/span><\/p>\n<p><span lang=\"TR\">Cumhuriyet\u00e7i T\u00fcrk Partisi Gazima\u011fusa Milletvekili Erkut \u015eahali, \u201cHayvan Hastal\u0131klar\u0131 Kol Gezerken Canl\u0131 Hayvan \u0130thalat\u0131\u201d konulu g\u00fcncel yapt\u0131. <\/span><\/p>\n<p><span lang=\"TR\">\u015eahali, \u00fclkede s\u00fct konusunda s\u0131k\u0131nt\u0131 ya\u015fand\u0131\u011f\u0131n\u0131, S\u00fctek\u2019te s\u0131k\u0131nt\u0131lar oldu\u011funu, ancak s\u00fct\u00fcn \u00fclkenin bel kemi\u011fi oldu\u011funu vurgulad\u0131. Sekt\u00f6r\u00fcn 50 binden fazla ki\u015fi i\u00e7in b\u00fcy\u00fck \u00f6nem ta\u015f\u0131d\u0131\u011f\u0131na i\u015faret eden \u015eahali, Tar\u0131m Bakanl\u0131\u011f\u0131n\u0131n, milletvekillerinin \u00f6nerilerini tekliflerini desteklerini iyi alg\u0131lamas\u0131n\u0131 istedi. <\/span><\/p>\n<p><span lang=\"TR\">\u015eahali, sekt\u00f6r\u00fcn bir zincir oldu\u011funu ve \u00f6demelerin zaman\u0131nda yap\u0131lmas\u0131n\u0131n s\u00fcrd\u00fcrebilirlik a\u00e7\u0131s\u0131ndan b\u00fcy\u00fck \u00f6nem ta\u015f\u0131d\u0131\u011f\u0131na dikkat \u00e7ekerek, \u00f6demelerin gecikmesi durumunda, girdilerin de artt\u0131\u011f\u0131 bu d\u00f6nemde \u00fcreticinin dar bo\u011faza girebilece\u011fi konusunda uyard\u0131. <\/span><\/p>\n<p><span lang=\"TR\">\u00dclkede \u00e7i\u00e7ek ve mavi dil hastal\u0131\u011f\u0131 konusunda pandemi ya\u015fand\u0131\u011f\u0131n\u0131 ifade eden \u015eahali, ortaya ciddi \u00e7aba konmas\u0131 ve gereken ad\u0131mlar\u0131n do\u011fru zamanda at\u0131lmas\u0131 gerekti\u011fini belirtti. <\/span><\/p>\n<p><span lang=\"TR\">\u00dclkeye ithal edilecek hayvanlara dikkat edilmesi ve \u00fclkeye ait \u0131rklar\u0131n geli\u015ftirilmesi gerekti\u011fini belirten \u015eahali, \u00fcreticinin korunmas\u0131 ve hayvan hastal\u0131klar\u0131na kar\u015f\u0131 gereken \u00f6nlemlerin al\u0131nmas\u0131n\u0131n \u00f6nemine i\u015faret etti. <\/span><\/p>\n<p><span lang=\"TR\">\u015eahali, ithal edilecek hayvanlar\u0131n \u00fclkeye nas\u0131l adapte edilece\u011fini, hastal\u0131klara kar\u015f\u0131 nas\u0131l korunaca\u011f\u0131n\u0131 ve kimliklendirme i\u015flemlerinin nas\u0131l yap\u0131laca\u011f\u0131n\u0131 sordu.<\/span><\/p>\n<p><span lang=\"TR\">-\u00c7avu\u015f<\/span><\/p>\n<p><span lang=\"TR\">Tar\u0131m ve Do\u011fal Kaynaklar Bakan\u0131 H\u00fcseyin \u00c7avu\u015f da s\u00f6z alarak, bakanl\u0131k olarak \u00f6nerileri, \u00e7abalar\u0131 yak\u0131ndan takip ettiklerini, kurak bir y\u0131ldan ge\u00e7ildi\u011fini, bu y\u00f6nde hayvanc\u0131lar\u0131n ana girdi ihtiya\u00e7lar\u0131n\u0131 kar\u015f\u0131lamak i\u00e7in \u00e7al\u0131\u015fmalar yapt\u0131klar\u0131n\u0131 anlatt\u0131. <\/span><\/p>\n<p><span lang=\"TR\">\u00c7avu\u015f, bakanl\u0131k olarak kaba yem, arpa, hayvan hastal\u0131klar\u0131, kurakl\u0131k, hayvan itali ile ilgili t\u00fcm riskleri iyi hesaplayarak ad\u0131mlar att\u0131klar\u0131n\u0131 ifade ederek, \u00fclkeye Cuma g\u00fcn\u00fc 30 ve daha sonra tekrar 30 olmak \u00fczere 60 bin adet hayvan\u0131n getirilece\u011fini, her hangi bir zaafiyet de ya\u015fanmayaca\u011f\u0131na inan\u00e7 belirtti. Tar\u0131m\u0131n \u00fczeri a\u00e7\u0131k bir fabrika oldu\u011funu belirten \u00c7avu\u015f, gereken \u00f6nemin verildi\u011fini s\u00f6yledi. <\/span><\/p>\n<p><span lang=\"TR\">-\u00d6zuslu<\/span><\/p>\n<p><span lang=\"TR\">Cumhuriyet\u00e7i T\u00fcrk Partisi Lefko\u015fa Milletvekili Sami \u00d6zuslu da, \u201cSporda G\u00fcndem\u201d konulu g\u00fcncel konu\u015fma yapt\u0131. \u00d6zuslu, sporun \u00fclkede \u00fcvey evlat muamelesi g\u00f6rd\u00fc\u011f\u00fcn\u00fc ifade ederek, ele\u015ftirilerde bulundu. \u00d6zuslu, spor \u015furas\u0131 kararlar\u0131n\u0131n eri\u015filebilir olmas\u0131n\u0131n \u00f6nemine i\u015faret ederek, bu kararlar\u0131n takip edilebilir olmas\u0131 gerekti\u011fini s\u00f6yledi. <\/span><\/p>\n<p><span lang=\"TR\">\u00d6zuslu, \u00fclkede spor bakanl\u0131\u011f\u0131 kurulmas\u0131 gerekti\u011fini ifade ederek, spora gereken \u00f6nemin verilmesinin, gen\u00e7lerin potansiyelini, \u00f6zellikle bireysel bran\u015flarda ba\u015far\u0131 al\u0131nmas\u0131 ve sporun ya\u015fam tarz\u0131 haline getirilmesinin \u00f6nemine vurgu yapt\u0131. <\/span><\/p>\n<div class=\"post-flash\">\n        <!--\n\n<h3 class=\"post-flash__title\">G&ouml;zden ka&ccedil;&#305;rmay&#305;n<\/h3>\n\n--><\/p>\n<div class=\"row g-0 align-items-center\">\n<div class=\"col-5 col-sm-3\">\n                \n            <\/div>\n<div class=\"col-7 col-sm-9\">\n<div class=\"post-flash-heading p-2\">\n<p>Sava\u015fan, \u0130ran\u2019daki konferans ve tahliye s\u00fcreci hakk\u0131nda a\u00e7\u0131klamalarda bulundu<\/p>\n<p>\u0130\u00e7eri\u011fi G\u00f6r\u00fcnt\u00fcle <i class=\"fa fa-arrow-right ps-2\"\/><\/p>\n<\/p><\/div>\n<\/p><\/div>\n<\/p><\/div>\n<\/p><\/div>\n<p><span lang=\"TR\">\u0130l\u00e7elerde gerekli tesislerin olmad\u0131\u011f\u0131n\u0131, planlama ile devlet imkanlar\u0131 i\u00e7erisinde gereken ad\u0131mlar\u0131n at\u0131labilece\u011fini ifade eden \u00d6zuslu, futbol yan\u0131nda di\u011fer alanlara da \u00f6nem verilmesini istedi. <\/span><\/p>\n<p><span lang=\"TR\">Ba\u015far\u0131l\u0131 sporculara katk\u0131 verilmesinin sevindirici oldu\u011funu, bunu desteklediklerini ve art\u0131r\u0131lmas\u0131n\u0131 istediklerini ifade eden \u00d6zuslu, belediyelerin spor altyap\u0131s\u0131na yat\u0131r\u0131mlar\u0131n da s\u00fcrmesini temenni etti. \u00d6zuslu, sporcular\u0131 d\u00fcnya ile bulu\u015fturacak yeni ad\u0131mlar at\u0131lmas\u0131n\u0131n b\u00fcy\u00fck \u00f6nem ta\u015f\u0131d\u0131\u011f\u0131n\u0131 ifade ederek, yeni hedeflerin spor a\u00e7\u0131s\u0131ndan \u00f6nemli oldu\u011funu kaydetti. \u00d6zuslu, spora gereken \u00f6nemin verilmesini istedi.<\/span><\/p>\n<p><span lang=\"TR\">-Amcao\u011flu<\/span><\/p>\n<p><span lang=\"TR\">Ekonomi ve Enerji Bakan\u0131 Olgun Amcao\u011flu da, spora 300 milyon dolay\u0131nda bir kaynak ayr\u0131ld\u0131\u011f\u0131n\u0131, spora yat\u0131r\u0131mlarda yerel y\u00f6netimlerle i\u015fbirli\u011finin b\u00fcy\u00fck \u00f6nem ta\u015f\u0131d\u0131\u011f\u0131n\u0131, Bakanlar Kurulu&#8217;nda da bu konuyu detayl\u0131 ele ald\u0131klar\u0131n\u0131 s\u00f6yledi. <\/span><\/p>\n<p><span lang=\"TR\">Yeni yap\u0131lan \u00e7al\u0131\u015fmalarda \u201cGen\u00e7lik Spor ve K\u00fclt\u00fcr Bakanl\u0131\u011f\u0131\u201d olarak yeni bir ad\u0131m at\u0131lmas\u0131 karar\u0131 al\u0131nd\u0131\u011f\u0131n\u0131 anlatan Amcao\u011flu, Buse Sava\u015fkan \u00fczerinden yeni Sava\u015fkan\u2019lar yaratmak amac\u0131yla ad\u0131mlar at\u0131ld\u0131\u011f\u0131n\u0131, bu \u00e7er\u00e7evede \u00fclke genelinde spora gereken \u00f6nemin verildi\u011fini, ancak sporun da bakanl\u0131k olarak yoluna devam etmesi gerekti\u011fine kat\u0131ld\u0131\u011f\u0131n\u0131 kaydetti. <\/span><\/p>\n<p><span lang=\"TR\">-Ulu\u00e7ay<\/span><\/p>\n<p><span lang=\"TR\">Cumhuriyet\u00e7i T\u00fcrk Partisi Gazima\u011fusa Milletvekili Teberr\u00fcken Ulu\u00e7ay ise, \u201c\u00c7ar\u015f\u0131, Ekonomi ve Siyaset\u201d konulu g\u00fcncel konu\u015fma yapt\u0131. Ulu\u00e7ay, spora yat\u0131r\u0131m\u0131n e\u011fitim a\u00e7\u0131s\u0131ndan da iyi bir yat\u0131r\u0131m oldu\u011funu ifade ederek, Spor Bakanl\u0131\u011f\u0131n\u0131n olu\u015fturulmas\u0131n\u0131n \u00f6nemli bir ad\u0131m olaca\u011f\u0131na i\u015faret etti. <\/span><\/p>\n<p><span lang=\"TR\">Ulu\u00e7ay, bu co\u011frafyada ak\u0131l almaz anlams\u0131z geli\u015fmeler ya\u015fand\u0131\u011f\u0131n\u0131, karamsar bir ortam yaratt\u0131\u011f\u0131n\u0131, ekonomiyi olumsuz etkiledi\u011fini, yat\u0131r\u0131mlar\u0131 d\u00fc\u015f\u00fcrd\u00fc\u011f\u00fcn\u00fc, d\u00f6vizi hareketlendirdi\u011fini anlatt\u0131. <\/span><\/p>\n<p><span lang=\"TR\">T\u00fcrkiye Cumhuriyeti&#8217;nin ekonomiye y\u00f6nelik planlama ve enflasyonu d\u00fc\u015f\u00fcrme \u00e7abalar\u0131na i\u015faret eden Ulu\u00e7ay, T\u00fcrkiye ile KKTC aras\u0131ndaki hayat pahal\u0131l\u0131\u011f\u0131 oranlar\u0131n\u0131 kar\u015f\u0131la\u015ft\u0131rd\u0131. <\/span><\/p>\n<p><span lang=\"TR\">T\u00fcrkiye Cumhuriyeti&#8217;nin KKTC\u2019ye deste\u011fine i\u015faret eden Ulu\u00e7ay, bu belirsiz ortamda, T\u00fcrkiye\u2019den \u00fclkeye gelen kaynaklar\u0131n iyi de\u011ferlendirilmesi gerekti\u011fini vurgulad\u0131. T\u00fcrkiye Maliye Bakan\u0131 Mehmet \u015eim\u015fek\u2019in KKTC\u2019ye deste\u011fine de i\u015faret eden Ulu\u00e7ay, KKTC\u2019nin potansiyellerini iyi de\u011ferlendirmesi, \u00f6zellikle turizm alan\u0131nda \u00f6nemli bir f\u0131rsat\u0131 oldu\u011funa vurgu yapt\u0131. <\/span><\/p>\n<p><span lang=\"TR\">\u0130ngiltere\u2019den \u00fclkeye daha fazla turist \u00e7ekebilmek ad\u0131na ad\u0131mlar at\u0131lmas\u0131 gerekti\u011fini ifade eden Ulu\u00e7ay, \u00fclkenin gelirlerini art\u0131rmak i\u00e7in gereken ad\u0131mlar\u0131n at\u0131lmas\u0131n\u0131n \u00f6nemli oldu\u011funu anlatt\u0131. <\/span><\/p>\n<\/p><\/div>\n<p><br \/>\n<br \/><a href=\"> K\u0131br\u0131s dakik<\/a><\/p>\n","protected":false},"excerpt":{"rendered":"<p>Cumhuriyet Meclisi Genel Kurulu&#8217;nda milletvekillerinin g\u00fcncel konu\u015fma istemlerine yer verildi. Genel kurul toplant\u0131s\u0131 konu\u015fmalar\u0131n ard\u0131ndan 18.00 s\u0131ralar\u0131nda tamamland\u0131. Genel Kurul&#8217;un bir sonraki birle\u015fim 23 Haziran Pazartesi saat 10.00\u2019da yap\u0131lacak. -\u015eahali Cumhuriyet\u00e7i T\u00fcrk Partisi Gazima\u011fusa Milletvekili Erkut \u015eahali, \u201cHayvan Hastal\u0131klar\u0131 Kol Gezerken Canl\u0131 Hayvan \u0130thalat\u0131\u201d konulu g\u00fcncel yapt\u0131. \u015eahali, \u00fclkede s\u00fct konusunda s\u0131k\u0131nt\u0131 ya\u015fand\u0131\u011f\u0131n\u0131, S\u00fctek\u2019te s\u0131k\u0131nt\u0131lar<\/p>\n","protected":false},"author":1,"featured_media":84841,"comment_status":"open","ping_status":"open","sticky":false,"template":"","format":"standard","meta":{"footnotes":""},"categories":[81,101],"tags":[],"class_list":["post-84840","post","type-post","status-publish","format-standard","has-post-thumbnail","hentry","category-kibris","category-manset"],"yoast_head":"<!-- This site is optimized with the Yoast SEO plugin v28.4 - https:\/\/yoast.com\/product\/yoast-seo-wordpress\/ -->\n<title>Meclis Genel Kurul toplant\u0131s\u0131 tamamland\u0131 -<\/title>\n<meta name=\"robots\" content=\"index, follow, max-snippet:-1, max-image-preview:large, max-video-preview:-1\" \/>\n<link rel=\"canonical\" href=\"https:\/\/kibrisdakik.com\/?p=84840\" \/>\n<meta property=\"og:locale\" content=\"tr_TR\" \/>\n<meta property=\"og:type\" content=\"article\" \/>\n<meta property=\"og:title\" content=\"Meclis Genel Kurul toplant\u0131s\u0131 tamamland\u0131 -\" \/>\n<meta property=\"og:description\" content=\"Cumhuriyet Meclisi Genel Kurulu&#8217;nda milletvekillerinin g\u00fcncel konu\u015fma istemlerine yer verildi. Genel kurul toplant\u0131s\u0131 konu\u015fmalar\u0131n ard\u0131ndan 18.00 s\u0131ralar\u0131nda tamamland\u0131. Genel Kurul&#8217;un bir sonraki birle\u015fim 23 Haziran Pazartesi saat 10.00\u2019da yap\u0131lacak. -\u015eahali Cumhuriyet\u00e7i T\u00fcrk Partisi Gazima\u011fusa Milletvekili Erkut \u015eahali, \u201cHayvan Hastal\u0131klar\u0131 Kol Gezerken Canl\u0131 Hayvan \u0130thalat\u0131\u201d konulu g\u00fcncel yapt\u0131. \u015eahali, \u00fclkede s\u00fct konusunda s\u0131k\u0131nt\u0131 ya\u015fand\u0131\u011f\u0131n\u0131, S\u00fctek\u2019te s\u0131k\u0131nt\u0131lar\" \/>\n<meta property=\"og:url\" content=\"https:\/\/kibrisdakik.com\/?p=84840\" \/>\n<meta property=\"article:published_time\" content=\"2025-06-17T15:57:14+00:00\" \/>\n<meta property=\"og:image\" content=\"https:\/\/kibrisdakik.com\/wp-content\/uploads\/2025\/06\/meclis1-11-740x420.jpeg\" \/>\n\t<meta property=\"og:image:width\" content=\"1600\" \/>\n\t<meta property=\"og:image:height\" content=\"1066\" \/>\n\t<meta property=\"og:image:type\" content=\"image\/jpeg\" \/>\n<meta name=\"author\" content=\"admin\" \/>\n<meta name=\"twitter:card\" content=\"summary_large_image\" \/>\n<meta name=\"twitter:label1\" content=\"Yazan:\" \/>\n\t<meta name=\"twitter:data1\" content=\"admin\" \/>\n\t<meta name=\"twitter:label2\" content=\"Tahmini okuma s\u00fcresi\" \/>\n\t<meta name=\"twitter:data2\" content=\"5 dakika\" \/>\n<script type=\"application\/ld+json\" class=\"yoast-schema-graph\">{\"@context\":\"https:\\\/\\\/schema.org\",\"@graph\":[{\"@type\":\"Article\",\"@id\":\"https:\\\/\\\/kibrisdakik.com\\\/?p=84840#article\",\"isPartOf\":{\"@id\":\"https:\\\/\\\/kibrisdakik.com\\\/?p=84840\"},\"author\":{\"name\":\"admin\",\"@id\":\"https:\\\/\\\/kibrisdakik.com\\\/#\\\/schema\\\/person\\\/9cd9d437bbb44f72b73ba127e06d8e79\"},\"headline\":\"Meclis Genel Kurul toplant\u0131s\u0131 tamamland\u0131\",\"datePublished\":\"2025-06-17T15:57:14+00:00\",\"mainEntityOfPage\":{\"@id\":\"https:\\\/\\\/kibrisdakik.com\\\/?p=84840\"},\"wordCount\":976,\"commentCount\":0,\"publisher\":{\"@id\":\"https:\\\/\\\/kibrisdakik.com\\\/#organization\"},\"image\":{\"@id\":\"https:\\\/\\\/kibrisdakik.com\\\/?p=84840#primaryimage\"},\"thumbnailUrl\":\"https:\\\/\\\/kibrisdakik.com\\\/wp-content\\\/uploads\\\/2025\\\/06\\\/meclis1-11-740x420.jpeg\",\"articleSection\":[\"K\u0131br\u0131s\",\"Man\u015fet\"],\"inLanguage\":\"tr\",\"potentialAction\":[{\"@type\":\"CommentAction\",\"name\":\"Comment\",\"target\":[\"https:\\\/\\\/kibrisdakik.com\\\/?p=84840#respond\"]}]},{\"@type\":\"WebPage\",\"@id\":\"https:\\\/\\\/kibrisdakik.com\\\/?p=84840\",\"url\":\"https:\\\/\\\/kibrisdakik.com\\\/?p=84840\",\"name\":\"Meclis Genel Kurul toplant\u0131s\u0131 tamamland\u0131 -\",\"isPartOf\":{\"@id\":\"https:\\\/\\\/kibrisdakik.com\\\/#website\"},\"primaryImageOfPage\":{\"@id\":\"https:\\\/\\\/kibrisdakik.com\\\/?p=84840#primaryimage\"},\"image\":{\"@id\":\"https:\\\/\\\/kibrisdakik.com\\\/?p=84840#primaryimage\"},\"thumbnailUrl\":\"https:\\\/\\\/kibrisdakik.com\\\/wp-content\\\/uploads\\\/2025\\\/06\\\/meclis1-11-740x420.jpeg\",\"datePublished\":\"2025-06-17T15:57:14+00:00\",\"breadcrumb\":{\"@id\":\"https:\\\/\\\/kibrisdakik.com\\\/?p=84840#breadcrumb\"},\"inLanguage\":\"tr\",\"potentialAction\":[{\"@type\":\"ReadAction\",\"target\":[\"https:\\\/\\\/kibrisdakik.com\\\/?p=84840\"]}]},{\"@type\":\"ImageObject\",\"inLanguage\":\"tr\",\"@id\":\"https:\\\/\\\/kibrisdakik.com\\\/?p=84840#primaryimage\",\"url\":\"https:\\\/\\\/kibrisdakik.com\\\/wp-content\\\/uploads\\\/2025\\\/06\\\/meclis1-11-740x420.jpeg\",\"contentUrl\":\"https:\\\/\\\/kibrisdakik.com\\\/wp-content\\\/uploads\\\/2025\\\/06\\\/meclis1-11-740x420.jpeg\",\"width\":1600,\"height\":1066},{\"@type\":\"BreadcrumbList\",\"@id\":\"https:\\\/\\\/kibrisdakik.com\\\/?p=84840#breadcrumb\",\"itemListElement\":[{\"@type\":\"ListItem\",\"position\":1,\"name\":\"Home\",\"item\":\"https:\\\/\\\/kibrisdakik.com\\\/\"},{\"@type\":\"ListItem\",\"position\":2,\"name\":\"Meclis Genel Kurul toplant\u0131s\u0131 tamamland\u0131\"}]},{\"@type\":\"WebSite\",\"@id\":\"https:\\\/\\\/kibrisdakik.com\\\/#website\",\"url\":\"https:\\\/\\\/kibrisdakik.com\\\/\",\"name\":\"K\u0131br\u0131s Dakik\",\"description\":\"Tam vaktinde haber\",\"publisher\":{\"@id\":\"https:\\\/\\\/kibrisdakik.com\\\/#organization\"},\"potentialAction\":[{\"@type\":\"SearchAction\",\"target\":{\"@type\":\"EntryPoint\",\"urlTemplate\":\"https:\\\/\\\/kibrisdakik.com\\\/?s={search_term_string}\"},\"query-input\":{\"@type\":\"PropertyValueSpecification\",\"valueRequired\":true,\"valueName\":\"search_term_string\"}}],\"inLanguage\":\"tr\"},{\"@type\":\"Organization\",\"@id\":\"https:\\\/\\\/kibrisdakik.com\\\/#organization\",\"name\":\"K\u0131br\u0131s Dakik\",\"url\":\"https:\\\/\\\/kibrisdakik.com\\\/\",\"logo\":{\"@type\":\"ImageObject\",\"inLanguage\":\"tr\",\"@id\":\"https:\\\/\\\/kibrisdakik.com\\\/#\\\/schema\\\/logo\\\/image\\\/\",\"url\":\"https:\\\/\\\/kibrisdakik.com\\\/wp-content\\\/uploads\\\/2025\\\/10\\\/cropped-WhatsApp-Image-2025-10-02-at-12.58.31.jpeg\",\"contentUrl\":\"https:\\\/\\\/kibrisdakik.com\\\/wp-content\\\/uploads\\\/2025\\\/10\\\/cropped-WhatsApp-Image-2025-10-02-at-12.58.31.jpeg\",\"width\":1237,\"height\":190,\"caption\":\"K\u0131br\u0131s Dakik\"},\"image\":{\"@id\":\"https:\\\/\\\/kibrisdakik.com\\\/#\\\/schema\\\/logo\\\/image\\\/\"}},{\"@type\":\"Person\",\"@id\":\"https:\\\/\\\/kibrisdakik.com\\\/#\\\/schema\\\/person\\\/9cd9d437bbb44f72b73ba127e06d8e79\",\"name\":\"admin\",\"image\":{\"@type\":\"ImageObject\",\"inLanguage\":\"tr\",\"@id\":\"https:\\\/\\\/secure.gravatar.com\\\/avatar\\\/ccc17943b9d660506c869530f897617f7cb1c21a4bf30023f252596d83e1f007?s=96&d=mm&r=g\",\"url\":\"https:\\\/\\\/secure.gravatar.com\\\/avatar\\\/ccc17943b9d660506c869530f897617f7cb1c21a4bf30023f252596d83e1f007?s=96&d=mm&r=g\",\"contentUrl\":\"https:\\\/\\\/secure.gravatar.com\\\/avatar\\\/ccc17943b9d660506c869530f897617f7cb1c21a4bf30023f252596d83e1f007?s=96&d=mm&r=g\",\"caption\":\"admin\"},\"sameAs\":[\"https:\\\/\\\/kibrisdakik.com\"],\"url\":\"https:\\\/\\\/kibrisdakik.com\\\/?author=1\"}]}<\/script>\n<!-- \/ Yoast SEO plugin. -->","yoast_head_json":{"title":"Meclis Genel Kurul toplant\u0131s\u0131 tamamland\u0131 -","robots":{"index":"index","follow":"follow","max-snippet":"max-snippet:-1","max-image-preview":"max-image-preview:large","max-video-preview":"max-video-preview:-1"},"canonical":"https:\/\/kibrisdakik.com\/?p=84840","og_locale":"tr_TR","og_type":"article","og_title":"Meclis Genel Kurul toplant\u0131s\u0131 tamamland\u0131 -","og_description":"Cumhuriyet Meclisi Genel Kurulu&#8217;nda milletvekillerinin g\u00fcncel konu\u015fma istemlerine yer verildi. Genel kurul toplant\u0131s\u0131 konu\u015fmalar\u0131n ard\u0131ndan 18.00 s\u0131ralar\u0131nda tamamland\u0131. Genel Kurul&#8217;un bir sonraki birle\u015fim 23 Haziran Pazartesi saat 10.00\u2019da yap\u0131lacak. -\u015eahali Cumhuriyet\u00e7i T\u00fcrk Partisi Gazima\u011fusa Milletvekili Erkut \u015eahali, \u201cHayvan Hastal\u0131klar\u0131 Kol Gezerken Canl\u0131 Hayvan \u0130thalat\u0131\u201d konulu g\u00fcncel yapt\u0131. \u015eahali, \u00fclkede s\u00fct konusunda s\u0131k\u0131nt\u0131 ya\u015fand\u0131\u011f\u0131n\u0131, S\u00fctek\u2019te s\u0131k\u0131nt\u0131lar","og_url":"https:\/\/kibrisdakik.com\/?p=84840","article_published_time":"2025-06-17T15:57:14+00:00","og_image":[{"width":1600,"height":1066,"url":"https:\/\/kibrisdakik.com\/wp-content\/uploads\/2025\/06\/meclis1-11-740x420.jpeg","type":"image\/jpeg"}],"author":"admin","twitter_card":"summary_large_image","twitter_misc":{"Yazan:":"admin","Tahmini okuma s\u00fcresi":"5 dakika"},"schema":{"@context":"https:\/\/schema.org","@graph":[{"@type":"Article","@id":"https:\/\/kibrisdakik.com\/?p=84840#article","isPartOf":{"@id":"https:\/\/kibrisdakik.com\/?p=84840"},"author":{"name":"admin","@id":"https:\/\/kibrisdakik.com\/#\/schema\/person\/9cd9d437bbb44f72b73ba127e06d8e79"},"headline":"Meclis Genel Kurul toplant\u0131s\u0131 tamamland\u0131","datePublished":"2025-06-17T15:57:14+00:00","mainEntityOfPage":{"@id":"https:\/\/kibrisdakik.com\/?p=84840"},"wordCount":976,"commentCount":0,"publisher":{"@id":"https:\/\/kibrisdakik.com\/#organization"},"image":{"@id":"https:\/\/kibrisdakik.com\/?p=84840#primaryimage"},"thumbnailUrl":"https:\/\/kibrisdakik.com\/wp-content\/uploads\/2025\/06\/meclis1-11-740x420.jpeg","articleSection":["K\u0131br\u0131s","Man\u015fet"],"inLanguage":"tr","potentialAction":[{"@type":"CommentAction","name":"Comment","target":["https:\/\/kibrisdakik.com\/?p=84840#respond"]}]},{"@type":"WebPage","@id":"https:\/\/kibrisdakik.com\/?p=84840","url":"https:\/\/kibrisdakik.com\/?p=84840","name":"Meclis Genel Kurul toplant\u0131s\u0131 tamamland\u0131 -","isPartOf":{"@id":"https:\/\/kibrisdakik.com\/#website"},"primaryImageOfPage":{"@id":"https:\/\/kibrisdakik.com\/?p=84840#primaryimage"},"image":{"@id":"https:\/\/kibrisdakik.com\/?p=84840#primaryimage"},"thumbnailUrl":"https:\/\/kibrisdakik.com\/wp-content\/uploads\/2025\/06\/meclis1-11-740x420.jpeg","datePublished":"2025-06-17T15:57:14+00:00","breadcrumb":{"@id":"https:\/\/kibrisdakik.com\/?p=84840#breadcrumb"},"inLanguage":"tr","potentialAction":[{"@type":"ReadAction","target":["https:\/\/kibrisdakik.com\/?p=84840"]}]},{"@type":"ImageObject","inLanguage":"tr","@id":"https:\/\/kibrisdakik.com\/?p=84840#primaryimage","url":"https:\/\/kibrisdakik.com\/wp-content\/uploads\/2025\/06\/meclis1-11-740x420.jpeg","contentUrl":"https:\/\/kibrisdakik.com\/wp-content\/uploads\/2025\/06\/meclis1-11-740x420.jpeg","width":1600,"height":1066},{"@type":"BreadcrumbList","@id":"https:\/\/kibrisdakik.com\/?p=84840#breadcrumb","itemListElement":[{"@type":"ListItem","position":1,"name":"Home","item":"https:\/\/kibrisdakik.com\/"},{"@type":"ListItem","position":2,"name":"Meclis Genel Kurul toplant\u0131s\u0131 tamamland\u0131"}]},{"@type":"WebSite","@id":"https:\/\/kibrisdakik.com\/#website","url":"https:\/\/kibrisdakik.com\/","name":"K\u0131br\u0131s Dakik","description":"Tam vaktinde haber","publisher":{"@id":"https:\/\/kibrisdakik.com\/#organization"},"potentialAction":[{"@type":"SearchAction","target":{"@type":"EntryPoint","urlTemplate":"https:\/\/kibrisdakik.com\/?s={search_term_string}"},"query-input":{"@type":"PropertyValueSpecification","valueRequired":true,"valueName":"search_term_string"}}],"inLanguage":"tr"},{"@type":"Organization","@id":"https:\/\/kibrisdakik.com\/#organization","name":"K\u0131br\u0131s Dakik","url":"https:\/\/kibrisdakik.com\/","logo":{"@type":"ImageObject","inLanguage":"tr","@id":"https:\/\/kibrisdakik.com\/#\/schema\/logo\/image\/","url":"https:\/\/kibrisdakik.com\/wp-content\/uploads\/2025\/10\/cropped-WhatsApp-Image-2025-10-02-at-12.58.31.jpeg","contentUrl":"https:\/\/kibrisdakik.com\/wp-content\/uploads\/2025\/10\/cropped-WhatsApp-Image-2025-10-02-at-12.58.31.jpeg","width":1237,"height":190,"caption":"K\u0131br\u0131s Dakik"},"image":{"@id":"https:\/\/kibrisdakik.com\/#\/schema\/logo\/image\/"}},{"@type":"Person","@id":"https:\/\/kibrisdakik.com\/#\/schema\/person\/9cd9d437bbb44f72b73ba127e06d8e79","name":"admin","image":{"@type":"ImageObject","inLanguage":"tr","@id":"https:\/\/secure.gravatar.com\/avatar\/ccc17943b9d660506c869530f897617f7cb1c21a4bf30023f252596d83e1f007?s=96&d=mm&r=g","url":"https:\/\/secure.gravatar.com\/avatar\/ccc17943b9d660506c869530f897617f7cb1c21a4bf30023f252596d83e1f007?s=96&d=mm&r=g","contentUrl":"https:\/\/secure.gravatar.com\/avatar\/ccc17943b9d660506c869530f897617f7cb1c21a4bf30023f252596d83e1f007?s=96&d=mm&r=g","caption":"admin"},"sameAs":["https:\/\/kibrisdakik.com"],"url":"https:\/\/kibrisdakik.com\/?author=1"}]}},"_links":{"self":[{"href":"https:\/\/kibrisdakik.com\/index.php?rest_route=\/wp\/v2\/posts\/84840","targetHints":{"allow":["GET"]}}],"collection":[{"href":"https:\/\/kibrisdakik.com\/index.php?rest_route=\/wp\/v2\/posts"}],"about":[{"href":"https:\/\/kibrisdakik.com\/index.php?rest_route=\/wp\/v2\/types\/post"}],"author":[{"embeddable":true,"href":"https:\/\/kibrisdakik.com\/index.php?rest_route=\/wp\/v2\/users\/1"}],"replies":[{"embeddable":true,"href":"https:\/\/kibrisdakik.com\/index.php?rest_route=%2Fwp%2Fv2%2Fcomments&post=84840"}],"version-history":[{"count":0,"href":"https:\/\/kibrisdakik.com\/index.php?rest_route=\/wp\/v2\/posts\/84840\/revisions"}],"wp:featuredmedia":[{"embeddable":true,"href":"https:\/\/kibrisdakik.com\/index.php?rest_route=\/wp\/v2\/media\/84841"}],"wp:attachment":[{"href":"https:\/\/kibrisdakik.com\/index.php?rest_route=%2Fwp%2Fv2%2Fmedia&parent=84840"}],"wp:term":[{"taxonomy":"category","embeddable":true,"href":"https:\/\/kibrisdakik.com\/index.php?rest_route=%2Fwp%2Fv2%2Fcategories&post=84840"},{"taxonomy":"post_tag","embeddable":true,"href":"https:\/\/kibrisdakik.com\/index.php?rest_route=%2Fwp%2Fv2%2Ftags&post=84840"}],"curies":[{"name":"wp","href":"https:\/\/api.w.org\/{rel}","templated":true}]}}