{"id":84844,"date":"2025-06-17T19:58:06","date_gmt":"2025-06-17T16:58:06","guid":{"rendered":"https:\/\/kibrisdakik.com\/index.php\/2025\/06\/17\/tatar-kibris-turk-halkinin-egemenlik-hakkini-korumak-icin-birlikte-hareket-etmeliyiz-hepimiz-ayni-gemideyiz\/"},"modified":"2025-06-17T19:58:06","modified_gmt":"2025-06-17T16:58:06","slug":"tatar-kibris-turk-halkinin-egemenlik-hakkini-korumak-icin-birlikte-hareket-etmeliyiz-hepimiz-ayni-gemideyiz","status":"publish","type":"post","link":"https:\/\/kibrisdakik.com\/?p=84844","title":{"rendered":"Tatar : &#8220;K\u0131br\u0131s T\u00fcrk halk\u0131n\u0131n egemenlik hakk\u0131n\u0131 korumak i\u00e7in birlikte hareket etmeliyiz&#8230;Hepimiz ayn\u0131 gemideyiz&#8221;"},"content":{"rendered":"<p> <br \/>\n<\/p>\n<div data-text-id=\"78303\" property=\"articleBody\">\n<p><span>Cumhurba\u015fkan\u0131 Ersin Tatar, K\u0131br\u0131s T\u00fcrk halk\u0131n\u0131n egemenlik hakk\u0131n\u0131 korumak i\u00e7in birlikte hareket edilmesi gerekti\u011fini kaydederek, \u201cHepimiz ayn\u0131 gemideyiz\u201d dedi.<\/span><\/p>\n<p><span>Cumhuriyet Meclisi\u2019nin Cumhurba\u015fkan\u0131\u2019n\u0131n kat\u0131l\u0131m\u0131yla ger\u00e7ekle\u015ftirdi\u011fi ola\u011fan\u00fcst\u00fc birle\u015fim sonras\u0131<\/span> Ersin Tatar, bas\u0131na a\u00e7\u0131klamalarda bulundu.<\/p>\n<p><span>\u0130lk s\u00f6z\u00fc alan Cumhuriyet Meclisi Ba\u015fkan\u0131 Ziya \u00d6zt\u00fcrkler, Tatar\u2019\u0131n K\u0131br\u0131s konusundaki geli\u015fmeleri de\u011ferlendirmek \u00fczere yeni Meclis yerle\u015fkesindeki ilk ola\u011fan\u00fcst\u00fc birle\u015fime kat\u0131ld\u0131\u011f\u0131n\u0131, bu toplant\u0131n\u0131n tarih sayfalar\u0131ndaki yerini ald\u0131\u011f\u0131n\u0131 s\u00f6yledi.<\/span><\/p>\n<p>\u00d6zt\u00fcrkler, bilgi ve g\u00f6r\u00fc\u015f al\u0131\u015fveri\u015fi ile de\u011ferlendirmelerin yap\u0131ld\u0131\u011f\u0131 toplant\u0131n\u0131n verimli ve ba\u015far\u0131l\u0131 ge\u00e7ti\u011fini ifade ederek, birle\u015fimin 48 milletvekilinin kat\u0131l\u0131m\u0131yla ger\u00e7ekle\u015fti\u011fini dile getirdi.<\/p>\n<p>Meclis Ba\u015fkan\u0131 \u00d6zt\u00fcrkler, Tatar\u2019a katk\u0131s\u0131 ve de\u011ferlendirmeleri i\u00e7in te\u015fekk\u00fcr de etti.<\/p>\n<p>-Tatar<\/p>\n<p>Cumhurba\u015fkan\u0131 Ersin Tatar ise Meclis Ba\u015fkan\u0131 Ziya \u00d6zt\u00fcrkler\u2019e, Ba\u015fbakan \u00dcnal \u00dcstel\u2019e, parti ba\u015fkanlar\u0131na ve milletvekillerine misafirperverlikleri i\u00e7in te\u015fekk\u00fcr etti.<\/p>\n<p>3 May\u0131s\u2019ta TC Cumhurba\u015fkan\u0131 Recep Tayyip Erdo\u011fan\u2019\u0131n kat\u0131l\u0131m\u0131yla a\u00e7\u0131l\u0131\u015f\u0131 yap\u0131lan Cumhuriyet Meclisi\u2019nde ilk kez konu\u015fma f\u0131rsat\u0131 buldu\u011funu s\u00f6yleyen Tatar, memnuniyetini dile getirerek, Meclis binas\u0131n\u0131n K\u0131br\u0131s T\u00fcrk halk\u0131 ile Kuzey K\u0131br\u0131s T\u00fcrk Cumhuriyeti\u2019nin simgesi oldu\u011funu vurgulad\u0131.<\/p>\n<p>Tatar, konu\u015fmas\u0131nda 2020\u2019de kazand\u0131\u011f\u0131 Cumhurba\u015fkanl\u0131\u011f\u0131 se\u00e7imi sonras\u0131 y\u00fcr\u00fctt\u00fckleri iki devletli siyasete de\u011finerek, ancak K\u0131br\u0131s T\u00fcrk halk\u0131n\u0131n egemen e\u015fitli\u011fi ve e\u015fit uluslararas\u0131 stat\u00fcs\u00fcn\u00fcn kabul\u00fcyle m\u00fczakere masas\u0131na d\u00f6n\u00fclebilece\u011fini, bunu ilk kez 2021\u2019de Cenevre\u2019de dile getirdiklerini an\u0131msatt\u0131.<\/p>\n<p>Tatar, K\u0131br\u0131s\u2019ta federal temelde bir \u00e7\u00f6z\u00fcm i\u00e7in zaman kaybedildi\u011fini, tecr\u00fcbelerin de bu y\u00f6nde oldu\u011funu ifade ederek, Annan Plan\u0131 d\u00f6neminde ve sonras\u0131nda, Crans-Montana\u2019da ya\u015fananlara i\u015faret etti.<\/p>\n<p>Ortak zemin aray\u0131\u015f\u0131 ve yeni siyaseti anlatmak i\u00e7in farkl\u0131 g\u00f6r\u00fc\u015fmeler yap\u0131ld\u0131\u011f\u0131n\u0131, TC Cumhurba\u015fkan\u0131 Recep Tayyip Erdo\u011fan\u2019\u0131n garant\u00f6r devlet T\u00fcrkiye Cumhuriyeti ad\u0131na bu siyaseti her platformda defalarca kez dile getirdi\u011fini belirten Tatar, \u201cBu siyaset giderek yerle\u015fmi\u015ftir\u201d dedi.<\/p>\n<p>Tatar, 62 y\u0131ld\u0131r K\u0131br\u0131s T\u00fcrk halk\u0131 \u00fczerinde uygulanan haks\u0131z ambargo, izolasyon ve k\u0131s\u0131tlamalar\u0131n hafifletilmesine y\u00f6nelik \u00e7abalar\u0131n Birle\u015fmi\u015f Milletler nezdinde de anlay\u0131\u015fla kar\u015f\u0131land\u0131\u011f\u0131n\u0131 s\u00f6yledi.<\/p>\n<div class=\"post-flash\">\n        <!--\n\n<h3 class=\"post-flash__title\">G&ouml;zden ka&ccedil;&#305;rmay&#305;n<\/h3>\n\n--><\/p>\n<div class=\"row g-0 align-items-center\">\n<div class=\"col-5 col-sm-3\">\n                \n            <\/div>\n<div class=\"col-7 col-sm-9\">\n<div class=\"post-flash-heading p-2\">\n<p>TK\u00d6D: &#8220;Trafik kazalar\u0131n\u0131n \u00f6nlenebilmesi i\u00e7in e\u011fitim, denetim, m\u00fchendislik, acil yard\u0131m ve yasal eksiklikler giderilmeli<\/p>\n<p>\u0130\u00e7eri\u011fi G\u00f6r\u00fcnt\u00fcle <i class=\"fa fa-arrow-right ps-2\"\/><\/p>\n<\/p><\/div>\n<\/p><\/div>\n<\/p><\/div>\n<\/p><\/div>\n<p>B\u00f6lgedeki son geli\u015fmelerle ilgili de de\u011ferlendirmede bulunan, \u0130srail-\u0130ran aras\u0131ndaki \u00e7at\u0131\u015fmayla b\u00f6lgedeki tansiyonun y\u00fckseldi\u011fine i\u015faret eden Tatar, b\u00f6yle bir durumda kar\u015f\u0131 taraftan iyi niyet beklendi\u011fini ancak bunu g\u00f6remediklerini dile getirdi.<\/p>\n<p>Rum taraf\u0131n\u0131n kendi hukuk d\u00fczenindeki de\u011fi\u015fikliklerle mal-m\u00fclk konusundaki sald\u0131r\u0131lar\u0131na artan bir dozla devam etti\u011fini, Rum liderin K\u0131br\u0131s T\u00fcrk halk\u0131n\u0131n hak ve hukukunu dikkate almadan birtak\u0131m anla\u015fmalar yaparak buna t\u00fcm K\u0131br\u0131s\u2019\u0131 alet etti\u011fini belirten Ersin Tatar, \u201cK\u0131br\u0131s da tehlikeli bir noktaya getirildi\u201d dedi.<\/p>\n<p>G\u00fcvenlik konusunda T\u00fcrkiye Cumhuriyeti ile isti\u015fare, TC Milli Savunma Bakan\u0131 Ya\u015far G\u00fcler ile temasta olduklar\u0131n\u0131, buradaki komutanlarla g\u00f6r\u00fc\u015fmeler ger\u00e7ekle\u015ftirdi\u011fini s\u00f6yleyen Tatar, KKTC\u2019de gerekli her t\u00fcrl\u00fc tedbirin al\u0131nabilece\u011fini, buna y\u00f6nelik s\u0131k\u0131nt\u0131 olmad\u0131\u011f\u0131n\u0131 da vurgulad\u0131.<\/p>\n<p>K\u0131br\u0131s T\u00fcrk halk\u0131n\u0131n egemenlik haklar\u0131yla ilgili de konu\u015fan, bunun i\u00e7in birlikte hareket edilmesi, dik durulmas\u0131 gerekti\u011fini kaydeden Tatar, \u201cHepimiz ayn\u0131 gemideyiz\u201d dedi.<\/p>\n<p>Meclis\u2019in \u00f6zellikle m\u00fclkiyet konusunda bir deklarasyonla Kuzey K\u0131br\u0131s T\u00fcrk Cumhuriyeti\u2019nin kurum ve kuru\u015flar\u0131n\u0131n me\u015fruiyetini vurgulamas\u0131 gerekti\u011fini ifade eden Tatar, Avrupa \u0130nsan Haklar\u0131 Mahkemesi\u2019nin (A\u0130HM) K.V. Mediterranean Tours Limited ile ilgili karar\u0131na i\u015faret etti, Ta\u015f\u0131nmaz Mal Komisyonu\u2019nun (TMK) etkili bir kurum olarak kabul edildi\u011fini s\u00f6yledi.<\/p>\n<p>TC Cumhuriyeti D\u0131\u015fi\u015fleri Bakan\u0131 Hakan Fidan\u2019\u0131n bu konudaki a\u00e7\u0131klamas\u0131na da an\u0131msatan Tatar, \u201cKararda ders niteli\u011finde mesajlar var, bu mesajlar da Rumlarad\u0131r\u201d dedi.<\/p>\n<p>60 y\u0131ldan sonra bu kadar insan\u0131n hak ve hukukunu Rumlar\u0131n Anayasal d\u00fczenine g\u00f6re de\u011fi\u015ftirilemeyece\u011fini kaydeden Tatar, A\u0130HM\u2019in Xenides-Arestis ve Dimopulos kararlar\u0131na da i\u015faret etti.<\/p>\n<p>KKTC Anayasas\u0131\u2019na de\u011finen, terk edilen mallar\u0131n devletin m\u00fclkiyetine verildi\u011fini belirten Tatar, <span>uluslararas\u0131 hukuka uygun \u015fekilde hak elde etmi\u015f bireylerin, insan haklar\u0131n\u0131n ihlal edilmesine g\u00f6z yumulmamas\u0131 gerekti\u011fini vurgulad\u0131.<\/span><\/p>\n<p>\u201cMeclis bu konuda ses vermeli\u201d diyen Tatar, bug\u00fcnk\u00fc ola\u011fan\u00fcst\u00fc birle\u015fimde bunu dile getirdi\u011fini s\u00f6yledi.<\/p>\n<p><span new=\"\" roman=\"\" times=\"\">Cumhuriyet Meclisi\u2019nden K\u0131br\u0131s T\u00fcrk halk\u0131n\u0131n haklar\u0131n\u0131 g\u00fc\u00e7l\u00fc, tek y\u00fcrek ve tek v\u00fccut \u015fekilde d\u00fcnyaya hayk\u0131rmas\u0131n\u0131 istedi\u011fini belirten Tatar, milletvekillerini K\u0131br\u0131s T\u00fcrk halk\u0131n\u0131n m\u00fclkiyet hakk\u0131n\u0131, hukuk d\u00fczenini ve onurunu hedef alan bask\u0131c\u0131 Rum siyasetine kar\u015f\u0131 ses y\u00fckseltmeye \u00e7a\u011f\u0131rd\u0131\u011f\u0131n\u0131 ifade etti.<\/span><\/p>\n<p><span new=\"\" roman=\"\" times=\"\">\u201cKuzey K\u0131br\u0131s T\u00fcrk Cumhuriyeti\u2019nin kurumlar\u0131na, ba\u015fta Ta\u015f\u0131nmaz Mal Komisyonu olmak \u00fczere me\u015fru yap\u0131lar\u0131na y\u00f6nelen her t\u00fcrl\u00fc bask\u0131 reddedilmeli\u201d diyen Tatar, G\u00fcney K\u0131br\u0131s Rum Y\u00f6netimi\u2019nin sald\u0131rgan ve hukuk d\u0131\u015f\u0131 tutumuna son verilmesi i\u00e7in gerekli diplomatik ara\u00e7lar\u0131n devreye sokulmas\u0131 gerekti\u011fini de kaydetti.<\/span><\/p>\n<\/p><\/div>\n<p><br \/>\n<br \/><a href=\"> K\u0131br\u0131s dakik<\/a><\/p>\n","protected":false},"excerpt":{"rendered":"<p>Cumhurba\u015fkan\u0131 Ersin Tatar, K\u0131br\u0131s T\u00fcrk halk\u0131n\u0131n egemenlik hakk\u0131n\u0131 korumak i\u00e7in birlikte hareket edilmesi gerekti\u011fini kaydederek, \u201cHepimiz ayn\u0131 gemideyiz\u201d dedi. Cumhuriyet Meclisi\u2019nin Cumhurba\u015fkan\u0131\u2019n\u0131n kat\u0131l\u0131m\u0131yla ger\u00e7ekle\u015ftirdi\u011fi ola\u011fan\u00fcst\u00fc birle\u015fim sonras\u0131 Ersin Tatar, bas\u0131na a\u00e7\u0131klamalarda bulundu. \u0130lk s\u00f6z\u00fc alan Cumhuriyet Meclisi Ba\u015fkan\u0131 Ziya \u00d6zt\u00fcrkler, Tatar\u2019\u0131n K\u0131br\u0131s konusundaki geli\u015fmeleri de\u011ferlendirmek \u00fczere yeni Meclis yerle\u015fkesindeki ilk ola\u011fan\u00fcst\u00fc birle\u015fime kat\u0131ld\u0131\u011f\u0131n\u0131, bu toplant\u0131n\u0131n<\/p>\n","protected":false},"author":1,"featured_media":84845,"comment_status":"open","ping_status":"open","sticky":false,"template":"","format":"standard","meta":{"footnotes":""},"categories":[81,101],"tags":[],"class_list":["post-84844","post","type-post","status-publish","format-standard","has-post-thumbnail","hentry","category-kibris","category-manset"],"yoast_head":"<!-- This site is optimized with the Yoast SEO plugin v27.5 - https:\/\/yoast.com\/product\/yoast-seo-wordpress\/ -->\n<title>Tatar : &quot;K\u0131br\u0131s T\u00fcrk halk\u0131n\u0131n egemenlik hakk\u0131n\u0131 korumak i\u00e7in birlikte hareket etmeliyiz...Hepimiz ayn\u0131 gemideyiz&quot; -<\/title>\n<meta name=\"robots\" content=\"index, follow, max-snippet:-1, max-image-preview:large, max-video-preview:-1\" \/>\n<link rel=\"canonical\" href=\"https:\/\/kibrisdakik.com\/?p=84844\" \/>\n<meta property=\"og:locale\" content=\"tr_TR\" \/>\n<meta property=\"og:type\" content=\"article\" \/>\n<meta property=\"og:title\" content=\"Tatar : &quot;K\u0131br\u0131s T\u00fcrk halk\u0131n\u0131n egemenlik hakk\u0131n\u0131 korumak i\u00e7in birlikte hareket etmeliyiz...Hepimiz ayn\u0131 gemideyiz&quot; -\" \/>\n<meta property=\"og:description\" content=\"Cumhurba\u015fkan\u0131 Ersin Tatar, K\u0131br\u0131s T\u00fcrk halk\u0131n\u0131n egemenlik hakk\u0131n\u0131 korumak i\u00e7in birlikte hareket edilmesi gerekti\u011fini kaydederek, \u201cHepimiz ayn\u0131 gemideyiz\u201d dedi. Cumhuriyet Meclisi\u2019nin Cumhurba\u015fkan\u0131\u2019n\u0131n kat\u0131l\u0131m\u0131yla ger\u00e7ekle\u015ftirdi\u011fi ola\u011fan\u00fcst\u00fc birle\u015fim sonras\u0131 Ersin Tatar, bas\u0131na a\u00e7\u0131klamalarda bulundu. \u0130lk s\u00f6z\u00fc alan Cumhuriyet Meclisi Ba\u015fkan\u0131 Ziya \u00d6zt\u00fcrkler, Tatar\u2019\u0131n K\u0131br\u0131s konusundaki geli\u015fmeleri de\u011ferlendirmek \u00fczere yeni Meclis yerle\u015fkesindeki ilk ola\u011fan\u00fcst\u00fc birle\u015fime kat\u0131ld\u0131\u011f\u0131n\u0131, bu toplant\u0131n\u0131n\" \/>\n<meta property=\"og:url\" content=\"https:\/\/kibrisdakik.com\/?p=84844\" \/>\n<meta property=\"article:published_time\" content=\"2025-06-17T16:58:06+00:00\" \/>\n<meta property=\"og:image\" content=\"https:\/\/kibrisdakik.com\/wp-content\/uploads\/2025\/06\/tatar-31-740x420.jpg\" \/>\n\t<meta property=\"og:image:width\" content=\"2560\" \/>\n\t<meta property=\"og:image:height\" content=\"1707\" \/>\n\t<meta property=\"og:image:type\" content=\"image\/jpeg\" \/>\n<meta name=\"author\" content=\"admin\" \/>\n<meta name=\"twitter:card\" content=\"summary_large_image\" \/>\n<meta name=\"twitter:label1\" content=\"Yazan:\" \/>\n\t<meta name=\"twitter:data1\" content=\"admin\" \/>\n\t<meta name=\"twitter:label2\" content=\"Tahmini okuma s\u00fcresi\" \/>\n\t<meta name=\"twitter:data2\" content=\"5 dakika\" \/>\n<script type=\"application\/ld+json\" class=\"yoast-schema-graph\">{\"@context\":\"https:\\\/\\\/schema.org\",\"@graph\":[{\"@type\":\"Article\",\"@id\":\"https:\\\/\\\/kibrisdakik.com\\\/?p=84844#article\",\"isPartOf\":{\"@id\":\"https:\\\/\\\/kibrisdakik.com\\\/?p=84844\"},\"author\":{\"name\":\"admin\",\"@id\":\"https:\\\/\\\/kibrisdakik.com\\\/#\\\/schema\\\/person\\\/9cd9d437bbb44f72b73ba127e06d8e79\"},\"headline\":\"Tatar : &#8220;K\u0131br\u0131s T\u00fcrk halk\u0131n\u0131n egemenlik hakk\u0131n\u0131 korumak i\u00e7in birlikte hareket etmeliyiz&#8230;Hepimiz ayn\u0131 gemideyiz&#8221;\",\"datePublished\":\"2025-06-17T16:58:06+00:00\",\"mainEntityOfPage\":{\"@id\":\"https:\\\/\\\/kibrisdakik.com\\\/?p=84844\"},\"wordCount\":993,\"commentCount\":0,\"image\":{\"@id\":\"https:\\\/\\\/kibrisdakik.com\\\/?p=84844#primaryimage\"},\"thumbnailUrl\":\"https:\\\/\\\/kibrisdakik.com\\\/wp-content\\\/uploads\\\/2025\\\/06\\\/tatar-31-740x420.jpg\",\"articleSection\":[\"K\u0131br\u0131s\",\"Man\u015fet\"],\"inLanguage\":\"tr\",\"potentialAction\":[{\"@type\":\"CommentAction\",\"name\":\"Comment\",\"target\":[\"https:\\\/\\\/kibrisdakik.com\\\/?p=84844#respond\"]}]},{\"@type\":\"WebPage\",\"@id\":\"https:\\\/\\\/kibrisdakik.com\\\/?p=84844\",\"url\":\"https:\\\/\\\/kibrisdakik.com\\\/?p=84844\",\"name\":\"Tatar : \\\"K\u0131br\u0131s T\u00fcrk halk\u0131n\u0131n egemenlik hakk\u0131n\u0131 korumak i\u00e7in birlikte hareket etmeliyiz...Hepimiz ayn\u0131 gemideyiz\\\" -\",\"isPartOf\":{\"@id\":\"https:\\\/\\\/kibrisdakik.com\\\/#website\"},\"primaryImageOfPage\":{\"@id\":\"https:\\\/\\\/kibrisdakik.com\\\/?p=84844#primaryimage\"},\"image\":{\"@id\":\"https:\\\/\\\/kibrisdakik.com\\\/?p=84844#primaryimage\"},\"thumbnailUrl\":\"https:\\\/\\\/kibrisdakik.com\\\/wp-content\\\/uploads\\\/2025\\\/06\\\/tatar-31-740x420.jpg\",\"datePublished\":\"2025-06-17T16:58:06+00:00\",\"author\":{\"@id\":\"https:\\\/\\\/kibrisdakik.com\\\/#\\\/schema\\\/person\\\/9cd9d437bbb44f72b73ba127e06d8e79\"},\"breadcrumb\":{\"@id\":\"https:\\\/\\\/kibrisdakik.com\\\/?p=84844#breadcrumb\"},\"inLanguage\":\"tr\",\"potentialAction\":[{\"@type\":\"ReadAction\",\"target\":[\"https:\\\/\\\/kibrisdakik.com\\\/?p=84844\"]}]},{\"@type\":\"ImageObject\",\"inLanguage\":\"tr\",\"@id\":\"https:\\\/\\\/kibrisdakik.com\\\/?p=84844#primaryimage\",\"url\":\"https:\\\/\\\/kibrisdakik.com\\\/wp-content\\\/uploads\\\/2025\\\/06\\\/tatar-31-740x420.jpg\",\"contentUrl\":\"https:\\\/\\\/kibrisdakik.com\\\/wp-content\\\/uploads\\\/2025\\\/06\\\/tatar-31-740x420.jpg\",\"width\":2560,\"height\":1707},{\"@type\":\"BreadcrumbList\",\"@id\":\"https:\\\/\\\/kibrisdakik.com\\\/?p=84844#breadcrumb\",\"itemListElement\":[{\"@type\":\"ListItem\",\"position\":1,\"name\":\"Home\",\"item\":\"https:\\\/\\\/kibrisdakik.com\\\/\"},{\"@type\":\"ListItem\",\"position\":2,\"name\":\"Tatar : &#8220;K\u0131br\u0131s T\u00fcrk halk\u0131n\u0131n egemenlik hakk\u0131n\u0131 korumak i\u00e7in birlikte hareket etmeliyiz&#8230;Hepimiz ayn\u0131 gemideyiz&#8221;\"}]},{\"@type\":\"WebSite\",\"@id\":\"https:\\\/\\\/kibrisdakik.com\\\/#website\",\"url\":\"https:\\\/\\\/kibrisdakik.com\\\/\",\"name\":\"\",\"description\":\"Tam vaktinde haber\",\"potentialAction\":[{\"@type\":\"SearchAction\",\"target\":{\"@type\":\"EntryPoint\",\"urlTemplate\":\"https:\\\/\\\/kibrisdakik.com\\\/?s={search_term_string}\"},\"query-input\":{\"@type\":\"PropertyValueSpecification\",\"valueRequired\":true,\"valueName\":\"search_term_string\"}}],\"inLanguage\":\"tr\"},{\"@type\":\"Person\",\"@id\":\"https:\\\/\\\/kibrisdakik.com\\\/#\\\/schema\\\/person\\\/9cd9d437bbb44f72b73ba127e06d8e79\",\"name\":\"admin\",\"image\":{\"@type\":\"ImageObject\",\"inLanguage\":\"tr\",\"@id\":\"https:\\\/\\\/secure.gravatar.com\\\/avatar\\\/ccc17943b9d660506c869530f897617f7cb1c21a4bf30023f252596d83e1f007?s=96&d=mm&r=g\",\"url\":\"https:\\\/\\\/secure.gravatar.com\\\/avatar\\\/ccc17943b9d660506c869530f897617f7cb1c21a4bf30023f252596d83e1f007?s=96&d=mm&r=g\",\"contentUrl\":\"https:\\\/\\\/secure.gravatar.com\\\/avatar\\\/ccc17943b9d660506c869530f897617f7cb1c21a4bf30023f252596d83e1f007?s=96&d=mm&r=g\",\"caption\":\"admin\"},\"sameAs\":[\"https:\\\/\\\/kibrisdakik.com\"],\"url\":\"https:\\\/\\\/kibrisdakik.com\\\/?author=1\"}]}<\/script>\n<!-- \/ Yoast SEO plugin. -->","yoast_head_json":{"title":"Tatar : \"K\u0131br\u0131s T\u00fcrk halk\u0131n\u0131n egemenlik hakk\u0131n\u0131 korumak i\u00e7in birlikte hareket etmeliyiz...Hepimiz ayn\u0131 gemideyiz\" -","robots":{"index":"index","follow":"follow","max-snippet":"max-snippet:-1","max-image-preview":"max-image-preview:large","max-video-preview":"max-video-preview:-1"},"canonical":"https:\/\/kibrisdakik.com\/?p=84844","og_locale":"tr_TR","og_type":"article","og_title":"Tatar : \"K\u0131br\u0131s T\u00fcrk halk\u0131n\u0131n egemenlik hakk\u0131n\u0131 korumak i\u00e7in birlikte hareket etmeliyiz...Hepimiz ayn\u0131 gemideyiz\" -","og_description":"Cumhurba\u015fkan\u0131 Ersin Tatar, K\u0131br\u0131s T\u00fcrk halk\u0131n\u0131n egemenlik hakk\u0131n\u0131 korumak i\u00e7in birlikte hareket edilmesi gerekti\u011fini kaydederek, \u201cHepimiz ayn\u0131 gemideyiz\u201d dedi. Cumhuriyet Meclisi\u2019nin Cumhurba\u015fkan\u0131\u2019n\u0131n kat\u0131l\u0131m\u0131yla ger\u00e7ekle\u015ftirdi\u011fi ola\u011fan\u00fcst\u00fc birle\u015fim sonras\u0131 Ersin Tatar, bas\u0131na a\u00e7\u0131klamalarda bulundu. \u0130lk s\u00f6z\u00fc alan Cumhuriyet Meclisi Ba\u015fkan\u0131 Ziya \u00d6zt\u00fcrkler, Tatar\u2019\u0131n K\u0131br\u0131s konusundaki geli\u015fmeleri de\u011ferlendirmek \u00fczere yeni Meclis yerle\u015fkesindeki ilk ola\u011fan\u00fcst\u00fc birle\u015fime kat\u0131ld\u0131\u011f\u0131n\u0131, bu toplant\u0131n\u0131n","og_url":"https:\/\/kibrisdakik.com\/?p=84844","article_published_time":"2025-06-17T16:58:06+00:00","og_image":[{"width":2560,"height":1707,"url":"https:\/\/kibrisdakik.com\/wp-content\/uploads\/2025\/06\/tatar-31-740x420.jpg","type":"image\/jpeg"}],"author":"admin","twitter_card":"summary_large_image","twitter_misc":{"Yazan:":"admin","Tahmini okuma s\u00fcresi":"5 dakika"},"schema":{"@context":"https:\/\/schema.org","@graph":[{"@type":"Article","@id":"https:\/\/kibrisdakik.com\/?p=84844#article","isPartOf":{"@id":"https:\/\/kibrisdakik.com\/?p=84844"},"author":{"name":"admin","@id":"https:\/\/kibrisdakik.com\/#\/schema\/person\/9cd9d437bbb44f72b73ba127e06d8e79"},"headline":"Tatar : &#8220;K\u0131br\u0131s T\u00fcrk halk\u0131n\u0131n egemenlik hakk\u0131n\u0131 korumak i\u00e7in birlikte hareket etmeliyiz&#8230;Hepimiz ayn\u0131 gemideyiz&#8221;","datePublished":"2025-06-17T16:58:06+00:00","mainEntityOfPage":{"@id":"https:\/\/kibrisdakik.com\/?p=84844"},"wordCount":993,"commentCount":0,"image":{"@id":"https:\/\/kibrisdakik.com\/?p=84844#primaryimage"},"thumbnailUrl":"https:\/\/kibrisdakik.com\/wp-content\/uploads\/2025\/06\/tatar-31-740x420.jpg","articleSection":["K\u0131br\u0131s","Man\u015fet"],"inLanguage":"tr","potentialAction":[{"@type":"CommentAction","name":"Comment","target":["https:\/\/kibrisdakik.com\/?p=84844#respond"]}]},{"@type":"WebPage","@id":"https:\/\/kibrisdakik.com\/?p=84844","url":"https:\/\/kibrisdakik.com\/?p=84844","name":"Tatar : \"K\u0131br\u0131s T\u00fcrk halk\u0131n\u0131n egemenlik hakk\u0131n\u0131 korumak i\u00e7in birlikte hareket etmeliyiz...Hepimiz ayn\u0131 gemideyiz\" -","isPartOf":{"@id":"https:\/\/kibrisdakik.com\/#website"},"primaryImageOfPage":{"@id":"https:\/\/kibrisdakik.com\/?p=84844#primaryimage"},"image":{"@id":"https:\/\/kibrisdakik.com\/?p=84844#primaryimage"},"thumbnailUrl":"https:\/\/kibrisdakik.com\/wp-content\/uploads\/2025\/06\/tatar-31-740x420.jpg","datePublished":"2025-06-17T16:58:06+00:00","author":{"@id":"https:\/\/kibrisdakik.com\/#\/schema\/person\/9cd9d437bbb44f72b73ba127e06d8e79"},"breadcrumb":{"@id":"https:\/\/kibrisdakik.com\/?p=84844#breadcrumb"},"inLanguage":"tr","potentialAction":[{"@type":"ReadAction","target":["https:\/\/kibrisdakik.com\/?p=84844"]}]},{"@type":"ImageObject","inLanguage":"tr","@id":"https:\/\/kibrisdakik.com\/?p=84844#primaryimage","url":"https:\/\/kibrisdakik.com\/wp-content\/uploads\/2025\/06\/tatar-31-740x420.jpg","contentUrl":"https:\/\/kibrisdakik.com\/wp-content\/uploads\/2025\/06\/tatar-31-740x420.jpg","width":2560,"height":1707},{"@type":"BreadcrumbList","@id":"https:\/\/kibrisdakik.com\/?p=84844#breadcrumb","itemListElement":[{"@type":"ListItem","position":1,"name":"Home","item":"https:\/\/kibrisdakik.com\/"},{"@type":"ListItem","position":2,"name":"Tatar : &#8220;K\u0131br\u0131s T\u00fcrk halk\u0131n\u0131n egemenlik hakk\u0131n\u0131 korumak i\u00e7in birlikte hareket etmeliyiz&#8230;Hepimiz ayn\u0131 gemideyiz&#8221;"}]},{"@type":"WebSite","@id":"https:\/\/kibrisdakik.com\/#website","url":"https:\/\/kibrisdakik.com\/","name":"","description":"Tam vaktinde haber","potentialAction":[{"@type":"SearchAction","target":{"@type":"EntryPoint","urlTemplate":"https:\/\/kibrisdakik.com\/?s={search_term_string}"},"query-input":{"@type":"PropertyValueSpecification","valueRequired":true,"valueName":"search_term_string"}}],"inLanguage":"tr"},{"@type":"Person","@id":"https:\/\/kibrisdakik.com\/#\/schema\/person\/9cd9d437bbb44f72b73ba127e06d8e79","name":"admin","image":{"@type":"ImageObject","inLanguage":"tr","@id":"https:\/\/secure.gravatar.com\/avatar\/ccc17943b9d660506c869530f897617f7cb1c21a4bf30023f252596d83e1f007?s=96&d=mm&r=g","url":"https:\/\/secure.gravatar.com\/avatar\/ccc17943b9d660506c869530f897617f7cb1c21a4bf30023f252596d83e1f007?s=96&d=mm&r=g","contentUrl":"https:\/\/secure.gravatar.com\/avatar\/ccc17943b9d660506c869530f897617f7cb1c21a4bf30023f252596d83e1f007?s=96&d=mm&r=g","caption":"admin"},"sameAs":["https:\/\/kibrisdakik.com"],"url":"https:\/\/kibrisdakik.com\/?author=1"}]}},"_links":{"self":[{"href":"https:\/\/kibrisdakik.com\/index.php?rest_route=\/wp\/v2\/posts\/84844","targetHints":{"allow":["GET"]}}],"collection":[{"href":"https:\/\/kibrisdakik.com\/index.php?rest_route=\/wp\/v2\/posts"}],"about":[{"href":"https:\/\/kibrisdakik.com\/index.php?rest_route=\/wp\/v2\/types\/post"}],"author":[{"embeddable":true,"href":"https:\/\/kibrisdakik.com\/index.php?rest_route=\/wp\/v2\/users\/1"}],"replies":[{"embeddable":true,"href":"https:\/\/kibrisdakik.com\/index.php?rest_route=%2Fwp%2Fv2%2Fcomments&post=84844"}],"version-history":[{"count":0,"href":"https:\/\/kibrisdakik.com\/index.php?rest_route=\/wp\/v2\/posts\/84844\/revisions"}],"wp:featuredmedia":[{"embeddable":true,"href":"https:\/\/kibrisdakik.com\/index.php?rest_route=\/wp\/v2\/media\/84845"}],"wp:attachment":[{"href":"https:\/\/kibrisdakik.com\/index.php?rest_route=%2Fwp%2Fv2%2Fmedia&parent=84844"}],"wp:term":[{"taxonomy":"category","embeddable":true,"href":"https:\/\/kibrisdakik.com\/index.php?rest_route=%2Fwp%2Fv2%2Fcategories&post=84844"},{"taxonomy":"post_tag","embeddable":true,"href":"https:\/\/kibrisdakik.com\/index.php?rest_route=%2Fwp%2Fv2%2Ftags&post=84844"}],"curies":[{"name":"wp","href":"https:\/\/api.w.org\/{rel}","templated":true}]}}