{"id":84872,"date":"2025-06-18T03:05:21","date_gmt":"2025-06-18T00:05:21","guid":{"rendered":"https:\/\/kibrisdakik.com\/index.php\/2025\/06\/18\/tatardan-meclise-cagri-kibris-turk-halkinin-haklarini-guclu-tek-yurek-ve-tek-vucut-sekilde-dunyaya-haykirin\/"},"modified":"2025-06-18T03:05:21","modified_gmt":"2025-06-18T00:05:21","slug":"tatardan-meclise-cagri-kibris-turk-halkinin-haklarini-guclu-tek-yurek-ve-tek-vucut-sekilde-dunyaya-haykirin","status":"publish","type":"post","link":"https:\/\/kibrisdakik.com\/?p=84872","title":{"rendered":"Tatar\u2019dan Meclis\u2019e \u00e7a\u011fr\u0131: \u201cK\u0131br\u0131s T\u00fcrk halk\u0131n\u0131n haklar\u0131n\u0131 g\u00fc\u00e7l\u00fc, tek y\u00fcrek ve tek v\u00fccut \u015fekilde d\u00fcnyaya hayk\u0131r\u0131n\u201d"},"content":{"rendered":"<p> <br \/>\n<\/p>\n<div data-text-id=\"78293\" property=\"articleBody\">\n<p><span new=\"\" roman=\"\" times=\"\">Cumhurba\u015fkan\u0131 Ersin Tatar, Cumhuriyet Meclisi\u2019nden K\u0131br\u0131s T\u00fcrk halk\u0131n\u0131n haklar\u0131n\u0131 g\u00fc\u00e7l\u00fc, tek y\u00fcrek ve tek v\u00fccut \u015fekilde d\u00fcnyaya hayk\u0131rmas\u0131n\u0131 istedi.<\/span><\/p>\n<p><span new=\"\" roman=\"\" times=\"\">Cumhuriyet Meclisi\u2019nin Cumhurba\u015fkan\u0131 Ersin Tatar\u2019\u0131n kat\u0131l\u0131m\u0131yla ger\u00e7ekle\u015ftirdi\u011fi ola\u011fan\u00fcst\u00fc birle\u015fim tamamland\u0131. <\/span><\/p>\n<div class=\"post-flash\">\n        <!--\n\n<h3 class=\"post-flash__title\">G&ouml;zden ka&ccedil;&#305;rmay&#305;n<\/h3>\n\n--><\/p>\n<div class=\"row g-0 align-items-center\">\n<div class=\"col-5 col-sm-3\">\n                \n            <\/div>\n<div class=\"col-7 col-sm-9\">\n<div class=\"post-flash-heading p-2\">\n<p>Taner Akcan \u00c7\u0131rakl\u0131k ve Yeti\u015fkin E\u011fitim Merkezi\u2019nde \u201cMesleki Tan\u0131t\u0131m Sergisi\u201d a\u00e7\u0131lacak<\/p>\n<p>\u0130\u00e7eri\u011fi G\u00f6r\u00fcnt\u00fcle <i class=\"fa fa-arrow-right ps-2\"\/><\/p>\n<\/p><\/div>\n<\/p><\/div>\n<\/p><\/div>\n<\/p><\/div>\n<p><span new=\"\" roman=\"\" times=\"\">Cumhurba\u015fkan\u0131 Ersin Tatar, genel kurulda milletvekillerini K\u0131br\u0131s T\u00fcrk halk\u0131n\u0131n m\u00fclkiyet hakk\u0131n\u0131, hukuk d\u00fczenini ve onurunu hedef alan bask\u0131c\u0131 Rum siyasetine kar\u015f\u0131 ses y\u00fckseltmeye \u00e7a\u011f\u0131rd\u0131\u011f\u0131n\u0131, s\u00f6yledi. <\/span><\/p>\n<p><span new=\"\" roman=\"\" times=\"\">\u201cKuzey K\u0131br\u0131s T\u00fcrk Cumhuriyeti\u2019nin kurumlar\u0131na, ba\u015fta Ta\u015f\u0131nmaz Mal Komisyonu olmak \u00fczere me\u015fru yap\u0131lar\u0131na y\u00f6nelen her t\u00fcrl\u00fc bask\u0131 reddedilmeli\u201d diyen Tatar, uluslararas\u0131 hukuka uygun \u015fekilde hak elde etmi\u015f bireylerin insan haklar\u0131n\u0131n ihlal edilmesine g\u00f6z yumulmamas\u0131 gerekti\u011fini belirtti.<\/span><\/p>\n<p><span new=\"\" roman=\"\" times=\"\">Cumhurba\u015fkan\u0131 Tatar, G\u00fcney K\u0131br\u0131s Rum Y\u00f6netimi\u2019nin sald\u0131rgan ve hukuk d\u0131\u015f\u0131 tutumuna son verilmesi i\u00e7in gerekli diplomatik ara\u00e7lar\u0131n devreye sokulmas\u0131 gerekti\u011fini de kaydetti.<\/span><\/p>\n<\/p><\/div>\n<p><br \/>\n<br \/><a href=\"> K\u0131br\u0131s dakik<\/a><\/p>\n","protected":false},"excerpt":{"rendered":"<p>Cumhurba\u015fkan\u0131 Ersin Tatar, Cumhuriyet Meclisi\u2019nden K\u0131br\u0131s T\u00fcrk halk\u0131n\u0131n haklar\u0131n\u0131 g\u00fc\u00e7l\u00fc, tek y\u00fcrek ve tek v\u00fccut \u015fekilde d\u00fcnyaya hayk\u0131rmas\u0131n\u0131 istedi. Cumhuriyet Meclisi\u2019nin Cumhurba\u015fkan\u0131 Ersin Tatar\u2019\u0131n kat\u0131l\u0131m\u0131yla ger\u00e7ekle\u015ftirdi\u011fi ola\u011fan\u00fcst\u00fc birle\u015fim tamamland\u0131. Taner Akcan \u00c7\u0131rakl\u0131k ve Yeti\u015fkin E\u011fitim Merkezi\u2019nde \u201cMesleki Tan\u0131t\u0131m Sergisi\u201d a\u00e7\u0131lacak \u0130\u00e7eri\u011fi G\u00f6r\u00fcnt\u00fcle Cumhurba\u015fkan\u0131 Ersin Tatar, genel kurulda milletvekillerini K\u0131br\u0131s T\u00fcrk halk\u0131n\u0131n m\u00fclkiyet hakk\u0131n\u0131, hukuk d\u00fczenini<\/p>\n","protected":false},"author":1,"featured_media":84873,"comment_status":"open","ping_status":"open","sticky":false,"template":"","format":"standard","meta":{"footnotes":""},"categories":[81,101],"tags":[],"class_list":["post-84872","post","type-post","status-publish","format-standard","has-post-thumbnail","hentry","category-kibris","category-manset"],"yoast_head":"<!-- This site is optimized with the Yoast SEO plugin v27.5 - https:\/\/yoast.com\/product\/yoast-seo-wordpress\/ -->\n<title>Tatar\u2019dan Meclis\u2019e \u00e7a\u011fr\u0131: \u201cK\u0131br\u0131s T\u00fcrk halk\u0131n\u0131n haklar\u0131n\u0131 g\u00fc\u00e7l\u00fc, tek y\u00fcrek ve tek v\u00fccut \u015fekilde d\u00fcnyaya hayk\u0131r\u0131n\u201d -<\/title>\n<meta name=\"robots\" content=\"index, follow, max-snippet:-1, max-image-preview:large, max-video-preview:-1\" \/>\n<link rel=\"canonical\" href=\"https:\/\/kibrisdakik.com\/?p=84872\" \/>\n<meta property=\"og:locale\" content=\"tr_TR\" \/>\n<meta property=\"og:type\" content=\"article\" \/>\n<meta property=\"og:title\" content=\"Tatar\u2019dan Meclis\u2019e \u00e7a\u011fr\u0131: \u201cK\u0131br\u0131s T\u00fcrk halk\u0131n\u0131n haklar\u0131n\u0131 g\u00fc\u00e7l\u00fc, tek y\u00fcrek ve tek v\u00fccut \u015fekilde d\u00fcnyaya hayk\u0131r\u0131n\u201d -\" \/>\n<meta property=\"og:description\" content=\"Cumhurba\u015fkan\u0131 Ersin Tatar, Cumhuriyet Meclisi\u2019nden K\u0131br\u0131s T\u00fcrk halk\u0131n\u0131n haklar\u0131n\u0131 g\u00fc\u00e7l\u00fc, tek y\u00fcrek ve tek v\u00fccut \u015fekilde d\u00fcnyaya hayk\u0131rmas\u0131n\u0131 istedi. Cumhuriyet Meclisi\u2019nin Cumhurba\u015fkan\u0131 Ersin Tatar\u2019\u0131n kat\u0131l\u0131m\u0131yla ger\u00e7ekle\u015ftirdi\u011fi ola\u011fan\u00fcst\u00fc birle\u015fim tamamland\u0131. Taner Akcan \u00c7\u0131rakl\u0131k ve Yeti\u015fkin E\u011fitim Merkezi\u2019nde \u201cMesleki Tan\u0131t\u0131m Sergisi\u201d a\u00e7\u0131lacak \u0130\u00e7eri\u011fi G\u00f6r\u00fcnt\u00fcle Cumhurba\u015fkan\u0131 Ersin Tatar, genel kurulda milletvekillerini K\u0131br\u0131s T\u00fcrk halk\u0131n\u0131n m\u00fclkiyet hakk\u0131n\u0131, hukuk d\u00fczenini\" \/>\n<meta property=\"og:url\" content=\"https:\/\/kibrisdakik.com\/?p=84872\" \/>\n<meta property=\"article:published_time\" content=\"2025-06-18T00:05:21+00:00\" \/>\n<meta property=\"og:image\" content=\"https:\/\/kibrisdakik.com\/wp-content\/uploads\/2025\/06\/tatar-30-740x420.jpg\" \/>\n\t<meta property=\"og:image:width\" content=\"2560\" \/>\n\t<meta property=\"og:image:height\" content=\"1707\" \/>\n\t<meta property=\"og:image:type\" content=\"image\/jpeg\" \/>\n<meta name=\"author\" content=\"admin\" \/>\n<meta name=\"twitter:card\" content=\"summary_large_image\" \/>\n<meta name=\"twitter:label1\" content=\"Yazan:\" \/>\n\t<meta name=\"twitter:data1\" content=\"admin\" \/>\n\t<meta name=\"twitter:label2\" content=\"Tahmini okuma s\u00fcresi\" \/>\n\t<meta name=\"twitter:data2\" content=\"1 dakika\" \/>\n<script type=\"application\/ld+json\" class=\"yoast-schema-graph\">{\"@context\":\"https:\\\/\\\/schema.org\",\"@graph\":[{\"@type\":\"Article\",\"@id\":\"https:\\\/\\\/kibrisdakik.com\\\/?p=84872#article\",\"isPartOf\":{\"@id\":\"https:\\\/\\\/kibrisdakik.com\\\/?p=84872\"},\"author\":{\"name\":\"admin\",\"@id\":\"https:\\\/\\\/kibrisdakik.com\\\/#\\\/schema\\\/person\\\/9cd9d437bbb44f72b73ba127e06d8e79\"},\"headline\":\"Tatar\u2019dan Meclis\u2019e \u00e7a\u011fr\u0131: \u201cK\u0131br\u0131s T\u00fcrk halk\u0131n\u0131n haklar\u0131n\u0131 g\u00fc\u00e7l\u00fc, tek y\u00fcrek ve tek v\u00fccut \u015fekilde d\u00fcnyaya hayk\u0131r\u0131n\u201d\",\"datePublished\":\"2025-06-18T00:05:21+00:00\",\"mainEntityOfPage\":{\"@id\":\"https:\\\/\\\/kibrisdakik.com\\\/?p=84872\"},\"wordCount\":236,\"commentCount\":0,\"image\":{\"@id\":\"https:\\\/\\\/kibrisdakik.com\\\/?p=84872#primaryimage\"},\"thumbnailUrl\":\"https:\\\/\\\/kibrisdakik.com\\\/wp-content\\\/uploads\\\/2025\\\/06\\\/tatar-30-740x420.jpg\",\"articleSection\":[\"K\u0131br\u0131s\",\"Man\u015fet\"],\"inLanguage\":\"tr\",\"potentialAction\":[{\"@type\":\"CommentAction\",\"name\":\"Comment\",\"target\":[\"https:\\\/\\\/kibrisdakik.com\\\/?p=84872#respond\"]}]},{\"@type\":\"WebPage\",\"@id\":\"https:\\\/\\\/kibrisdakik.com\\\/?p=84872\",\"url\":\"https:\\\/\\\/kibrisdakik.com\\\/?p=84872\",\"name\":\"Tatar\u2019dan Meclis\u2019e \u00e7a\u011fr\u0131: \u201cK\u0131br\u0131s T\u00fcrk halk\u0131n\u0131n haklar\u0131n\u0131 g\u00fc\u00e7l\u00fc, tek y\u00fcrek ve tek v\u00fccut \u015fekilde d\u00fcnyaya hayk\u0131r\u0131n\u201d -\",\"isPartOf\":{\"@id\":\"https:\\\/\\\/kibrisdakik.com\\\/#website\"},\"primaryImageOfPage\":{\"@id\":\"https:\\\/\\\/kibrisdakik.com\\\/?p=84872#primaryimage\"},\"image\":{\"@id\":\"https:\\\/\\\/kibrisdakik.com\\\/?p=84872#primaryimage\"},\"thumbnailUrl\":\"https:\\\/\\\/kibrisdakik.com\\\/wp-content\\\/uploads\\\/2025\\\/06\\\/tatar-30-740x420.jpg\",\"datePublished\":\"2025-06-18T00:05:21+00:00\",\"author\":{\"@id\":\"https:\\\/\\\/kibrisdakik.com\\\/#\\\/schema\\\/person\\\/9cd9d437bbb44f72b73ba127e06d8e79\"},\"breadcrumb\":{\"@id\":\"https:\\\/\\\/kibrisdakik.com\\\/?p=84872#breadcrumb\"},\"inLanguage\":\"tr\",\"potentialAction\":[{\"@type\":\"ReadAction\",\"target\":[\"https:\\\/\\\/kibrisdakik.com\\\/?p=84872\"]}]},{\"@type\":\"ImageObject\",\"inLanguage\":\"tr\",\"@id\":\"https:\\\/\\\/kibrisdakik.com\\\/?p=84872#primaryimage\",\"url\":\"https:\\\/\\\/kibrisdakik.com\\\/wp-content\\\/uploads\\\/2025\\\/06\\\/tatar-30-740x420.jpg\",\"contentUrl\":\"https:\\\/\\\/kibrisdakik.com\\\/wp-content\\\/uploads\\\/2025\\\/06\\\/tatar-30-740x420.jpg\",\"width\":2560,\"height\":1707},{\"@type\":\"BreadcrumbList\",\"@id\":\"https:\\\/\\\/kibrisdakik.com\\\/?p=84872#breadcrumb\",\"itemListElement\":[{\"@type\":\"ListItem\",\"position\":1,\"name\":\"Home\",\"item\":\"https:\\\/\\\/kibrisdakik.com\\\/\"},{\"@type\":\"ListItem\",\"position\":2,\"name\":\"Tatar\u2019dan Meclis\u2019e \u00e7a\u011fr\u0131: \u201cK\u0131br\u0131s T\u00fcrk halk\u0131n\u0131n haklar\u0131n\u0131 g\u00fc\u00e7l\u00fc, tek y\u00fcrek ve tek v\u00fccut \u015fekilde d\u00fcnyaya hayk\u0131r\u0131n\u201d\"}]},{\"@type\":\"WebSite\",\"@id\":\"https:\\\/\\\/kibrisdakik.com\\\/#website\",\"url\":\"https:\\\/\\\/kibrisdakik.com\\\/\",\"name\":\"\",\"description\":\"Tam vaktinde haber\",\"potentialAction\":[{\"@type\":\"SearchAction\",\"target\":{\"@type\":\"EntryPoint\",\"urlTemplate\":\"https:\\\/\\\/kibrisdakik.com\\\/?s={search_term_string}\"},\"query-input\":{\"@type\":\"PropertyValueSpecification\",\"valueRequired\":true,\"valueName\":\"search_term_string\"}}],\"inLanguage\":\"tr\"},{\"@type\":\"Person\",\"@id\":\"https:\\\/\\\/kibrisdakik.com\\\/#\\\/schema\\\/person\\\/9cd9d437bbb44f72b73ba127e06d8e79\",\"name\":\"admin\",\"image\":{\"@type\":\"ImageObject\",\"inLanguage\":\"tr\",\"@id\":\"https:\\\/\\\/secure.gravatar.com\\\/avatar\\\/ccc17943b9d660506c869530f897617f7cb1c21a4bf30023f252596d83e1f007?s=96&d=mm&r=g\",\"url\":\"https:\\\/\\\/secure.gravatar.com\\\/avatar\\\/ccc17943b9d660506c869530f897617f7cb1c21a4bf30023f252596d83e1f007?s=96&d=mm&r=g\",\"contentUrl\":\"https:\\\/\\\/secure.gravatar.com\\\/avatar\\\/ccc17943b9d660506c869530f897617f7cb1c21a4bf30023f252596d83e1f007?s=96&d=mm&r=g\",\"caption\":\"admin\"},\"sameAs\":[\"https:\\\/\\\/kibrisdakik.com\"],\"url\":\"https:\\\/\\\/kibrisdakik.com\\\/?author=1\"}]}<\/script>\n<!-- \/ Yoast SEO plugin. -->","yoast_head_json":{"title":"Tatar\u2019dan Meclis\u2019e \u00e7a\u011fr\u0131: \u201cK\u0131br\u0131s T\u00fcrk halk\u0131n\u0131n haklar\u0131n\u0131 g\u00fc\u00e7l\u00fc, tek y\u00fcrek ve tek v\u00fccut \u015fekilde d\u00fcnyaya hayk\u0131r\u0131n\u201d -","robots":{"index":"index","follow":"follow","max-snippet":"max-snippet:-1","max-image-preview":"max-image-preview:large","max-video-preview":"max-video-preview:-1"},"canonical":"https:\/\/kibrisdakik.com\/?p=84872","og_locale":"tr_TR","og_type":"article","og_title":"Tatar\u2019dan Meclis\u2019e \u00e7a\u011fr\u0131: \u201cK\u0131br\u0131s T\u00fcrk halk\u0131n\u0131n haklar\u0131n\u0131 g\u00fc\u00e7l\u00fc, tek y\u00fcrek ve tek v\u00fccut \u015fekilde d\u00fcnyaya hayk\u0131r\u0131n\u201d -","og_description":"Cumhurba\u015fkan\u0131 Ersin Tatar, Cumhuriyet Meclisi\u2019nden K\u0131br\u0131s T\u00fcrk halk\u0131n\u0131n haklar\u0131n\u0131 g\u00fc\u00e7l\u00fc, tek y\u00fcrek ve tek v\u00fccut \u015fekilde d\u00fcnyaya hayk\u0131rmas\u0131n\u0131 istedi. Cumhuriyet Meclisi\u2019nin Cumhurba\u015fkan\u0131 Ersin Tatar\u2019\u0131n kat\u0131l\u0131m\u0131yla ger\u00e7ekle\u015ftirdi\u011fi ola\u011fan\u00fcst\u00fc birle\u015fim tamamland\u0131. Taner Akcan \u00c7\u0131rakl\u0131k ve Yeti\u015fkin E\u011fitim Merkezi\u2019nde \u201cMesleki Tan\u0131t\u0131m Sergisi\u201d a\u00e7\u0131lacak \u0130\u00e7eri\u011fi G\u00f6r\u00fcnt\u00fcle Cumhurba\u015fkan\u0131 Ersin Tatar, genel kurulda milletvekillerini K\u0131br\u0131s T\u00fcrk halk\u0131n\u0131n m\u00fclkiyet hakk\u0131n\u0131, hukuk d\u00fczenini","og_url":"https:\/\/kibrisdakik.com\/?p=84872","article_published_time":"2025-06-18T00:05:21+00:00","og_image":[{"width":2560,"height":1707,"url":"https:\/\/kibrisdakik.com\/wp-content\/uploads\/2025\/06\/tatar-30-740x420.jpg","type":"image\/jpeg"}],"author":"admin","twitter_card":"summary_large_image","twitter_misc":{"Yazan:":"admin","Tahmini okuma s\u00fcresi":"1 dakika"},"schema":{"@context":"https:\/\/schema.org","@graph":[{"@type":"Article","@id":"https:\/\/kibrisdakik.com\/?p=84872#article","isPartOf":{"@id":"https:\/\/kibrisdakik.com\/?p=84872"},"author":{"name":"admin","@id":"https:\/\/kibrisdakik.com\/#\/schema\/person\/9cd9d437bbb44f72b73ba127e06d8e79"},"headline":"Tatar\u2019dan Meclis\u2019e \u00e7a\u011fr\u0131: \u201cK\u0131br\u0131s T\u00fcrk halk\u0131n\u0131n haklar\u0131n\u0131 g\u00fc\u00e7l\u00fc, tek y\u00fcrek ve tek v\u00fccut \u015fekilde d\u00fcnyaya hayk\u0131r\u0131n\u201d","datePublished":"2025-06-18T00:05:21+00:00","mainEntityOfPage":{"@id":"https:\/\/kibrisdakik.com\/?p=84872"},"wordCount":236,"commentCount":0,"image":{"@id":"https:\/\/kibrisdakik.com\/?p=84872#primaryimage"},"thumbnailUrl":"https:\/\/kibrisdakik.com\/wp-content\/uploads\/2025\/06\/tatar-30-740x420.jpg","articleSection":["K\u0131br\u0131s","Man\u015fet"],"inLanguage":"tr","potentialAction":[{"@type":"CommentAction","name":"Comment","target":["https:\/\/kibrisdakik.com\/?p=84872#respond"]}]},{"@type":"WebPage","@id":"https:\/\/kibrisdakik.com\/?p=84872","url":"https:\/\/kibrisdakik.com\/?p=84872","name":"Tatar\u2019dan Meclis\u2019e \u00e7a\u011fr\u0131: \u201cK\u0131br\u0131s T\u00fcrk halk\u0131n\u0131n haklar\u0131n\u0131 g\u00fc\u00e7l\u00fc, tek y\u00fcrek ve tek v\u00fccut \u015fekilde d\u00fcnyaya hayk\u0131r\u0131n\u201d -","isPartOf":{"@id":"https:\/\/kibrisdakik.com\/#website"},"primaryImageOfPage":{"@id":"https:\/\/kibrisdakik.com\/?p=84872#primaryimage"},"image":{"@id":"https:\/\/kibrisdakik.com\/?p=84872#primaryimage"},"thumbnailUrl":"https:\/\/kibrisdakik.com\/wp-content\/uploads\/2025\/06\/tatar-30-740x420.jpg","datePublished":"2025-06-18T00:05:21+00:00","author":{"@id":"https:\/\/kibrisdakik.com\/#\/schema\/person\/9cd9d437bbb44f72b73ba127e06d8e79"},"breadcrumb":{"@id":"https:\/\/kibrisdakik.com\/?p=84872#breadcrumb"},"inLanguage":"tr","potentialAction":[{"@type":"ReadAction","target":["https:\/\/kibrisdakik.com\/?p=84872"]}]},{"@type":"ImageObject","inLanguage":"tr","@id":"https:\/\/kibrisdakik.com\/?p=84872#primaryimage","url":"https:\/\/kibrisdakik.com\/wp-content\/uploads\/2025\/06\/tatar-30-740x420.jpg","contentUrl":"https:\/\/kibrisdakik.com\/wp-content\/uploads\/2025\/06\/tatar-30-740x420.jpg","width":2560,"height":1707},{"@type":"BreadcrumbList","@id":"https:\/\/kibrisdakik.com\/?p=84872#breadcrumb","itemListElement":[{"@type":"ListItem","position":1,"name":"Home","item":"https:\/\/kibrisdakik.com\/"},{"@type":"ListItem","position":2,"name":"Tatar\u2019dan Meclis\u2019e \u00e7a\u011fr\u0131: \u201cK\u0131br\u0131s T\u00fcrk halk\u0131n\u0131n haklar\u0131n\u0131 g\u00fc\u00e7l\u00fc, tek y\u00fcrek ve tek v\u00fccut \u015fekilde d\u00fcnyaya hayk\u0131r\u0131n\u201d"}]},{"@type":"WebSite","@id":"https:\/\/kibrisdakik.com\/#website","url":"https:\/\/kibrisdakik.com\/","name":"","description":"Tam vaktinde haber","potentialAction":[{"@type":"SearchAction","target":{"@type":"EntryPoint","urlTemplate":"https:\/\/kibrisdakik.com\/?s={search_term_string}"},"query-input":{"@type":"PropertyValueSpecification","valueRequired":true,"valueName":"search_term_string"}}],"inLanguage":"tr"},{"@type":"Person","@id":"https:\/\/kibrisdakik.com\/#\/schema\/person\/9cd9d437bbb44f72b73ba127e06d8e79","name":"admin","image":{"@type":"ImageObject","inLanguage":"tr","@id":"https:\/\/secure.gravatar.com\/avatar\/ccc17943b9d660506c869530f897617f7cb1c21a4bf30023f252596d83e1f007?s=96&d=mm&r=g","url":"https:\/\/secure.gravatar.com\/avatar\/ccc17943b9d660506c869530f897617f7cb1c21a4bf30023f252596d83e1f007?s=96&d=mm&r=g","contentUrl":"https:\/\/secure.gravatar.com\/avatar\/ccc17943b9d660506c869530f897617f7cb1c21a4bf30023f252596d83e1f007?s=96&d=mm&r=g","caption":"admin"},"sameAs":["https:\/\/kibrisdakik.com"],"url":"https:\/\/kibrisdakik.com\/?author=1"}]}},"_links":{"self":[{"href":"https:\/\/kibrisdakik.com\/index.php?rest_route=\/wp\/v2\/posts\/84872","targetHints":{"allow":["GET"]}}],"collection":[{"href":"https:\/\/kibrisdakik.com\/index.php?rest_route=\/wp\/v2\/posts"}],"about":[{"href":"https:\/\/kibrisdakik.com\/index.php?rest_route=\/wp\/v2\/types\/post"}],"author":[{"embeddable":true,"href":"https:\/\/kibrisdakik.com\/index.php?rest_route=\/wp\/v2\/users\/1"}],"replies":[{"embeddable":true,"href":"https:\/\/kibrisdakik.com\/index.php?rest_route=%2Fwp%2Fv2%2Fcomments&post=84872"}],"version-history":[{"count":0,"href":"https:\/\/kibrisdakik.com\/index.php?rest_route=\/wp\/v2\/posts\/84872\/revisions"}],"wp:featuredmedia":[{"embeddable":true,"href":"https:\/\/kibrisdakik.com\/index.php?rest_route=\/wp\/v2\/media\/84873"}],"wp:attachment":[{"href":"https:\/\/kibrisdakik.com\/index.php?rest_route=%2Fwp%2Fv2%2Fmedia&parent=84872"}],"wp:term":[{"taxonomy":"category","embeddable":true,"href":"https:\/\/kibrisdakik.com\/index.php?rest_route=%2Fwp%2Fv2%2Fcategories&post=84872"},{"taxonomy":"post_tag","embeddable":true,"href":"https:\/\/kibrisdakik.com\/index.php?rest_route=%2Fwp%2Fv2%2Ftags&post=84872"}],"curies":[{"name":"wp","href":"https:\/\/api.w.org\/{rel}","templated":true}]}}