{"id":84876,"date":"2025-06-18T04:06:43","date_gmt":"2025-06-18T01:06:43","guid":{"rendered":"https:\/\/kibrisdakik.com\/index.php\/2025\/06\/18\/cavusoglu-istanbulda-kuresel-surdurulebilirlik-kalkinma-kongresine-katildi\/"},"modified":"2025-06-18T04:06:43","modified_gmt":"2025-06-18T01:06:43","slug":"cavusoglu-istanbulda-kuresel-surdurulebilirlik-kalkinma-kongresine-katildi","status":"publish","type":"post","link":"https:\/\/kibrisdakik.com\/?p=84876","title":{"rendered":"\u00c7avu\u015fo\u011flu, \u0130stanbul&#8217;da &#8220;K\u00fcresel S\u00fcrd\u00fcr\u00fclebilirlik Kalk\u0131nma Kongresi&#8221;ne kat\u0131ld\u0131"},"content":{"rendered":"<p> <br \/>\n<\/p>\n<div data-text-id=\"78291\" property=\"articleBody\">\n<p><span lang=\"TR\">Milli E\u011fitim Bakan\u0131 Naz\u0131m \u00c7avu\u015fo\u011flu, Y\u00fcksek\u00f6\u011fretim Kurulu (Y\u00d6K) ve uluslararas\u0131 y\u00fcksek\u00f6\u011fretim derecelendirme kurulu\u015fu Times Higher Education (THE) i\u015f birli\u011fiyle T\u00fcrkiye\u2019nin ev sahipli\u011finde \u0130stanbul&#8217;da d\u00fczenlenen &#8220;K\u00fcresel S\u00fcrd\u00fcr\u00fclebilirlik Kalk\u0131nma Kongresi&#8221;ne kat\u0131ld\u0131.<\/span><\/p>\n<p><span>Kongrenin a\u00e7\u0131l\u0131\u015f\u0131nda konu\u015fan Milli E\u011fitim Bakan\u0131 Naz\u0131m \u00c7avu\u015fo\u011flu, kongrenin k\u00fcresel dayan\u0131\u015fman\u0131n ve akl\u0131n rehberli\u011finde s\u00fcrd\u00fcr\u00fclebilir bir d\u00fcnya kurma \u00e7abas\u0131n\u0131n sembol\u00fc oldu\u011funu belirtti.<\/span><\/p>\n<p><span>Milli E\u011fitim bakanl\u0131\u011f\u0131 bas\u0131n b\u00fcrosundan verilen bilgiye g\u00f6re, 110 \u00fclkeden 5 binin \u00fczerinde uluslararas\u0131 temsilcinin kat\u0131l\u0131m\u0131yla 16-19 Haziran tarihleri aras\u0131nda d\u00fczenlenen kongrede iklim de\u011fi\u015fikli\u011fi, sosyo-ekonomik e\u015fitlik, s\u00fcrd\u00fcr\u00fclebilirlik ve yapay zek\u00e2, s\u00fcrd\u00fcr\u00fclebilir kamp\u00fcsler, sa\u011fl\u0131k, enerji ve e\u011fitim, s\u00fcrd\u00fcr\u00fclebilir kalk\u0131nma hedeflerine ula\u015fmada \u00fcniversitelerin rol\u00fc, s\u00fcrd\u00fcr\u00fclebilir kalk\u0131nma ekonomisi gibi kritik konulara odaklan\u0131l\u0131yor.<\/span><\/p>\n<div class=\"post-flash\">\n        <!--\n\n<h3 class=\"post-flash__title\">G&ouml;zden ka&ccedil;&#305;rmay&#305;n<\/h3>\n\n--><\/p>\n<div class=\"row g-0 align-items-center\">\n<div class=\"col-5 col-sm-3\">\n                \n            <\/div>\n<div class=\"col-7 col-sm-9\">\n<div class=\"post-flash-heading p-2\">\n<p>TK\u00d6D: &#8220;Trafik kazalar\u0131n\u0131n \u00f6nlenebilmesi i\u00e7in e\u011fitim, denetim, m\u00fchendislik, acil yard\u0131m ve yasal eksiklikler giderilmeli<\/p>\n<p>\u0130\u00e7eri\u011fi G\u00f6r\u00fcnt\u00fcle <i class=\"fa fa-arrow-right ps-2\"\/><\/p>\n<\/p><\/div>\n<\/p><\/div>\n<\/p><\/div>\n<\/p><\/div>\n<p><span>-\u00c7avu\u015fo\u011flu<\/span><\/p>\n<p><span>Milli E\u011fitim Bakan\u0131 \u00c7avu\u015fo\u011flu, a\u00e7\u0131l\u0131\u015fta yapt\u0131\u011f\u0131 konu\u015fmada, kongrenin, T\u00fcrkiye&#8217;nin ev sahipli\u011finde ve \u0130stanbul gibi tarihsel, k\u00fclt\u00fcrel ve stratejik \u00f6neme sahip bir \u015fehirde d\u00fczenlenmesinin son derece anlaml\u0131 oldu\u011funu belirtti. \u00c7avu\u015fo\u011flu, \u201cBu organizasyon, sadece T\u00fcrkiye\u2019nin y\u00fcksek\u00f6\u011fretimde ula\u015ft\u0131\u011f\u0131 seviyeyi de\u011fil, ayn\u0131 zamanda T\u00fcrk d\u00fcnyas\u0131n\u0131n ortak de\u011ferler ekseninde k\u00fcresel meselelerde ne kadar g\u00fc\u00e7l\u00fc bir ses olabildi\u011fini de g\u00f6stermektedir. Kuzey K\u0131br\u0131s T\u00fcrk Cumhuriyeti olarak bizler de, y\u00fcksek\u00f6\u011fretim sistemimizle bu b\u00fcy\u00fck vizyonun bir par\u00e7as\u0131 olmaktan k\u0131van\u00e7 duyuyoruz.\u201d dedi.<\/span><\/p>\n<p><span lang=\"TR\">KKTC\u2019de faaliyet g\u00f6steren 22 \u00fcniversitenin yaln\u0131zca akademik ba\u015far\u0131lar\u0131yla de\u011fil, ayn\u0131 zamanda s\u00fcrd\u00fcr\u00fclebilirlik, iklim fark\u0131ndal\u0131\u011f\u0131, dijital d\u00f6n\u00fc\u015f\u00fcm ve toplumsal kalk\u0131nma konular\u0131nda da \u00f6zg\u00fcn projelere imza att\u0131\u011f\u0131n\u0131 belirten Bakan \u00c7avu\u015fo\u011flu, Uluslararas\u0131 K\u0131br\u0131s \u00dcniversitesi (UK\u00dc)\u2019n\u00fcn s\u00fcrd\u00fcr\u00fclebilirlik alan\u0131nda, Yak\u0131n Do\u011fu \u00dcniversitesi (YD\u00dc)\u2019n\u00fcn bilimsel ara\u015ft\u0131rma ve genel s\u0131ralamalar\u0131nda, Do\u011fu Akdeniz \u00dcniversitesi (DA\u00dc)\u2019n\u00fcn gen\u00e7 \u00fcniversite s\u0131ralamas\u0131nda ve alan s\u0131ralamas\u0131nda, Lefke Avrupa \u00dcniversitesi ise (LA\u00dc)\u2019n\u00fcn de \u00c7evre Bilimleri alan\u0131nda \u00f6ne plana \u00e7\u0131kt\u0131\u011f\u0131n\u0131 anlatt\u0131.<\/span><\/p>\n<p><span lang=\"TR\">Y\u00fcz binin \u00fczerinde \u00f6\u011frencinin e\u011fitim g\u00f6rd\u00fc\u011f\u00fc KKTC \u00fcniversitelerinde, \u00f6\u011frencilerin y\u00fczde 45\u2019inin T\u00fcrkiye vatanda\u015f\u0131, y\u00fczde 41\u2019inin ise uluslararas\u0131 \u00f6\u011frenciler oldu\u011funu ifade eden \u00c7avu\u015fo\u011flu, bu yap\u0131n\u0131n y\u00fcksek\u00f6\u011fretimde t\u00fcm d\u00fcnyada g\u00f6r\u00fcn\u00fcr olma imk\u00e2n\u0131 sundu\u011funu vurgulad\u0131.<\/span><\/p>\n<p><span lang=\"TR\">S\u00fcrd\u00fcr\u00fclebilir kalk\u0131nma hedeflerine ula\u015fmak i\u00e7in y\u00fcksek\u00f6\u011fretim sistemlerinin yaln\u0131zca bilgi \u00fcretmesi de\u011fil, ayn\u0131 zamanda toplumla b\u00fct\u00fcnle\u015fmesi, aktif birer de\u011fi\u015fim akt\u00f6r\u00fc olmas\u0131 gerekti\u011fini s\u00f6yleyen Bakan \u00c7avu\u015fo\u011flu, bu do\u011frultuda \u00fcniversitelerin sosyal sorumluluk projeleri, \u00e7evreci altyap\u0131 yat\u0131r\u0131mlar\u0131, kad\u0131nlar\u0131n ve gen\u00e7lerin g\u00fc\u00e7lendirilmesine y\u00f6nelik politikalar\u0131 desteklemesinin b\u00fcy\u00fck \u00f6nem ta\u015f\u0131d\u0131\u011f\u0131na dikkati \u00e7ekti.<\/span><\/p>\n<p><span lang=\"TR\">Kongrede ayr\u0131ca, a\u00e7\u0131klanacak k\u00fcresel \u00fcniversite etki s\u0131ralamalar\u0131n\u0131n kurumlar\u0131n stratejik konumlar\u0131n\u0131 de\u011ferlendirme a\u00e7\u0131s\u0131ndan \u00f6nemli bir f\u0131rsat oldu\u011funu kaydeden \u00c7avu\u015fo\u011flu, \u201cBu noktada, Times Higher Education gibi sayg\u0131n kurulu\u015flarla i\u015f birli\u011fi i\u00e7inde y\u00fcr\u00fct\u00fclen \u00e7al\u0131\u015fmalar, \u00fcniversitelerimizin k\u00fcresel g\u00f6r\u00fcn\u00fcrl\u00fc\u011f\u00fcn\u00fc art\u0131rmakta ve gelece\u011fe d\u00f6n\u00fck hedefler belirlemekte bizlere rehberlik etmektedir.\u201d dedi.<\/span><\/p>\n<p><span lang=\"TR\">\u201cAyr\u0131ca, kongre kapsam\u0131nda \u2018T\u00fcrk \u00dcniversiteleri Pavilyonu\u2019nun da yer almas\u0131, T\u00fcrk y\u00fcksek\u00f6\u011fretiminin uluslararas\u0131 tan\u0131t\u0131m\u0131 a\u00e7\u0131s\u0131ndan stratejik bir ad\u0131md\u0131r.\u201d diyen \u00c7avu\u015fo\u011flu, bu pavilyonun, hem akademik tan\u0131t\u0131m hem de k\u00fclt\u00fcrel yak\u0131nla\u015fma bak\u0131m\u0131ndan e\u015fsiz bir platform sunmakta oldu\u011funu s\u00f6yledi. <\/span><\/p>\n<p><span lang=\"TR\">\u0130klim krizi, toplumsal e\u015fitsizlikler, g\u00f6\u00e7, dijital u\u00e7urum gibi zorluklarla dolu bir \u00e7a\u011fda ya\u015fand\u0131\u011f\u0131n\u0131 ifade eden \u00c7avu\u015fo\u011flu s\u00f6zlerine \u015f\u00f6yle devam etti: <\/span><\/p>\n<p><span lang=\"TR\">\u201cAncak ayn\u0131 zamanda bu \u00e7a\u011f, yenilik\u00e7ili\u011fin, yapay zek\u00e2n\u0131n, veri biliminin ve uluslararas\u0131 i\u015f birli\u011finin imk\u00e2nlar\u0131n\u0131 da i\u00e7inde bar\u0131nd\u0131r\u0131yor. Bu nedenle biz e\u011fitimciler, gen\u00e7 nesillere sadece meslek kazand\u0131rmakla de\u011fil, ayn\u0131 zamanda ya\u015fanabilir bir d\u00fcnya b\u0131rakmakla da sorumluyuz.<\/span><\/p>\n<p><span lang=\"TR\">Bug\u00fcn burada att\u0131\u011f\u0131m\u0131z her ad\u0131m, yapt\u0131\u011f\u0131m\u0131z her i\u015f birli\u011fi, \u00e7ocuklar\u0131m\u0131z\u0131n daha adil, daha ye\u015fil, daha umut dolu bir gelece\u011fe uyanmas\u0131na katk\u0131 sa\u011flayacakt\u0131r. Bu yolda, KKTC olarak bizler, T\u00fcrkiye ile dayan\u0131\u015fma i\u00e7inde y\u00fcr\u00fcmeye ve y\u00fcksek\u00f6\u011fretim arac\u0131l\u0131\u011f\u0131yla d\u00fcnyaya umut olmaya gayret edece\u011fiz.\u201d<\/span><\/p>\n<p><span lang=\"TR\">\u00c7avu\u015fo\u011flu kongrenin d\u00fczenlenmesinde eme\u011fi ge\u00e7en Y\u00d6K\u2019e, Times Higher Education yetkililerine, organizasyonda g\u00f6rev alan akademik, teknik ekiplere ve t\u00fcm kat\u0131l\u0131mc\u0131lara te\u015fekk\u00fcr ederek; kongrenin \u00fclke, b\u00f6lge ve d\u00fcnya i\u00e7in hay\u0131rl\u0131 sonu\u00e7lara vesile olmas\u0131n\u0131 diledi.<\/span><\/p>\n<\/p><\/div>\n<p><br \/>\n<br \/><a href=\"> K\u0131br\u0131s dakik<\/a><\/p>\n","protected":false},"excerpt":{"rendered":"<p>Milli E\u011fitim Bakan\u0131 Naz\u0131m \u00c7avu\u015fo\u011flu, Y\u00fcksek\u00f6\u011fretim Kurulu (Y\u00d6K) ve uluslararas\u0131 y\u00fcksek\u00f6\u011fretim derecelendirme kurulu\u015fu Times Higher Education (THE) i\u015f birli\u011fiyle T\u00fcrkiye\u2019nin ev sahipli\u011finde \u0130stanbul&#8217;da d\u00fczenlenen &#8220;K\u00fcresel S\u00fcrd\u00fcr\u00fclebilirlik Kalk\u0131nma Kongresi&#8221;ne kat\u0131ld\u0131. Kongrenin a\u00e7\u0131l\u0131\u015f\u0131nda konu\u015fan Milli E\u011fitim Bakan\u0131 Naz\u0131m \u00c7avu\u015fo\u011flu, kongrenin k\u00fcresel dayan\u0131\u015fman\u0131n ve akl\u0131n rehberli\u011finde s\u00fcrd\u00fcr\u00fclebilir bir d\u00fcnya kurma \u00e7abas\u0131n\u0131n sembol\u00fc oldu\u011funu belirtti. Milli E\u011fitim bakanl\u0131\u011f\u0131 bas\u0131n<\/p>\n","protected":false},"author":1,"featured_media":84877,"comment_status":"open","ping_status":"open","sticky":false,"template":"","format":"standard","meta":{"footnotes":""},"categories":[81,101],"tags":[],"class_list":["post-84876","post","type-post","status-publish","format-standard","has-post-thumbnail","hentry","category-kibris","category-manset"],"yoast_head":"<!-- This site is optimized with the Yoast SEO plugin v27.5 - https:\/\/yoast.com\/product\/yoast-seo-wordpress\/ -->\n<title>\u00c7avu\u015fo\u011flu, \u0130stanbul&#039;da &quot;K\u00fcresel S\u00fcrd\u00fcr\u00fclebilirlik Kalk\u0131nma Kongresi&quot;ne kat\u0131ld\u0131 -<\/title>\n<meta name=\"robots\" content=\"index, follow, max-snippet:-1, max-image-preview:large, max-video-preview:-1\" \/>\n<link rel=\"canonical\" href=\"https:\/\/kibrisdakik.com\/?p=84876\" \/>\n<meta property=\"og:locale\" content=\"tr_TR\" \/>\n<meta property=\"og:type\" content=\"article\" \/>\n<meta property=\"og:title\" content=\"\u00c7avu\u015fo\u011flu, \u0130stanbul&#039;da &quot;K\u00fcresel S\u00fcrd\u00fcr\u00fclebilirlik Kalk\u0131nma Kongresi&quot;ne kat\u0131ld\u0131 -\" \/>\n<meta property=\"og:description\" content=\"Milli E\u011fitim Bakan\u0131 Naz\u0131m \u00c7avu\u015fo\u011flu, Y\u00fcksek\u00f6\u011fretim Kurulu (Y\u00d6K) ve uluslararas\u0131 y\u00fcksek\u00f6\u011fretim derecelendirme kurulu\u015fu Times Higher Education (THE) i\u015f birli\u011fiyle T\u00fcrkiye\u2019nin ev sahipli\u011finde \u0130stanbul&#8217;da d\u00fczenlenen &#8220;K\u00fcresel S\u00fcrd\u00fcr\u00fclebilirlik Kalk\u0131nma Kongresi&#8221;ne kat\u0131ld\u0131. Kongrenin a\u00e7\u0131l\u0131\u015f\u0131nda konu\u015fan Milli E\u011fitim Bakan\u0131 Naz\u0131m \u00c7avu\u015fo\u011flu, kongrenin k\u00fcresel dayan\u0131\u015fman\u0131n ve akl\u0131n rehberli\u011finde s\u00fcrd\u00fcr\u00fclebilir bir d\u00fcnya kurma \u00e7abas\u0131n\u0131n sembol\u00fc oldu\u011funu belirtti. Milli E\u011fitim bakanl\u0131\u011f\u0131 bas\u0131n\" \/>\n<meta property=\"og:url\" content=\"https:\/\/kibrisdakik.com\/?p=84876\" \/>\n<meta property=\"article:published_time\" content=\"2025-06-18T01:06:43+00:00\" \/>\n<meta property=\"og:image\" content=\"https:\/\/kibrisdakik.com\/wp-content\/uploads\/2025\/06\/meb-kalkinma-kongresi-1-740x420.jpeg\" \/>\n\t<meta property=\"og:image:width\" content=\"1200\" \/>\n\t<meta property=\"og:image:height\" content=\"1600\" \/>\n\t<meta property=\"og:image:type\" content=\"image\/jpeg\" \/>\n<meta name=\"author\" content=\"admin\" \/>\n<meta name=\"twitter:card\" content=\"summary_large_image\" \/>\n<meta name=\"twitter:label1\" content=\"Yazan:\" \/>\n\t<meta name=\"twitter:data1\" content=\"admin\" \/>\n\t<meta name=\"twitter:label2\" content=\"Tahmini okuma s\u00fcresi\" \/>\n\t<meta name=\"twitter:data2\" content=\"4 dakika\" \/>\n<script type=\"application\/ld+json\" class=\"yoast-schema-graph\">{\"@context\":\"https:\\\/\\\/schema.org\",\"@graph\":[{\"@type\":\"Article\",\"@id\":\"https:\\\/\\\/kibrisdakik.com\\\/?p=84876#article\",\"isPartOf\":{\"@id\":\"https:\\\/\\\/kibrisdakik.com\\\/?p=84876\"},\"author\":{\"name\":\"admin\",\"@id\":\"https:\\\/\\\/kibrisdakik.com\\\/#\\\/schema\\\/person\\\/9cd9d437bbb44f72b73ba127e06d8e79\"},\"headline\":\"\u00c7avu\u015fo\u011flu, \u0130stanbul&#8217;da &#8220;K\u00fcresel S\u00fcrd\u00fcr\u00fclebilirlik Kalk\u0131nma Kongresi&#8221;ne kat\u0131ld\u0131\",\"datePublished\":\"2025-06-18T01:06:43+00:00\",\"mainEntityOfPage\":{\"@id\":\"https:\\\/\\\/kibrisdakik.com\\\/?p=84876\"},\"wordCount\":908,\"commentCount\":0,\"image\":{\"@id\":\"https:\\\/\\\/kibrisdakik.com\\\/?p=84876#primaryimage\"},\"thumbnailUrl\":\"https:\\\/\\\/kibrisdakik.com\\\/wp-content\\\/uploads\\\/2025\\\/06\\\/meb-kalkinma-kongresi-1-740x420.jpeg\",\"articleSection\":[\"K\u0131br\u0131s\",\"Man\u015fet\"],\"inLanguage\":\"tr\",\"potentialAction\":[{\"@type\":\"CommentAction\",\"name\":\"Comment\",\"target\":[\"https:\\\/\\\/kibrisdakik.com\\\/?p=84876#respond\"]}]},{\"@type\":\"WebPage\",\"@id\":\"https:\\\/\\\/kibrisdakik.com\\\/?p=84876\",\"url\":\"https:\\\/\\\/kibrisdakik.com\\\/?p=84876\",\"name\":\"\u00c7avu\u015fo\u011flu, \u0130stanbul'da \\\"K\u00fcresel S\u00fcrd\u00fcr\u00fclebilirlik Kalk\u0131nma Kongresi\\\"ne kat\u0131ld\u0131 -\",\"isPartOf\":{\"@id\":\"https:\\\/\\\/kibrisdakik.com\\\/#website\"},\"primaryImageOfPage\":{\"@id\":\"https:\\\/\\\/kibrisdakik.com\\\/?p=84876#primaryimage\"},\"image\":{\"@id\":\"https:\\\/\\\/kibrisdakik.com\\\/?p=84876#primaryimage\"},\"thumbnailUrl\":\"https:\\\/\\\/kibrisdakik.com\\\/wp-content\\\/uploads\\\/2025\\\/06\\\/meb-kalkinma-kongresi-1-740x420.jpeg\",\"datePublished\":\"2025-06-18T01:06:43+00:00\",\"author\":{\"@id\":\"https:\\\/\\\/kibrisdakik.com\\\/#\\\/schema\\\/person\\\/9cd9d437bbb44f72b73ba127e06d8e79\"},\"breadcrumb\":{\"@id\":\"https:\\\/\\\/kibrisdakik.com\\\/?p=84876#breadcrumb\"},\"inLanguage\":\"tr\",\"potentialAction\":[{\"@type\":\"ReadAction\",\"target\":[\"https:\\\/\\\/kibrisdakik.com\\\/?p=84876\"]}]},{\"@type\":\"ImageObject\",\"inLanguage\":\"tr\",\"@id\":\"https:\\\/\\\/kibrisdakik.com\\\/?p=84876#primaryimage\",\"url\":\"https:\\\/\\\/kibrisdakik.com\\\/wp-content\\\/uploads\\\/2025\\\/06\\\/meb-kalkinma-kongresi-1-740x420.jpeg\",\"contentUrl\":\"https:\\\/\\\/kibrisdakik.com\\\/wp-content\\\/uploads\\\/2025\\\/06\\\/meb-kalkinma-kongresi-1-740x420.jpeg\",\"width\":1200,\"height\":1600},{\"@type\":\"BreadcrumbList\",\"@id\":\"https:\\\/\\\/kibrisdakik.com\\\/?p=84876#breadcrumb\",\"itemListElement\":[{\"@type\":\"ListItem\",\"position\":1,\"name\":\"Home\",\"item\":\"https:\\\/\\\/kibrisdakik.com\\\/\"},{\"@type\":\"ListItem\",\"position\":2,\"name\":\"\u00c7avu\u015fo\u011flu, \u0130stanbul&#8217;da &#8220;K\u00fcresel S\u00fcrd\u00fcr\u00fclebilirlik Kalk\u0131nma Kongresi&#8221;ne kat\u0131ld\u0131\"}]},{\"@type\":\"WebSite\",\"@id\":\"https:\\\/\\\/kibrisdakik.com\\\/#website\",\"url\":\"https:\\\/\\\/kibrisdakik.com\\\/\",\"name\":\"\",\"description\":\"Tam vaktinde haber\",\"potentialAction\":[{\"@type\":\"SearchAction\",\"target\":{\"@type\":\"EntryPoint\",\"urlTemplate\":\"https:\\\/\\\/kibrisdakik.com\\\/?s={search_term_string}\"},\"query-input\":{\"@type\":\"PropertyValueSpecification\",\"valueRequired\":true,\"valueName\":\"search_term_string\"}}],\"inLanguage\":\"tr\"},{\"@type\":\"Person\",\"@id\":\"https:\\\/\\\/kibrisdakik.com\\\/#\\\/schema\\\/person\\\/9cd9d437bbb44f72b73ba127e06d8e79\",\"name\":\"admin\",\"image\":{\"@type\":\"ImageObject\",\"inLanguage\":\"tr\",\"@id\":\"https:\\\/\\\/secure.gravatar.com\\\/avatar\\\/ccc17943b9d660506c869530f897617f7cb1c21a4bf30023f252596d83e1f007?s=96&d=mm&r=g\",\"url\":\"https:\\\/\\\/secure.gravatar.com\\\/avatar\\\/ccc17943b9d660506c869530f897617f7cb1c21a4bf30023f252596d83e1f007?s=96&d=mm&r=g\",\"contentUrl\":\"https:\\\/\\\/secure.gravatar.com\\\/avatar\\\/ccc17943b9d660506c869530f897617f7cb1c21a4bf30023f252596d83e1f007?s=96&d=mm&r=g\",\"caption\":\"admin\"},\"sameAs\":[\"https:\\\/\\\/kibrisdakik.com\"],\"url\":\"https:\\\/\\\/kibrisdakik.com\\\/?author=1\"}]}<\/script>\n<!-- \/ Yoast SEO plugin. -->","yoast_head_json":{"title":"\u00c7avu\u015fo\u011flu, \u0130stanbul'da \"K\u00fcresel S\u00fcrd\u00fcr\u00fclebilirlik Kalk\u0131nma Kongresi\"ne kat\u0131ld\u0131 -","robots":{"index":"index","follow":"follow","max-snippet":"max-snippet:-1","max-image-preview":"max-image-preview:large","max-video-preview":"max-video-preview:-1"},"canonical":"https:\/\/kibrisdakik.com\/?p=84876","og_locale":"tr_TR","og_type":"article","og_title":"\u00c7avu\u015fo\u011flu, \u0130stanbul'da \"K\u00fcresel S\u00fcrd\u00fcr\u00fclebilirlik Kalk\u0131nma Kongresi\"ne kat\u0131ld\u0131 -","og_description":"Milli E\u011fitim Bakan\u0131 Naz\u0131m \u00c7avu\u015fo\u011flu, Y\u00fcksek\u00f6\u011fretim Kurulu (Y\u00d6K) ve uluslararas\u0131 y\u00fcksek\u00f6\u011fretim derecelendirme kurulu\u015fu Times Higher Education (THE) i\u015f birli\u011fiyle T\u00fcrkiye\u2019nin ev sahipli\u011finde \u0130stanbul&#8217;da d\u00fczenlenen &#8220;K\u00fcresel S\u00fcrd\u00fcr\u00fclebilirlik Kalk\u0131nma Kongresi&#8221;ne kat\u0131ld\u0131. Kongrenin a\u00e7\u0131l\u0131\u015f\u0131nda konu\u015fan Milli E\u011fitim Bakan\u0131 Naz\u0131m \u00c7avu\u015fo\u011flu, kongrenin k\u00fcresel dayan\u0131\u015fman\u0131n ve akl\u0131n rehberli\u011finde s\u00fcrd\u00fcr\u00fclebilir bir d\u00fcnya kurma \u00e7abas\u0131n\u0131n sembol\u00fc oldu\u011funu belirtti. Milli E\u011fitim bakanl\u0131\u011f\u0131 bas\u0131n","og_url":"https:\/\/kibrisdakik.com\/?p=84876","article_published_time":"2025-06-18T01:06:43+00:00","og_image":[{"width":1200,"height":1600,"url":"https:\/\/kibrisdakik.com\/wp-content\/uploads\/2025\/06\/meb-kalkinma-kongresi-1-740x420.jpeg","type":"image\/jpeg"}],"author":"admin","twitter_card":"summary_large_image","twitter_misc":{"Yazan:":"admin","Tahmini okuma s\u00fcresi":"4 dakika"},"schema":{"@context":"https:\/\/schema.org","@graph":[{"@type":"Article","@id":"https:\/\/kibrisdakik.com\/?p=84876#article","isPartOf":{"@id":"https:\/\/kibrisdakik.com\/?p=84876"},"author":{"name":"admin","@id":"https:\/\/kibrisdakik.com\/#\/schema\/person\/9cd9d437bbb44f72b73ba127e06d8e79"},"headline":"\u00c7avu\u015fo\u011flu, \u0130stanbul&#8217;da &#8220;K\u00fcresel S\u00fcrd\u00fcr\u00fclebilirlik Kalk\u0131nma Kongresi&#8221;ne kat\u0131ld\u0131","datePublished":"2025-06-18T01:06:43+00:00","mainEntityOfPage":{"@id":"https:\/\/kibrisdakik.com\/?p=84876"},"wordCount":908,"commentCount":0,"image":{"@id":"https:\/\/kibrisdakik.com\/?p=84876#primaryimage"},"thumbnailUrl":"https:\/\/kibrisdakik.com\/wp-content\/uploads\/2025\/06\/meb-kalkinma-kongresi-1-740x420.jpeg","articleSection":["K\u0131br\u0131s","Man\u015fet"],"inLanguage":"tr","potentialAction":[{"@type":"CommentAction","name":"Comment","target":["https:\/\/kibrisdakik.com\/?p=84876#respond"]}]},{"@type":"WebPage","@id":"https:\/\/kibrisdakik.com\/?p=84876","url":"https:\/\/kibrisdakik.com\/?p=84876","name":"\u00c7avu\u015fo\u011flu, \u0130stanbul'da \"K\u00fcresel S\u00fcrd\u00fcr\u00fclebilirlik Kalk\u0131nma Kongresi\"ne kat\u0131ld\u0131 -","isPartOf":{"@id":"https:\/\/kibrisdakik.com\/#website"},"primaryImageOfPage":{"@id":"https:\/\/kibrisdakik.com\/?p=84876#primaryimage"},"image":{"@id":"https:\/\/kibrisdakik.com\/?p=84876#primaryimage"},"thumbnailUrl":"https:\/\/kibrisdakik.com\/wp-content\/uploads\/2025\/06\/meb-kalkinma-kongresi-1-740x420.jpeg","datePublished":"2025-06-18T01:06:43+00:00","author":{"@id":"https:\/\/kibrisdakik.com\/#\/schema\/person\/9cd9d437bbb44f72b73ba127e06d8e79"},"breadcrumb":{"@id":"https:\/\/kibrisdakik.com\/?p=84876#breadcrumb"},"inLanguage":"tr","potentialAction":[{"@type":"ReadAction","target":["https:\/\/kibrisdakik.com\/?p=84876"]}]},{"@type":"ImageObject","inLanguage":"tr","@id":"https:\/\/kibrisdakik.com\/?p=84876#primaryimage","url":"https:\/\/kibrisdakik.com\/wp-content\/uploads\/2025\/06\/meb-kalkinma-kongresi-1-740x420.jpeg","contentUrl":"https:\/\/kibrisdakik.com\/wp-content\/uploads\/2025\/06\/meb-kalkinma-kongresi-1-740x420.jpeg","width":1200,"height":1600},{"@type":"BreadcrumbList","@id":"https:\/\/kibrisdakik.com\/?p=84876#breadcrumb","itemListElement":[{"@type":"ListItem","position":1,"name":"Home","item":"https:\/\/kibrisdakik.com\/"},{"@type":"ListItem","position":2,"name":"\u00c7avu\u015fo\u011flu, \u0130stanbul&#8217;da &#8220;K\u00fcresel S\u00fcrd\u00fcr\u00fclebilirlik Kalk\u0131nma Kongresi&#8221;ne kat\u0131ld\u0131"}]},{"@type":"WebSite","@id":"https:\/\/kibrisdakik.com\/#website","url":"https:\/\/kibrisdakik.com\/","name":"","description":"Tam vaktinde haber","potentialAction":[{"@type":"SearchAction","target":{"@type":"EntryPoint","urlTemplate":"https:\/\/kibrisdakik.com\/?s={search_term_string}"},"query-input":{"@type":"PropertyValueSpecification","valueRequired":true,"valueName":"search_term_string"}}],"inLanguage":"tr"},{"@type":"Person","@id":"https:\/\/kibrisdakik.com\/#\/schema\/person\/9cd9d437bbb44f72b73ba127e06d8e79","name":"admin","image":{"@type":"ImageObject","inLanguage":"tr","@id":"https:\/\/secure.gravatar.com\/avatar\/ccc17943b9d660506c869530f897617f7cb1c21a4bf30023f252596d83e1f007?s=96&d=mm&r=g","url":"https:\/\/secure.gravatar.com\/avatar\/ccc17943b9d660506c869530f897617f7cb1c21a4bf30023f252596d83e1f007?s=96&d=mm&r=g","contentUrl":"https:\/\/secure.gravatar.com\/avatar\/ccc17943b9d660506c869530f897617f7cb1c21a4bf30023f252596d83e1f007?s=96&d=mm&r=g","caption":"admin"},"sameAs":["https:\/\/kibrisdakik.com"],"url":"https:\/\/kibrisdakik.com\/?author=1"}]}},"_links":{"self":[{"href":"https:\/\/kibrisdakik.com\/index.php?rest_route=\/wp\/v2\/posts\/84876","targetHints":{"allow":["GET"]}}],"collection":[{"href":"https:\/\/kibrisdakik.com\/index.php?rest_route=\/wp\/v2\/posts"}],"about":[{"href":"https:\/\/kibrisdakik.com\/index.php?rest_route=\/wp\/v2\/types\/post"}],"author":[{"embeddable":true,"href":"https:\/\/kibrisdakik.com\/index.php?rest_route=\/wp\/v2\/users\/1"}],"replies":[{"embeddable":true,"href":"https:\/\/kibrisdakik.com\/index.php?rest_route=%2Fwp%2Fv2%2Fcomments&post=84876"}],"version-history":[{"count":0,"href":"https:\/\/kibrisdakik.com\/index.php?rest_route=\/wp\/v2\/posts\/84876\/revisions"}],"wp:featuredmedia":[{"embeddable":true,"href":"https:\/\/kibrisdakik.com\/index.php?rest_route=\/wp\/v2\/media\/84877"}],"wp:attachment":[{"href":"https:\/\/kibrisdakik.com\/index.php?rest_route=%2Fwp%2Fv2%2Fmedia&parent=84876"}],"wp:term":[{"taxonomy":"category","embeddable":true,"href":"https:\/\/kibrisdakik.com\/index.php?rest_route=%2Fwp%2Fv2%2Fcategories&post=84876"},{"taxonomy":"post_tag","embeddable":true,"href":"https:\/\/kibrisdakik.com\/index.php?rest_route=%2Fwp%2Fv2%2Ftags&post=84876"}],"curies":[{"name":"wp","href":"https:\/\/api.w.org\/{rel}","templated":true}]}}