{"id":84884,"date":"2025-06-18T06:09:08","date_gmt":"2025-06-18T03:09:08","guid":{"rendered":"https:\/\/kibrisdakik.com\/index.php\/2025\/06\/18\/girne-belediyesi-hamam-bocegiyle-mucadele-baslatti-2\/"},"modified":"2025-06-18T06:09:08","modified_gmt":"2025-06-18T03:09:08","slug":"girne-belediyesi-hamam-bocegiyle-mucadele-baslatti-2","status":"publish","type":"post","link":"https:\/\/kibrisdakik.com\/?p=84884","title":{"rendered":"Girne Belediyesi, hamam b\u00f6ce\u011fiyle m\u00fccadele ba\u015flatt\u0131"},"content":{"rendered":"<p> <br \/>\n<\/p>\n<div data-text-id=\"78286\" property=\"articleBody\">\n<p><span>Girne Belediyesi, yaz aylar\u0131nda art\u0131\u015f g\u00f6steren hamam b\u00f6ce\u011fi sorununa kar\u015f\u0131 kapsaml\u0131 bir ila\u00e7lama program\u0131 ba\u015flatt\u0131.<\/span><\/p>\n<div class=\"post-flash\">\n        <!--\n\n<h3 class=\"post-flash__title\">G&ouml;zden ka&ccedil;&#305;rmay&#305;n<\/h3>\n\n--><\/p>\n<div class=\"row g-0 align-items-center\">\n<div class=\"col-5 col-sm-3\">\n                \n            <\/div>\n<div class=\"col-7 col-sm-9\">\n<div class=\"post-flash-heading p-2\">\n<p>DA\u00dc\u2019de \u201cDeniz Jeopoliti\u011fi ve B\u00f6lgesel G\u00fc\u00e7 Dengeleri\u201d konulu panel yap\u0131ld\u0131<\/p>\n<p>\u0130\u00e7eri\u011fi G\u00f6r\u00fcnt\u00fcle <i class=\"fa fa-arrow-right ps-2\"\/><\/p>\n<\/p><\/div>\n<\/p><\/div>\n<\/p><\/div>\n<\/p><\/div>\n<p>\u00c7al\u0131\u015fmalar, kentin 9 farkl\u0131 b\u00f6lgesinde belirlenen takvim \u00e7er\u00e7evesinde yap\u0131l\u0131yor. 10 Haziran itibar\u0131yla ba\u015flayan ila\u00e7lama faaliyetleri 21 A\u011fustos\u2019a kadar devam edecek.<\/p>\n<p>\u00d6te yandan Girne Belediyesi Sa\u011fl\u0131k \u015eubesi\u2019nden verilen bilgiye g\u00f6re sivrisinek ve ha\u015fare ila\u00e7lamalar\u0131n\u0131n da yaz d\u00f6nemi boyunca yo\u011funla\u015ft\u0131r\u0131larak devam etti\u011fi vurguland\u0131.<\/p>\n<p><span>Hamamb\u00f6ce\u011fi m\u00fccadele program\u0131 \u015f\u00f6yle: <\/span><\/p>\n<p><span>&#8220;<\/span><span>B\u00f6lge 4 (<\/span><span>Nurettin Ersin Pa\u015fa Camii ile Zeytinlik Aras\u0131) <\/span><span>10 &#8211; 18 Haziran<\/span><span>; <\/span><span>B\u00f6lge 5 (Jasmine Court Otel ile Yeni Liman Aras\u0131) <\/span><span>19 &#8211; 27 Haziran; <\/span><span>B\u00f6lge 7 (P\u00fcsk\u00fcll\u00fc ile Karakum Aras\u0131) <\/span><span>30 Haziran &#8211; 4 Temmuz; <\/span><span>B\u00f6lge 8 (Yeni Liman Kav\u015fa\u011f\u0131 ile \u00c7atalk\u00f6y S\u0131n\u0131r\u0131 Aras\u0131) <\/span><span>5 &#8211; 11 Temmuz; <\/span><span>B\u00f6lge 9 (Beylerbeyi ile \u00d6zank\u00f6y\u2019\u00fcn G\u00fcney K\u0131sm\u0131) <\/span><span>14 &#8211; 21 Temmuz; <\/span><span>B\u00f6lge 6 (Do\u011fank\u00f6y B\u00f6lgesi) <\/span><span>22 &#8211; 25 Temmuz; <\/span><span>B\u00f6lge 3 (Karao\u011flano\u011flu Sahil B\u00f6lgesi) <\/span><span>28 Temmuz &#8211; 7 A\u011fustos; <\/span><span>B\u00f6lge 2 (Dr. Faz\u0131l K\u00fc\u00e7\u00fck Bulvar\u0131-Girne \u00c7evre Yolu Kuzey K\u0131sm\u0131) <\/span><span>8 &#8211; 14 A\u011fustos; <\/span><span>B\u00f6lge 1 (Dr. Faz\u0131l K\u00fc\u00e7\u00fck Bulvar\u0131-Girne \u00c7evre Yolu G\u00fcney K\u0131sm\u0131) <\/span><span>15 &#8211; 21 A\u011fustos tarihleri aras\u0131nda&#8221;<\/span><\/p>\n<\/p><\/div>\n<p><br \/>\n<br \/><a href=\"> K\u0131br\u0131s dakik<\/a><\/p>\n","protected":false},"excerpt":{"rendered":"<p>Girne Belediyesi, yaz aylar\u0131nda art\u0131\u015f g\u00f6steren hamam b\u00f6ce\u011fi sorununa kar\u015f\u0131 kapsaml\u0131 bir ila\u00e7lama program\u0131 ba\u015flatt\u0131. DA\u00dc\u2019de \u201cDeniz Jeopoliti\u011fi ve B\u00f6lgesel G\u00fc\u00e7 Dengeleri\u201d konulu panel yap\u0131ld\u0131 \u0130\u00e7eri\u011fi G\u00f6r\u00fcnt\u00fcle \u00c7al\u0131\u015fmalar, kentin 9 farkl\u0131 b\u00f6lgesinde belirlenen takvim \u00e7er\u00e7evesinde yap\u0131l\u0131yor. 10 Haziran itibar\u0131yla ba\u015flayan ila\u00e7lama faaliyetleri 21 A\u011fustos\u2019a kadar devam edecek. \u00d6te yandan Girne Belediyesi Sa\u011fl\u0131k \u015eubesi\u2019nden verilen bilgiye<\/p>\n","protected":false},"author":1,"featured_media":84885,"comment_status":"open","ping_status":"open","sticky":false,"template":"","format":"standard","meta":{"footnotes":""},"categories":[81,101],"tags":[],"class_list":["post-84884","post","type-post","status-publish","format-standard","has-post-thumbnail","hentry","category-kibris","category-manset"],"yoast_head":"<!-- This site is optimized with the Yoast SEO plugin v27.4 - https:\/\/yoast.com\/product\/yoast-seo-wordpress\/ -->\n<title>Girne Belediyesi, hamam b\u00f6ce\u011fiyle m\u00fccadele ba\u015flatt\u0131 -<\/title>\n<meta name=\"robots\" content=\"index, follow, max-snippet:-1, max-image-preview:large, max-video-preview:-1\" \/>\n<link rel=\"canonical\" href=\"https:\/\/kibrisdakik.com\/?p=84884\" \/>\n<meta property=\"og:locale\" content=\"tr_TR\" \/>\n<meta property=\"og:type\" content=\"article\" \/>\n<meta property=\"og:title\" content=\"Girne Belediyesi, hamam b\u00f6ce\u011fiyle m\u00fccadele ba\u015flatt\u0131 -\" \/>\n<meta property=\"og:description\" content=\"Girne Belediyesi, yaz aylar\u0131nda art\u0131\u015f g\u00f6steren hamam b\u00f6ce\u011fi sorununa kar\u015f\u0131 kapsaml\u0131 bir ila\u00e7lama program\u0131 ba\u015flatt\u0131. DA\u00dc\u2019de \u201cDeniz Jeopoliti\u011fi ve B\u00f6lgesel G\u00fc\u00e7 Dengeleri\u201d konulu panel yap\u0131ld\u0131 \u0130\u00e7eri\u011fi G\u00f6r\u00fcnt\u00fcle \u00c7al\u0131\u015fmalar, kentin 9 farkl\u0131 b\u00f6lgesinde belirlenen takvim \u00e7er\u00e7evesinde yap\u0131l\u0131yor. 10 Haziran itibar\u0131yla ba\u015flayan ila\u00e7lama faaliyetleri 21 A\u011fustos\u2019a kadar devam edecek. \u00d6te yandan Girne Belediyesi Sa\u011fl\u0131k \u015eubesi\u2019nden verilen bilgiye\" \/>\n<meta property=\"og:url\" content=\"https:\/\/kibrisdakik.com\/?p=84884\" \/>\n<meta property=\"article:published_time\" content=\"2025-06-18T03:09:08+00:00\" \/>\n<meta property=\"og:image\" content=\"https:\/\/kibrisdakik.com\/wp-content\/uploads\/2025\/06\/girne-belediyesi-hamam-bocegi-740x420.jpeg\" \/>\n\t<meta property=\"og:image:width\" content=\"1600\" \/>\n\t<meta property=\"og:image:height\" content=\"1600\" \/>\n\t<meta property=\"og:image:type\" content=\"image\/jpeg\" \/>\n<meta name=\"author\" content=\"admin\" \/>\n<meta name=\"twitter:card\" content=\"summary_large_image\" \/>\n<meta name=\"twitter:label1\" content=\"Yazan:\" \/>\n\t<meta name=\"twitter:data1\" content=\"admin\" \/>\n\t<meta name=\"twitter:label2\" content=\"Tahmini okuma s\u00fcresi\" \/>\n\t<meta name=\"twitter:data2\" content=\"1 dakika\" \/>\n<script type=\"application\/ld+json\" class=\"yoast-schema-graph\">{\"@context\":\"https:\\\/\\\/schema.org\",\"@graph\":[{\"@type\":\"Article\",\"@id\":\"https:\\\/\\\/kibrisdakik.com\\\/?p=84884#article\",\"isPartOf\":{\"@id\":\"https:\\\/\\\/kibrisdakik.com\\\/?p=84884\"},\"author\":{\"name\":\"admin\",\"@id\":\"https:\\\/\\\/kibrisdakik.com\\\/#\\\/schema\\\/person\\\/9cd9d437bbb44f72b73ba127e06d8e79\"},\"headline\":\"Girne Belediyesi, hamam b\u00f6ce\u011fiyle m\u00fccadele ba\u015flatt\u0131\",\"datePublished\":\"2025-06-18T03:09:08+00:00\",\"mainEntityOfPage\":{\"@id\":\"https:\\\/\\\/kibrisdakik.com\\\/?p=84884\"},\"wordCount\":243,\"commentCount\":0,\"image\":{\"@id\":\"https:\\\/\\\/kibrisdakik.com\\\/?p=84884#primaryimage\"},\"thumbnailUrl\":\"https:\\\/\\\/kibrisdakik.com\\\/wp-content\\\/uploads\\\/2025\\\/06\\\/girne-belediyesi-hamam-bocegi-740x420.jpeg\",\"articleSection\":[\"K\u0131br\u0131s\",\"Man\u015fet\"],\"inLanguage\":\"tr\",\"potentialAction\":[{\"@type\":\"CommentAction\",\"name\":\"Comment\",\"target\":[\"https:\\\/\\\/kibrisdakik.com\\\/?p=84884#respond\"]}]},{\"@type\":\"WebPage\",\"@id\":\"https:\\\/\\\/kibrisdakik.com\\\/?p=84884\",\"url\":\"https:\\\/\\\/kibrisdakik.com\\\/?p=84884\",\"name\":\"Girne Belediyesi, hamam b\u00f6ce\u011fiyle m\u00fccadele ba\u015flatt\u0131 -\",\"isPartOf\":{\"@id\":\"https:\\\/\\\/kibrisdakik.com\\\/#website\"},\"primaryImageOfPage\":{\"@id\":\"https:\\\/\\\/kibrisdakik.com\\\/?p=84884#primaryimage\"},\"image\":{\"@id\":\"https:\\\/\\\/kibrisdakik.com\\\/?p=84884#primaryimage\"},\"thumbnailUrl\":\"https:\\\/\\\/kibrisdakik.com\\\/wp-content\\\/uploads\\\/2025\\\/06\\\/girne-belediyesi-hamam-bocegi-740x420.jpeg\",\"datePublished\":\"2025-06-18T03:09:08+00:00\",\"author\":{\"@id\":\"https:\\\/\\\/kibrisdakik.com\\\/#\\\/schema\\\/person\\\/9cd9d437bbb44f72b73ba127e06d8e79\"},\"breadcrumb\":{\"@id\":\"https:\\\/\\\/kibrisdakik.com\\\/?p=84884#breadcrumb\"},\"inLanguage\":\"tr\",\"potentialAction\":[{\"@type\":\"ReadAction\",\"target\":[\"https:\\\/\\\/kibrisdakik.com\\\/?p=84884\"]}]},{\"@type\":\"ImageObject\",\"inLanguage\":\"tr\",\"@id\":\"https:\\\/\\\/kibrisdakik.com\\\/?p=84884#primaryimage\",\"url\":\"https:\\\/\\\/kibrisdakik.com\\\/wp-content\\\/uploads\\\/2025\\\/06\\\/girne-belediyesi-hamam-bocegi-740x420.jpeg\",\"contentUrl\":\"https:\\\/\\\/kibrisdakik.com\\\/wp-content\\\/uploads\\\/2025\\\/06\\\/girne-belediyesi-hamam-bocegi-740x420.jpeg\",\"width\":1600,\"height\":1600},{\"@type\":\"BreadcrumbList\",\"@id\":\"https:\\\/\\\/kibrisdakik.com\\\/?p=84884#breadcrumb\",\"itemListElement\":[{\"@type\":\"ListItem\",\"position\":1,\"name\":\"Home\",\"item\":\"https:\\\/\\\/kibrisdakik.com\\\/\"},{\"@type\":\"ListItem\",\"position\":2,\"name\":\"Girne Belediyesi, hamam b\u00f6ce\u011fiyle m\u00fccadele ba\u015flatt\u0131\"}]},{\"@type\":\"WebSite\",\"@id\":\"https:\\\/\\\/kibrisdakik.com\\\/#website\",\"url\":\"https:\\\/\\\/kibrisdakik.com\\\/\",\"name\":\"\",\"description\":\"Tam vaktinde haber\",\"potentialAction\":[{\"@type\":\"SearchAction\",\"target\":{\"@type\":\"EntryPoint\",\"urlTemplate\":\"https:\\\/\\\/kibrisdakik.com\\\/?s={search_term_string}\"},\"query-input\":{\"@type\":\"PropertyValueSpecification\",\"valueRequired\":true,\"valueName\":\"search_term_string\"}}],\"inLanguage\":\"tr\"},{\"@type\":\"Person\",\"@id\":\"https:\\\/\\\/kibrisdakik.com\\\/#\\\/schema\\\/person\\\/9cd9d437bbb44f72b73ba127e06d8e79\",\"name\":\"admin\",\"image\":{\"@type\":\"ImageObject\",\"inLanguage\":\"tr\",\"@id\":\"https:\\\/\\\/secure.gravatar.com\\\/avatar\\\/ccc17943b9d660506c869530f897617f7cb1c21a4bf30023f252596d83e1f007?s=96&d=mm&r=g\",\"url\":\"https:\\\/\\\/secure.gravatar.com\\\/avatar\\\/ccc17943b9d660506c869530f897617f7cb1c21a4bf30023f252596d83e1f007?s=96&d=mm&r=g\",\"contentUrl\":\"https:\\\/\\\/secure.gravatar.com\\\/avatar\\\/ccc17943b9d660506c869530f897617f7cb1c21a4bf30023f252596d83e1f007?s=96&d=mm&r=g\",\"caption\":\"admin\"},\"sameAs\":[\"https:\\\/\\\/kibrisdakik.com\"],\"url\":\"https:\\\/\\\/kibrisdakik.com\\\/?author=1\"}]}<\/script>\n<!-- \/ Yoast SEO plugin. -->","yoast_head_json":{"title":"Girne Belediyesi, hamam b\u00f6ce\u011fiyle m\u00fccadele ba\u015flatt\u0131 -","robots":{"index":"index","follow":"follow","max-snippet":"max-snippet:-1","max-image-preview":"max-image-preview:large","max-video-preview":"max-video-preview:-1"},"canonical":"https:\/\/kibrisdakik.com\/?p=84884","og_locale":"tr_TR","og_type":"article","og_title":"Girne Belediyesi, hamam b\u00f6ce\u011fiyle m\u00fccadele ba\u015flatt\u0131 -","og_description":"Girne Belediyesi, yaz aylar\u0131nda art\u0131\u015f g\u00f6steren hamam b\u00f6ce\u011fi sorununa kar\u015f\u0131 kapsaml\u0131 bir ila\u00e7lama program\u0131 ba\u015flatt\u0131. DA\u00dc\u2019de \u201cDeniz Jeopoliti\u011fi ve B\u00f6lgesel G\u00fc\u00e7 Dengeleri\u201d konulu panel yap\u0131ld\u0131 \u0130\u00e7eri\u011fi G\u00f6r\u00fcnt\u00fcle \u00c7al\u0131\u015fmalar, kentin 9 farkl\u0131 b\u00f6lgesinde belirlenen takvim \u00e7er\u00e7evesinde yap\u0131l\u0131yor. 10 Haziran itibar\u0131yla ba\u015flayan ila\u00e7lama faaliyetleri 21 A\u011fustos\u2019a kadar devam edecek. \u00d6te yandan Girne Belediyesi Sa\u011fl\u0131k \u015eubesi\u2019nden verilen bilgiye","og_url":"https:\/\/kibrisdakik.com\/?p=84884","article_published_time":"2025-06-18T03:09:08+00:00","og_image":[{"width":1600,"height":1600,"url":"https:\/\/kibrisdakik.com\/wp-content\/uploads\/2025\/06\/girne-belediyesi-hamam-bocegi-740x420.jpeg","type":"image\/jpeg"}],"author":"admin","twitter_card":"summary_large_image","twitter_misc":{"Yazan:":"admin","Tahmini okuma s\u00fcresi":"1 dakika"},"schema":{"@context":"https:\/\/schema.org","@graph":[{"@type":"Article","@id":"https:\/\/kibrisdakik.com\/?p=84884#article","isPartOf":{"@id":"https:\/\/kibrisdakik.com\/?p=84884"},"author":{"name":"admin","@id":"https:\/\/kibrisdakik.com\/#\/schema\/person\/9cd9d437bbb44f72b73ba127e06d8e79"},"headline":"Girne Belediyesi, hamam b\u00f6ce\u011fiyle m\u00fccadele ba\u015flatt\u0131","datePublished":"2025-06-18T03:09:08+00:00","mainEntityOfPage":{"@id":"https:\/\/kibrisdakik.com\/?p=84884"},"wordCount":243,"commentCount":0,"image":{"@id":"https:\/\/kibrisdakik.com\/?p=84884#primaryimage"},"thumbnailUrl":"https:\/\/kibrisdakik.com\/wp-content\/uploads\/2025\/06\/girne-belediyesi-hamam-bocegi-740x420.jpeg","articleSection":["K\u0131br\u0131s","Man\u015fet"],"inLanguage":"tr","potentialAction":[{"@type":"CommentAction","name":"Comment","target":["https:\/\/kibrisdakik.com\/?p=84884#respond"]}]},{"@type":"WebPage","@id":"https:\/\/kibrisdakik.com\/?p=84884","url":"https:\/\/kibrisdakik.com\/?p=84884","name":"Girne Belediyesi, hamam b\u00f6ce\u011fiyle m\u00fccadele ba\u015flatt\u0131 -","isPartOf":{"@id":"https:\/\/kibrisdakik.com\/#website"},"primaryImageOfPage":{"@id":"https:\/\/kibrisdakik.com\/?p=84884#primaryimage"},"image":{"@id":"https:\/\/kibrisdakik.com\/?p=84884#primaryimage"},"thumbnailUrl":"https:\/\/kibrisdakik.com\/wp-content\/uploads\/2025\/06\/girne-belediyesi-hamam-bocegi-740x420.jpeg","datePublished":"2025-06-18T03:09:08+00:00","author":{"@id":"https:\/\/kibrisdakik.com\/#\/schema\/person\/9cd9d437bbb44f72b73ba127e06d8e79"},"breadcrumb":{"@id":"https:\/\/kibrisdakik.com\/?p=84884#breadcrumb"},"inLanguage":"tr","potentialAction":[{"@type":"ReadAction","target":["https:\/\/kibrisdakik.com\/?p=84884"]}]},{"@type":"ImageObject","inLanguage":"tr","@id":"https:\/\/kibrisdakik.com\/?p=84884#primaryimage","url":"https:\/\/kibrisdakik.com\/wp-content\/uploads\/2025\/06\/girne-belediyesi-hamam-bocegi-740x420.jpeg","contentUrl":"https:\/\/kibrisdakik.com\/wp-content\/uploads\/2025\/06\/girne-belediyesi-hamam-bocegi-740x420.jpeg","width":1600,"height":1600},{"@type":"BreadcrumbList","@id":"https:\/\/kibrisdakik.com\/?p=84884#breadcrumb","itemListElement":[{"@type":"ListItem","position":1,"name":"Home","item":"https:\/\/kibrisdakik.com\/"},{"@type":"ListItem","position":2,"name":"Girne Belediyesi, hamam b\u00f6ce\u011fiyle m\u00fccadele ba\u015flatt\u0131"}]},{"@type":"WebSite","@id":"https:\/\/kibrisdakik.com\/#website","url":"https:\/\/kibrisdakik.com\/","name":"","description":"Tam vaktinde haber","potentialAction":[{"@type":"SearchAction","target":{"@type":"EntryPoint","urlTemplate":"https:\/\/kibrisdakik.com\/?s={search_term_string}"},"query-input":{"@type":"PropertyValueSpecification","valueRequired":true,"valueName":"search_term_string"}}],"inLanguage":"tr"},{"@type":"Person","@id":"https:\/\/kibrisdakik.com\/#\/schema\/person\/9cd9d437bbb44f72b73ba127e06d8e79","name":"admin","image":{"@type":"ImageObject","inLanguage":"tr","@id":"https:\/\/secure.gravatar.com\/avatar\/ccc17943b9d660506c869530f897617f7cb1c21a4bf30023f252596d83e1f007?s=96&d=mm&r=g","url":"https:\/\/secure.gravatar.com\/avatar\/ccc17943b9d660506c869530f897617f7cb1c21a4bf30023f252596d83e1f007?s=96&d=mm&r=g","contentUrl":"https:\/\/secure.gravatar.com\/avatar\/ccc17943b9d660506c869530f897617f7cb1c21a4bf30023f252596d83e1f007?s=96&d=mm&r=g","caption":"admin"},"sameAs":["https:\/\/kibrisdakik.com"],"url":"https:\/\/kibrisdakik.com\/?author=1"}]}},"_links":{"self":[{"href":"https:\/\/kibrisdakik.com\/index.php?rest_route=\/wp\/v2\/posts\/84884","targetHints":{"allow":["GET"]}}],"collection":[{"href":"https:\/\/kibrisdakik.com\/index.php?rest_route=\/wp\/v2\/posts"}],"about":[{"href":"https:\/\/kibrisdakik.com\/index.php?rest_route=\/wp\/v2\/types\/post"}],"author":[{"embeddable":true,"href":"https:\/\/kibrisdakik.com\/index.php?rest_route=\/wp\/v2\/users\/1"}],"replies":[{"embeddable":true,"href":"https:\/\/kibrisdakik.com\/index.php?rest_route=%2Fwp%2Fv2%2Fcomments&post=84884"}],"version-history":[{"count":0,"href":"https:\/\/kibrisdakik.com\/index.php?rest_route=\/wp\/v2\/posts\/84884\/revisions"}],"wp:featuredmedia":[{"embeddable":true,"href":"https:\/\/kibrisdakik.com\/index.php?rest_route=\/wp\/v2\/media\/84885"}],"wp:attachment":[{"href":"https:\/\/kibrisdakik.com\/index.php?rest_route=%2Fwp%2Fv2%2Fmedia&parent=84884"}],"wp:term":[{"taxonomy":"category","embeddable":true,"href":"https:\/\/kibrisdakik.com\/index.php?rest_route=%2Fwp%2Fv2%2Fcategories&post=84884"},{"taxonomy":"post_tag","embeddable":true,"href":"https:\/\/kibrisdakik.com\/index.php?rest_route=%2Fwp%2Fv2%2Ftags&post=84884"}],"curies":[{"name":"wp","href":"https:\/\/api.w.org\/{rel}","templated":true}]}}